{"id":18637,"date":"2025-06-23T14:23:58","date_gmt":"2025-06-23T12:23:58","guid":{"rendered":"https:\/\/felix.ares.fm\/?p=18637"},"modified":"2025-08-13T05:04:45","modified_gmt":"2025-08-13T03:04:45","slug":"cafe-central-fuengirola-malaga","status":"publish","type":"post","link":"https:\/\/felix.ares.fm\/?p=18637","title":{"rendered":"Caf\u00e9 Central y capilla de San Jos\u00e9, Fuengirola (M\u00e1laga)."},"content":{"rendered":"\n<p><strong>21 de abril de 2025<\/strong><\/p>\n\n\n\n<p>El caf\u00e9 Central est\u00e1 en el centro de Fuengirola. En el mapa puede verse que est\u00e1 cerca de la estaci\u00f3n de tren de Fuengirola y de la estaci\u00f3n de autobuses. <\/p>\n\n\n\n<figure class=\"wp-block-image size-full\"><img loading=\"lazy\" decoding=\"async\" width=\"1006\" height=\"628\" src=\"https:\/\/felix.ares.fm\/wp-content\/uploads\/2025\/06\/0ubicacion_cafe_central.jpg\" alt=\"\" class=\"wp-image-18638\" srcset=\"https:\/\/felix.ares.fm\/wp-content\/uploads\/2025\/06\/0ubicacion_cafe_central.jpg 1006w, https:\/\/felix.ares.fm\/wp-content\/uploads\/2025\/06\/0ubicacion_cafe_central-300x187.jpg 300w, https:\/\/felix.ares.fm\/wp-content\/uploads\/2025\/06\/0ubicacion_cafe_central-768x479.jpg 768w\" sizes=\"auto, (max-width: 1006px) 100vw, 1006px\" \/><figcaption class=\"wp-element-caption\">Ubicaci\u00f3n caf\u00e9 Central. Basado en Google Maps.<\/figcaption><\/figure>\n\n\n\n<p>Concretamente est\u00e1 en: Calle Barranco s\/n. Edificio Castillo.<\/p>\n\n\n\n<p>&nbsp;Tel\u00e9fono: <a href=\"tel:952 47 88 45\">952 47 88 45<\/a><\/p>\n\n\n\n<p>Por las cr\u00edticas que he podido leer es un buen sitio para desayunar, su chocolate con churros deja muy satisfechos a los clientes.<\/p>\n\n\n\n<p>No soy de chocolate con churros. Pero s\u00ed que nos paramos a tomar un aperitivo en la terraza. Nos atendieron r\u00e1pidamente y con amabilidad.<\/p>\n\n\n\n<figure class=\"wp-block-image size-full\"><img loading=\"lazy\" decoding=\"async\" width=\"640\" height=\"289\" src=\"https:\/\/felix.ares.fm\/wp-content\/uploads\/2025\/06\/IMG20250421115149_cafe_central_SC.jpg\" alt=\"\" class=\"wp-image-18639\" srcset=\"https:\/\/felix.ares.fm\/wp-content\/uploads\/2025\/06\/IMG20250421115149_cafe_central_SC.jpg 640w, https:\/\/felix.ares.fm\/wp-content\/uploads\/2025\/06\/IMG20250421115149_cafe_central_SC-300x135.jpg 300w\" sizes=\"auto, (max-width: 640px) 100vw, 640px\" \/><figcaption class=\"wp-element-caption\">Terraza del Caf\u00e9 Central.<\/figcaption><\/figure>\n\n\n\n<p>Pedimos dos pitufos con tomate rallado, aceite de oliva y jam\u00f3n serrano, que estaba muy bueno.<\/p>\n\n\n\n<figure class=\"wp-block-gallery has-nested-images columns-default is-cropped wp-block-gallery-1 is-layout-flex wp-block-gallery-is-layout-flex\">\n<figure class=\"wp-block-image size-large\"><img loading=\"lazy\" decoding=\"async\" width=\"217\" height=\"480\" data-id=\"18640\" src=\"https:\/\/felix.ares.fm\/wp-content\/uploads\/2025\/06\/IMG20250421112529_pitufo_de_jamon-min.jpg\" alt=\"\" class=\"wp-image-18640\" srcset=\"https:\/\/felix.ares.fm\/wp-content\/uploads\/2025\/06\/IMG20250421112529_pitufo_de_jamon-min.jpg 217w, https:\/\/felix.ares.fm\/wp-content\/uploads\/2025\/06\/IMG20250421112529_pitufo_de_jamon-min-136x300.jpg 136w\" sizes=\"auto, (max-width: 217px) 100vw, 217px\" \/><figcaption class=\"wp-element-caption\">Pitufo cerrado<\/figcaption><\/figure>\n\n\n\n<figure class=\"wp-block-image size-large\"><img loading=\"lazy\" decoding=\"async\" width=\"217\" height=\"480\" data-id=\"18641\" src=\"https:\/\/felix.ares.fm\/wp-content\/uploads\/2025\/06\/IMG20250421112533_pitufo_de_jamon-min.jpg\" alt=\"\" class=\"wp-image-18641\" srcset=\"https:\/\/felix.ares.fm\/wp-content\/uploads\/2025\/06\/IMG20250421112533_pitufo_de_jamon-min.jpg 217w, https:\/\/felix.ares.fm\/wp-content\/uploads\/2025\/06\/IMG20250421112533_pitufo_de_jamon-min-136x300.jpg 136w\" sizes=\"auto, (max-width: 217px) 100vw, 217px\" \/><figcaption class=\"wp-element-caption\">Pitufo abierto, donde se ve el jam\u00f3n serrano, el tomate rallado y el aceite de oliva.<\/figcaption><\/figure>\n<\/figure>\n\n\n\n<p>Como bebidas tomamos un caf\u00e9 cortado y una copa de vino blanco.<\/p>\n\n\n\n<figure class=\"wp-block-gallery has-nested-images columns-default is-cropped wp-block-gallery-2 is-layout-flex wp-block-gallery-is-layout-flex\">\n<figure class=\"wp-block-image size-large\"><img loading=\"lazy\" decoding=\"async\" width=\"217\" height=\"480\" data-id=\"18643\" src=\"https:\/\/felix.ares.fm\/wp-content\/uploads\/2025\/06\/IMG20250421112022_copa_vino_blanco-min-1.jpg\" alt=\"\" class=\"wp-image-18643\" srcset=\"https:\/\/felix.ares.fm\/wp-content\/uploads\/2025\/06\/IMG20250421112022_copa_vino_blanco-min-1.jpg 217w, https:\/\/felix.ares.fm\/wp-content\/uploads\/2025\/06\/IMG20250421112022_copa_vino_blanco-min-1-136x300.jpg 136w\" sizes=\"auto, (max-width: 217px) 100vw, 217px\" \/><figcaption class=\"wp-element-caption\">Copa de vino blanco<\/figcaption><\/figure>\n\n\n\n<figure class=\"wp-block-image size-large\"><img loading=\"lazy\" decoding=\"async\" width=\"217\" height=\"480\" data-id=\"18642\" src=\"https:\/\/felix.ares.fm\/wp-content\/uploads\/2025\/06\/IMG20250421112025_cafe-min.jpg\" alt=\"\" class=\"wp-image-18642\" srcset=\"https:\/\/felix.ares.fm\/wp-content\/uploads\/2025\/06\/IMG20250421112025_cafe-min.jpg 217w, https:\/\/felix.ares.fm\/wp-content\/uploads\/2025\/06\/IMG20250421112025_cafe-min-136x300.jpg 136w\" sizes=\"auto, (max-width: 217px) 100vw, 217px\" \/><figcaption class=\"wp-element-caption\">Caf\u00e9 cortado<\/figcaption><\/figure>\n<\/figure>\n\n\n\n<p>El precio final de los dos pitufos m\u00e1s las dos bebidas fue de 11,50 \u20ac.<\/p>\n\n\n\n<p>En algunos comentarios, en ingl\u00e9s, que he le\u00eddo, adem\u00e1s de poner muy bien los churros y el chocolate, tambi\u00e9n comentan el buen servicio y, adem\u00e1s, dicen algo que no he logrado situar del todo. Dicen que es un buen sitio para ir despu\u00e9s de salir de misa.<\/p>\n\n\n\n<p>El caf\u00e9 est\u00e1 al lado del Centro Comercial \u00abLas Rampas\u00bb. Supongo que se refieren a la \u00abCapilla San Jos\u00e9. Roman Catholic\u00bb, o \u00abSt Joseph&#8217;s Chapel Fuengirola\u00bb, que est\u00e1 en el primer piso del Centro Comercial \u00abLas Rampas\u00bb. Esta capilla es conocida por su ambiente acogedor y por ofrecer misa tanto en espa\u00f1ol como en ingl\u00e9s. Fue construida en los a\u00f1os 70 para atender las necesidades religiosas de los ingleses y de los irlandeses cat\u00f3licos. Fue en aquellos a\u00f1os cuando el turismo de habla inglesa se increment\u00f3 mucho en Fuengirola <a href=\"#1\" data-type=\"internal\" data-id=\"#1\">[1]<\/a>.<\/p>\n\n\n\n<figure class=\"wp-block-image size-full\"><img loading=\"lazy\" decoding=\"async\" width=\"688\" height=\"484\" src=\"https:\/\/felix.ares.fm\/wp-content\/uploads\/2025\/06\/0ubicacion-sat-joseph_letreros.jpg\" alt=\"\" class=\"wp-image-18644\" srcset=\"https:\/\/felix.ares.fm\/wp-content\/uploads\/2025\/06\/0ubicacion-sat-joseph_letreros.jpg 688w, https:\/\/felix.ares.fm\/wp-content\/uploads\/2025\/06\/0ubicacion-sat-joseph_letreros-300x211.jpg 300w\" sizes=\"auto, (max-width: 688px) 100vw, 688px\" \/><figcaption class=\"wp-element-caption\">Ubicaci\u00f3n capilla San Jos\u00e9. Basado en un mapa de Apple Maps.<\/figcaption><\/figure>\n\n\n\n<p>Tengo que confesar mis sesgos. La primera vez que o\u00ed hablar de una iglesia Cat\u00f3lica Romana en ingl\u00e9s, lo primero que pens\u00e9 es que era absurdo. Los ingleses son anglicanos. \u00bfPara qu\u00e9 sirve una iglesia Cat\u00f3lica? Se me hab\u00edan olvidado decenas de hechos. Voy a se\u00f1alar los m\u00e1s significativos. <strong>UNO<\/strong>. <strong>No todos los ingleses son anglicanos<\/strong>. En el Reino Unido hay much\u00edsimos cat\u00f3licos (y \u00faltimamente much\u00edsimos musulmanes), a pesar de las persecuciones que sufrieron, sobre todo, a partir del siglo XVI. Todo comenz\u00f3 con la ruptura entre Enrique VIII y la Iglesia Cat\u00f3lica en 1534, cuando el monarca fund\u00f3 la Iglesia Anglicana <strong>tras la negativa del Papa a anular su matrimonio con Catalina de Arag\u00f3n<\/strong>. A partir de ese momento la represi\u00f3n contra los cat\u00f3licos fue terrible. La llamada \u00abInquisici\u00f3n espa\u00f1ola\u00bb fue un juego de ni\u00f1os frente a la represi\u00f3n de los anglicanos contra los cat\u00f3licos o la de la Inquisici\u00f3n francesa frente a los c\u00e1taros o albigenses o la de Lutero contra los cat\u00f3licos. <strong>Condenar a la Inquisici\u00f3n Espa\u00f1ola es tremendamente injusto. <\/strong>Cualquier an\u00e1lisis comparativo demuestra que la espa\u00f1ola fue la m\u00e1s benigna y la que introdujo un elemento fundamental que faltaba en todas las dem\u00e1s: abogados defensores. [Que fuera m\u00e1s benigna no significa que fuera inocua. Lo que significa es que no se puede falsear la realidad. No se puede hacer <strong>PRESENTISMO <\/strong>(las normas morales actuales son distintas de las del pasado)]. La Inquisici\u00f3n espa\u00f1ola con las normas morales actuales fue una barbaridad, pero el PECADO es comparar lo que sucedi\u00f3 hace quinientos a\u00f1os con el presente. Debemos compararlo con lo que ocurr\u00eda en la \u00e9poca. Y al hacerlo descubrimos algo ins\u00f3lito: <strong>la Inquisici\u00f3n espa\u00f1ola fue la m\u00e1s progresista de todas las otras Inquisiciones y de las persecuciones de los protestantes contra los cat\u00f3licos<\/strong>. \u00bfTengo que repetir que la Inquisici\u00f3n espa\u00f1ola fue pionera en introducir el abogado defensor?<\/p>\n\n\n\n<p><strong>DOS<\/strong>. Pero no quiero seguir profundizando en ese tema, tan injusto para Espa\u00f1a. Tengo que confesar que se me olvid\u00f3 que<strong> los irlandeses tambi\u00e9n hablan ingl\u00e9s <\/strong>y que la capilla de San Jos\u00e9 dec\u00eda misas en ingl\u00e9s, para todas las personas de habla inglesa, fueran del Reino Unido o no. Y los irlandeses tambi\u00e9n viajan a Fuengirola, como los fuengirole\u00f1os visitamos Irlanda..<\/p>\n\n\n\n<figure class=\"wp-block-image size-full\"><img loading=\"lazy\" decoding=\"async\" width=\"640\" height=\"289\" src=\"https:\/\/felix.ares.fm\/wp-content\/uploads\/2025\/06\/IMG20250421115849-min.jpg\" alt=\"\" class=\"wp-image-18648\" srcset=\"https:\/\/felix.ares.fm\/wp-content\/uploads\/2025\/06\/IMG20250421115849-min.jpg 640w, https:\/\/felix.ares.fm\/wp-content\/uploads\/2025\/06\/IMG20250421115849-min-300x135.jpg 300w\" sizes=\"auto, (max-width: 640px) 100vw, 640px\" \/><figcaption class=\"wp-element-caption\">Carteles que indicand\u00f3nde est\u00e1 la Capilla San Jos\u00e9.<\/figcaption><\/figure>\n\n\n<div class=\"wp-block-image\">\n<figure class=\"aligncenter size-full\"><img loading=\"lazy\" decoding=\"async\" width=\"216\" height=\"480\" src=\"https:\/\/felix.ares.fm\/wp-content\/uploads\/2025\/06\/IMG20250421115950-min.jpg\" alt=\"\" class=\"wp-image-18649\" srcset=\"https:\/\/felix.ares.fm\/wp-content\/uploads\/2025\/06\/IMG20250421115950-min.jpg 216w, https:\/\/felix.ares.fm\/wp-content\/uploads\/2025\/06\/IMG20250421115950-min-135x300.jpg 135w\" sizes=\"auto, (max-width: 216px) 100vw, 216px\" \/><figcaption class=\"wp-element-caption\">Cristo en el interior de la Capilla de San Jos\u00e9.<\/figcaption><\/figure>\n<\/div>\n\n\n<hr class=\"wp-block-separator has-alpha-channel-opacity\"\/>\n\n\n\n<h3 class=\"wp-block-heading\"><strong>Notas<\/strong>.<\/h3>\n\n\n\n<p id=\"1\">[1] P\u00e1gina oficial St Josephs Chapel Fuengirola. <a href=\"https:\/\/www.stjosephsfuengirola.com\/\">https:\/\/www.stjosephsfuengirola.com\/<\/a><\/p>\n\n\n\n<p><\/p>\n\n\n\n<hr class=\"wp-block-separator has-alpha-channel-opacity\"\/>\n\n\n\n<p><strong>Nota fotos y texto<\/strong>. Salvo las fotos que tienen un agradecimiento espec\u00edfico, como por ejemplo Wikipedia, son nuestras y las licenciamos con<\/p>\n\n\n\n<p class=\"has-text-align-center\"><a href=\"http:\/\/creativecommons.org\/licenses\/by\/3.0\/deed.es_ES\" rel=\"license\"><img decoding=\"async\" src=\"http:\/\/i.creativecommons.org\/l\/by\/3.0\/88x31.png\" alt=\"Licencia de Creative Commons\"\/><\/a><br \/><br \/><a href=\"http:\/\/felix.ares.fm\" data-type=\"link\" data-id=\"felix.ares.fm\">De tapas y otras cosas por Fuengirola<\/a>&nbsp;\u00a9 2024&nbsp;by&nbsp;F\u00e9lix Ares&nbsp;is licensed under&nbsp;CC BY-SA 4.0&nbsp;. Debe indicarse que est\u00e1 creado a partir de una obra de felix.ares.fm<\/p>\n\n\n\n<p class=\"has-text-align-center\">En esta ocasi\u00f3n he contado con la colaboraci\u00f3n de Vero.<\/p>\n\n\n\n<hr class=\"wp-block-separator has-alpha-channel-opacity\"\/>\n\n\n\n<p><strong>Contacto con nosotros<\/strong>; el motivo de que no sea una imagen clara es para evitar que los robots la descubran y nos inunden el buz\u00f3n de basura.<\/p>\n\n\n<div class=\"wp-block-image\">\n<figure class=\"aligncenter is-resized\"><a href=\"http:\/\/felix.ares.fm\/?attachment_id=7476\" rel=\"attachment wp-att-7476\"><img loading=\"lazy\" decoding=\"async\" width=\"703\" height=\"499\" src=\"http:\/\/felix.ares.fm\/wp-content\/uploads\/2016\/02\/tapas.ares_.fm_.2.jpg\" alt=\"tapas.ares.fm.2\" class=\"wp-image-7476\" style=\"width:250px;height:auto\" srcset=\"https:\/\/felix.ares.fm\/wp-content\/uploads\/2016\/02\/tapas.ares_.fm_.2.jpg 703w, https:\/\/felix.ares.fm\/wp-content\/uploads\/2016\/02\/tapas.ares_.fm_.2-300x213.jpg 300w\" sizes=\"auto, (max-width: 703px) 100vw, 703px\" \/><\/a><\/figure>\n<\/div>\n\n\n<p>O bien&nbsp;rellenar el siguiente formulario:<\/p>\n\n\n\n<p><a href=\"https:\/\/felix.ares.fm\/?p=8005\">[contact_bank form_id=1 show_title=true show_desc=true<\/a>]<\/p>\n","protected":false},"excerpt":{"rendered":"<p>21 de abril de 2025 El caf\u00e9 Central est\u00e1 en el centro de Fuengirola. En el mapa puede verse que est\u00e1 cerca de la estaci\u00f3n de tren de Fuengirola y de la estaci\u00f3n de autobuses. Concretamente est\u00e1 en: Calle Barranco s\/n. Edificio Castillo. &nbsp;Tel\u00e9fono: 952 47 88 45 Por las cr\u00edticas que he podido leer &hellip; <a href=\"https:\/\/felix.ares.fm\/?p=18637\" class=\"more-link\">Seguir leyendo <span class=\"screen-reader-text\">Caf\u00e9 Central y capilla de San Jos\u00e9, Fuengirola (M\u00e1laga).<\/span> <span class=\"meta-nav\">&rarr;<\/span><\/a><\/p>\n","protected":false},"author":1,"featured_media":0,"comment_status":"closed","ping_status":"open","sticky":false,"template":"","format":"standard","meta":{"footnotes":""},"categories":[221],"tags":[2288,2290,2289],"class_list":["post-18637","post","type-post","status-publish","format-standard","hentry","category-taperia","tag-capilla-de-san-jose","tag-desayunos-chocolate-con-churros","tag-st-josephs-chapel"],"_links":{"self":[{"href":"https:\/\/felix.ares.fm\/index.php?rest_route=\/wp\/v2\/posts\/18637","targetHints":{"allow":["GET"]}}],"collection":[{"href":"https:\/\/felix.ares.fm\/index.php?rest_route=\/wp\/v2\/posts"}],"about":[{"href":"https:\/\/felix.ares.fm\/index.php?rest_route=\/wp\/v2\/types\/post"}],"author":[{"embeddable":true,"href":"https:\/\/felix.ares.fm\/index.php?rest_route=\/wp\/v2\/users\/1"}],"replies":[{"embeddable":true,"href":"https:\/\/felix.ares.fm\/index.php?rest_route=%2Fwp%2Fv2%2Fcomments&post=18637"}],"version-history":[{"count":5,"href":"https:\/\/felix.ares.fm\/index.php?rest_route=\/wp\/v2\/posts\/18637\/revisions"}],"predecessor-version":[{"id":18874,"href":"https:\/\/felix.ares.fm\/index.php?rest_route=\/wp\/v2\/posts\/18637\/revisions\/18874"}],"wp:attachment":[{"href":"https:\/\/felix.ares.fm\/index.php?rest_route=%2Fwp%2Fv2%2Fmedia&parent=18637"}],"wp:term":[{"taxonomy":"category","embeddable":true,"href":"https:\/\/felix.ares.fm\/index.php?rest_route=%2Fwp%2Fv2%2Fcategories&post=18637"},{"taxonomy":"post_tag","embeddable":true,"href":"https:\/\/felix.ares.fm\/index.php?rest_route=%2Fwp%2Fv2%2Ftags&post=18637"}],"curies":[{"name":"wp","href":"https:\/\/api.w.org\/{rel}","templated":true}]}}