{"id":18598,"date":"2025-05-13T08:48:07","date_gmt":"2025-05-13T06:48:07","guid":{"rendered":"https:\/\/felix.ares.fm\/?p=18598"},"modified":"2025-05-18T09:17:16","modified_gmt":"2025-05-18T07:17:16","slug":"el-sonido-en-imagenes-como-una-hoja-o-una-bolsa-de-patatas-pueden-revelar-una-conversacion","status":"publish","type":"post","link":"https:\/\/felix.ares.fm\/?p=18598","title":{"rendered":"El sonido en im\u00e1genes: c\u00f3mo una hoja o una bolsa de patatas pueden revelar una conversaci\u00f3n."},"content":{"rendered":"\n<p><strong>18 de mayo de 2025<\/strong><\/p>\n\n\n\n<p>Durante aproximadamente 35 a\u00f1os he colaborado con Onda Cero sobre divulgaci\u00f3n cient\u00edfica (y otras cosas, pero eso, lo comentar\u00e9 en otras entradas). Normalmente, me pon\u00eda al micr\u00f3fono con  unas notas escritas. Pero eran simples recordatorios. Tengo muchas cajas con esas notas: garrapateadas en servilletas de bar. Otras veces los guiones eran m\u00e1s complejos. Casi todo lo he perdido. El tiempo, y las mudanzas, son implacables. Algunas de mis intervenciones tanto en Onda Cero, como en la SER, como en Radio Nacional, Radio Popular, La Cope &#8230; las he podido recuperar gracias a mi fan n\u00famero uno: mi padre (q.e.p.d.) que grababa todas mis intervenciones. La calidad de audio es mala, pero es lo \u00fanico que tengo.<\/p>\n\n\n\n<p>En el a\u00f1o 2013 hubo un cambio radical. Di la vuelta al mundo en barco (<a href=\"http:\/\/viajes.ares.fm\" data-type=\"link\" data-id=\"viajes.ares.fm\">viajes.ares.fm<\/a>) y todas mis intervenciones las grab\u00e9 en el port\u00e1til que llevaba. Era un port\u00e1til, no un estudio.<\/p>\n\n\n\n<p>Normalmente, los borradores (textos) de mis intervenciones los publico en <a href=\"https:\/\/ciencia15.blogalia.com\/\" data-type=\"link\" data-id=\"https:\/\/ciencia15.blogalia.com\/\">ciencia15.blogalia.com<\/a>. Al intentar acceder dice que no es seguro, pero es mentira. Es seguro. Lo que pasa es que los certificados no est\u00e1n actualizados, pues actualizarlos cuesta dinero. <\/p>\n\n\n\n<p>Pero hay programas que son totalmente auditivos, es imposible comentarlos en un texto. Podr\u00edamos decir aquello de que \u00abun sonido vale m\u00e1s que mil palabras\u00bb. ) \u00bfAh, que no era as\u00ed?)<\/p>\n\n\n\n<p>En el a\u00f1o 2014 mis intervenciones de verano las hice desde Fuengirola. Quise introducir los borradores de mi primera intervenci\u00f3n del a\u00f1o en <em>ciencia15.blogalia.com<\/em>, pero me di cuenta de que no ten\u00eda sentido. Es un programa hecho para la radio, es muy dif\u00edcil, si no imposible, escribirlo. Se puede intentar, pero es muy dif\u00edcil.<\/p>\n\n\n\n<p>As\u00ed que voy a poner aquel programa aqu\u00ed. Este es el audio en bruto que yo envi\u00e9 a Eduardo Y\u00e1\u00f1ez. Pero \u00e9l, que es un genio del sonido, lo mejor\u00f3, quit\u00f3 mis toses, etc. Yo no tengo lo que finalmente sali\u00f3 en antena, tan solo tengo lo que yo le mand\u00e9. Aqu\u00ed lo tienen.<\/p>\n\n\n\n<iframe loading=\"lazy\" width=\"560\" height=\"315\" src=\"https:\/\/www.youtube.com\/embed\/k2VuEqCuytk?si=ZAA-PPWNBXRrfv7r\" title=\"YouTube video player\" frameborder=\"0\" allow=\"accelerometer; autoplay; clipboard-write; encrypted-media; gyroscope; picture-in-picture; web-share\" referrerpolicy=\"strict-origin-when-cross-origin\" allowfullscreen><\/iframe>\n\n\n\n<p>Lamento que la imagen que se ve sea un cuadro negro, pero no s\u00e9 c\u00f3mo hacerlo mejor.<\/p>\n\n\n\n<p>Espero que les haya gustado. Tiene once a\u00f1os, pero creo que sigue siendo interesante.<\/p>\n\n\n\n<p><\/p>\n\n\n\n<hr class=\"wp-block-separator has-alpha-channel-opacity\"\/>\n\n\n\n<h3 class=\"wp-block-heading\"><strong>Notas<\/strong>.<\/h3>\n\n\n\n<p id=\"2\">[1] <\/p>\n\n\n\n<p><\/p>\n\n\n\n<hr class=\"wp-block-separator has-alpha-channel-opacity\"\/>\n\n\n\n<p><strong>Nota fotos y texto<\/strong>. Salvo las fotos que tienen un agradecimiento espec\u00edfico, como por ejemplo Wikipedia, son nuestras y las licenciamos con<\/p>\n\n\n\n<p class=\"has-text-align-center\"><a href=\"http:\/\/creativecommons.org\/licenses\/by\/3.0\/deed.es_ES\" rel=\"license\"><img decoding=\"async\" src=\"http:\/\/i.creativecommons.org\/l\/by\/3.0\/88x31.png\" alt=\"Licencia de Creative Commons\"\/><\/a><br \/><br \/><a href=\"http:\/\/felix.ares.fm\" data-type=\"link\" data-id=\"felix.ares.fm\">De tapas y otras cosas por Fuengirola<\/a>&nbsp;\u00a9 2024&nbsp;by&nbsp;F\u00e9lix Ares&nbsp;is licensed under&nbsp;CC BY-SA 4.0&nbsp;. Debe indicarse que est\u00e1 creado a partir de una obra de felix.ares.fm<\/p>\n\n\n\n<p class=\"has-text-align-center\">En esta ocasi\u00f3n he contado con la colaboraci\u00f3n de Vero.<\/p>\n\n\n\n<hr class=\"wp-block-separator has-alpha-channel-opacity\"\/>\n\n\n\n<p><strong>Contacto con nosotros<\/strong>; el motivo de que no sea una imagen clara es para evitar que los robots la descubran y nos inunden el buz\u00f3n de basura.<\/p>\n\n\n<div class=\"wp-block-image\">\n<figure class=\"aligncenter is-resized\"><a href=\"http:\/\/felix.ares.fm\/?attachment_id=7476\" rel=\"attachment wp-att-7476\"><img loading=\"lazy\" decoding=\"async\" width=\"703\" height=\"499\" src=\"http:\/\/felix.ares.fm\/wp-content\/uploads\/2016\/02\/tapas.ares_.fm_.2.jpg\" alt=\"tapas.ares.fm.2\" class=\"wp-image-7476\" style=\"width:250px;height:auto\" srcset=\"https:\/\/felix.ares.fm\/wp-content\/uploads\/2016\/02\/tapas.ares_.fm_.2.jpg 703w, https:\/\/felix.ares.fm\/wp-content\/uploads\/2016\/02\/tapas.ares_.fm_.2-300x213.jpg 300w\" sizes=\"auto, (max-width: 703px) 100vw, 703px\" \/><\/a><\/figure>\n<\/div>\n\n\n<p>O bien&nbsp;rellenar el siguiente formulario:<\/p>\n\n\n\n<p><a href=\"https:\/\/felix.ares.fm\/?p=8005\">[contact_bank form_id=1 show_title=true show_desc=true<\/a>]<\/p>\n","protected":false},"excerpt":{"rendered":"<p>18 de mayo de 2025 Durante aproximadamente 35 a\u00f1os he colaborado con Onda Cero sobre divulgaci\u00f3n cient\u00edfica (y otras cosas, pero eso, lo comentar\u00e9 en otras entradas). Normalmente, me pon\u00eda al micr\u00f3fono con unas notas escritas. Pero eran simples recordatorios. Tengo muchas cajas con esas notas: garrapateadas en servilletas de bar. Otras veces los guiones &hellip; <a href=\"https:\/\/felix.ares.fm\/?p=18598\" class=\"more-link\">Seguir leyendo <span class=\"screen-reader-text\">El sonido en im\u00e1genes: c\u00f3mo una hoja o una bolsa de patatas pueden revelar una conversaci\u00f3n.<\/span> <span class=\"meta-nav\">&rarr;<\/span><\/a><\/p>\n","protected":false},"author":1,"featured_media":0,"comment_status":"closed","ping_status":"open","sticky":false,"template":"","format":"standard","meta":{"footnotes":""},"categories":[2282,797],"tags":[2281],"class_list":["post-18598","post","type-post","status-publish","format-standard","hentry","category-divulgacion-cientifica","category-fuengirola","tag-sonidos-a-partir-de-imagenes"],"_links":{"self":[{"href":"https:\/\/felix.ares.fm\/index.php?rest_route=\/wp\/v2\/posts\/18598","targetHints":{"allow":["GET"]}}],"collection":[{"href":"https:\/\/felix.ares.fm\/index.php?rest_route=\/wp\/v2\/posts"}],"about":[{"href":"https:\/\/felix.ares.fm\/index.php?rest_route=\/wp\/v2\/types\/post"}],"author":[{"embeddable":true,"href":"https:\/\/felix.ares.fm\/index.php?rest_route=\/wp\/v2\/users\/1"}],"replies":[{"embeddable":true,"href":"https:\/\/felix.ares.fm\/index.php?rest_route=%2Fwp%2Fv2%2Fcomments&post=18598"}],"version-history":[{"count":5,"href":"https:\/\/felix.ares.fm\/index.php?rest_route=\/wp\/v2\/posts\/18598\/revisions"}],"predecessor-version":[{"id":18606,"href":"https:\/\/felix.ares.fm\/index.php?rest_route=\/wp\/v2\/posts\/18598\/revisions\/18606"}],"wp:attachment":[{"href":"https:\/\/felix.ares.fm\/index.php?rest_route=%2Fwp%2Fv2%2Fmedia&parent=18598"}],"wp:term":[{"taxonomy":"category","embeddable":true,"href":"https:\/\/felix.ares.fm\/index.php?rest_route=%2Fwp%2Fv2%2Fcategories&post=18598"},{"taxonomy":"post_tag","embeddable":true,"href":"https:\/\/felix.ares.fm\/index.php?rest_route=%2Fwp%2Fv2%2Ftags&post=18598"}],"curies":[{"name":"wp","href":"https:\/\/api.w.org\/{rel}","templated":true}]}}