{"id":18585,"date":"2025-05-13T08:48:07","date_gmt":"2025-05-13T06:48:07","guid":{"rendered":"https:\/\/felix.ares.fm\/?p=18585"},"modified":"2025-05-14T10:14:40","modified_gmt":"2025-05-14T08:14:40","slug":"monumento-al-turista-un-homenaje-a-quienes-nos-visitan","status":"publish","type":"post","link":"https:\/\/felix.ares.fm\/?p=18585","title":{"rendered":"Monumento al turista: un homenaje a quienes nos visitan."},"content":{"rendered":"\n<p><strong>25 de febrero de 2025<\/strong><\/p>\n\n\n\n<p><strong>El Monumento al Turista, creado por Andr\u00e9s L\u00f3pez Yebra, simboliza la conexi\u00f3n entre Fuengirola y los viajeros que, a\u00f1o tras a\u00f1o, enriquecen la ciudad con su presencia.<\/strong><\/p>\n\n\n\n<p>En estos d\u00edas es frecuente leer cosas sobre la limitaci\u00f3n del turismo por diversos motivos, desde el ruido, impacto ambiental o masificaci\u00f3n.<\/p>\n\n\n\n<p>Sin embargo, en Fuengirola, no solo no se rechaza el turismo, sino que hay un monumento para agradecer su presencia.<\/p>\n\n\n\n<figure class=\"wp-block-gallery has-nested-images columns-default is-cropped wp-block-gallery-1 is-layout-flex wp-block-gallery-is-layout-flex\">\n<figure class=\"wp-block-image size-large\"><img loading=\"lazy\" decoding=\"async\" width=\"480\" height=\"480\" data-id=\"18587\" src=\"https:\/\/felix.ares.fm\/wp-content\/uploads\/2025\/05\/IMG20210426142917-min.jpg\" alt=\"\" class=\"wp-image-18587\" srcset=\"https:\/\/felix.ares.fm\/wp-content\/uploads\/2025\/05\/IMG20210426142917-min.jpg 480w, https:\/\/felix.ares.fm\/wp-content\/uploads\/2025\/05\/IMG20210426142917-min-300x300.jpg 300w, https:\/\/felix.ares.fm\/wp-content\/uploads\/2025\/05\/IMG20210426142917-min-150x150.jpg 150w\" sizes=\"auto, (max-width: 480px) 100vw, 480px\" \/><figcaption class=\"wp-element-caption\">Monumento al turista<\/figcaption><\/figure>\n\n\n\n<figure class=\"wp-block-image size-full\"><img loading=\"lazy\" decoding=\"async\" width=\"287\" height=\"480\" data-id=\"18593\" src=\"https:\/\/felix.ares.fm\/wp-content\/uploads\/2025\/05\/0IMG20240516211120_horizonte_de_colores_al_fondoSCRE-HS-min.jpg\" alt=\"\" class=\"wp-image-18593\" srcset=\"https:\/\/felix.ares.fm\/wp-content\/uploads\/2025\/05\/0IMG20240516211120_horizonte_de_colores_al_fondoSCRE-HS-min.jpg 287w, https:\/\/felix.ares.fm\/wp-content\/uploads\/2025\/05\/0IMG20240516211120_horizonte_de_colores_al_fondoSCRE-HS-min-179x300.jpg 179w\" sizes=\"auto, (max-width: 287px) 100vw, 287px\" \/><figcaption class=\"wp-element-caption\">Monumento al turista al anochecer<\/figcaption><\/figure>\n<\/figure>\n\n\n\n<p>La imagen nos muestra una joven desnuda que est\u00e1 sobre la bola del mundo y que est\u00e1 soltando para que vuele a una paloma.<\/p>\n\n\n\n<p>La bola del mundo simboliza el lugar de procedencia de los turistas en Fuengirola: todo el mundo. La paloma es un s\u00edmbolo universal de la paz.<\/p>\n\n\n\n<p>La obra es el escultor Andr\u00e9s L\u00f3pez Yebra <a href=\"#1\" data-type=\"internal\" data-id=\"#1\">[1]<\/a>, melillense, que vivi\u00f3 muchos a\u00f1os en Fuengirola. De este mismo autor son los monumentos al Jabegote y a \u00abJuanito\u00bb.<\/p>\n\n\n\n<p>La escultura representa a una joven francesa de veintid\u00f3s a\u00f1os llamada No\u00eblle<a href=\"#2\" data-type=\"internal\" data-id=\"#2\"> [2]<\/a>.<\/p>\n\n\n\n<figure class=\"wp-block-image size-full\"><img loading=\"lazy\" decoding=\"async\" width=\"640\" height=\"289\" src=\"https:\/\/felix.ares.fm\/wp-content\/uploads\/2025\/05\/IMG20250225173407_monumento_al_turista_contraluz_bonita-min.jpg\" alt=\"\" class=\"wp-image-18590\" srcset=\"https:\/\/felix.ares.fm\/wp-content\/uploads\/2025\/05\/IMG20250225173407_monumento_al_turista_contraluz_bonita-min.jpg 640w, https:\/\/felix.ares.fm\/wp-content\/uploads\/2025\/05\/IMG20250225173407_monumento_al_turista_contraluz_bonita-min-300x135.jpg 300w\" sizes=\"auto, (max-width: 640px) 100vw, 640px\" \/><figcaption class=\"wp-element-caption\">Detalle del monumento al turista.<\/figcaption><\/figure>\n\n\n\n<figure class=\"wp-block-image size-full\"><img loading=\"lazy\" decoding=\"async\" width=\"640\" height=\"289\" src=\"https:\/\/felix.ares.fm\/wp-content\/uploads\/2025\/05\/IMG20250225173412_monumento_al_turista_contraluz_bonita-min.jpg\" alt=\"\" class=\"wp-image-18591\" srcset=\"https:\/\/felix.ares.fm\/wp-content\/uploads\/2025\/05\/IMG20250225173412_monumento_al_turista_contraluz_bonita-min.jpg 640w, https:\/\/felix.ares.fm\/wp-content\/uploads\/2025\/05\/IMG20250225173412_monumento_al_turista_contraluz_bonita-min-300x135.jpg 300w\" sizes=\"auto, (max-width: 640px) 100vw, 640px\" \/><figcaption class=\"wp-element-caption\">La paloma a punto de emprender el vuelo.<\/figcaption><\/figure>\n\n\n\n<p>Se me olvidaba, la escultura es de 1971.<\/p>\n\n\n\n<hr class=\"wp-block-separator has-alpha-channel-opacity\"\/>\n\n\n\n<h3 class=\"wp-block-heading\"><strong>Notas<\/strong>.<\/h3>\n\n\n\n<p id=\"1\">[1] Wikipedia. Entrada: <em>Andr\u00e9s L\u00f3pez Yebra<\/em>. <a href=\"https:\/\/es.wikipedia.org\/wiki\/Andr%C3%A9s_L%C3%B3pez_Yebra\">https:\/\/es.wikipedia.org\/wiki\/Andr%C3%A9s_L%C3%B3pez_Yebra<\/a> [Consultado 14 de mayo de 2025]<\/p>\n\n\n\n<p id=\"2\">[2] Alarc\u00f3n, Juan Jos\u00e9. <em>El candilazo de la peseta.<\/em> La Vanguardia. 22 de noviembre de 2022. <a href=\"https:\/\/www.lavanguardia.com\/participacion\/las-fotos-de-los-lectores\/20221125\/8618659\/candilazo-peseta.html\">https:\/\/www.lavanguardia.com\/participacion\/las-fotos-de-los-lectores\/20221125\/8618659\/candilazo-peseta.html<\/a><\/p>\n\n\n\n<p><\/p>\n\n\n\n<hr class=\"wp-block-separator has-alpha-channel-opacity\"\/>\n\n\n\n<p><strong>Nota fotos y texto<\/strong>. Salvo las fotos que tienen un agradecimiento espec\u00edfico, como por ejemplo Wikipedia, son nuestras y las licenciamos con<\/p>\n\n\n\n<p class=\"has-text-align-center\"><a href=\"http:\/\/creativecommons.org\/licenses\/by\/3.0\/deed.es_ES\" rel=\"license\"><img decoding=\"async\" src=\"http:\/\/i.creativecommons.org\/l\/by\/3.0\/88x31.png\" alt=\"Licencia de Creative Commons\"\/><\/a><br \/><br \/><a href=\"http:\/\/felix.ares.fm\" data-type=\"link\" data-id=\"felix.ares.fm\">De tapas y otras cosas por Fuengirola<\/a>&nbsp;\u00a9 2024&nbsp;by&nbsp;F\u00e9lix Ares&nbsp;is licensed under&nbsp;CC BY-SA 4.0&nbsp;. Debe indicarse que est\u00e1 creado a partir de una obra de felix.ares.fm<\/p>\n\n\n\n<p class=\"has-text-align-center\">En esta ocasi\u00f3n he contado con la colaboraci\u00f3n de Vero.<\/p>\n\n\n\n<hr class=\"wp-block-separator has-alpha-channel-opacity\"\/>\n\n\n\n<p><strong>Contacto con nosotros<\/strong>; el motivo de que no sea una imagen clara es para evitar que los robots la descubran y nos inunden el buz\u00f3n de basura.<\/p>\n\n\n<div class=\"wp-block-image\">\n<figure class=\"aligncenter is-resized\"><a href=\"http:\/\/felix.ares.fm\/?attachment_id=7476\" rel=\"attachment wp-att-7476\"><img loading=\"lazy\" decoding=\"async\" width=\"703\" height=\"499\" src=\"http:\/\/felix.ares.fm\/wp-content\/uploads\/2016\/02\/tapas.ares_.fm_.2.jpg\" alt=\"tapas.ares.fm.2\" class=\"wp-image-7476\" style=\"width:250px;height:auto\" srcset=\"https:\/\/felix.ares.fm\/wp-content\/uploads\/2016\/02\/tapas.ares_.fm_.2.jpg 703w, https:\/\/felix.ares.fm\/wp-content\/uploads\/2016\/02\/tapas.ares_.fm_.2-300x213.jpg 300w\" sizes=\"auto, (max-width: 703px) 100vw, 703px\" \/><\/a><\/figure>\n<\/div>\n\n\n<p>O bien&nbsp;rellenar el siguiente formulario:<\/p>\n\n\n\n<p><a href=\"https:\/\/felix.ares.fm\/?p=8005\">[contact_bank form_id=1 show_title=true show_desc=true<\/a>]<\/p>\n","protected":false},"excerpt":{"rendered":"<p>25 de febrero de 2025 El Monumento al Turista, creado por Andr\u00e9s L\u00f3pez Yebra, simboliza la conexi\u00f3n entre Fuengirola y los viajeros que, a\u00f1o tras a\u00f1o, enriquecen la ciudad con su presencia. En estos d\u00edas es frecuente leer cosas sobre la limitaci\u00f3n del turismo por diversos motivos, desde el ruido, impacto ambiental o masificaci\u00f3n. Sin &hellip; <a href=\"https:\/\/felix.ares.fm\/?p=18585\" class=\"more-link\">Seguir leyendo <span class=\"screen-reader-text\">Monumento al turista: un homenaje a quienes nos visitan.<\/span> <span class=\"meta-nav\">&rarr;<\/span><\/a><\/p>\n","protected":false},"author":1,"featured_media":0,"comment_status":"closed","ping_status":"open","sticky":false,"template":"","format":"standard","meta":{"footnotes":""},"categories":[797,980],"tags":[],"class_list":["post-18585","post","type-post","status-publish","format-standard","hentry","category-fuengirola","category-fuengirola-monumentos"],"_links":{"self":[{"href":"https:\/\/felix.ares.fm\/index.php?rest_route=\/wp\/v2\/posts\/18585","targetHints":{"allow":["GET"]}}],"collection":[{"href":"https:\/\/felix.ares.fm\/index.php?rest_route=\/wp\/v2\/posts"}],"about":[{"href":"https:\/\/felix.ares.fm\/index.php?rest_route=\/wp\/v2\/types\/post"}],"author":[{"embeddable":true,"href":"https:\/\/felix.ares.fm\/index.php?rest_route=\/wp\/v2\/users\/1"}],"replies":[{"embeddable":true,"href":"https:\/\/felix.ares.fm\/index.php?rest_route=%2Fwp%2Fv2%2Fcomments&post=18585"}],"version-history":[{"count":6,"href":"https:\/\/felix.ares.fm\/index.php?rest_route=\/wp\/v2\/posts\/18585\/revisions"}],"predecessor-version":[{"id":18597,"href":"https:\/\/felix.ares.fm\/index.php?rest_route=\/wp\/v2\/posts\/18585\/revisions\/18597"}],"wp:attachment":[{"href":"https:\/\/felix.ares.fm\/index.php?rest_route=%2Fwp%2Fv2%2Fmedia&parent=18585"}],"wp:term":[{"taxonomy":"category","embeddable":true,"href":"https:\/\/felix.ares.fm\/index.php?rest_route=%2Fwp%2Fv2%2Fcategories&post=18585"},{"taxonomy":"post_tag","embeddable":true,"href":"https:\/\/felix.ares.fm\/index.php?rest_route=%2Fwp%2Fv2%2Ftags&post=18585"}],"curies":[{"name":"wp","href":"https:\/\/api.w.org\/{rel}","templated":true}]}}