{"id":18583,"date":"2025-05-13T08:48:07","date_gmt":"2025-05-13T06:48:07","guid":{"rendered":"https:\/\/felix.ares.fm\/?p=18583"},"modified":"2025-05-13T08:48:08","modified_gmt":"2025-05-13T06:48:08","slug":"viaje-de-san-valentin-2025-indice-2","status":"publish","type":"post","link":"https:\/\/felix.ares.fm\/?p=18583","title":{"rendered":"Viaje de San Valent\u00edn 2025. \u00cdndice."},"content":{"rendered":"\n<p><strong>14 de febrero de 2025<\/strong><\/p>\n\n\n\n<p><br \/><strong>Del 14 al 16 de febrero de 2025, fui en un viaje a celebrar San Valent\u00edn. Nuestra ruta nos llev\u00f3 a Riofr\u00edo, Granada, Purullena y Guadix. Como siempre, estuvo bien organizada por Viajes Alcaraz. <\/strong><\/p>\n\n\n\n<p>Como hay muchas cosas que contar, he dividido la descripci\u00f3n del viaje en ocho entradas. Para facilitar la b\u00fasqueda he hecho este \u00edndice:<\/p>\n\n\n\n<p>1- <a href=\"https:\/\/felix.ares.fm\/?p=18194\"><u>Viaje de San Valent\u00edn 2025. D\u00eda 1, entrada 1: desde Fuengirola a desayunar en Riofr\u00edo<\/u><\/a>.<\/p>\n\n\n\n<p>2- <a href=\"https:\/\/felix.ares.fm\/?p=18214\">Viaje de San Valent\u00edn 2025. D\u00eda 1, entrada 2: desde Riofr\u00edo a \u00abNevada Shopping\u00bb (Granada). | De tapas y otras cosas por Fuengirola<\/a><\/p>\n\n\n\n<p>3- <a href=\"https:\/\/felix.ares.fm\/?p=18236\">Viaje de San Valent\u00edn 2025. D\u00eda 1, entrada 3: Llegada y almuerzo en el hotel \u00abNevada Palace\u00bb (Granada). | De tapas y otras cosas por Fuengirola<\/a><\/p>\n\n\n\n<p>4- <a href=\"https:\/\/felix.ares.fm\/?p=18236\"><\/a><a href=\"https:\/\/felix.ares.fm\/?p=18305\">Viaje de San Valent\u00edn 2025. D\u00eda 1, entrada 4: paseo por Granada. | De tapas y otras cosas por Fuengirola<\/a><\/p>\n\n\n\n<p>5- <a href=\"https:\/\/felix.ares.fm\/?p=18258\">Viaje de San Valent\u00edn 2025. D\u00eda 2, entrada 1: paseo por el Albaic\u00edn (Granada). | De tapas y otras cosas por Fuengirola<\/a><\/p>\n\n\n\n<p>6- <a href=\"https:\/\/felix.ares.fm\/?p=18340\">Viaje de San Valent\u00edn 2025. D\u00eda 2, entrada 2: Mes\u00f3n \u00abLa Parranda\u00bb. | De tapas y otras cosas por Fuengirola<\/a><\/p>\n\n\n\n<p>7- <a href=\"https:\/\/felix.ares.fm\/?p=18435\">Viaje de San Valent\u00edn 2025. D\u00eda 3, entrada 1: Casas-cueva en Purullena (Granada). | De tapas y otras cosas por Fuengirola<\/a><\/p>\n\n\n\n<p>8- <a href=\"https:\/\/felix.ares.fm\/?p=18481\">Viaje de San Valent\u00edn 2025. D\u00eda 3, entrada (y 2): Guadix (Granada). | De tapas y otras cosas por Fuengirola<\/a><\/p>\n\n\n\n<hr class=\"wp-block-separator has-alpha-channel-opacity\"\/>\n\n\n\n<h3 class=\"wp-block-heading\"><strong>Notas<\/strong>.<\/h3>\n\n\n\n<p id=\"6\">[1]<\/p>\n\n\n\n<hr class=\"wp-block-separator has-alpha-channel-opacity\"\/>\n\n\n\n<p><strong>Nota fotos y texto<\/strong>. Salvo las fotos que tienen un agradecimiento espec\u00edfico, como por ejemplo Wikipedia, son nuestras y las licenciamos con<\/p>\n\n\n\n<p class=\"has-text-align-center\"><a href=\"http:\/\/creativecommons.org\/licenses\/by\/3.0\/deed.es_ES\" rel=\"license\"><img decoding=\"async\" src=\"http:\/\/i.creativecommons.org\/l\/by\/3.0\/88x31.png\" alt=\"Licencia de Creative Commons\"\/><\/a><br \/><br \/><a href=\"http:\/\/felix.ares.fm\" data-type=\"link\" data-id=\"felix.ares.fm\">De tapas y otras cosas por Fuengirola<\/a>&nbsp;\u00a9 2024&nbsp;by&nbsp;F\u00e9lix Ares&nbsp;is licensed under&nbsp;CC BY-SA 4.0&nbsp;. Debe indicarse que est\u00e1 creado a partir de una obra de felix.ares.fm<\/p>\n\n\n\n<p class=\"has-text-align-center\">En esta ocasi\u00f3n he contado con la colaboraci\u00f3n de Vero.<\/p>\n\n\n\n<hr class=\"wp-block-separator has-alpha-channel-opacity\"\/>\n\n\n\n<p><strong>Contacto con nosotros<\/strong>; el motivo de que no sea una imagen clara es para evitar que los robots la descubran y nos inunden el buz\u00f3n de basura.<\/p>\n\n\n<div class=\"wp-block-image\">\n<figure class=\"aligncenter is-resized\"><a href=\"http:\/\/felix.ares.fm\/?attachment_id=7476\" rel=\"attachment wp-att-7476\"><img loading=\"lazy\" decoding=\"async\" width=\"703\" height=\"499\" src=\"http:\/\/felix.ares.fm\/wp-content\/uploads\/2016\/02\/tapas.ares_.fm_.2.jpg\" alt=\"tapas.ares.fm.2\" class=\"wp-image-7476\" style=\"width:250px;height:auto\" srcset=\"https:\/\/felix.ares.fm\/wp-content\/uploads\/2016\/02\/tapas.ares_.fm_.2.jpg 703w, https:\/\/felix.ares.fm\/wp-content\/uploads\/2016\/02\/tapas.ares_.fm_.2-300x213.jpg 300w\" sizes=\"auto, (max-width: 703px) 100vw, 703px\" \/><\/a><\/figure>\n<\/div>\n\n\n<p>O bien&nbsp;rellenar el siguiente formulario:<\/p>\n\n\n\n<p><a href=\"https:\/\/felix.ares.fm\/?p=8005\">[contact_bank form_id=1 show_title=true show_desc=true<\/a>]<\/p>\n","protected":false},"excerpt":{"rendered":"<p>14 de febrero de 2025 Del 14 al 16 de febrero de 2025, fui en un viaje a celebrar San Valent\u00edn. Nuestra ruta nos llev\u00f3 a Riofr\u00edo, Granada, Purullena y Guadix. Como siempre, estuvo bien organizada por Viajes Alcaraz. Como hay muchas cosas que contar, he dividido la descripci\u00f3n del viaje en ocho entradas. Para &hellip; <a href=\"https:\/\/felix.ares.fm\/?p=18583\" class=\"more-link\">Seguir leyendo <span class=\"screen-reader-text\">Viaje de San Valent\u00edn 2025. \u00cdndice.<\/span> <span class=\"meta-nav\">&rarr;<\/span><\/a><\/p>\n","protected":false},"author":1,"featured_media":0,"comment_status":"closed","ping_status":"open","sticky":false,"template":"","format":"standard","meta":{"footnotes":""},"categories":[422,2248],"tags":[],"class_list":["post-18583","post","type-post","status-publish","format-standard","hentry","category-granada","category-guadix"],"_links":{"self":[{"href":"https:\/\/felix.ares.fm\/index.php?rest_route=\/wp\/v2\/posts\/18583","targetHints":{"allow":["GET"]}}],"collection":[{"href":"https:\/\/felix.ares.fm\/index.php?rest_route=\/wp\/v2\/posts"}],"about":[{"href":"https:\/\/felix.ares.fm\/index.php?rest_route=\/wp\/v2\/types\/post"}],"author":[{"embeddable":true,"href":"https:\/\/felix.ares.fm\/index.php?rest_route=\/wp\/v2\/users\/1"}],"replies":[{"embeddable":true,"href":"https:\/\/felix.ares.fm\/index.php?rest_route=%2Fwp%2Fv2%2Fcomments&post=18583"}],"version-history":[{"count":1,"href":"https:\/\/felix.ares.fm\/index.php?rest_route=\/wp\/v2\/posts\/18583\/revisions"}],"predecessor-version":[{"id":18584,"href":"https:\/\/felix.ares.fm\/index.php?rest_route=\/wp\/v2\/posts\/18583\/revisions\/18584"}],"wp:attachment":[{"href":"https:\/\/felix.ares.fm\/index.php?rest_route=%2Fwp%2Fv2%2Fmedia&parent=18583"}],"wp:term":[{"taxonomy":"category","embeddable":true,"href":"https:\/\/felix.ares.fm\/index.php?rest_route=%2Fwp%2Fv2%2Fcategories&post=18583"},{"taxonomy":"post_tag","embeddable":true,"href":"https:\/\/felix.ares.fm\/index.php?rest_route=%2Fwp%2Fv2%2Ftags&post=18583"}],"curies":[{"name":"wp","href":"https:\/\/api.w.org\/{rel}","templated":true}]}}