{"id":18194,"date":"2025-04-24T09:48:06","date_gmt":"2025-04-24T07:48:06","guid":{"rendered":"https:\/\/felix.ares.fm\/?p=18194"},"modified":"2025-05-13T08:40:20","modified_gmt":"2025-05-13T06:40:20","slug":"viaje-de-san-valentin-2025-dia-1-entrada-1-desde-fuengirola-a-desayunar-en-riofrio","status":"publish","type":"post","link":"https:\/\/felix.ares.fm\/?p=18194","title":{"rendered":"Viaje de San Valent\u00edn 2025. D\u00eda 1, entrada 1: desde Fuengirola a desayunar en Riofr\u00edo."},"content":{"rendered":"\n<p><strong>14 de febrero de 2025<\/strong><\/p>\n\n\n\n<p><br \/><strong>Del 14 al 16 de febrero de 2025, fui en un viaje a celebrar San Valent\u00edn. Nuestra ruta nos llev\u00f3 a Riofr\u00edo, Granada, Purullena y Guadix. Como siempre, estuvo bien organizada por Viajes Alcaraz. En esta entrada hablar\u00e9 de nuestra salida de Fuengirola y el desayuno en Riofr\u00edo.<\/strong><\/p>\n\n\n\n<p>La descripci\u00f3n del viaje ha sido muy larga, por lo que lo he dividido en ocho entradas. Para facilitar la navegaci\u00f3n, he creado un \u00edndice que puede consultarse en el siguiente enlace:<\/p>\n\n\n\n<p><a href=\"https:\/\/felix.ares.fm\/?p=18566\">Viaje de San Valent\u00edn 2025. \u00cdndice. | De tapas y otras cosas por Fuengirola<\/a><\/p>\n\n\n\n<p><strong>Ruta desde Fuengirola a Riofr\u00edo.<\/strong><\/p>\n\n\n\n<figure class=\"wp-block-image size-full\"><img loading=\"lazy\" decoding=\"async\" width=\"607\" height=\"681\" src=\"https:\/\/felix.ares.fm\/wp-content\/uploads\/2025\/03\/0ruta_fuengi-riofrio_con_letras.jpg\" alt=\"\" class=\"wp-image-18196\" srcset=\"https:\/\/felix.ares.fm\/wp-content\/uploads\/2025\/03\/0ruta_fuengi-riofrio_con_letras.jpg 607w, https:\/\/felix.ares.fm\/wp-content\/uploads\/2025\/03\/0ruta_fuengi-riofrio_con_letras-267x300.jpg 267w\" sizes=\"auto, (max-width: 607px) 100vw, 607px\" \/><figcaption class=\"wp-element-caption\">Ruta desde Fuengirola hasta Venta Riofr\u00edo. Mapa gentileza de Google Maps.<\/figcaption><\/figure>\n\n\n\n<p>En esta venta hemos parado muchas veces. Ya he hablado de ella en alguna de las entradas anteriores de este mismo blog, por ejemplo: <\/p>\n\n\n\n<figure class=\"wp-block-embed is-type-wp-embed is-provider-de-tapas-y-otras-cosas-por-fuengirola wp-block-embed-de-tapas-y-otras-cosas-por-fuengirola\"><div class=\"wp-block-embed__wrapper\">\n<blockquote class=\"wp-embedded-content\" data-secret=\"U9wXc6R5Qc\"><a href=\"https:\/\/felix.ares.fm\/?p=17007\">Viaje a Vera (Almer\u00eda). D\u00eda 1-parte 1: desde Fuengirola a desayunar en Riofr\u00edo (Loja, Granada).<\/a><\/blockquote><iframe loading=\"lazy\" class=\"wp-embedded-content\" sandbox=\"allow-scripts\" security=\"restricted\" style=\"position: absolute; visibility: hidden;\" title=\"\u00abViaje a Vera (Almer\u00eda). D\u00eda 1-parte 1: desde Fuengirola a desayunar en Riofr\u00edo (Loja, Granada).\u00bb \u2014 De tapas y otras cosas por Fuengirola\" src=\"https:\/\/felix.ares.fm\/?p=17007&#038;embed=true#?secret=7ft7p4ugPz#?secret=U9wXc6R5Qc\" data-secret=\"U9wXc6R5Qc\" width=\"600\" height=\"338\" frameborder=\"0\" marginwidth=\"0\" marginheight=\"0\" scrolling=\"no\"><\/iframe>\n<\/div><\/figure>\n\n\n\n<figure class=\"wp-block-embed is-type-wp-embed is-provider-de-tapas-y-otras-cosas-por-fuengirola wp-block-embed-de-tapas-y-otras-cosas-por-fuengirola\"><div class=\"wp-block-embed__wrapper\">\n<blockquote class=\"wp-embedded-content\" data-secret=\"enxQIGkxe3\"><a href=\"https:\/\/felix.ares.fm\/?p=12807\">Excursi\u00f3n a Lorca (Murcia) (1). Salida de Fuengirola y desayuno en Riofr\u00edo (Loja, Granada)<\/a><\/blockquote><iframe loading=\"lazy\" class=\"wp-embedded-content\" sandbox=\"allow-scripts\" security=\"restricted\" style=\"position: absolute; visibility: hidden;\" title=\"\u00abExcursi\u00f3n a Lorca (Murcia) (1). Salida de Fuengirola y desayuno en Riofr\u00edo (Loja, Granada)\u00bb \u2014 De tapas y otras cosas por Fuengirola\" src=\"https:\/\/felix.ares.fm\/?p=12807&#038;embed=true#?secret=LcHy9enbE9#?secret=enxQIGkxe3\" data-secret=\"enxQIGkxe3\" width=\"600\" height=\"338\" frameborder=\"0\" marginwidth=\"0\" marginheight=\"0\" scrolling=\"no\"><\/iframe>\n<\/div><\/figure>\n\n\n\n<p>Todas las veces que he parado en esta \u00abVenta\u00bb siempre me ha sorprendido que se hable de caviar y es que el caviar de Riofr\u00edo es de los mejores del mundo. <\/p>\n\n\n\n<p>Antes de conocer Riofr\u00edo, para m\u00ed, el caviar era cosa de rusos o tal vez de China, pero \u00bfde Riofr\u00edo? Y resulta que s\u00ed, que en Riofr\u00edo producen uno de los mejores caviares del mundo. Tambi\u00e9n cr\u00edan truchas y la \u00abVenta de Riofr\u00edo\u00bb est\u00e1 especializada en ofrecer truchas de mil maneras. Casi todas deliciosas.<\/p>\n\n\n\n<p>Pero me estoy adelantando. Empecemos por la salida de Fuengirola. <\/p>\n\n\n\n<figure class=\"wp-block-image size-full\"><img loading=\"lazy\" decoding=\"async\" width=\"640\" height=\"289\" src=\"https:\/\/felix.ares.fm\/wp-content\/uploads\/2025\/03\/IMG20250214074344_amanecer_fuengirola_desde_cas-min.jpg\" alt=\"\" class=\"wp-image-18198\" srcset=\"https:\/\/felix.ares.fm\/wp-content\/uploads\/2025\/03\/IMG20250214074344_amanecer_fuengirola_desde_cas-min.jpg 640w, https:\/\/felix.ares.fm\/wp-content\/uploads\/2025\/03\/IMG20250214074344_amanecer_fuengirola_desde_cas-min-300x135.jpg 300w\" sizes=\"auto, (max-width: 640px) 100vw, 640px\" \/><figcaption class=\"wp-element-caption\">Amancer en Fuengirola el 14 de febrero de 2025.<\/figcaption><\/figure>\n\n\n\n<p>Lo m\u00e1s destacable es la ausencia de nubes. Es sumamente dif\u00edcil lograr una foto sin nubes en el horizonte. Tambi\u00e9n es verdad que cuando hay nubes, los colores son m\u00e1s bonitos, incluso parece una batalla de pinturas. Los naranjas luchan contra los amarillos y los rojos, y ciertos retazos de nubes negras dan dramatismo a la imagen. Aunque en esta ocasi\u00f3n, la imagen de un horizonte con bandas horizontales y lisas me recuerda vagamente a la bandera de Espa\u00f1a. <\/p>\n\n\n\n<p>El viaje transcurri\u00f3 sin incidente, o si los hubo no me enter\u00e9 pues, por suerte, me dorm\u00ed en el autob\u00fas.<\/p>\n\n\n\n<p>Llegamos a la venta.<\/p>\n\n\n\n<figure class=\"wp-block-image size-full\"><img loading=\"lazy\" decoding=\"async\" width=\"640\" height=\"289\" src=\"https:\/\/felix.ares.fm\/wp-content\/uploads\/2025\/03\/IMG20250214095236_venta_riofrios_ILU-min.jpg\" alt=\"\" class=\"wp-image-18199\" srcset=\"https:\/\/felix.ares.fm\/wp-content\/uploads\/2025\/03\/IMG20250214095236_venta_riofrios_ILU-min.jpg 640w, https:\/\/felix.ares.fm\/wp-content\/uploads\/2025\/03\/IMG20250214095236_venta_riofrios_ILU-min-300x135.jpg 300w\" sizes=\"auto, (max-width: 640px) 100vw, 640px\" \/><figcaption class=\"wp-element-caption\">Venta de Riofr\u00edo. Se be claramente su amor por la trucha.<\/figcaption><\/figure>\n\n\n\n<p>Entramos y nuestras mesas ya estaban preparadas.<\/p>\n\n\n\n<figure class=\"wp-block-image size-full\"><img loading=\"lazy\" decoding=\"async\" width=\"640\" height=\"289\" src=\"https:\/\/felix.ares.fm\/wp-content\/uploads\/2025\/03\/IMG20250214095432_nuestras_mesas_en_riofrio_ILU.jpg\" alt=\"\" class=\"wp-image-18200\" srcset=\"https:\/\/felix.ares.fm\/wp-content\/uploads\/2025\/03\/IMG20250214095432_nuestras_mesas_en_riofrio_ILU.jpg 640w, https:\/\/felix.ares.fm\/wp-content\/uploads\/2025\/03\/IMG20250214095432_nuestras_mesas_en_riofrio_ILU-300x135.jpg 300w\" sizes=\"auto, (max-width: 640px) 100vw, 640px\" \/><figcaption class=\"wp-element-caption\">Mesas de la Venta de Riofr\u00edo.<\/figcaption><\/figure>\n\n\n\n<p>En la mesa ya tenemos preparados los desayunos que son habituales en los viajes de Alcaraz. <\/p>\n\n\n<div class=\"wp-block-image\">\n<figure class=\"aligncenter size-full\"><img loading=\"lazy\" decoding=\"async\" width=\"360\" height=\"480\" src=\"https:\/\/felix.ares.fm\/wp-content\/uploads\/2025\/03\/IMG20250214095551_aceite_de_oliva_tomate_triturado_mateca_colora_ILU.jpg\" alt=\"\" class=\"wp-image-18201\" srcset=\"https:\/\/felix.ares.fm\/wp-content\/uploads\/2025\/03\/IMG20250214095551_aceite_de_oliva_tomate_triturado_mateca_colora_ILU.jpg 360w, https:\/\/felix.ares.fm\/wp-content\/uploads\/2025\/03\/IMG20250214095551_aceite_de_oliva_tomate_triturado_mateca_colora_ILU-225x300.jpg 225w\" sizes=\"auto, (max-width: 360px) 100vw, 360px\" \/><figcaption class=\"wp-element-caption\">Nuestra mesas ya preprada. Aceite de oliva virgen extra. Tomate picado. Manteca rosa. Zurrapa.<\/figcaption><\/figure>\n<\/div>\n\n\n<p>En mis primeros viajes con Alcaraz, hace ya veinte a\u00f1os, estos desayunos me sorprendieron, pues no era a lo que yo estaba acostumbrado, pero poco a poco me he ido haciendo con ellos, y ahora creo que los desayunos andaluces son extraordinarios (como toda su cocina).<\/p>\n\n\n\n<p>Con el tiempo he aprendido que un aspecto muy importante es la calidad del aceite. Antes de vivir en Andaluc\u00eda, el aceite era aceite y me daba un poco lo mismo que fuera virgen extra o que fuera de aceituna hojiblanca o picual. Pero con visitas a almazaras y catas he aprendido que no es lo mismo un hojiblanca que un picual. Me encanta el picual por ese toque picante que tiene, pero tambi\u00e9n me encanta un hojiblanca exprimido simplemente por presi\u00f3n.<\/p>\n\n\n<div class=\"wp-block-image\">\n<figure class=\"aligncenter size-full\"><img loading=\"lazy\" decoding=\"async\" width=\"360\" height=\"480\" src=\"https:\/\/felix.ares.fm\/wp-content\/uploads\/2025\/03\/IMG20250214095557_ILU.jpg\" alt=\"\" class=\"wp-image-18202\" srcset=\"https:\/\/felix.ares.fm\/wp-content\/uploads\/2025\/03\/IMG20250214095557_ILU.jpg 360w, https:\/\/felix.ares.fm\/wp-content\/uploads\/2025\/03\/IMG20250214095557_ILU-225x300.jpg 225w\" sizes=\"auto, (max-width: 360px) 100vw, 360px\" \/><figcaption class=\"wp-element-caption\">Aceite de oliva Hojiblanca.<\/figcaption><\/figure>\n<\/div>\n\n\n<p>Es curioso que cuando vi un olivo hojiblanco, enseguida entend\u00ed la raz\u00f3n de su nombre: sus hojas en la parte frontal son verdes, pero en su parte interior son blancas: hojiblancas.<\/p>\n\n\n\n<p>La tostada con el tomate triturado son fundamentales en cualquier desayuno andaluz. \u00bfQue les recuerda al pan con tomate de Catalu\u00f1a? S\u00ed. Pero tengo la sospecha de que el excelente producto catal\u00e1n tiene su origen en Andaluc\u00eda. No son id\u00e9nticos, pero se parecen mucho.<\/p>\n\n\n<div class=\"wp-block-image\">\n<figure class=\"aligncenter size-full is-resized\"><img loading=\"lazy\" decoding=\"async\" width=\"360\" height=\"480\" src=\"https:\/\/felix.ares.fm\/wp-content\/uploads\/2025\/03\/IMG20250214095848_tostadas_para_untar_ILU.jpg\" alt=\"\" class=\"wp-image-18203\" style=\"width:360px;height:auto\" srcset=\"https:\/\/felix.ares.fm\/wp-content\/uploads\/2025\/03\/IMG20250214095848_tostadas_para_untar_ILU.jpg 360w, https:\/\/felix.ares.fm\/wp-content\/uploads\/2025\/03\/IMG20250214095848_tostadas_para_untar_ILU-225x300.jpg 225w\" sizes=\"auto, (max-width: 360px) 100vw, 360px\" \/><figcaption class=\"wp-element-caption\">Tostada de desayuno en Venta Riofr\u00edo.<\/figcaption><\/figure>\n<\/div>\n\n<div class=\"wp-block-image\">\n<figure class=\"aligncenter size-full\"><img loading=\"lazy\" decoding=\"async\" width=\"360\" height=\"480\" src=\"https:\/\/felix.ares.fm\/wp-content\/uploads\/2025\/03\/IMG20250214095601_tomate_triturado-min.jpg\" alt=\"\" class=\"wp-image-18204\" srcset=\"https:\/\/felix.ares.fm\/wp-content\/uploads\/2025\/03\/IMG20250214095601_tomate_triturado-min.jpg 360w, https:\/\/felix.ares.fm\/wp-content\/uploads\/2025\/03\/IMG20250214095601_tomate_triturado-min-225x300.jpg 225w\" sizes=\"auto, (max-width: 360px) 100vw, 360px\" \/><figcaption class=\"wp-element-caption\">Tomate picado.<\/figcaption><\/figure>\n<\/div>\n\n\n<p>No solo nos hab\u00edan puesto los ingredientes para una tostada t\u00edpicamente andaluza, tambi\u00e9n hab\u00eda mantequillas y mermeladas. <\/p>\n\n\n<div class=\"wp-block-image\">\n<figure class=\"aligncenter size-full\"><img loading=\"lazy\" decoding=\"async\" width=\"360\" height=\"480\" src=\"https:\/\/felix.ares.fm\/wp-content\/uploads\/2025\/03\/IMG20250214095612_mantequillas_president_y_mermeladas-min.jpg\" alt=\"\" class=\"wp-image-18205\" srcset=\"https:\/\/felix.ares.fm\/wp-content\/uploads\/2025\/03\/IMG20250214095612_mantequillas_president_y_mermeladas-min.jpg 360w, https:\/\/felix.ares.fm\/wp-content\/uploads\/2025\/03\/IMG20250214095612_mantequillas_president_y_mermeladas-min-225x300.jpg 225w\" sizes=\"auto, (max-width: 360px) 100vw, 360px\" \/><figcaption class=\"wp-element-caption\">Mantequillas y mermeladas.<\/figcaption><\/figure>\n<\/div>\n\n\n<p>Al ver estas raciones individuales, tan sumamente higi\u00e9nicas, he recordado la normativa que afectar\u00e1 a las raciones individuales de productos como aceite, mantequilla y az\u00facar, es el <strong>Reglamento (UE) 2025\/40 del Parlamento Europeo y del Consejo<\/strong>, aprobado el <strong>19 de diciembre de 2024<\/strong><a href=\"#1\" data-type=\"internal\" data-id=\"#1\"> [1]<\/a>.<\/p>\n\n\n\n<p>Seg\u00fan esta normativa est\u00fapida, no podr\u00e1 haber raciones individuales. Tendremos que compartir la mermelada o la mantequilla de un recipiente com\u00fan. Yo ya viv\u00ed eso en mi ni\u00f1ez y <strong>era una guarrada<\/strong>, propensa a transmitir enfermedades.<\/p>\n\n\n\n<p>Me parece una postura antihigi\u00e9nica y absurda. Una \u00abbajada de pantalones\u00bb ante los verde-dogm\u00e1ticos. <strong>\u00bfY si los ciudadanos normales nos cabreamos y nos levantamos en contra de estas medidas absurdas?<\/strong><\/p>\n\n\n\n<p>Las raciones de az\u00facar individual (que prohibir\u00e1 nuestro incoherente gobierno actual de la UE) estaban presentes en la \u00abVenta Riofr\u00edo\u00bb.<\/p>\n\n\n<div class=\"wp-block-image\">\n<figure class=\"aligncenter size-full\"><img loading=\"lazy\" decoding=\"async\" width=\"360\" height=\"480\" src=\"https:\/\/felix.ares.fm\/wp-content\/uploads\/2025\/03\/IMG20250214095634_bolsa_azucar_Riofrio-min.jpg\" alt=\"\" class=\"wp-image-18207\" srcset=\"https:\/\/felix.ares.fm\/wp-content\/uploads\/2025\/03\/IMG20250214095634_bolsa_azucar_Riofrio-min.jpg 360w, https:\/\/felix.ares.fm\/wp-content\/uploads\/2025\/03\/IMG20250214095634_bolsa_azucar_Riofrio-min-225x300.jpg 225w\" sizes=\"auto, (max-width: 360px) 100vw, 360px\" \/><figcaption class=\"wp-element-caption\">Raciones de az\u00facar de Riofr\u00edo.<\/figcaption><\/figure>\n<\/div>\n\n\n<p>De verdad, que traten de prohibir esto me subleva. \u00bfY si los verdedogm\u00e1ticos dejan de decir idioteces?<\/p>\n\n\n\n<p>Lamento enormemente que hablando de un agradable desayuno, las nuevas normas de la UE me hayan sublevado, pero es que estoy hasta las narices de chorradas woke.<\/p>\n\n\n\n<figure class=\"wp-block-image size-full\"><img loading=\"lazy\" decoding=\"async\" width=\"640\" height=\"289\" src=\"https:\/\/felix.ares.fm\/wp-content\/uploads\/2025\/03\/IMG20250214102604_barra_riofrios-min.jpg\" alt=\"\" class=\"wp-image-18208\" srcset=\"https:\/\/felix.ares.fm\/wp-content\/uploads\/2025\/03\/IMG20250214102604_barra_riofrios-min.jpg 640w, https:\/\/felix.ares.fm\/wp-content\/uploads\/2025\/03\/IMG20250214102604_barra_riofrios-min-300x135.jpg 300w\" sizes=\"auto, (max-width: 640px) 100vw, 640px\" \/><figcaption class=\"wp-element-caption\">Aspecto de la barra el bar de la \u00abVenta Riofr\u00edo\u00bb<\/figcaption><\/figure>\n\n\n\n<figure class=\"wp-block-image size-full\"><img loading=\"lazy\" decoding=\"async\" width=\"640\" height=\"289\" src=\"https:\/\/felix.ares.fm\/wp-content\/uploads\/2025\/03\/IMG20250214102649_barra_jamones_colgados-min.jpg\" alt=\"\" class=\"wp-image-18209\" srcset=\"https:\/\/felix.ares.fm\/wp-content\/uploads\/2025\/03\/IMG20250214102649_barra_jamones_colgados-min.jpg 640w, https:\/\/felix.ares.fm\/wp-content\/uploads\/2025\/03\/IMG20250214102649_barra_jamones_colgados-min-300x135.jpg 300w\" sizes=\"auto, (max-width: 640px) 100vw, 640px\" \/><figcaption class=\"wp-element-caption\">Jamones colgados enn la barra de la \u00abVenta Riofr\u00edo\u00bb.<\/figcaption><\/figure>\n\n\n\n<p>Recientemente, he visto entre los v\u00eddeos en TikTok, el 99% de los mismos absurdos e indignos de seguirse, que algunos extranjeros se sorprenden \u2014con cierto regusto a inc\u00f3modo\u2014 de que en algunos bares espa\u00f1oles haya patas de jam\u00f3n colgadas. \u00bfQu\u00e9 quer\u00e9is que os diga? Si no os gustan los jamones colgados, no entr\u00e9is a esos establecimientos. Yo lo har\u00e9 muy a gusto. Esas patas de cerdo son una caracter\u00edstica de mi pa\u00eds al que amo, que me gusta, que las patas me parecen deliciosas. Y no quiero renunciar a mis costumbres, que eran las de mis padres, abuelos y bisabuelos. Si a vosotros nos os gusta, nadie os obliga a entrar en ellos.<\/p>\n\n\n\n<figure class=\"wp-block-image size-full\"><img loading=\"lazy\" decoding=\"async\" width=\"640\" height=\"289\" src=\"https:\/\/felix.ares.fm\/wp-content\/uploads\/2025\/03\/IMG20250214102651_riofrios_truchas_a_la_cazuela-min.jpg\" alt=\"\" class=\"wp-image-18210\" srcset=\"https:\/\/felix.ares.fm\/wp-content\/uploads\/2025\/03\/IMG20250214102651_riofrios_truchas_a_la_cazuela-min.jpg 640w, https:\/\/felix.ares.fm\/wp-content\/uploads\/2025\/03\/IMG20250214102651_riofrios_truchas_a_la_cazuela-min-300x135.jpg 300w\" sizes=\"auto, (max-width: 640px) 100vw, 640px\" \/><figcaption class=\"wp-element-caption\">Trucha a la cazuela.<\/figcaption><\/figure>\n\n\n\n<p>La trucha, en diversas formas de guisarse, es la caracter\u00edstica de la \u00abVenta de Riofr\u00edo\u00bb. En esta imagen \u00aba la cazuela\u00bb, pero hay muchas m\u00e1s im\u00e1genes con diversas formas de cocinarla.<\/p>\n\n\n\n<p>Es curioso. A m\u00ed (el tema es estrictamente personal) no me cansa la trucha. Me encanta su sabor. No puedo decir lo mismo del salm\u00f3n. A ver si me explico. El salm\u00f3n comido de tarde en tarde es sensacional, pero si se hace habitual, para m\u00ed, es empalagoso y llega a ser vomitivo.<\/p>\n\n\n\n<p>En 1889 hubo una huelga portuaria en Londres. Entre las muchas reivindicaciones de los trabajadores estaba que no quer\u00eda salm\u00f3n m\u00e1s de tres veces por semana. <\/p>\n\n\n\n<p>Esta an\u00e9cdota refleja que el salm\u00f3n, aunque de buen sabor, si se abusa de \u00e9l cansa. Cosa que no sucede con la trucha.<\/p>\n\n\n\n<p>De verdad que no intentaba hacer un alegato pol\u00edtico cuando comenc\u00e9 a escribir esta entrada, que trataba sencillamente de hablar de nuestro desayuno en \u00abVenta de Riofr\u00edo\u00bb, pero me he ido calentando. Les pido perd\u00f3n, pero no me arrepiento ni un \u00e1pice de lo dicho:<strong> la Uni\u00f3n Europea al eliminar los envases individuales provoca un problema de higiene descomunal<\/strong>, me gustan los jamones colgados de los bares.<\/p>\n\n\n\n<p>Nuestra siguiente entrada tratar\u00e1 del viaje desde \u00abVenta de Riofr\u00edo\u00bb hasta el centro comercial Nevada de Granada.<\/p>\n\n\n\n<hr class=\"wp-block-separator has-alpha-channel-opacity\"\/>\n\n\n\n<h3 class=\"wp-block-heading\"><strong>Notas<\/strong>.<\/h3>\n\n\n\n<p id=\"1\">[1] Antolinos, Pedro. <em>Palo de la UE a los bares espa\u00f1oles: lo que est\u00e1 a punto de desaparecer para siempre<\/em>. OK diario. 24 de abril de 2025. <a href=\"https:\/\/okdiario.com\/economia\/palo-ue-bares-espanoles-lo-que-esta-punto-desaparecer-siempre-14650623\">Palo de la UE a los bares espa\u00f1oles: lo que est\u00e1 a punto de desaparecer para siempre<\/a><\/p>\n\n\n\n<hr class=\"wp-block-separator has-alpha-channel-opacity\"\/>\n\n\n\n<p><strong>Nota fotos y texto<\/strong>. Salvo las fotos que tienen un agradecimiento espec\u00edfico, como por ejemplo Wikipedia, son nuestras y las licenciamos con<\/p>\n\n\n\n<p class=\"has-text-align-center\"><a href=\"http:\/\/creativecommons.org\/licenses\/by\/3.0\/deed.es_ES\" rel=\"license\"><img decoding=\"async\" src=\"http:\/\/i.creativecommons.org\/l\/by\/3.0\/88x31.png\" alt=\"Licencia de Creative Commons\"\/><\/a><br \/><br \/><a href=\"http:\/\/felix.ares.fm\" data-type=\"link\" data-id=\"felix.ares.fm\">De tapas y otras cosas por Fuengirola<\/a>&nbsp;\u00a9 2024&nbsp;by&nbsp;F\u00e9lix Ares&nbsp;is licensed under&nbsp;CC BY-SA 4.0&nbsp;. Debe indicarse que est\u00e1 creado a partir de una obra de felix.ares.fm<\/p>\n\n\n\n<p class=\"has-text-align-center\">En esta ocasi\u00f3n he contado con la colaboraci\u00f3n de Vero.<\/p>\n\n\n\n<hr class=\"wp-block-separator has-alpha-channel-opacity\"\/>\n\n\n\n<p><strong>Contacto con nosotros<\/strong>; el motivo de que no sea una imagen clara es para evitar que los robots la descubran y nos inunden el buz\u00f3n de basura.<\/p>\n\n\n<div class=\"wp-block-image\">\n<figure class=\"aligncenter is-resized\"><a href=\"http:\/\/felix.ares.fm\/?attachment_id=7476\" rel=\"attachment wp-att-7476\"><img loading=\"lazy\" decoding=\"async\" width=\"703\" height=\"499\" src=\"http:\/\/felix.ares.fm\/wp-content\/uploads\/2016\/02\/tapas.ares_.fm_.2.jpg\" alt=\"tapas.ares.fm.2\" class=\"wp-image-7476\" style=\"width:250px;height:auto\" srcset=\"https:\/\/felix.ares.fm\/wp-content\/uploads\/2016\/02\/tapas.ares_.fm_.2.jpg 703w, https:\/\/felix.ares.fm\/wp-content\/uploads\/2016\/02\/tapas.ares_.fm_.2-300x213.jpg 300w\" sizes=\"auto, (max-width: 703px) 100vw, 703px\" \/><\/a><\/figure>\n<\/div>\n\n\n<p>O bien&nbsp;rellenar el siguiente formulario:<\/p>\n\n\n\n<p><a href=\"https:\/\/felix.ares.fm\/?p=8005\">[contact_bank form_id=1 show_title=true show_desc=true<\/a>]<\/p>\n","protected":false},"excerpt":{"rendered":"<p>14 de febrero de 2025 Del 14 al 16 de febrero de 2025, fui en un viaje a celebrar San Valent\u00edn. Nuestra ruta nos llev\u00f3 a Riofr\u00edo, Granada, Purullena y Guadix. Como siempre, estuvo bien organizada por Viajes Alcaraz. En esta entrada hablar\u00e9 de nuestra salida de Fuengirola y el desayuno en Riofr\u00edo. La descripci\u00f3n &hellip; <a href=\"https:\/\/felix.ares.fm\/?p=18194\" class=\"more-link\">Seguir leyendo <span class=\"screen-reader-text\">Viaje de San Valent\u00edn 2025. D\u00eda 1, entrada 1: desde Fuengirola a desayunar en Riofr\u00edo.<\/span> <span class=\"meta-nav\">&rarr;<\/span><\/a><\/p>\n","protected":false},"author":1,"featured_media":0,"comment_status":"closed","ping_status":"open","sticky":false,"template":"","format":"standard","meta":{"footnotes":""},"categories":[422,1095,1096,221],"tags":[2159,2156,2155,2158,2153,2157,1471,2154],"class_list":["post-18194","post","type-post","status-publish","format-standard","hentry","category-granada","category-loja","category-riofrio","category-taperia","tag-guarradas-de-los-ecodogmaticos","tag-hojiblanca","tag-olivo-hojiblanco","tag-raciones-individuales-e-irracionalidad-de-la-ue","tag-san-valentin-2025","tag-tomate-picado","tag-tostadas","tag-venta-riofrio-2"],"_links":{"self":[{"href":"https:\/\/felix.ares.fm\/index.php?rest_route=\/wp\/v2\/posts\/18194","targetHints":{"allow":["GET"]}}],"collection":[{"href":"https:\/\/felix.ares.fm\/index.php?rest_route=\/wp\/v2\/posts"}],"about":[{"href":"https:\/\/felix.ares.fm\/index.php?rest_route=\/wp\/v2\/types\/post"}],"author":[{"embeddable":true,"href":"https:\/\/felix.ares.fm\/index.php?rest_route=\/wp\/v2\/users\/1"}],"replies":[{"embeddable":true,"href":"https:\/\/felix.ares.fm\/index.php?rest_route=%2Fwp%2Fv2%2Fcomments&post=18194"}],"version-history":[{"count":8,"href":"https:\/\/felix.ares.fm\/index.php?rest_route=\/wp\/v2\/posts\/18194\/revisions"}],"predecessor-version":[{"id":18574,"href":"https:\/\/felix.ares.fm\/index.php?rest_route=\/wp\/v2\/posts\/18194\/revisions\/18574"}],"wp:attachment":[{"href":"https:\/\/felix.ares.fm\/index.php?rest_route=%2Fwp%2Fv2%2Fmedia&parent=18194"}],"wp:term":[{"taxonomy":"category","embeddable":true,"href":"https:\/\/felix.ares.fm\/index.php?rest_route=%2Fwp%2Fv2%2Fcategories&post=18194"},{"taxonomy":"post_tag","embeddable":true,"href":"https:\/\/felix.ares.fm\/index.php?rest_route=%2Fwp%2Fv2%2Ftags&post=18194"}],"curies":[{"name":"wp","href":"https:\/\/api.w.org\/{rel}","templated":true}]}}