{"id":17890,"date":"2025-03-03T16:09:59","date_gmt":"2025-03-03T14:09:59","guid":{"rendered":"https:\/\/felix.ares.fm\/?p=17890"},"modified":"2025-03-04T11:23:22","modified_gmt":"2025-03-04T09:23:22","slug":"bar-long-horn-de-fuengirola","status":"publish","type":"post","link":"https:\/\/felix.ares.fm\/?p=17890","title":{"rendered":"Bar Long Horn de Fuengirola."},"content":{"rendered":"\n<p><\/p>\n\n\n\n<h3 class=\"wp-block-heading\">6 de enero de 2025<\/h3>\n\n\n\n<p>Mi modo habitual de proceder es que si un establecimiento no me gusta no hablo de \u00e9l. No me considero capacitado para criticar a  lo que no me gusta. Tal vez lo que no me guste a m\u00ed pueda ser un atractivo para otros. Normalmente, si hablo de un establecimiento en mi diario es que me ha gustado.<\/p>\n\n\n\n<p>Pero con \u00abLong Horn\u00bb me encuentro con una situaci\u00f3n muy peculiar. Sus productos son buenos, el lugar es agradable, la atenci\u00f3n no es mala, aunque, digamos, podr\u00eda mejorar. Pero hay algo que me ha indignado y no solo una vez, si no dos. Jam\u00e1s digo nada negativo por una vez. <\/p>\n\n\n\n<p>Voy a empezar por la primera vez que me decepcionaron, hace bastantes meses. Ofrec\u00edan c\u00f3cteles estupendos por, digamos &#8211;no recuerdo exactamente&#8211; 6,50\u20ac. Cuando pido la cuenta me ponen 7\u20ac. No es demasiado, no tiene mucha importancia y si, desde un principio, me hubieran puesto 7\u20ac, lo hubiera pedido sin duda.<\/p>\n\n\n\n<figure class=\"wp-block-image size-full\"><img loading=\"lazy\" decoding=\"async\" width=\"640\" height=\"289\" src=\"https:\/\/felix.ares.fm\/wp-content\/uploads\/2025\/03\/IMG_20220306_205949-min.jpg\" alt=\"\" class=\"wp-image-17891\" srcset=\"https:\/\/felix.ares.fm\/wp-content\/uploads\/2025\/03\/IMG_20220306_205949-min.jpg 640w, https:\/\/felix.ares.fm\/wp-content\/uploads\/2025\/03\/IMG_20220306_205949-min-300x135.jpg 300w\" sizes=\"auto, (max-width: 640px) 100vw, 640px\" \/><figcaption class=\"wp-element-caption\">Daiquiri de fresa de Long Horn.<\/figcaption><\/figure>\n\n\n<div class=\"wp-block-image\">\n<figure class=\"aligncenter size-full\"><img loading=\"lazy\" decoding=\"async\" width=\"217\" height=\"480\" src=\"https:\/\/felix.ares.fm\/wp-content\/uploads\/2025\/03\/IMG20220220210657-min.jpg\" alt=\"\" class=\"wp-image-17892\" srcset=\"https:\/\/felix.ares.fm\/wp-content\/uploads\/2025\/03\/IMG20220220210657-min.jpg 217w, https:\/\/felix.ares.fm\/wp-content\/uploads\/2025\/03\/IMG20220220210657-min-136x300.jpg 136w\" sizes=\"auto, (max-width: 217px) 100vw, 217px\" \/><figcaption class=\"wp-element-caption\">Daiquiri de fresa con un aspecto imponente.<\/figcaption><\/figure>\n<\/div>\n\n\n<p>Tal como he dicho m\u00e1s arriba, lo que me desagrad\u00f3 fue que anunciaran un precio y me cobraran otro. Por ese motivo lo tach\u00e9 de mi lista de sitios a los que ir. Y no he ido en muchos meses. Que quede claro, si hubieran anunciado el precio correcto no me hubiera importado lo m\u00e1s m\u00ednimo. Lo que molest\u00f3 enormemente es la falta de coherencia. Dada su calidad, hubiera estado dispuesto a pagar los siete Euros, pero lo que no estaba dispuesto era a pagar siete euros si anunciaban 6,50. Me quej\u00e9. <\/p>\n\n\n\n<p>Digamos que recientemente les di una segunda oportunidad. Creo que es un buen sitio aunque con t\u00e9cnicas publicitarias discutibles.<\/p>\n\n\n\n<p>Anunciaban vino a 2,50\u20ac. Pedimos dos vinos. Es cierto que se nos olvid\u00f3 decir que quer\u00edamos el de la oferta. Pero tampoco dijimos lo contrario. Nos llegaron los dos vinos. Los bebimos y pedimos la cuenta. Y, en vez de 2,50 \u20ac, nos cobraban 3 \u20ac. <\/p>\n\n\n\n<p>Protest\u00e9. El anuncio dec\u00eda 2,50 \u20ac. Entonces el camarero, con bastante amabilidad, nos dijo que es que nos hab\u00eda servido un verdejo de Rueda que era m\u00e1s caro. Yo no hab\u00eda pedido verdejo ni de rueda. Simplemente, hab\u00eda pedio un vino blanco y hab\u00eda una oferta que dec\u00eda 2,50 \u20ac. <\/p>\n\n\n\n<p>Pagu\u00e9 religiosamente y me fui.<\/p>\n\n\n\n<p>Pongo a este establecimiento en cuarentena por tres a\u00f1os. No volver\u00e9 en ese tiempo. \u00bfPor qu\u00e9? Por no tener una informaci\u00f3n correcta. <\/p>\n\n\n\n<p>No me importa pagar un coctel a siete euros si es bueno (y en este caso lo era). No me importa pagar tres euros por un vino verdejo de Rueda. Pero s\u00ed me importa (y mucho) que digan un precio y me cobren otro.<\/p>\n\n\n\n<p>Espero que dentro de tres a\u00f1os, pueda hacer una entrada muy positiva sobre este establecimiento, que, sin duda, tiene el potencial para que lo haga.<\/p>\n\n\n\n<p><\/p>\n\n\n\n<h3 class=\"wp-block-heading\"><strong>Notas<\/strong>.<\/h3>\n\n\n\n<p><strong>Nota fotos y texto<\/strong>. Salvo las fotos que tienen un agradecimiento espec\u00edfico, como por ejemplo Wikipedia, son nuestras y las licenciamos con<\/p>\n\n\n\n<p class=\"has-text-align-center\"><a href=\"http:\/\/creativecommons.org\/licenses\/by\/3.0\/deed.es_ES\" rel=\"license\"><img decoding=\"async\" src=\"http:\/\/i.creativecommons.org\/l\/by\/3.0\/88x31.png\" alt=\"Licencia de Creative Commons\"\/><\/a><br \/><br \/><a href=\"http:\/\/felix.ares.fm\" data-type=\"link\" data-id=\"felix.ares.fm\">De tapas y otras cosas por Fuengirola<\/a>&nbsp;\u00a9 2024&nbsp;by&nbsp;F\u00e9lix Ares&nbsp;is licensed under&nbsp;CC BY-SA 4.0&nbsp;. Debe indicarse que est\u00e1 creado a partir de una obra de felix.ares.fm<\/p>\n\n\n\n<p class=\"has-text-align-center\">En esta ocasi\u00f3n he contado con la colaboraci\u00f3n de Vero.<\/p>\n\n\n\n<hr class=\"wp-block-separator has-alpha-channel-opacity\"\/>\n\n\n\n<p><strong>Contacto con nosotros<\/strong>; el motivo de que no sea una imagen clara es para evitar que los robots la descubran y nos inunden el buz\u00f3n de basura.<\/p>\n\n\n<div class=\"wp-block-image\">\n<figure class=\"aligncenter is-resized\"><a href=\"http:\/\/felix.ares.fm\/?attachment_id=7476\" rel=\"attachment wp-att-7476\"><img loading=\"lazy\" decoding=\"async\" width=\"703\" height=\"499\" src=\"http:\/\/felix.ares.fm\/wp-content\/uploads\/2016\/02\/tapas.ares_.fm_.2.jpg\" alt=\"tapas.ares.fm.2\" class=\"wp-image-7476\" style=\"width:250px;height:auto\" srcset=\"https:\/\/felix.ares.fm\/wp-content\/uploads\/2016\/02\/tapas.ares_.fm_.2.jpg 703w, https:\/\/felix.ares.fm\/wp-content\/uploads\/2016\/02\/tapas.ares_.fm_.2-300x213.jpg 300w\" sizes=\"auto, (max-width: 703px) 100vw, 703px\" \/><\/a><\/figure>\n<\/div>\n\n\n<p>O bien&nbsp;rellenar el siguiente formulario:<\/p>\n\n\n\n<p><a href=\"https:\/\/felix.ares.fm\/?p=8005\">[contact_bank form_id=1 show_title=true show_desc=true<\/a>]<\/p>\n","protected":false},"excerpt":{"rendered":"<p>6 de enero de 2025 Mi modo habitual de proceder es que si un establecimiento no me gusta no hablo de \u00e9l. No me considero capacitado para criticar a lo que no me gusta. Tal vez lo que no me guste a m\u00ed pueda ser un atractivo para otros. Normalmente, si hablo de un establecimiento &hellip; <a href=\"https:\/\/felix.ares.fm\/?p=17890\" class=\"more-link\">Seguir leyendo <span class=\"screen-reader-text\">Bar Long Horn de Fuengirola.<\/span> <span class=\"meta-nav\">&rarr;<\/span><\/a><\/p>\n","protected":false},"author":1,"featured_media":0,"comment_status":"closed","ping_status":"open","sticky":false,"template":"","format":"standard","meta":{"footnotes":""},"categories":[797],"tags":[],"class_list":["post-17890","post","type-post","status-publish","format-standard","hentry","category-fuengirola"],"_links":{"self":[{"href":"https:\/\/felix.ares.fm\/index.php?rest_route=\/wp\/v2\/posts\/17890","targetHints":{"allow":["GET"]}}],"collection":[{"href":"https:\/\/felix.ares.fm\/index.php?rest_route=\/wp\/v2\/posts"}],"about":[{"href":"https:\/\/felix.ares.fm\/index.php?rest_route=\/wp\/v2\/types\/post"}],"author":[{"embeddable":true,"href":"https:\/\/felix.ares.fm\/index.php?rest_route=\/wp\/v2\/users\/1"}],"replies":[{"embeddable":true,"href":"https:\/\/felix.ares.fm\/index.php?rest_route=%2Fwp%2Fv2%2Fcomments&post=17890"}],"version-history":[{"count":2,"href":"https:\/\/felix.ares.fm\/index.php?rest_route=\/wp\/v2\/posts\/17890\/revisions"}],"predecessor-version":[{"id":17894,"href":"https:\/\/felix.ares.fm\/index.php?rest_route=\/wp\/v2\/posts\/17890\/revisions\/17894"}],"wp:attachment":[{"href":"https:\/\/felix.ares.fm\/index.php?rest_route=%2Fwp%2Fv2%2Fmedia&parent=17890"}],"wp:term":[{"taxonomy":"category","embeddable":true,"href":"https:\/\/felix.ares.fm\/index.php?rest_route=%2Fwp%2Fv2%2Fcategories&post=17890"},{"taxonomy":"post_tag","embeddable":true,"href":"https:\/\/felix.ares.fm\/index.php?rest_route=%2Fwp%2Fv2%2Ftags&post=17890"}],"curies":[{"name":"wp","href":"https:\/\/api.w.org\/{rel}","templated":true}]}}