{"id":17880,"date":"2025-03-03T16:09:59","date_gmt":"2025-03-03T14:09:59","guid":{"rendered":"https:\/\/felix.ares.fm\/?p=17880"},"modified":"2025-03-04T08:40:50","modified_gmt":"2025-03-04T06:40:50","slug":"amanecer-un-da-de-enero","status":"publish","type":"post","link":"https:\/\/felix.ares.fm\/?p=17880","title":{"rendered":"Amanecer un d\u00eda de enero."},"content":{"rendered":"\n<p><\/p>\n\n\n\n<h3 class=\"wp-block-heading\">4 de enero de 2025<\/h3>\n\n\n\n<p>Hay d\u00eda en que el amanecer tiene ciertos toques patri\u00f3ticos.<\/p>\n\n\n\n<figure class=\"wp-block-image size-large\"><img loading=\"lazy\" decoding=\"async\" width=\"1024\" height=\"462\" src=\"https:\/\/felix.ares.fm\/wp-content\/uploads\/2025\/03\/IMG-20250104-WA0003_amanecer_preciosa_bonita-min-1024x462.jpg\" alt=\"\" class=\"wp-image-17881\" srcset=\"https:\/\/felix.ares.fm\/wp-content\/uploads\/2025\/03\/IMG-20250104-WA0003_amanecer_preciosa_bonita-min-1024x462.jpg 1024w, https:\/\/felix.ares.fm\/wp-content\/uploads\/2025\/03\/IMG-20250104-WA0003_amanecer_preciosa_bonita-min-300x135.jpg 300w, https:\/\/felix.ares.fm\/wp-content\/uploads\/2025\/03\/IMG-20250104-WA0003_amanecer_preciosa_bonita-min-768x347.jpg 768w, https:\/\/felix.ares.fm\/wp-content\/uploads\/2025\/03\/IMG-20250104-WA0003_amanecer_preciosa_bonita-min-1536x694.jpg 1536w, https:\/\/felix.ares.fm\/wp-content\/uploads\/2025\/03\/IMG-20250104-WA0003_amanecer_preciosa_bonita-min.jpg 1599w\" sizes=\"auto, (max-width: 1024px) 100vw, 1024px\" \/><figcaption class=\"wp-element-caption\">Amanecer<\/figcaption><\/figure>\n\n\n\n<p><\/p>\n\n\n\n<h3 class=\"wp-block-heading\"><strong>Notas<\/strong>.<\/h3>\n\n\n\n<p><strong>Nota fotos y texto<\/strong>. Salvo las fotos que tienen un agradecimiento espec\u00edfico, como por ejemplo Wikipedia, son nuestras y las licenciamos con<\/p>\n\n\n\n<p class=\"has-text-align-center\"><a href=\"http:\/\/creativecommons.org\/licenses\/by\/3.0\/deed.es_ES\" rel=\"license\"><img decoding=\"async\" src=\"http:\/\/i.creativecommons.org\/l\/by\/3.0\/88x31.png\" alt=\"Licencia de Creative Commons\"\/><\/a><br \/><br \/><a href=\"http:\/\/felix.ares.fm\" data-type=\"link\" data-id=\"felix.ares.fm\">De tapas y otras cosas por Fuengirola<\/a>&nbsp;\u00a9 2024&nbsp;by&nbsp;F\u00e9lix Ares&nbsp;is licensed under&nbsp;CC BY-SA 4.0&nbsp;. Debe indicarse que est\u00e1 creado a partir de una obra de felix.ares.fm<\/p>\n\n\n\n<p class=\"has-text-align-center\">En esta ocasi\u00f3n he contado con la colaboraci\u00f3n de Vero.<\/p>\n\n\n\n<hr class=\"wp-block-separator has-alpha-channel-opacity\"\/>\n\n\n\n<p><strong>Contacto con nosotros<\/strong>; el motivo de que no sea una imagen clara es para evitar que los robots la descubran y nos inunden el buz\u00f3n de basura.<\/p>\n\n\n<div class=\"wp-block-image\">\n<figure class=\"aligncenter is-resized\"><a href=\"http:\/\/felix.ares.fm\/?attachment_id=7476\" rel=\"attachment wp-att-7476\"><img loading=\"lazy\" decoding=\"async\" width=\"703\" height=\"499\" src=\"http:\/\/felix.ares.fm\/wp-content\/uploads\/2016\/02\/tapas.ares_.fm_.2.jpg\" alt=\"tapas.ares.fm.2\" class=\"wp-image-7476\" style=\"width:250px;height:auto\" srcset=\"https:\/\/felix.ares.fm\/wp-content\/uploads\/2016\/02\/tapas.ares_.fm_.2.jpg 703w, https:\/\/felix.ares.fm\/wp-content\/uploads\/2016\/02\/tapas.ares_.fm_.2-300x213.jpg 300w\" sizes=\"auto, (max-width: 703px) 100vw, 703px\" \/><\/a><\/figure>\n<\/div>\n\n\n<p>O bien&nbsp;rellenar el siguiente formulario:<\/p>\n\n\n\n<p><a href=\"https:\/\/felix.ares.fm\/?p=8005\">[contact_bank form_id=1 show_title=true show_desc=true<\/a>]<\/p>\n","protected":false},"excerpt":{"rendered":"<p>4 de enero de 2025 Hay d\u00eda en que el amanecer tiene ciertos toques patri\u00f3ticos. Notas. Nota fotos y texto. Salvo las fotos que tienen un agradecimiento espec\u00edfico, como por ejemplo Wikipedia, son nuestras y las licenciamos con De tapas y otras cosas por Fuengirola&nbsp;\u00a9 2024&nbsp;by&nbsp;F\u00e9lix Ares&nbsp;is licensed under&nbsp;CC BY-SA 4.0&nbsp;. Debe indicarse que est\u00e1 &hellip; <a href=\"https:\/\/felix.ares.fm\/?p=17880\" class=\"more-link\">Seguir leyendo <span class=\"screen-reader-text\">Amanecer un d\u00eda de enero.<\/span> <span class=\"meta-nav\">&rarr;<\/span><\/a><\/p>\n","protected":false},"author":1,"featured_media":0,"comment_status":"closed","ping_status":"open","sticky":false,"template":"","format":"standard","meta":{"footnotes":""},"categories":[797],"tags":[],"class_list":["post-17880","post","type-post","status-publish","format-standard","hentry","category-fuengirola"],"_links":{"self":[{"href":"https:\/\/felix.ares.fm\/index.php?rest_route=\/wp\/v2\/posts\/17880","targetHints":{"allow":["GET"]}}],"collection":[{"href":"https:\/\/felix.ares.fm\/index.php?rest_route=\/wp\/v2\/posts"}],"about":[{"href":"https:\/\/felix.ares.fm\/index.php?rest_route=\/wp\/v2\/types\/post"}],"author":[{"embeddable":true,"href":"https:\/\/felix.ares.fm\/index.php?rest_route=\/wp\/v2\/users\/1"}],"replies":[{"embeddable":true,"href":"https:\/\/felix.ares.fm\/index.php?rest_route=%2Fwp%2Fv2%2Fcomments&post=17880"}],"version-history":[{"count":2,"href":"https:\/\/felix.ares.fm\/index.php?rest_route=\/wp\/v2\/posts\/17880\/revisions"}],"predecessor-version":[{"id":17883,"href":"https:\/\/felix.ares.fm\/index.php?rest_route=\/wp\/v2\/posts\/17880\/revisions\/17883"}],"wp:attachment":[{"href":"https:\/\/felix.ares.fm\/index.php?rest_route=%2Fwp%2Fv2%2Fmedia&parent=17880"}],"wp:term":[{"taxonomy":"category","embeddable":true,"href":"https:\/\/felix.ares.fm\/index.php?rest_route=%2Fwp%2Fv2%2Fcategories&post=17880"},{"taxonomy":"post_tag","embeddable":true,"href":"https:\/\/felix.ares.fm\/index.php?rest_route=%2Fwp%2Fv2%2Ftags&post=17880"}],"curies":[{"name":"wp","href":"https:\/\/api.w.org\/{rel}","templated":true}]}}