{"id":17586,"date":"2025-02-22T08:02:02","date_gmt":"2025-02-22T06:02:02","guid":{"rendered":"https:\/\/felix.ares.fm\/?p=17586"},"modified":"2025-02-22T08:03:17","modified_gmt":"2025-02-22T06:03:17","slug":"fin-de-ano-en-salobrena-granada-dia-1-parte-2-nubes-de-adveccion","status":"publish","type":"post","link":"https:\/\/felix.ares.fm\/?p=17586","title":{"rendered":"Fin de a\u00f1o en Salobre\u00f1a (Granada). D\u00eda 1. Parte 2: Nubes de advecci\u00f3n."},"content":{"rendered":"\n<h3 class=\"wp-block-heading\">30 de diciembre de 2024<\/h3>\n\n\n\n<p><strong>El d\u00eda 30 de diciembre iniciamos un viaje de tres d\u00edas, organizado por Juan Alcaraz. El centro de nuestras actividades estaba en el hotel <em>Salobre\u00f1a Suites<\/em>. Desde all\u00ed vimos muchas cosas muy interesantes. Ir\u00e9 cont\u00e1ndolas poco a poco. Tras desayunar nos dirigimos a Pampaneira (Granada). Por el viaje vi unas curiosas \u00abnubes\u00bb<\/strong> <strong>que se pegaban al terreno. Resulta que son \u00abnubes de advecci\u00f3n\u00bb.<\/strong><\/p>\n\n\n\n<figure class=\"wp-block-image size-full\"><img loading=\"lazy\" decoding=\"async\" width=\"640\" height=\"379\" src=\"https:\/\/felix.ares.fm\/wp-content\/uploads\/2025\/02\/0ruta_cueva_e_nerja_pampaneira_letras-min.jpg\" alt=\"\" class=\"wp-image-17591\" srcset=\"https:\/\/felix.ares.fm\/wp-content\/uploads\/2025\/02\/0ruta_cueva_e_nerja_pampaneira_letras-min.jpg 640w, https:\/\/felix.ares.fm\/wp-content\/uploads\/2025\/02\/0ruta_cueva_e_nerja_pampaneira_letras-min-300x178.jpg 300w\" sizes=\"auto, (max-width: 640px) 100vw, 640px\" \/><figcaption class=\"wp-element-caption\">Ruta desde cueva de Nerja hasta Pampaneira.<\/figcaption><\/figure>\n\n\n\n<p>En algunas partes del viaje pude ver que los montes estaban cubiertos de nubes, unas nubes que se pegaban al terreno como si fuera algod\u00f3n. En algunos sitios daba la sensaci\u00f3n de que era humo.<\/p>\n\n\n\n<p>Pregunt\u00e9 a un compa\u00f1ero de viaje que qu\u00e9 era y me explic\u00f3 que eran nubes, que aparecen muchas veces cuando ha hecho mucho fr\u00edo. Pero que no recordaba el nombre. Con los datos que me dio pude buscar en internet y descubr\u00ed que se trata de lo que se llaman nubes de advecci\u00f3n <a href=\"#1\" data-type=\"internal\" data-id=\"#1\">[1]<\/a>.<\/p>\n\n\n\n<p>Al pasar por \u00d3rgiva pude sacar esto:<\/p>\n\n\n\n<figure class=\"wp-block-image size-full\"><img loading=\"lazy\" decoding=\"async\" width=\"640\" height=\"289\" src=\"https:\/\/felix.ares.fm\/wp-content\/uploads\/2025\/02\/IMG20241230112240_Niebla_de_adveccion_orgiva-min.jpg\" alt=\"\" class=\"wp-image-17592\" srcset=\"https:\/\/felix.ares.fm\/wp-content\/uploads\/2025\/02\/IMG20241230112240_Niebla_de_adveccion_orgiva-min.jpg 640w, https:\/\/felix.ares.fm\/wp-content\/uploads\/2025\/02\/IMG20241230112240_Niebla_de_adveccion_orgiva-min-300x135.jpg 300w\" sizes=\"auto, (max-width: 640px) 100vw, 640px\" \/><figcaption class=\"wp-element-caption\">Nubes de advecci\u00f3n en \u00d3rgiva (Granada).<\/figcaption><\/figure>\n\n\n\n<p>La niebla es tan tenue que puede confundirse con humo.<\/p>\n\n\n\n<p>Tambi\u00e9n vi algo muy parecido en el mar:<\/p>\n\n\n\n<figure class=\"wp-block-image size-full\"><img loading=\"lazy\" decoding=\"async\" width=\"634\" height=\"480\" src=\"https:\/\/felix.ares.fm\/wp-content\/uploads\/2025\/02\/IMG20241230091331_niebla_de_adveccion_en_el_mar_REGi-min.jpg\" alt=\"\" class=\"wp-image-17593\" srcset=\"https:\/\/felix.ares.fm\/wp-content\/uploads\/2025\/02\/IMG20241230091331_niebla_de_adveccion_en_el_mar_REGi-min.jpg 634w, https:\/\/felix.ares.fm\/wp-content\/uploads\/2025\/02\/IMG20241230091331_niebla_de_adveccion_en_el_mar_REGi-min-300x227.jpg 300w\" sizes=\"auto, (max-width: 634px) 100vw, 634px\" \/><figcaption class=\"wp-element-caption\">Niebla de advecci\u00f3n en el mar, en Nerja (M\u00e1laga).<\/figcaption><\/figure>\n\n\n\n<p>Qued\u00e9 intrigado con estas nubes y busqu\u00e9 en Brave<a href=\"#2\" data-type=\"internal\" data-id=\"#2\"> [2]<\/a>. Y su IA me dijo:<\/p>\n\n\n\n<blockquote class=\"wp-block-quote is-layout-flow wp-block-quote-is-layout-flow\">\n<p>Nubes de Advecci\u00f3n<\/p>\n\n\n\n<p>Las nubes de advecci\u00f3n se forman cuando una masa de aire h\u00fameda y fr\u00eda se mueve sobre una superficie m\u00e1s fr\u00eda, causando la condensaci\u00f3n del aire h\u00famedo y la formaci\u00f3n de nubes. Este proceso tambi\u00e9n puede dar lugar a fen\u00f3menos como el roc\u00edo de advecci\u00f3n y la escarcha de advecci\u00f3n, que se producen cuando el roc\u00edo o el hielo se deposita sobre objetos debido al aire fr\u00edo y h\u00famedo<\/p>\n\n\n\n<p>En el contexto de la advecci\u00f3n, en meteorolog\u00eda, se refiere al transporte de una propiedad atmosf\u00e9rica, como el calor o la humedad, por efecto del viento. Este fen\u00f3meno puede influir en la formaci\u00f3n de nubes al mover aire con diferentes caracter\u00edsticas de humedad y temperatura a trav\u00e9s de la atm\u00f3sfera<\/p>\n\n\n\n<p>Las nubes de advecci\u00f3n pueden variar en tipo y apariencia dependiendo de las condiciones atmosf\u00e9ricas espec\u00edficas, pero generalmente se forman en capas bajas o medias de la atm\u00f3sfera y pueden contribuir a la formaci\u00f3n de niebla o neblina.<\/p>\n\n\n\n<p>Texto generado con IA, verifica los datos m\u00e1s importantes.<\/p>\n\n\n\n<p><\/p>\n<\/blockquote>\n\n\n\n<p>Adem\u00e1s, en la b\u00fasqueda tambi\u00e9n me da las referencias bibliogr\u00e1ficas en las que se ha basado. En este caso me da cinco referencias, pero ser\u00eda demasiado prolijo ponerlas aqu\u00ed. <\/p>\n\n\n\n<p>Creo que he entendido lo que ocurre. Quiz\u00e1 podr\u00edamos empezar por el roc\u00edo de advecci\u00f3n. He metido un vaso en el congelador con un poco de agua. Al sacarlo r\u00e1pidamente se ha cubierto de una capa de agua.<\/p>\n\n\n<div class=\"wp-block-image\">\n<figure class=\"aligncenter size-full\"><img loading=\"lazy\" decoding=\"async\" width=\"217\" height=\"480\" src=\"https:\/\/felix.ares.fm\/wp-content\/uploads\/2025\/02\/0IMG20250221061253_vaso_con_rocio-min.jpg\" alt=\"\" class=\"wp-image-17594\" srcset=\"https:\/\/felix.ares.fm\/wp-content\/uploads\/2025\/02\/0IMG20250221061253_vaso_con_rocio-min.jpg 217w, https:\/\/felix.ares.fm\/wp-content\/uploads\/2025\/02\/0IMG20250221061253_vaso_con_rocio-min-136x300.jpg 136w\" sizes=\"auto, (max-width: 217px) 100vw, 217px\" \/><figcaption class=\"wp-element-caption\">Vaso reci\u00e9n sacado del congelador. R\u00e1pidamente se ha recubierto de una pel\u00edcula de agua.<\/figcaption><\/figure>\n<\/div>\n\n\n<p>Para entender lo que ha ocurrido, creo que hay que empezar por explicar una propiedad del aire y el vapor de agua. Casi siempre, el aire atmosf\u00e9rico tiene una cierta cantidad de vapor de agua. He dicho siempre, quiz\u00e1 la \u00fanica excepci\u00f3n sea el lugar con la atm\u00f3sfera m\u00e1s seca del mundo: la Ant\u00e1rtida.<\/p>\n\n\n\n<p>La cantidad de vapor que admite el aire depende de la temperatura. Cuanto m\u00e1s calor hace, m\u00e1s vapor de agua admite. Cuando tiene toda el agua que puede admitir, se dice que est\u00e1 al 100% de humedad.<\/p>\n\n\n\n<p>Lo que ha ocurrido con el vaso ha sido lo siguiente. La atm\u00f3sfera que rodeaba al vaso estaba al 94% de humedad.<\/p>\n\n\n\n<figure class=\"wp-block-image size-full\"><img loading=\"lazy\" decoding=\"async\" width=\"640\" height=\"446\" src=\"https:\/\/felix.ares.fm\/wp-content\/uploads\/2025\/02\/0temperatura_en_fuengirola-min.jpg\" alt=\"\" class=\"wp-image-17595\" srcset=\"https:\/\/felix.ares.fm\/wp-content\/uploads\/2025\/02\/0temperatura_en_fuengirola-min.jpg 640w, https:\/\/felix.ares.fm\/wp-content\/uploads\/2025\/02\/0temperatura_en_fuengirola-min-300x209.jpg 300w\" sizes=\"auto, (max-width: 640px) 100vw, 640px\" \/><figcaption class=\"wp-element-caption\">Tiempo en Fuengirola cuando estoy escribiendo esta entrada.<\/figcaption><\/figure>\n\n\n\n<p>Con 94% de humedad. El aire est\u00e1 cargado casi con la mayor cantidad de agua que puede tener. Cuando saco el vaso, el aire de su alrededor se enfr\u00eda. Al enfriarse puede tener menos cantidad de agua. Por eso, el vapor se convierte en agua. Y el agua se pega a las paredes del vaso. Es decir, el aire al enfriarse ha convertido el vapor de agua en agua.<\/p>\n\n\n\n<p>Lo he llamado roc\u00edo porque eso es exactamente lo que es el roc\u00edo. Por la noche, los objetos, por ejemplo una planta en el exterior, se enfr\u00eda. Al amanecer se da un hecho curioso: la atmosfera est\u00e1 m\u00e1s caliente que la planta. El aire de alrededor de la planta se enfr\u00eda y al hacerlo pierde su capacidad de tener agua, por lo que el vapor se convierte en agua, consiguiendo esas preciosas gotitas de agua que vemos en las plantas. Si hace mucho fr\u00edo, en vez de gotitas de agua l\u00edquida, se convierte en hielo: es escarcha. El que se apelotonen en gotitas en vez de una fina pel\u00edcula es debido a las propiedades de algunas hojas vegetales que son hidr\u00f3fobas.<\/p>\n\n\n<div class=\"wp-block-image\">\n<figure class=\"aligncenter size-full\"><img loading=\"lazy\" decoding=\"async\" width=\"360\" height=\"480\" src=\"https:\/\/felix.ares.fm\/wp-content\/uploads\/2025\/02\/0IMG_20211226_121346-min.jpg\" alt=\"\" class=\"wp-image-17596\" srcset=\"https:\/\/felix.ares.fm\/wp-content\/uploads\/2025\/02\/0IMG_20211226_121346-min.jpg 360w, https:\/\/felix.ares.fm\/wp-content\/uploads\/2025\/02\/0IMG_20211226_121346-min-225x300.jpg 225w\" sizes=\"auto, (max-width: 360px) 100vw, 360px\" \/><figcaption class=\"wp-element-caption\">Gotitas de agua sobre planta.<\/figcaption><\/figure>\n<\/div>\n\n\n<p>Creo que ya podemos explicar lo que pasa en los montes. La tierra se ha enfriado mucho. M\u00e1s que el aire. Si una masa de aire fr\u00edo, pero menos fr\u00edo que la tierra, se desplaza por ella, en la cercan\u00eda a la superficie, pierde su capacidad de contener vapor de agua, por lo que el vapor se convierte en gotitas de agua, lo que da origen a la niebla pegada a las formas de la tierra: la niebla de advecci\u00f3n.<\/p>\n\n\n\n<p>El mundo del agua, nubes, niebla, roc\u00edo, nevadas, escarcha&#8230; es fascinante. Lamento saber tan poco. Una de las cosas m\u00e1s intrigantes, para m\u00ed, es que se ha demonizado al di\u00f3xido de carbono (CO2) como gran responsable de \u00abcambio clim\u00e1tico\u00bb, cuando hay otros gases, como el vapor de agua, que producen un efecto invernadero mucho mayor. \u00bfY saben ustedes: en la mayor parte de los modelos clim\u00e1ticos no se incluye el vapor de agua? [\u00bfCu\u00e1ndo hablamos de cambio clim\u00e1tico causado por el hombre, cu\u00e1nto hay de ciencia y cu\u00e1nto de una religi\u00f3n animista?]<\/p>\n\n\n\n<p>Antes de acabar, quisiera dar una explicaci\u00f3n sobre lo que dicho m\u00e1s arriba de que la zona m\u00e1s seca del mundo sea la Ant\u00e1rtida. Ya s\u00e9 que es anti-intuitivo. Si nos dicen que el desierto de Atacama es el m\u00e1s des\u00e9rtico del mundo, nos lo creemos. Hay arena. Todo es muy seco. Pero en la Ant\u00e1rtida hay hielo. El hielo es agua. Entonces, \u00bfc\u00f3mo puede ser el lugar m\u00e1s seco del mundo? Pues, como es habitual, todo depende de a qu\u00e9 llamemos seco. Si hablamos de la tierra, tal vez la Ant\u00e1rtida no sea muy seca, hay hielo. Pero el hielo no es agua, es hielo. Si hablamos de agua l\u00edquida, la Ant\u00e1rtida no tiene: es un desierto. Y si vamos a la atm\u00f3sfera, el aire es tan fr\u00edo que apenas soporta nada de vapor de agua. Es decir, su atm\u00f3sfera es un aut\u00e9ntico desierto.<\/p>\n\n\n\n<p>En la pr\u00f3xima entrada hablar\u00e9 de Pampaneira.<\/p>\n\n\n\n<p><\/p>\n\n\n\n<hr class=\"wp-block-separator has-alpha-channel-opacity\"\/>\n\n\n\n<h3 class=\"wp-block-heading\"><strong>Notas<\/strong>.<\/h3>\n\n\n\n<p id=\"1\">[1] Meteoblue. Entrada: <em>Niebla.<\/em> <em> <\/em><a href=\"https:\/\/content.meteoblue.com\/es\/investigacion-educacion\/recursos-educativos\/meteoscool\/el-tiempo\/nubes\/niebla\">https:\/\/content.meteoblue.com\/es\/investigacion-educacion\/recursos-educativos\/meteoscool\/el-tiempo\/nubes\/niebla<\/a><\/p>\n\n\n\n<p id=\"2\">[2] Brave es un navegador, similar al famoso Chrome de Google, que tiene algunas caracter\u00edsticas de privacidad interesantes. Adem\u00e1s, fue uno de los primeros en usar la Inteligencia Artificial para hacer b\u00fasquedas. <a href=\"https:\/\/search.brave.com\/\">https:\/\/search.brave.com\/<\/a><\/p>\n\n\n\n<p><strong>Nota fotos y texto<\/strong>. Salvo las fotos que tienen un agradecimiento espec\u00edfico, como por ejemplo Wikipedia, son nuestras y las licenciamos con<\/p>\n\n\n\n<p class=\"has-text-align-center\"><a href=\"http:\/\/creativecommons.org\/licenses\/by\/3.0\/deed.es_ES\" rel=\"license\"><img decoding=\"async\" src=\"http:\/\/i.creativecommons.org\/l\/by\/3.0\/88x31.png\" alt=\"Licencia de Creative Commons\"\/><\/a><br \/><br \/><a href=\"http:\/\/felix.ares.fm\" data-type=\"link\" data-id=\"felix.ares.fm\">De tapas y otras cosas por Fuengirola<\/a>&nbsp;\u00a9 2024&nbsp;by&nbsp;F\u00e9lix Ares&nbsp;is licensed under&nbsp;CC BY-SA 4.0&nbsp;. Debe indicarse que est\u00e1 creado a partir de una obra de felix.ares.fm<\/p>\n\n\n\n<p class=\"has-text-align-center\">En esta ocasi\u00f3n he contado con la colaboraci\u00f3n de Vero.<\/p>\n\n\n\n<hr class=\"wp-block-separator has-alpha-channel-opacity\"\/>\n\n\n\n<p><strong>Contacto con nosotros<\/strong>; el motivo de que no sea una imagen clara es para evitar que los robots la descubran y nos inunden el buz\u00f3n de basura.<\/p>\n\n\n<div class=\"wp-block-image\">\n<figure class=\"aligncenter is-resized\"><a href=\"http:\/\/felix.ares.fm\/?attachment_id=7476\" rel=\"attachment wp-att-7476\"><img loading=\"lazy\" decoding=\"async\" width=\"703\" height=\"499\" src=\"http:\/\/felix.ares.fm\/wp-content\/uploads\/2016\/02\/tapas.ares_.fm_.2.jpg\" alt=\"tapas.ares.fm.2\" class=\"wp-image-7476\" style=\"width:250px;height:auto\" srcset=\"https:\/\/felix.ares.fm\/wp-content\/uploads\/2016\/02\/tapas.ares_.fm_.2.jpg 703w, https:\/\/felix.ares.fm\/wp-content\/uploads\/2016\/02\/tapas.ares_.fm_.2-300x213.jpg 300w\" sizes=\"auto, (max-width: 703px) 100vw, 703px\" \/><\/a><\/figure>\n<\/div>\n\n\n<p>O bien&nbsp;rellenar el siguiente formulario:<\/p>\n\n\n\n<p><a href=\"https:\/\/felix.ares.fm\/?p=8005\">[contact_bank form_id=1 show_title=true show_desc=true<\/a>]<\/p>\n","protected":false},"excerpt":{"rendered":"<p>30 de diciembre de 2024 El d\u00eda 30 de diciembre iniciamos un viaje de tres d\u00edas, organizado por Juan Alcaraz. El centro de nuestras actividades estaba en el hotel Salobre\u00f1a Suites. Desde all\u00ed vimos muchas cosas muy interesantes. Ir\u00e9 cont\u00e1ndolas poco a poco. Tras desayunar nos dirigimos a Pampaneira (Granada). Por el viaje vi unas &hellip; <a href=\"https:\/\/felix.ares.fm\/?p=17586\" class=\"more-link\">Seguir leyendo <span class=\"screen-reader-text\">Fin de a\u00f1o en Salobre\u00f1a (Granada). D\u00eda 1. Parte 2: Nubes de advecci\u00f3n.<\/span> <span class=\"meta-nav\">&rarr;<\/span><\/a><\/p>\n","protected":false},"author":1,"featured_media":0,"comment_status":"closed","ping_status":"open","sticky":false,"template":"","format":"standard","meta":{"footnotes":""},"categories":[238],"tags":[2071,2068,2069,2070],"class_list":["post-17586","post","type-post","status-publish","format-standard","hentry","category-nerja","tag-la-antartida-como-el-desierto-mas-desertico-el-mundo","tag-nubes-de-adveccion","tag-rocio","tag-vapor-de-agua"],"_links":{"self":[{"href":"https:\/\/felix.ares.fm\/index.php?rest_route=\/wp\/v2\/posts\/17586","targetHints":{"allow":["GET"]}}],"collection":[{"href":"https:\/\/felix.ares.fm\/index.php?rest_route=\/wp\/v2\/posts"}],"about":[{"href":"https:\/\/felix.ares.fm\/index.php?rest_route=\/wp\/v2\/types\/post"}],"author":[{"embeddable":true,"href":"https:\/\/felix.ares.fm\/index.php?rest_route=\/wp\/v2\/users\/1"}],"replies":[{"embeddable":true,"href":"https:\/\/felix.ares.fm\/index.php?rest_route=%2Fwp%2Fv2%2Fcomments&post=17586"}],"version-history":[{"count":5,"href":"https:\/\/felix.ares.fm\/index.php?rest_route=\/wp\/v2\/posts\/17586\/revisions"}],"predecessor-version":[{"id":17604,"href":"https:\/\/felix.ares.fm\/index.php?rest_route=\/wp\/v2\/posts\/17586\/revisions\/17604"}],"wp:attachment":[{"href":"https:\/\/felix.ares.fm\/index.php?rest_route=%2Fwp%2Fv2%2Fmedia&parent=17586"}],"wp:term":[{"taxonomy":"category","embeddable":true,"href":"https:\/\/felix.ares.fm\/index.php?rest_route=%2Fwp%2Fv2%2Fcategories&post=17586"},{"taxonomy":"post_tag","embeddable":true,"href":"https:\/\/felix.ares.fm\/index.php?rest_route=%2Fwp%2Fv2%2Ftags&post=17586"}],"curies":[{"name":"wp","href":"https:\/\/api.w.org\/{rel}","templated":true}]}}