{"id":17512,"date":"2025-02-09T22:53:06","date_gmt":"2025-02-09T20:53:06","guid":{"rendered":"https:\/\/felix.ares.fm\/?p=17512"},"modified":"2025-02-10T07:21:51","modified_gmt":"2025-02-10T05:21:51","slug":"viaje-a-vera-almeria-dia-4-parte-y-3-regreso-a-fuengirola","status":"publish","type":"post","link":"https:\/\/felix.ares.fm\/?p=17512","title":{"rendered":"Viaje a Vera (Almer\u00eda). D\u00eda 4. Parte (y 3): Regreso a Fuengirola"},"content":{"rendered":"\n<h3 class=\"wp-block-heading\">9 de diciembre de 2024<\/h3>\n\n\n\n<p><strong>El d\u00eda 6 de diciembre iniciamos un viaje de cuatro d\u00edas, organizado por Juan Alcaraz. El centro de nuestras actividades estaba en un hotel de Vera. Desde all\u00ed vimos muchas cosas muy interesantes. Ir\u00e9 cont\u00e1ndolas poco a poco. En esta entrada hablar\u00e9 de nuestro regreso a Fuengirola, con una parada en restaurante venta D\u00f3lar (D\u00f3lar, Granada).<\/strong><\/p>\n\n\n\n<p>La ruta que seguimos desde la salida del hotel Adaria Vera hasta llegar a la venta D\u00f3lar en la poblaci\u00f3n de D\u00f3lar<a href=\"#1\" data-type=\"internal\" data-id=\"#1\"> [1]<\/a> en Granada, fue la que vine en el siguiente mapa.<\/p>\n\n\n\n<figure class=\"wp-block-image size-full\"><img loading=\"lazy\" decoding=\"async\" width=\"832\" height=\"468\" src=\"https:\/\/felix.ares.fm\/wp-content\/uploads\/2025\/02\/0ruta_adaria_vera_a_dolar_con_flecha-min.jpg\" alt=\"\" class=\"wp-image-17514\" srcset=\"https:\/\/felix.ares.fm\/wp-content\/uploads\/2025\/02\/0ruta_adaria_vera_a_dolar_con_flecha-min.jpg 832w, https:\/\/felix.ares.fm\/wp-content\/uploads\/2025\/02\/0ruta_adaria_vera_a_dolar_con_flecha-min-300x169.jpg 300w, https:\/\/felix.ares.fm\/wp-content\/uploads\/2025\/02\/0ruta_adaria_vera_a_dolar_con_flecha-min-768x432.jpg 768w\" sizes=\"auto, (max-width: 832px) 100vw, 832px\" \/><figcaption class=\"wp-element-caption\">Ruta seguida, desde hotel Adaria Vera hasta la venta D\u00f3lar, en la poblaci\u00f3n de D\u00f3lar en Granada. Basado en un mapa de Google Maps.<\/figcaption><\/figure>\n\n\n\n<p>Por el camino volvimos repetir algunos de los sitios similares a los que hab\u00edamos visto a la ida. Los invernaderos son un ejemplo.<\/p>\n\n\n\n<figure class=\"wp-block-image size-full\"><img loading=\"lazy\" decoding=\"async\" width=\"640\" height=\"289\" src=\"https:\/\/felix.ares.fm\/wp-content\/uploads\/2025\/02\/IMG20241209154326_mar_de_invernaderos_en_nijarCOL-min.jpg\" alt=\"\" class=\"wp-image-17515\" srcset=\"https:\/\/felix.ares.fm\/wp-content\/uploads\/2025\/02\/IMG20241209154326_mar_de_invernaderos_en_nijarCOL-min.jpg 640w, https:\/\/felix.ares.fm\/wp-content\/uploads\/2025\/02\/IMG20241209154326_mar_de_invernaderos_en_nijarCOL-min-300x135.jpg 300w\" sizes=\"auto, (max-width: 640px) 100vw, 640px\" \/><figcaption class=\"wp-element-caption\">Uno de los muchos bloque de invernaderos que vimos enn el camino.<\/figcaption><\/figure>\n\n\n\n<p>En este caso, los invernaderos son del municipio de N\u00edjar (Almer\u00eda), aunque la poblaci\u00f3n est\u00e1 un poco lejos. Por el camino vimos decenas de estos bloques enormes de invernaderos. No me extra\u00f1a que se vean desde el espacio<a href=\"#7\" data-type=\"internal\" data-id=\"#7\"> [7]<\/a>.<\/p>\n\n\n\n<p>Voy a poner solo una foto m\u00e1s, pues poner muchas creo que no aporta nada nuevo.<\/p>\n\n\n\n<figure class=\"wp-block-image size-full\"><img loading=\"lazy\" decoding=\"async\" width=\"640\" height=\"289\" src=\"https:\/\/felix.ares.fm\/wp-content\/uploads\/2025\/02\/IMG20241209154926_mar_de_invernaderos_NijarHS-min.jpg\" alt=\"\" class=\"wp-image-17516\" srcset=\"https:\/\/felix.ares.fm\/wp-content\/uploads\/2025\/02\/IMG20241209154926_mar_de_invernaderos_NijarHS-min.jpg 640w, https:\/\/felix.ares.fm\/wp-content\/uploads\/2025\/02\/IMG20241209154926_mar_de_invernaderos_NijarHS-min-300x135.jpg 300w\" sizes=\"auto, (max-width: 640px) 100vw, 640px\" \/><figcaption class=\"wp-element-caption\">M\u00e1s invernaderos, tambi\u00e9n enn el municipio de N\u00edjar.<\/figcaption><\/figure>\n\n\n\n<p>Me llam\u00f3 la atenci\u00f3n pasar por un municipio que se llama Rioja y que, obviamente, no tiene nada que ver con la regi\u00f3n del norte cuya capital es Logro\u00f1o.<\/p>\n\n\n\n<figure class=\"wp-block-image size-full\"><img loading=\"lazy\" decoding=\"async\" width=\"640\" height=\"289\" src=\"https:\/\/felix.ares.fm\/wp-content\/uploads\/2025\/02\/IMG20241209160909_Rioja-almeria-min.jpg\" alt=\"\" class=\"wp-image-17518\" srcset=\"https:\/\/felix.ares.fm\/wp-content\/uploads\/2025\/02\/IMG20241209160909_Rioja-almeria-min.jpg 640w, https:\/\/felix.ares.fm\/wp-content\/uploads\/2025\/02\/IMG20241209160909_Rioja-almeria-min-300x135.jpg 300w\" sizes=\"auto, (max-width: 640px) 100vw, 640px\" \/><figcaption class=\"wp-element-caption\">Municipio de Rioja. Aunque no forma parte del desierto de Tabernas, el terreno ya va siendo muy \u00e1rido.<\/figcaption><\/figure>\n\n\n\n<p>Como muy saben ustedes, en el municipio de Tabernas <a href=\"#2\" data-type=\"internal\" data-id=\"#2\">[2]<\/a>, y en el desierto que lleva su nombre <a href=\"#3\" data-type=\"internal\" data-id=\"#3\">[3]<\/a>, se rodaron muchas pel\u00edculas del oeste. Para una muy conocida, titulada \u00ab\u00c9rase una vez el oeste\u00bb, Sergio Leone construy\u00f3 una ciudad (enti\u00e9ndaseme bien, los decorados, pero que son muy completos). Esa ciudad se puede visitar, creo que cobrar 12 \u20ac por la visita <a href=\"#4\" data-type=\"internal\" data-id=\"#4\">[4]<\/a>. Pienso que puede ser una visita muy interesante. Desde el bus solo pude ver el anuncio de la ciudad:<\/p>\n\n\n\n<figure class=\"wp-block-image size-full\"><img loading=\"lazy\" decoding=\"async\" width=\"640\" height=\"448\" src=\"https:\/\/felix.ares.fm\/wp-content\/uploads\/2025\/02\/0IMG20241209161040_Western_leone_tabernasNL-min.jpg\" alt=\"\" class=\"wp-image-17517\" srcset=\"https:\/\/felix.ares.fm\/wp-content\/uploads\/2025\/02\/0IMG20241209161040_Western_leone_tabernasNL-min.jpg 640w, https:\/\/felix.ares.fm\/wp-content\/uploads\/2025\/02\/0IMG20241209161040_Western_leone_tabernasNL-min-300x210.jpg 300w\" sizes=\"auto, (max-width: 640px) 100vw, 640px\" \/><figcaption class=\"wp-element-caption\">Anuncio de los decorados de la pel\u00edcula del Sergio Leone \u00ab\u00c9rase una vez oeste\u00bb, en Tabernas (Almer\u00eda)<\/figcaption><\/figure>\n\n\n\n<p>Aunque el desierto de Tabernas se llame con el nombre de una poblaci\u00f3n (Tabernas) realmente est\u00e1 en muchos otros municipios: Tabernas, G\u00e1dor, Santa Cruz de Marchena, Alboloduy y G\u00e9rgal.<\/p>\n\n\n\n<p>Por poner un ejemplo, aqu\u00ed muestro una foto de G\u00e1dor. <\/p>\n\n\n\n<figure class=\"wp-block-image size-full\"><img loading=\"lazy\" decoding=\"async\" width=\"640\" height=\"289\" src=\"https:\/\/felix.ares.fm\/wp-content\/uploads\/2025\/02\/IMG20241209160928_gador_desierto_de_tabernas-min.jpg\" alt=\"\" class=\"wp-image-17519\" srcset=\"https:\/\/felix.ares.fm\/wp-content\/uploads\/2025\/02\/IMG20241209160928_gador_desierto_de_tabernas-min.jpg 640w, https:\/\/felix.ares.fm\/wp-content\/uploads\/2025\/02\/IMG20241209160928_gador_desierto_de_tabernas-min-300x135.jpg 300w\" sizes=\"auto, (max-width: 640px) 100vw, 640px\" \/><figcaption class=\"wp-element-caption\">Municipio de G\u00e1dor. Ya se ve que el terreno es muy seco. <\/figcaption><\/figure>\n\n\n\n<p>La entrada al desierto de Tabernas est\u00e1 bien se\u00f1alizada:<\/p>\n\n\n\n<figure class=\"wp-block-image size-full\"><img loading=\"lazy\" decoding=\"async\" width=\"640\" height=\"289\" src=\"https:\/\/felix.ares.fm\/wp-content\/uploads\/2025\/02\/IMG20241209161101_entrada_al_desierto_de_Tabernas-min.jpg\" alt=\"\" class=\"wp-image-17520\" srcset=\"https:\/\/felix.ares.fm\/wp-content\/uploads\/2025\/02\/IMG20241209161101_entrada_al_desierto_de_Tabernas-min.jpg 640w, https:\/\/felix.ares.fm\/wp-content\/uploads\/2025\/02\/IMG20241209161101_entrada_al_desierto_de_Tabernas-min-300x135.jpg 300w\" sizes=\"auto, (max-width: 640px) 100vw, 640px\" \/><figcaption class=\"wp-element-caption\">Entramos en el desierto de Tabernas.<\/figcaption><\/figure>\n\n\n\n<p>El estar en una zona des\u00e9rtica tiene ventajas para ciertas cosas, como por ejemplo la astronom\u00eda. Unos kil\u00f3metros despu\u00e9s de que la se\u00f1al de la carretera nos mostrase que est\u00e1bamos en el desierto de Tabernas, pudimos ver, a lo lejos, muy peque\u00f1ito, el observatorio de Calar Alto<a href=\"#5\" data-type=\"internal\" data-id=\"#5\"> [5]<\/a>. Aprovech\u00e1ndose de la limpieza del aire que da el desierto, all\u00ed se ha instalado el mayor observatorio de Europa peninsular. Digo \u00abpeninsular\u00bb pues el \u00abGran Telescopio de Canarias\u00bb (GTC), cuyo espejo principal tiene 10.4 m es mucho m\u00e1s grande que el mayor de Calar Alto, que es de 3,5 m. Obviamente, Canarias, pol\u00edticamente, es Europa, aunque geogr\u00e1ficamente est\u00e9 en \u00c1frica. El GTC es el mayor telescopio \u00f3ptico del mundo <a href=\"#6\" data-type=\"internal\" data-id=\"#6\">[6]<\/a>.<\/p>\n\n\n\n<figure class=\"wp-block-image size-full\"><img loading=\"lazy\" decoding=\"async\" width=\"640\" height=\"289\" src=\"https:\/\/felix.ares.fm\/wp-content\/uploads\/2025\/02\/0IMG20241209161333_calar_alto_HS_circulo-min.jpg\" alt=\"\" class=\"wp-image-17521\" srcset=\"https:\/\/felix.ares.fm\/wp-content\/uploads\/2025\/02\/0IMG20241209161333_calar_alto_HS_circulo-min.jpg 640w, https:\/\/felix.ares.fm\/wp-content\/uploads\/2025\/02\/0IMG20241209161333_calar_alto_HS_circulo-min-300x135.jpg 300w\" sizes=\"auto, (max-width: 640px) 100vw, 640px\" \/><figcaption class=\"wp-element-caption\">El c\u00edculo se\u00f1ala la ubicaci\u00f3n del observatorio de Calar Alto.<\/figcaption><\/figure>\n\n\n\n<p>Desde la carretera por la que \u00edbamos (A-92) el observatorio de Calar Alto apenas se ve. No lo hubiera visto si no hubiera sido porque Juan Alcaraz nos lo se\u00f1al\u00f3. \u00a1Gracias. Juan! Es sorprendente lo mucho que Juan conoce de la geograf\u00eda del Andaluc\u00eda y de muchas otras partes. Da gusto ir con \u00e9l por eso y por otras muchas cosas m\u00e1s.<\/p>\n\n\n<div class=\"wp-block-image\">\n<figure class=\"aligncenter size-full\"><img loading=\"lazy\" decoding=\"async\" width=\"217\" height=\"480\" src=\"https:\/\/felix.ares.fm\/wp-content\/uploads\/2025\/02\/IMG20241209161505_calar_alto_visto_desde_Gergal-min.jpg\" alt=\"\" class=\"wp-image-17522\" srcset=\"https:\/\/felix.ares.fm\/wp-content\/uploads\/2025\/02\/IMG20241209161505_calar_alto_visto_desde_Gergal-min.jpg 217w, https:\/\/felix.ares.fm\/wp-content\/uploads\/2025\/02\/IMG20241209161505_calar_alto_visto_desde_Gergal-min-136x300.jpg 136w\" sizes=\"auto, (max-width: 217px) 100vw, 217px\" \/><figcaption class=\"wp-element-caption\">Observatorio de Calar Alto visto desde G\u00e9rgal.<\/figcaption><\/figure>\n<\/div>\n\n\n<p>Creo que el pueblo m\u00e1s cercano (por la carretera que vamos) a Calar Alto es G\u00e9rgal, aunque desde dicho pueblo hasta el observatorio hay 24 km. A tanta distancia no pude sacar nada mejor.<\/p>\n\n\n\n<p>Tambi\u00e9n vimos el pueblo de G\u00e9rgal, parece que tiene un castillo bastante bonito.<\/p>\n\n\n<div class=\"wp-block-image\">\n<figure class=\"aligncenter size-full\"><img loading=\"lazy\" decoding=\"async\" width=\"217\" height=\"480\" src=\"https:\/\/felix.ares.fm\/wp-content\/uploads\/2025\/02\/IMG20241209162047-min.jpg\" alt=\"\" class=\"wp-image-17523\" srcset=\"https:\/\/felix.ares.fm\/wp-content\/uploads\/2025\/02\/IMG20241209162047-min.jpg 217w, https:\/\/felix.ares.fm\/wp-content\/uploads\/2025\/02\/IMG20241209162047-min-136x300.jpg 136w\" sizes=\"auto, (max-width: 217px) 100vw, 217px\" \/><figcaption class=\"wp-element-caption\">G\u00e9rgal con su castillo.<\/figcaption><\/figure>\n<\/div>\n\n\n<p>No pudimos ver nada m\u00e1s que esta fugaz vista desde el bus. Otro sitio al que merecer\u00eda la pena volver.<\/p>\n\n\n\n<p>Seguimos avanzando y en lo m\u00e1s alto del pueblo de Fi\u00f1ana nos encontramos con una ermita.<\/p>\n\n\n<div class=\"wp-block-image\">\n<figure class=\"aligncenter size-full\"><img loading=\"lazy\" decoding=\"async\" width=\"217\" height=\"480\" src=\"https:\/\/felix.ares.fm\/wp-content\/uploads\/2025\/02\/IMG20241209163837_ermita_de_San_anton_en_Finnana-min.jpg\" alt=\"\" class=\"wp-image-17524\" srcset=\"https:\/\/felix.ares.fm\/wp-content\/uploads\/2025\/02\/IMG20241209163837_ermita_de_San_anton_en_Finnana-min.jpg 217w, https:\/\/felix.ares.fm\/wp-content\/uploads\/2025\/02\/IMG20241209163837_ermita_de_San_anton_en_Finnana-min-136x300.jpg 136w\" sizes=\"auto, (max-width: 217px) 100vw, 217px\" \/><figcaption class=\"wp-element-caption\">Ermita de San Ant\u00f3n en el pueblo de Fi\u00f1ana.<\/figcaption><\/figure>\n<\/div>\n\n\n<p>Fi\u00f1ana es un municipio de la comarca de Filabr\u00e9s-Tabernas, en Almer\u00eda. Todav\u00eda seguimos en Almer\u00eda.<\/p>\n\n\n\n<p>Poco despu\u00e9s, desde el bus, pudimos ver montes nevados. Est\u00e1bamos entrando en el municipio con ese curioso nombre de D\u00f3lar, que no tiene nada que ver con la moneda estadounidense.<\/p>\n\n\n\n<p><strong>Restaurante Venta D\u00f3lar<\/strong><\/p>\n\n\n\n<p>D\u00f3lar es un municipio de Granada. Ya dejamos atr\u00e1s Almer\u00eda y nos introducimos en Granada. Hab\u00edan pasado casi tres horas y era el momento de bajar a estirar las piernas y lo que fuera menester.<\/p>\n\n\n\n<figure class=\"wp-block-image size-full\"><img loading=\"lazy\" decoding=\"async\" width=\"640\" height=\"289\" src=\"https:\/\/felix.ares.fm\/wp-content\/uploads\/2025\/02\/IMG20241209165128_restaurante_venta_dolar-min.jpg\" alt=\"\" class=\"wp-image-17525\" srcset=\"https:\/\/felix.ares.fm\/wp-content\/uploads\/2025\/02\/IMG20241209165128_restaurante_venta_dolar-min.jpg 640w, https:\/\/felix.ares.fm\/wp-content\/uploads\/2025\/02\/IMG20241209165128_restaurante_venta_dolar-min-300x135.jpg 300w\" sizes=\"auto, (max-width: 640px) 100vw, 640px\" \/><figcaption class=\"wp-element-caption\">Restaurante D\u00f3lar en la poblaci\u00f3n de D\u00f3lar que est\u00e1 en la provincia de Granada.<\/figcaption><\/figure>\n\n\n\n<figure class=\"wp-block-image size-full\"><img loading=\"lazy\" decoding=\"async\" width=\"640\" height=\"289\" src=\"https:\/\/felix.ares.fm\/wp-content\/uploads\/2025\/02\/IMG20241209165124_restaurante_venta_dolar_SC.jpg\" alt=\"\" class=\"wp-image-17527\" srcset=\"https:\/\/felix.ares.fm\/wp-content\/uploads\/2025\/02\/IMG20241209165124_restaurante_venta_dolar_SC.jpg 640w, https:\/\/felix.ares.fm\/wp-content\/uploads\/2025\/02\/IMG20241209165124_restaurante_venta_dolar_SC-300x135.jpg 300w\" sizes=\"auto, (max-width: 640px) 100vw, 640px\" \/><figcaption class=\"wp-element-caption\">Un poco m\u00e1s de cerca.<\/figcaption><\/figure>\n\n\n<div class=\"wp-block-image\">\n<figure class=\"aligncenter size-full\"><img loading=\"lazy\" decoding=\"async\" width=\"216\" height=\"480\" src=\"https:\/\/felix.ares.fm\/wp-content\/uploads\/2025\/02\/IMG20241209165230_restaurante_venta_dolar-min.jpg\" alt=\"\" class=\"wp-image-17528\" srcset=\"https:\/\/felix.ares.fm\/wp-content\/uploads\/2025\/02\/IMG20241209165230_restaurante_venta_dolar-min.jpg 216w, https:\/\/felix.ares.fm\/wp-content\/uploads\/2025\/02\/IMG20241209165230_restaurante_venta_dolar-min-135x300.jpg 135w\" sizes=\"auto, (max-width: 216px) 100vw, 216px\" \/><figcaption class=\"wp-element-caption\">Interior del restaurante venta D\u00f3lar.<\/figcaption><\/figure>\n<\/div>\n\n<div class=\"wp-block-image\">\n<figure class=\"aligncenter size-full\"><img loading=\"lazy\" decoding=\"async\" width=\"467\" height=\"289\" src=\"https:\/\/felix.ares.fm\/wp-content\/uploads\/2025\/02\/IMG20241209165432_restaurante_venta_dolar_RE.jpg\" alt=\"\" class=\"wp-image-17529\" srcset=\"https:\/\/felix.ares.fm\/wp-content\/uploads\/2025\/02\/IMG20241209165432_restaurante_venta_dolar_RE.jpg 467w, https:\/\/felix.ares.fm\/wp-content\/uploads\/2025\/02\/IMG20241209165432_restaurante_venta_dolar_RE-300x186.jpg 300w\" sizes=\"auto, (max-width: 467px) 100vw, 467px\" \/><figcaption class=\"wp-element-caption\">Aspecto del comedor de la venta D\u00f3lar.<\/figcaption><\/figure>\n<\/div>\n\n\n<figure class=\"wp-block-image size-full\"><img loading=\"lazy\" decoding=\"async\" width=\"640\" height=\"289\" src=\"https:\/\/felix.ares.fm\/wp-content\/uploads\/2025\/02\/IMG20241209165509_restaurante_venta_dolar_SC.jpg\" alt=\"\" class=\"wp-image-17530\" srcset=\"https:\/\/felix.ares.fm\/wp-content\/uploads\/2025\/02\/IMG20241209165509_restaurante_venta_dolar_SC.jpg 640w, https:\/\/felix.ares.fm\/wp-content\/uploads\/2025\/02\/IMG20241209165509_restaurante_venta_dolar_SC-300x135.jpg 300w\" sizes=\"auto, (max-width: 640px) 100vw, 640px\" \/><figcaption class=\"wp-element-caption\">Barra de la venta D\u00f3lar.<\/figcaption><\/figure>\n\n\n\n<p>Hace poco ve\u00eda en uno de esos horribles videos de cosas intrascendentes y\/o absurdas que es Tiktok de alg\u00fan turista que se quedaba asombrado porque en algunos bares espa\u00f1oles colgaban patas de cerdo. Aqu\u00ed, en la venta D\u00f3lar, hab\u00eda excelentes patas de cerdo colgadas. Y si a alguna persona no le gusta, que no entre, a m\u00ed me gusta.<\/p>\n\n\n<div class=\"wp-block-image\">\n<figure class=\"aligncenter size-full\"><img loading=\"lazy\" decoding=\"async\" width=\"217\" height=\"480\" src=\"https:\/\/felix.ares.fm\/wp-content\/uploads\/2025\/02\/IMG20241209170545_restaurante_venta_dolar-min.jpg\" alt=\"\" class=\"wp-image-17531\" srcset=\"https:\/\/felix.ares.fm\/wp-content\/uploads\/2025\/02\/IMG20241209170545_restaurante_venta_dolar-min.jpg 217w, https:\/\/felix.ares.fm\/wp-content\/uploads\/2025\/02\/IMG20241209170545_restaurante_venta_dolar-min-136x300.jpg 136w\" sizes=\"auto, (max-width: 217px) 100vw, 217px\" \/><figcaption class=\"wp-element-caption\">Jam\u00f3n colgando del techo en la venta D\u00f3lar.<\/figcaption><\/figure>\n<\/div>\n\n\n<p><strong>Continuamos viaje<\/strong><\/p>\n\n\n\n<p>Tras dejar D\u00f3lar, pasamos por Guadix.<\/p>\n\n\n\n<figure class=\"wp-block-image size-full\"><img loading=\"lazy\" decoding=\"async\" width=\"640\" height=\"289\" src=\"https:\/\/felix.ares.fm\/wp-content\/uploads\/2025\/02\/IMG20241209172728_montes_Guadix-min.jpg\" alt=\"\" class=\"wp-image-17532\" srcset=\"https:\/\/felix.ares.fm\/wp-content\/uploads\/2025\/02\/IMG20241209172728_montes_Guadix-min.jpg 640w, https:\/\/felix.ares.fm\/wp-content\/uploads\/2025\/02\/IMG20241209172728_montes_Guadix-min-300x135.jpg 300w\" sizes=\"auto, (max-width: 640px) 100vw, 640px\" \/><figcaption class=\"wp-element-caption\">Montes de Guadix (Granada).<\/figcaption><\/figure>\n\n\n\n<p>En Guadix tambi\u00e9n pudimos ver, de pasada, sus famosas casas-cueva. Es decir, casas que se han excavado en la tierra. Dicen que en ellas no hace fr\u00edo ni calor, que, desde el punto de vista de temperatura, son ideales.<\/p>\n\n\n\n<figure class=\"wp-block-image size-full\"><img loading=\"lazy\" decoding=\"async\" width=\"640\" height=\"289\" src=\"https:\/\/felix.ares.fm\/wp-content\/uploads\/2025\/02\/IMG20241209172731_casas_cueva_en_Guadix-min.jpg\" alt=\"\" class=\"wp-image-17533\" srcset=\"https:\/\/felix.ares.fm\/wp-content\/uploads\/2025\/02\/IMG20241209172731_casas_cueva_en_Guadix-min.jpg 640w, https:\/\/felix.ares.fm\/wp-content\/uploads\/2025\/02\/IMG20241209172731_casas_cueva_en_Guadix-min-300x135.jpg 300w\" sizes=\"auto, (max-width: 640px) 100vw, 640px\" \/><figcaption class=\"wp-element-caption\">Casas cueva en Guadix.<\/figcaption><\/figure>\n\n\n\n<p>La siguiente \u00abparada t\u00e9cnica\u00bb la hicimos en un sitio en el que hemos parado decenas de veces: el \u00e1rea de servicio \u00abManzanil\u00bb en Loja, que ahora ha pasado a formar parte del conglomerado \u00abAbades\u00bb. Las primeras veces que par\u00e9 aqu\u00ed no eran de Abades.<\/p>\n\n\n\n<figure class=\"wp-block-image size-full\"><img loading=\"lazy\" decoding=\"async\" width=\"640\" height=\"289\" src=\"https:\/\/felix.ares.fm\/wp-content\/uploads\/2025\/02\/IMG20241209190616_manzanil_Loja_SC-min.jpg\" alt=\"\" class=\"wp-image-17534\" srcset=\"https:\/\/felix.ares.fm\/wp-content\/uploads\/2025\/02\/IMG20241209190616_manzanil_Loja_SC-min.jpg 640w, https:\/\/felix.ares.fm\/wp-content\/uploads\/2025\/02\/IMG20241209190616_manzanil_Loja_SC-min-300x135.jpg 300w\" sizes=\"auto, (max-width: 640px) 100vw, 640px\" \/><figcaption class=\"wp-element-caption\">\u00c1rea de servicio Manzanil en Loja.<\/figcaption><\/figure>\n\n\n\n<p>Nuestra siguiente parada fue para dejar a los primeros pasajeros de nuestra excursi\u00f3n que se bajaban. Eran los clientes de \u00abVillanueva del Trabuco\u00bb.<\/p>\n\n\n\n<figure class=\"wp-block-image size-full\"><img loading=\"lazy\" decoding=\"async\" width=\"640\" height=\"289\" src=\"https:\/\/felix.ares.fm\/wp-content\/uploads\/2025\/02\/IMG20241209193742_hotel_rstaurante_el_caprico_se_najan_primeros_viajeros-min-1.jpg\" alt=\"\" class=\"wp-image-17535\" srcset=\"https:\/\/felix.ares.fm\/wp-content\/uploads\/2025\/02\/IMG20241209193742_hotel_rstaurante_el_caprico_se_najan_primeros_viajeros-min-1.jpg 640w, https:\/\/felix.ares.fm\/wp-content\/uploads\/2025\/02\/IMG20241209193742_hotel_rstaurante_el_caprico_se_najan_primeros_viajeros-min-1-300x135.jpg 300w\" sizes=\"auto, (max-width: 640px) 100vw, 640px\" \/><figcaption class=\"wp-element-caption\">Hotel rstaurante \u00abEl Capricho\u00bb en Villanueva del Trabuco.<\/figcaption><\/figure>\n\n\n\n<p>Llegamos a Fuengirola y me sorprendi\u00f3 uno de los adornos de Navidad que representa una bola t\u00edpica de las que se cuelgan en los \u00e1rboles, pero, suelen tener colores infantiles; en este caso, los colores me han encantado.<\/p>\n\n\n\n<figure class=\"wp-block-image size-full\"><img loading=\"lazy\" decoding=\"async\" width=\"640\" height=\"289\" src=\"https:\/\/felix.ares.fm\/wp-content\/uploads\/2025\/02\/IMG20241209210620_bola_navidad_en_Fuengirola_SC-min.jpg\" alt=\"\" class=\"wp-image-17537\" srcset=\"https:\/\/felix.ares.fm\/wp-content\/uploads\/2025\/02\/IMG20241209210620_bola_navidad_en_Fuengirola_SC-min.jpg 640w, https:\/\/felix.ares.fm\/wp-content\/uploads\/2025\/02\/IMG20241209210620_bola_navidad_en_Fuengirola_SC-min-300x135.jpg 300w\" sizes=\"auto, (max-width: 640px) 100vw, 640px\" \/><figcaption class=\"wp-element-caption\">Bola de Navidad en Fuengirola<\/figcaption><\/figure>\n\n\n\n<p>As\u00ed acababa nuestro viaje. Una vez m\u00e1s, muy bien organizado. Me gusta ir con Juan Alcaraz por muchos motivos. Uno de ellos porque se conoce todos los rincones, y es capaz de decirnos que miremos a \u00abaquel puntito, en la cumbre del monte, que es el observatorio de Calar Alto\u00bb. \u00c9l sabe que muchos de sus clientes somos mayores, algunos con dificultades al andar y \u00e9l lo organiza para que todo sea llano. Y siempre nos espera.<\/p>\n\n\n\n<p>Gracias.<\/p>\n\n\n\n<hr class=\"wp-block-separator has-alpha-channel-opacity\"\/>\n\n\n\n<h3 class=\"wp-block-heading\"><strong>Notas<\/strong>.<\/h3>\n\n\n\n<p id=\"1\">[1] Wikipedia. Entrada: <em>D\u00f3lar. <\/em><a href=\"https:\/\/es.wikipedia.org\/wiki\/D%C3%B3lar_(Granada)\">https:\/\/es.wikipedia.org\/wiki\/D%C3%B3lar_(Granada)<\/a> [Consultado el 9 de febrero de 2025]<\/p>\n\n\n\n<p id=\"2\">[2] Wikipedia. Entrada: <em>Tabernas<\/em>. <a href=\"https:\/\/en.wikipedia.org\/wiki\/Tabernas\">https:\/\/en.wikipedia.org\/wiki\/Tabernas<\/a> [Consultado el 9 de febrero de 2025]<\/p>\n\n\n\n<p id=\"3\">[3] Wikipedia. Entrada: <em>Desierto de Tabernas<\/em>. <a href=\"https:\/\/es.wikipedia.org\/wiki\/Desierto_de_Tabernas\">https:\/\/es.wikipedia.org\/wiki\/Desierto_de_Tabernas<\/a>  [Consultado el 9 de febrero de 2025]<\/p>\n\n\n\n<p id=\"4\">[4] Tabernas Turismo. <em>Entrada al decorado de cine Western Leone<\/em>. <a href=\"https:\/\/www.tabernasturismo.com\/es\/product\/Western-Leone\/41\">https:\/\/www.tabernasturismo.com\/es\/product\/Western-Leone\/41<\/a>  [Consultado el 9 de febrero de 2025]<\/p>\n\n\n\n<p id=\"5\">[5] Wikipedia. Entrada: <em>Observatorio de Calar Alto<\/em>. <a href=\"https:\/\/es.wikipedia.org\/wiki\/Observatorio_de_Calar_Alto\">https:\/\/es.wikipedia.org\/wiki\/Observatorio_de_Calar_Alto<\/a> [Consultado el 9 de febrero de 2025]<\/p>\n\n\n\n<p id=\"6\">[6] Wikipedia. Entrada: <em>Gran Telescopio Canarias<\/em>. <a href=\"https:\/\/en.wikipedia.org\/wiki\/Gran_Telescopio_Canarias\">Gran Telescopio Canarias &#8211; Wikipedia<\/a> [Consultado el 9 de febrero de 2025]<\/p>\n\n\n\n<p id=\"7\">[7] Pangea Natura. <em>Ni la Gran Muralla China ni las pir\u00e1mides de Egipto, la construcci\u00f3n humana m\u00e1s visible desde el espacio est\u00e1 en Espa\u00f1a<\/em>. Publicado el 7 de diciembre de 2023. <a href=\"https:\/\/www.pangeanatura.com\/2023\/12\/ni-la-gran-muralla-china-ni-las.html#:~:text=En%20el%20imaginario%20colectivo%2C%20la%20Gran%20Muralla%20China,entre%20las%20pir%C3%A1mides%20de%20Egipto%2C%20sino%20en%20Espa%C3%B1a.\">Ni la Gran Muralla China ni las pir\u00e1mides de Egipto, la construcci\u00f3n humana m\u00e1s visible desde el espacio est\u00e1 en Espa\u00f1a<\/a><\/p>\n\n\n\n<hr class=\"wp-block-separator has-alpha-channel-opacity\"\/>\n\n\n\n<p><strong>Nota fotos y texto<\/strong>. Salvo las fotos que tienen un agradecimiento espec\u00edfico, como por ejemplo Wikipedia, son nuestras y las licenciamos con<\/p>\n\n\n\n<p class=\"has-text-align-center\"><a href=\"http:\/\/creativecommons.org\/licenses\/by\/3.0\/deed.es_ES\" rel=\"license\"><img decoding=\"async\" src=\"http:\/\/i.creativecommons.org\/l\/by\/3.0\/88x31.png\" alt=\"Licencia de Creative Commons\"\/><\/a><br \/><br \/><a href=\"http:\/\/felix.ares.fm\" data-type=\"link\" data-id=\"felix.ares.fm\">De tapas y otras cosas por Fuengirola<\/a>&nbsp;\u00a9 2024&nbsp;by&nbsp;F\u00e9lix Ares&nbsp;is licensed under&nbsp;CC BY-SA 4.0&nbsp;. Debe indicarse que est\u00e1 creado a partir de una obra de felix.ares.fm<\/p>\n\n\n\n<p class=\"has-text-align-center\">En esta ocasi\u00f3n he contado con la colaboraci\u00f3n de Vero.<\/p>\n\n\n\n<hr class=\"wp-block-separator has-alpha-channel-opacity\"\/>\n\n\n\n<p><strong>Contacto con nosotros<\/strong>; el motivo de que no sea una imagen clara es para evitar que los robots la descubran y nos inunden el buz\u00f3n de basura.<\/p>\n\n\n<div class=\"wp-block-image\">\n<figure class=\"aligncenter is-resized\"><a href=\"http:\/\/felix.ares.fm\/?attachment_id=7476\" rel=\"attachment wp-att-7476\"><img loading=\"lazy\" decoding=\"async\" width=\"703\" height=\"499\" src=\"http:\/\/felix.ares.fm\/wp-content\/uploads\/2016\/02\/tapas.ares_.fm_.2.jpg\" alt=\"tapas.ares.fm.2\" class=\"wp-image-7476\" style=\"width:250px;height:auto\" srcset=\"https:\/\/felix.ares.fm\/wp-content\/uploads\/2016\/02\/tapas.ares_.fm_.2.jpg 703w, https:\/\/felix.ares.fm\/wp-content\/uploads\/2016\/02\/tapas.ares_.fm_.2-300x213.jpg 300w\" sizes=\"auto, (max-width: 703px) 100vw, 703px\" \/><\/a><\/figure>\n<\/div>\n\n\n<p>O bien&nbsp;rellenar el siguiente formulario:<\/p>\n\n\n\n<p><a href=\"https:\/\/felix.ares.fm\/?p=8005\">[contact_bank form_id=1 show_title=true show_desc=true<\/a>]<\/p>\n","protected":false},"excerpt":{"rendered":"<p>9 de diciembre de 2024 El d\u00eda 6 de diciembre iniciamos un viaje de cuatro d\u00edas, organizado por Juan Alcaraz. El centro de nuestras actividades estaba en un hotel de Vera. Desde all\u00ed vimos muchas cosas muy interesantes. Ir\u00e9 cont\u00e1ndolas poco a poco. En esta entrada hablar\u00e9 de nuestro regreso a Fuengirola, con una parada &hellip; <a href=\"https:\/\/felix.ares.fm\/?p=17512\" class=\"more-link\">Seguir leyendo <span class=\"screen-reader-text\">Viaje a Vera (Almer\u00eda). D\u00eda 4. Parte (y 3): Regreso a Fuengirola<\/span> <span class=\"meta-nav\">&rarr;<\/span><\/a><\/p>\n","protected":false},"author":1,"featured_media":0,"comment_status":"closed","ping_status":"open","sticky":false,"template":"","format":"standard","meta":{"footnotes":""},"categories":[1161,2046,2049,2047,1954,2048],"tags":[2062,2061,2058,2054,2059,2053,2057,2056,2050,2055,2060,2051,2052],"class_list":["post-17512","post","type-post","status-publish","format-standard","hentry","category-almeria","category-calar-alto","category-dolar","category-tabernas","category-vera","category-western-leone","tag-bolas-gigantes-navidenas-en-fuengirola","tag-casas-cueva-guadix","tag-castillo-de-gergal","tag-desierto-e-tabernas","tag-ermita-de-san-antio-finana","tag-gador","tag-gergal","tag-gran-telescopio-de-canarias-el-mas-grande-del-mundo","tag-invernaderos","tag-observatorio-calar-alto","tag-restaurante-venta-dolar","tag-rioja-de-almeria","tag-western-leone"],"_links":{"self":[{"href":"https:\/\/felix.ares.fm\/index.php?rest_route=\/wp\/v2\/posts\/17512","targetHints":{"allow":["GET"]}}],"collection":[{"href":"https:\/\/felix.ares.fm\/index.php?rest_route=\/wp\/v2\/posts"}],"about":[{"href":"https:\/\/felix.ares.fm\/index.php?rest_route=\/wp\/v2\/types\/post"}],"author":[{"embeddable":true,"href":"https:\/\/felix.ares.fm\/index.php?rest_route=\/wp\/v2\/users\/1"}],"replies":[{"embeddable":true,"href":"https:\/\/felix.ares.fm\/index.php?rest_route=%2Fwp%2Fv2%2Fcomments&post=17512"}],"version-history":[{"count":4,"href":"https:\/\/felix.ares.fm\/index.php?rest_route=\/wp\/v2\/posts\/17512\/revisions"}],"predecessor-version":[{"id":17544,"href":"https:\/\/felix.ares.fm\/index.php?rest_route=\/wp\/v2\/posts\/17512\/revisions\/17544"}],"wp:attachment":[{"href":"https:\/\/felix.ares.fm\/index.php?rest_route=%2Fwp%2Fv2%2Fmedia&parent=17512"}],"wp:term":[{"taxonomy":"category","embeddable":true,"href":"https:\/\/felix.ares.fm\/index.php?rest_route=%2Fwp%2Fv2%2Fcategories&post=17512"},{"taxonomy":"post_tag","embeddable":true,"href":"https:\/\/felix.ares.fm\/index.php?rest_route=%2Fwp%2Fv2%2Ftags&post=17512"}],"curies":[{"name":"wp","href":"https:\/\/api.w.org\/{rel}","templated":true}]}}