{"id":17437,"date":"2025-02-09T04:02:33","date_gmt":"2025-02-09T02:02:33","guid":{"rendered":"https:\/\/felix.ares.fm\/?p=17437"},"modified":"2025-02-09T04:02:35","modified_gmt":"2025-02-09T02:02:35","slug":"viaje-a-vera-almeria-dia-4-parte-1-visita-a-garrucha-almeria","status":"publish","type":"post","link":"https:\/\/felix.ares.fm\/?p=17437","title":{"rendered":"Viaje a Vera (Almer\u00eda). D\u00eda 4. Parte 1: Visita a \u00abGarrucha\u00bb (Almer\u00eda)"},"content":{"rendered":"\n<h3 class=\"wp-block-heading\">9 de diciembre de 2024<\/h3>\n\n\n\n<p><strong>El d\u00eda 6 de diciembre iniciamos un viaje de cuatro d\u00edas, organizado por Juan Alcaraz. El centro de nuestras actividades estaba en un hotel de Vera. Desde all\u00ed vimos muchas cosas muy interesantes. Ir\u00e9 cont\u00e1ndolas poco a poco. En esta entrada hablar\u00e9 de una r\u00e1pida visita a \u00abGarrucha\u00bb.<\/strong><\/p>\n\n\n\n<p>La distancia desde el hotel Adaria Vera hasta el puerto de \u00abGarrucha\u00bb es de tan solo 3,6 km.<\/p>\n\n\n<div class=\"wp-block-image\">\n<figure class=\"aligncenter size-full\"><img loading=\"lazy\" decoding=\"async\" width=\"464\" height=\"583\" src=\"https:\/\/felix.ares.fm\/wp-content\/uploads\/2025\/02\/0ruta_hotel_puerto_la_garrucha_con_letras-min.jpg\" alt=\"\" class=\"wp-image-17438\" srcset=\"https:\/\/felix.ares.fm\/wp-content\/uploads\/2025\/02\/0ruta_hotel_puerto_la_garrucha_con_letras-min.jpg 464w, https:\/\/felix.ares.fm\/wp-content\/uploads\/2025\/02\/0ruta_hotel_puerto_la_garrucha_con_letras-min-239x300.jpg 239w\" sizes=\"auto, (max-width: 464px) 100vw, 464px\" \/><figcaption class=\"wp-element-caption\">Ruta desde el hotel Adaria Vera hasta el puerto de Garrucha.<\/figcaption><\/figure>\n<\/div>\n\n\n<p>Tengo que reconocer que el nombre del pueblo, Garrucha, me llam\u00f3 la atenci\u00f3n. Me sonaba \u00abGarrocha\u00bb en Gerona y me sonaba a toros. En su d\u00eda, mi padre fue empresario que organizaba corridas de toros en pueblos remotos. Recuerdo haber ido con \u00e9l a varias de dichas corridas, y recuerdo la palabra \u00abGarrocha\u00bb. Mi recuerdo era muy vago, as\u00ed que he tenido que recurrir al buscador Brave<a href=\"#10\" data-type=\"internal\" data-id=\"#10\"> [10]<\/a>, que tiene una buena Inteligencia Artificial, para qu\u00e9 me recuerde lo que era. Lo hago y me responde, con una entrada del diccionario de la RAE:<\/p>\n\n\n\n<blockquote class=\"wp-block-quote is-layout-flow wp-block-quote-is-layout-flow\">\n<p>  f.\u00a0Vara\u00a0para\u00a0picar\u00a0toros,\u00a0de\u00a0cuatro\u00a0metros\u00a0de\u00a0largo,\u00a0 cinco\u00a0cent\u00edmetros\u00a0de\u00a0grueso\u00a0y\u00a0una\u00a0punta\u00a0de\u00a0acero\u00a0de\u00a0tres\u00a0 filos,\u00a0llamada\u00a0puya,\u00a0sujeta\u00a0en\u00a0el\u00a0extremo\u00a0por\u00a0donde\u00a0se\u00a0 presenta\u00a0a\u00a0la\u00a0fiera.\u00a0Se\u00a0emplea\u00a0especialmente\u00a0en\u00a0el\u00a0acoso\u00a0y\u00a0derribo,\u00a0a\u00a0caballo,\u00a0de\u00a0reses\u00a0bravas\u00a0y\u00a0en\u00a0faenas\u00a0camperas\u00a0de\u00a0apartado\u00a0y\u00a0conducci\u00f3n\u00a0de\u00a0ganado\u00a0vacuno.<\/p>\n<\/blockquote>\n\n\n\n<p>O sea, que la garrucha es ese palo largo que llevan  los picadores. <\/p>\n\n\n\n<p>La pregunta que vino entonces a la cabeza fue, \u00bfy qu\u00e9 tiene que ver la garrucha de los picadores con un pueblo y un puerto de Almer\u00eda? Una vez m\u00e1s acudo a la IA de Brave y su respuesta es esta:<\/p>\n\n\n\n<blockquote class=\"wp-block-quote is-layout-flow wp-block-quote-is-layout-flow\">\n<p>El nombre de la localidad de\u00a0Garrucha\u00a0en Almer\u00eda tiene una etimolog\u00eda incierta. Seg\u00fan investigaciones,\u00a0el t\u00e9rmino \u00abGarrucha\u00bb podr\u00eda derivarse del \u00edbero \u00abgarr-utx-a\u00bb, que significa \u00abpe\u00f1as quemadas\u00bb.\u00a0Sin embargo, tambi\u00e9n se ha propuesto que la palabra \u00abGarrucha\u00bb es una variante de \u00abcarrucha\u00bb (polea), que a su vez proviene de \u00abcarro\u00bb. Este origen se relaciona con la idea de que este objeto pudo haber sido utilizado para transportar las cargas de los barcos, aunque no hay una confirmaci\u00f3n clara de esta teor\u00eda.<\/p>\n\n\n\n<p>La primera menci\u00f3n hist\u00f3rica de estas tierras data del siglo XIV, cuando era conocido como Almorac, un nombre nazar\u00ed.<\/p>\n<\/blockquote>\n\n\n\n<p>Al margen del origen del nombre, el caso es que el autob\u00fas nos dej\u00f3 en el aparcamiento del puerto de Garrucha.<\/p>\n\n\n\n<figure class=\"wp-block-image size-full\"><img loading=\"lazy\" decoding=\"async\" width=\"640\" height=\"289\" src=\"https:\/\/felix.ares.fm\/wp-content\/uploads\/2025\/02\/IMG20241209101841_puerto_de_Garrucha-min.jpg\" alt=\"\" class=\"wp-image-17439\" srcset=\"https:\/\/felix.ares.fm\/wp-content\/uploads\/2025\/02\/IMG20241209101841_puerto_de_Garrucha-min.jpg 640w, https:\/\/felix.ares.fm\/wp-content\/uploads\/2025\/02\/IMG20241209101841_puerto_de_Garrucha-min-300x135.jpg 300w\" sizes=\"auto, (max-width: 640px) 100vw, 640px\" \/><figcaption class=\"wp-element-caption\">Cartel del puerto Garrutxa.<\/figcaption><\/figure>\n\n\n\n<p>Tom\u00e9 fotos el lugar, pues era aqu\u00ed donde nos recoger\u00eda el autob\u00fas, para ir a almorzar.<\/p>\n\n\n\n<figure class=\"wp-block-image size-full\"><img loading=\"lazy\" decoding=\"async\" width=\"640\" height=\"289\" src=\"https:\/\/felix.ares.fm\/wp-content\/uploads\/2025\/02\/IMG20241209102029_puerto_de_Garrucha_donde_quedo_el_bus_SC_con_numeros.jpg\" alt=\"\" class=\"wp-image-17441\" srcset=\"https:\/\/felix.ares.fm\/wp-content\/uploads\/2025\/02\/IMG20241209102029_puerto_de_Garrucha_donde_quedo_el_bus_SC_con_numeros.jpg 640w, https:\/\/felix.ares.fm\/wp-content\/uploads\/2025\/02\/IMG20241209102029_puerto_de_Garrucha_donde_quedo_el_bus_SC_con_numeros-300x135.jpg 300w\" sizes=\"auto, (max-width: 640px) 100vw, 640px\" \/><figcaption class=\"wp-element-caption\">Esta foto era para saber volver al punto donde nos dej\u00f3 el autob\u00fas. 1 es el bar \u00abEl Almejeros\u00bb. 2 es el cartel anuncio del puerto de Garrocah. 3 Nuestro autob\u00fas. Y las caras borradas sonn las de algunas de las personas que ven\u00edan con nosotros en este viaje. Personas excelentes, pero de las que no puedo mostrar su cara pues no tengo su consentimiento.<\/figcaption><\/figure>\n\n\n\n<p>Desde ese punto, mirando hacia el este, se ve\u00eda una estatua de la Virgen que parec\u00eda imponente. Nos acercamos a verla.<\/p>\n\n\n<div class=\"wp-block-image\">\n<figure class=\"aligncenter size-full\"><img loading=\"lazy\" decoding=\"async\" width=\"217\" height=\"480\" src=\"https:\/\/felix.ares.fm\/wp-content\/uploads\/2025\/02\/IMG20241209102326_virgen_del_carmen_puerto_la_garrucha-min.jpg\" alt=\"\" class=\"wp-image-17443\" srcset=\"https:\/\/felix.ares.fm\/wp-content\/uploads\/2025\/02\/IMG20241209102326_virgen_del_carmen_puerto_la_garrucha-min.jpg 217w, https:\/\/felix.ares.fm\/wp-content\/uploads\/2025\/02\/IMG20241209102326_virgen_del_carmen_puerto_la_garrucha-min-136x300.jpg 136w\" sizes=\"auto, (max-width: 217px) 100vw, 217px\" \/><figcaption class=\"wp-element-caption\">Virgen del Carmen. Puerto de Garrucha.<\/figcaption><\/figure>\n<\/div>\n\n\n<figure class=\"wp-block-gallery has-nested-images columns-default is-cropped wp-block-gallery-1 is-layout-flex wp-block-gallery-is-layout-flex\">\n<figure class=\"wp-block-image size-full\"><img loading=\"lazy\" decoding=\"async\" width=\"217\" height=\"480\" data-id=\"17446\" src=\"https:\/\/felix.ares.fm\/wp-content\/uploads\/2025\/02\/IMG20241209102411_virgen_del_carmen_puerto_la_garrucha.j-min.jpg\" alt=\"\" class=\"wp-image-17446\" srcset=\"https:\/\/felix.ares.fm\/wp-content\/uploads\/2025\/02\/IMG20241209102411_virgen_del_carmen_puerto_la_garrucha.j-min.jpg 217w, https:\/\/felix.ares.fm\/wp-content\/uploads\/2025\/02\/IMG20241209102411_virgen_del_carmen_puerto_la_garrucha.j-min-136x300.jpg 136w\" sizes=\"auto, (max-width: 217px) 100vw, 217px\" \/><figcaption class=\"wp-element-caption\">Virgen del Carmen<\/figcaption><\/figure>\n\n\n\n<figure class=\"wp-block-image size-full\"><img loading=\"lazy\" decoding=\"async\" width=\"217\" height=\"480\" data-id=\"17445\" src=\"https:\/\/felix.ares.fm\/wp-content\/uploads\/2025\/02\/IMG20241209102537_virgen_del_carmen_puerto_la_garrucha.j-min.jpg\" alt=\"\" class=\"wp-image-17445\" srcset=\"https:\/\/felix.ares.fm\/wp-content\/uploads\/2025\/02\/IMG20241209102537_virgen_del_carmen_puerto_la_garrucha.j-min.jpg 217w, https:\/\/felix.ares.fm\/wp-content\/uploads\/2025\/02\/IMG20241209102537_virgen_del_carmen_puerto_la_garrucha.j-min-136x300.jpg 136w\" sizes=\"auto, (max-width: 217px) 100vw, 217px\" \/><figcaption class=\"wp-element-caption\">Virgen el Carmen<\/figcaption><\/figure>\n<\/figure>\n\n\n\n<p>Desde all\u00ed mismo, ten\u00edamos una vista preciosa de la playa de Garrucha.<\/p>\n\n\n\n<p>La Virgen del Carmen es uno de los s\u00edmbolos m\u00e1s representativos de la localidad. Esta escultura es una copia hecha por el escultor Roberto Manzano<a href=\"#1\" data-type=\"internal\" data-id=\"#1\"> [1]<\/a>. La escultura original es de Sebasti\u00e1n Herrera Barnuevo<a href=\"#3\" data-type=\"internal\" data-id=\"#3\"> [3] <\/a>y se conserva en el Museo Nacional del Prado en Madrid<a href=\"#2\" data-type=\"internal\" data-id=\"#2\"> [2]<\/a>.<\/p>\n\n\n\n<p>Resulta que la escultura de \u00abla mojaquera\u00bb que vimos en la entrada anterior de este diario es de este escultor: <a href=\"https:\/\/felix.ares.fm\/?p=17371\">Viaje a Vera (Almer\u00eda). D\u00eda 3. Parte (y 3): Visita a Moj\u00e1car (Almer\u00eda) | De tapas y otras cosas por Fuengirola<\/a><\/p>\n\n\n\n<figure class=\"wp-block-image size-full\"><img loading=\"lazy\" decoding=\"async\" width=\"640\" height=\"289\" src=\"https:\/\/felix.ares.fm\/wp-content\/uploads\/2025\/02\/IMG20241209102329_playa_de_la_Garrucha-min.jpg\" alt=\"\" class=\"wp-image-17447\" srcset=\"https:\/\/felix.ares.fm\/wp-content\/uploads\/2025\/02\/IMG20241209102329_playa_de_la_Garrucha-min.jpg 640w, https:\/\/felix.ares.fm\/wp-content\/uploads\/2025\/02\/IMG20241209102329_playa_de_la_Garrucha-min-300x135.jpg 300w\" sizes=\"auto, (max-width: 640px) 100vw, 640px\" \/><figcaption class=\"wp-element-caption\">Playa de Garrucha<\/figcaption><\/figure>\n\n\n\n<p>La playa no es de arena fina, parece que tiene piedras. Pero la belleza es indudable.<\/p>\n\n\n\n<p>Ya hab\u00edamos dicho que al lado mismo el autob\u00fas hab\u00eda un bar que se llamaba \u00abEl Almejero\u00bb, nos paramos en \u00e9l para tomar unas bebidas.<\/p>\n\n\n\n<figure class=\"wp-block-image size-full\"><img loading=\"lazy\" decoding=\"async\" width=\"640\" height=\"289\" src=\"https:\/\/felix.ares.fm\/wp-content\/uploads\/2025\/02\/IMG20241209102911_restaurante_El_almejero_en_puerto_Garrucha-min.jpg\" alt=\"\" class=\"wp-image-17448\" srcset=\"https:\/\/felix.ares.fm\/wp-content\/uploads\/2025\/02\/IMG20241209102911_restaurante_El_almejero_en_puerto_Garrucha-min.jpg 640w, https:\/\/felix.ares.fm\/wp-content\/uploads\/2025\/02\/IMG20241209102911_restaurante_El_almejero_en_puerto_Garrucha-min-300x135.jpg 300w\" sizes=\"auto, (max-width: 640px) 100vw, 640px\" \/><figcaption class=\"wp-element-caption\">Bar Restaurante \u00abEl Almejero\u00bb<\/figcaption><\/figure>\n\n\n\n<figure class=\"wp-block-image size-full\"><img loading=\"lazy\" decoding=\"async\" width=\"640\" height=\"289\" src=\"https:\/\/felix.ares.fm\/wp-content\/uploads\/2025\/02\/IMG20241209103312_el_almejero_La_Garrucha_SC.jpg\" alt=\"\" class=\"wp-image-17450\" srcset=\"https:\/\/felix.ares.fm\/wp-content\/uploads\/2025\/02\/IMG20241209103312_el_almejero_La_Garrucha_SC.jpg 640w, https:\/\/felix.ares.fm\/wp-content\/uploads\/2025\/02\/IMG20241209103312_el_almejero_La_Garrucha_SC-300x135.jpg 300w\" sizes=\"auto, (max-width: 640px) 100vw, 640px\" \/><figcaption class=\"wp-element-caption\">Interior del bar restaurante \u00abEl Almejero\u00bb<\/figcaption><\/figure>\n\n\n\n<p>Aunque s\u00e9 que no me conviene, me apetec\u00eda un \u00abtinto de verano\u00bb y eso fue lo que ped\u00ed.<\/p>\n\n\n<div class=\"wp-block-image\">\n<figure class=\"aligncenter size-full\"><img loading=\"lazy\" decoding=\"async\" width=\"217\" height=\"480\" src=\"https:\/\/felix.ares.fm\/wp-content\/uploads\/2025\/02\/IMG20241209103858_tinto_de_verano-min.jpg\" alt=\"\" class=\"wp-image-17452\" srcset=\"https:\/\/felix.ares.fm\/wp-content\/uploads\/2025\/02\/IMG20241209103858_tinto_de_verano-min.jpg 217w, https:\/\/felix.ares.fm\/wp-content\/uploads\/2025\/02\/IMG20241209103858_tinto_de_verano-min-136x300.jpg 136w\" sizes=\"auto, (max-width: 217px) 100vw, 217px\" \/><figcaption class=\"wp-element-caption\">Tinto de verano en el bar \u00abEl Almejero\u00bb e Garrucha.<\/figcaption><\/figure>\n<\/div>\n\n\n<p>Empezamos a pasear por Garrucha, con destino al faro. Nos encontramos con una escultura de la Asociaci\u00f3n de Donantes de Sangre de Almer\u00eda.<\/p>\n\n\n<div class=\"wp-block-image\">\n<figure class=\"aligncenter size-full\"><img loading=\"lazy\" decoding=\"async\" width=\"217\" height=\"480\" src=\"https:\/\/felix.ares.fm\/wp-content\/uploads\/2025\/02\/IMG20241209105908_asociacion_de_donantes_de_sangre_de_almaeria-min.jpg\" alt=\"\" class=\"wp-image-17453\" srcset=\"https:\/\/felix.ares.fm\/wp-content\/uploads\/2025\/02\/IMG20241209105908_asociacion_de_donantes_de_sangre_de_almaeria-min.jpg 217w, https:\/\/felix.ares.fm\/wp-content\/uploads\/2025\/02\/IMG20241209105908_asociacion_de_donantes_de_sangre_de_almaeria-min-136x300.jpg 136w\" sizes=\"auto, (max-width: 217px) 100vw, 217px\" \/><figcaption class=\"wp-element-caption\">Escultura de la Asociaic\u00f3n de Donantes de Sangre de Almer\u00eda.<\/figcaption><\/figure>\n<\/div>\n\n\n<p>Si no entiendo mal el simbolismo, lo que muestra son dos manos que sujetan una gota de sangre <a href=\"#4\" data-type=\"internal\" data-id=\"#4\">[4]<\/a>. <\/p>\n\n\n\n<p>Me parece muy buena idea dedicar un monumento a esas personas que donan sangre voluntariamente. Estoy seguro de que su generosidad ha salvado infinidad de vidas. \u00a1Gracias!<\/p>\n\n\n\n<p>Damos unos pasos hacia el norte, donde hemos visto algo que parece un faro. Digo que parece porque realmente no lo es. Es un elemento decorativo del restaurante \u00abEl rinc\u00f3n el puerto\u00bb.<\/p>\n\n\n\n<figure class=\"wp-block-image size-full\"><img loading=\"lazy\" decoding=\"async\" width=\"640\" height=\"289\" src=\"https:\/\/felix.ares.fm\/wp-content\/uploads\/2025\/02\/IMG20241209110250_faro_de_La_Garrucha-min.jpg\" alt=\"\" class=\"wp-image-17455\" srcset=\"https:\/\/felix.ares.fm\/wp-content\/uploads\/2025\/02\/IMG20241209110250_faro_de_La_Garrucha-min.jpg 640w, https:\/\/felix.ares.fm\/wp-content\/uploads\/2025\/02\/IMG20241209110250_faro_de_La_Garrucha-min-300x135.jpg 300w\" sizes=\"auto, (max-width: 640px) 100vw, 640px\" \/><figcaption class=\"wp-element-caption\">Restaurante \u00abEl rinc\u00f3n el puerto\u00bb.<\/figcaption><\/figure>\n\n\n\n<p>Una vez llegados ah\u00ed, dimos media vuelta y fuimos hacia el sur. Nos encontramos con un <strong>monumento al pescador<\/strong>.<\/p>\n\n\n\n<figure class=\"wp-block-image size-full\"><img loading=\"lazy\" decoding=\"async\" width=\"640\" height=\"289\" src=\"https:\/\/felix.ares.fm\/wp-content\/uploads\/2025\/02\/IMG20241209110552_monumento_al_pescador_La_Garrucha-min.jpg\" alt=\"\" class=\"wp-image-17456\" srcset=\"https:\/\/felix.ares.fm\/wp-content\/uploads\/2025\/02\/IMG20241209110552_monumento_al_pescador_La_Garrucha-min.jpg 640w, https:\/\/felix.ares.fm\/wp-content\/uploads\/2025\/02\/IMG20241209110552_monumento_al_pescador_La_Garrucha-min-300x135.jpg 300w\" sizes=\"auto, (max-width: 640px) 100vw, 640px\" \/><figcaption class=\"wp-element-caption\">Monumento al pescador.<\/figcaption><\/figure>\n\n\n\n<figure class=\"wp-block-image size-full\"><img loading=\"lazy\" decoding=\"async\" width=\"640\" height=\"289\" src=\"https:\/\/felix.ares.fm\/wp-content\/uploads\/2025\/02\/IMG20241209110602_monumento_al_pescador_La_Garrucha-min.jpg\" alt=\"\" class=\"wp-image-17457\" srcset=\"https:\/\/felix.ares.fm\/wp-content\/uploads\/2025\/02\/IMG20241209110602_monumento_al_pescador_La_Garrucha-min.jpg 640w, https:\/\/felix.ares.fm\/wp-content\/uploads\/2025\/02\/IMG20241209110602_monumento_al_pescador_La_Garrucha-min-300x135.jpg 300w\" sizes=\"auto, (max-width: 640px) 100vw, 640px\" \/><figcaption class=\"wp-element-caption\">Detalle del monumento al pescador.<\/figcaption><\/figure>\n\n\n\n<p>Este monumento fue inaugurado el 13 de abril de 1991, como homenaje a los pescadores y marineros que fundaron Garrucha. Es obra de Mar\u00eda de los \u00c1ngeles L\u00e1zaro Guil. La piedra es m\u00e1rmol blanco <a href=\"#5\" data-type=\"internal\" data-id=\"#5\">[5]<\/a>.<\/p>\n\n\n\n<p>All\u00ed mimo hay un bar que se llama \u00abEl Birra\u00bb. Nosotros no tomamos nada, pero una de las personas que ven\u00eda con nosotros nos dijo que hab\u00eda estado varias veces y que era muy bueno. Yo no lo s\u00e9, pero esa persona suele acertar con mis gustos.<\/p>\n\n\n\n<figure class=\"wp-block-image size-full\"><img loading=\"lazy\" decoding=\"async\" width=\"640\" height=\"289\" src=\"https:\/\/felix.ares.fm\/wp-content\/uploads\/2025\/02\/IMG20241209110705_restaurante_El_Birra_Garrucha-min.jpg\" alt=\"\" class=\"wp-image-17459\" srcset=\"https:\/\/felix.ares.fm\/wp-content\/uploads\/2025\/02\/IMG20241209110705_restaurante_El_Birra_Garrucha-min.jpg 640w, https:\/\/felix.ares.fm\/wp-content\/uploads\/2025\/02\/IMG20241209110705_restaurante_El_Birra_Garrucha-min-300x135.jpg 300w\" sizes=\"auto, (max-width: 640px) 100vw, 640px\" \/><figcaption class=\"wp-element-caption\">Restauarante \u00abEl Birra\u00bb. Gambas de Garrucha y pescados de la zona.<\/figcaption><\/figure>\n\n\n<div class=\"wp-block-image\">\n<figure class=\"aligncenter size-full\"><img loading=\"lazy\" decoding=\"async\" width=\"217\" height=\"480\" src=\"https:\/\/felix.ares.fm\/wp-content\/uploads\/2025\/02\/IMG20241209110725_Gamba_de_Garrucha_canna_mas_tapa_2E-min.jpg\" alt=\"\" class=\"wp-image-17460\" srcset=\"https:\/\/felix.ares.fm\/wp-content\/uploads\/2025\/02\/IMG20241209110725_Gamba_de_Garrucha_canna_mas_tapa_2E-min.jpg 217w, https:\/\/felix.ares.fm\/wp-content\/uploads\/2025\/02\/IMG20241209110725_Gamba_de_Garrucha_canna_mas_tapa_2E-min-136x300.jpg 136w\" sizes=\"auto, (max-width: 217px) 100vw, 217px\" \/><figcaption class=\"wp-element-caption\">La pizarra con sus anuncios. Observen Ca\u00f1a m\u00e1s tapa 2 \u20ac.<\/figcaption><\/figure>\n<\/div>\n\n\n<p>Llegamos a la playa Garrucha. Y all\u00ed me llam\u00f3 la atenci\u00f3n un grupo de \u00e1rboles en mitad de la playa. <\/p>\n\n\n\n<figure class=\"wp-block-image size-full\"><img loading=\"lazy\" decoding=\"async\" width=\"640\" height=\"289\" src=\"https:\/\/felix.ares.fm\/wp-content\/uploads\/2025\/02\/IMG20241209112600_arboles_en_playa_Garrucha-min.jpg\" alt=\"\" class=\"wp-image-17461\" srcset=\"https:\/\/felix.ares.fm\/wp-content\/uploads\/2025\/02\/IMG20241209112600_arboles_en_playa_Garrucha-min.jpg 640w, https:\/\/felix.ares.fm\/wp-content\/uploads\/2025\/02\/IMG20241209112600_arboles_en_playa_Garrucha-min-300x135.jpg 300w\" sizes=\"auto, (max-width: 640px) 100vw, 640px\" \/><figcaption class=\"wp-element-caption\">\u00c1rboles en mitad de la playa.<\/figcaption><\/figure>\n\n\n\n<p>En el paseo, al lado de la playa, vemos otro anuncio de cerveza grande m\u00e1s tapa a 2 \u20ac. Parece una interesante oferta.<\/p>\n\n\n<div class=\"wp-block-image\">\n<figure class=\"aligncenter size-full\"><img loading=\"lazy\" decoding=\"async\" width=\"216\" height=\"480\" src=\"https:\/\/felix.ares.fm\/wp-content\/uploads\/2025\/02\/IMG20241209112626_Copa_grande_de_cerveza_y_tapa_a_elegir_2E-min.jpg\" alt=\"\" class=\"wp-image-17462\" srcset=\"https:\/\/felix.ares.fm\/wp-content\/uploads\/2025\/02\/IMG20241209112626_Copa_grande_de_cerveza_y_tapa_a_elegir_2E-min.jpg 216w, https:\/\/felix.ares.fm\/wp-content\/uploads\/2025\/02\/IMG20241209112626_Copa_grande_de_cerveza_y_tapa_a_elegir_2E-min-135x300.jpg 135w\" sizes=\"auto, (max-width: 216px) 100vw, 216px\" \/><figcaption class=\"wp-element-caption\">Copa grande de cerveza m\u00e1s tapa 2 \u20ac.<\/figcaption><\/figure>\n<\/div>\n\n\n<p>Muy cerca del ayuntamiento nos encontramos con una ancla, usada como decoraci\u00f3n.<\/p>\n\n\n<div class=\"wp-block-image\">\n<figure class=\"aligncenter size-full\"><img loading=\"lazy\" decoding=\"async\" width=\"217\" height=\"480\" src=\"https:\/\/felix.ares.fm\/wp-content\/uploads\/2025\/02\/IMG20241209113302_ancla_La_Garrucha-min.jpg\" alt=\"\" class=\"wp-image-17463\" srcset=\"https:\/\/felix.ares.fm\/wp-content\/uploads\/2025\/02\/IMG20241209113302_ancla_La_Garrucha-min.jpg 217w, https:\/\/felix.ares.fm\/wp-content\/uploads\/2025\/02\/IMG20241209113302_ancla_La_Garrucha-min-136x300.jpg 136w\" sizes=\"auto, (max-width: 217px) 100vw, 217px\" \/><figcaption class=\"wp-element-caption\">Ancla, enfrente del Club Mar\u00edtimo.<\/figcaption><\/figure>\n<\/div>\n\n\n<p><strong>Ermita de la Virgen del Carmen<\/strong><\/p>\n\n\n\n<p>En la plaza Pedro Gea, donde est\u00e1 el ayuntamiento, hay un monumento con temas marineros, pero no he logrado saber m\u00e1s. <\/p>\n\n\n<div class=\"wp-block-image\">\n<figure class=\"aligncenter size-full\"><img loading=\"lazy\" decoding=\"async\" width=\"217\" height=\"480\" src=\"https:\/\/felix.ares.fm\/wp-content\/uploads\/2025\/02\/IMG20241209113343-min.jpg\" alt=\"\" class=\"wp-image-17464\" srcset=\"https:\/\/felix.ares.fm\/wp-content\/uploads\/2025\/02\/IMG20241209113343-min.jpg 217w, https:\/\/felix.ares.fm\/wp-content\/uploads\/2025\/02\/IMG20241209113343-min-136x300.jpg 136w\" sizes=\"auto, (max-width: 217px) 100vw, 217px\" \/><figcaption class=\"wp-element-caption\">Monmumento de la plaza Pedro Gea. Observe a la derecha una ermita. Est\u00e1 dedicada a la Virgen del Carmen.<\/figcaption><\/figure>\n<\/div>\n\n\n<p>Nos acercamos a la ermita.<\/p>\n\n\n<div class=\"wp-block-image\">\n<figure class=\"aligncenter size-full\"><img loading=\"lazy\" decoding=\"async\" width=\"217\" height=\"480\" src=\"https:\/\/felix.ares.fm\/wp-content\/uploads\/2025\/02\/IMG20241209113427_ermita_la_virgen_del_carmen-min.jpg\" alt=\"\" class=\"wp-image-17465\" srcset=\"https:\/\/felix.ares.fm\/wp-content\/uploads\/2025\/02\/IMG20241209113427_ermita_la_virgen_del_carmen-min.jpg 217w, https:\/\/felix.ares.fm\/wp-content\/uploads\/2025\/02\/IMG20241209113427_ermita_la_virgen_del_carmen-min-136x300.jpg 136w\" sizes=\"auto, (max-width: 217px) 100vw, 217px\" \/><figcaption class=\"wp-element-caption\">Ermita de la Virgen del Carmen en Garrucha.<\/figcaption><\/figure>\n<\/div>\n\n\n<p>Se trata de una iglesia muy sencilla. De estilo colonial, que fue consagrada en 1951.<\/p>\n\n\n<div class=\"wp-block-image\">\n<figure class=\"aligncenter size-full\"><img loading=\"lazy\" decoding=\"async\" width=\"204\" height=\"453\" src=\"https:\/\/felix.ares.fm\/wp-content\/uploads\/2025\/02\/IMG20241209113511_interior_capilla_virgen_de_carmen_garrucha-min.jpg\" alt=\"\" class=\"wp-image-17466\" srcset=\"https:\/\/felix.ares.fm\/wp-content\/uploads\/2025\/02\/IMG20241209113511_interior_capilla_virgen_de_carmen_garrucha-min.jpg 204w, https:\/\/felix.ares.fm\/wp-content\/uploads\/2025\/02\/IMG20241209113511_interior_capilla_virgen_de_carmen_garrucha-min-135x300.jpg 135w\" sizes=\"auto, (max-width: 204px) 100vw, 204px\" \/><figcaption class=\"wp-element-caption\">Interior capilla (ermita) Viregen del Carmen Garrucha.<\/figcaption><\/figure>\n<\/div>\n\n\n<p>Si nos acercamos al altar, vemos que alrededor el arco, hay pinturas. Se trata de frescos de Manuel Mu\u00f1oz Barber\u00e1n.<\/p>\n\n\n\n<figure class=\"wp-block-image size-full\"><img loading=\"lazy\" decoding=\"async\" width=\"568\" height=\"480\" src=\"https:\/\/felix.ares.fm\/wp-content\/uploads\/2025\/02\/0IMG20241209113511_frecos_altar_ermita_virgen_de_carmen_garrucha-min.jpg\" alt=\"\" class=\"wp-image-17467\" srcset=\"https:\/\/felix.ares.fm\/wp-content\/uploads\/2025\/02\/0IMG20241209113511_frecos_altar_ermita_virgen_de_carmen_garrucha-min.jpg 568w, https:\/\/felix.ares.fm\/wp-content\/uploads\/2025\/02\/0IMG20241209113511_frecos_altar_ermita_virgen_de_carmen_garrucha-min-300x254.jpg 300w\" sizes=\"auto, (max-width: 568px) 100vw, 568px\" \/><figcaption class=\"wp-element-caption\">Frescos de la ermita de la Virgen del Carmen. Garrucha.<\/figcaption><\/figure>\n\n\n\n<figure class=\"wp-block-gallery has-nested-images columns-default is-cropped wp-block-gallery-2 is-layout-flex wp-block-gallery-is-layout-flex\">\n<figure class=\"wp-block-image size-large\"><img loading=\"lazy\" decoding=\"async\" width=\"217\" height=\"480\" data-id=\"17469\" src=\"https:\/\/felix.ares.fm\/wp-content\/uploads\/2025\/02\/0IMG20241209113557_detalle_del_freco_ermita_vireg_del_carmen_garrucha-min.jpg\" alt=\"\" class=\"wp-image-17469\" srcset=\"https:\/\/felix.ares.fm\/wp-content\/uploads\/2025\/02\/0IMG20241209113557_detalle_del_freco_ermita_vireg_del_carmen_garrucha-min.jpg 217w, https:\/\/felix.ares.fm\/wp-content\/uploads\/2025\/02\/0IMG20241209113557_detalle_del_freco_ermita_vireg_del_carmen_garrucha-min-136x300.jpg 136w\" sizes=\"auto, (max-width: 217px) 100vw, 217px\" \/><figcaption class=\"wp-element-caption\">Detalle del fresco de la ermita de la Virgen del Carmen en Garrucha<\/figcaption><\/figure>\n\n\n\n<figure class=\"wp-block-image size-large\"><img loading=\"lazy\" decoding=\"async\" width=\"217\" height=\"480\" data-id=\"17468\" src=\"https:\/\/felix.ares.fm\/wp-content\/uploads\/2025\/02\/0IMG20241209113554_detalle_frecos_ermita_virgen_del_carmen_garrucha-min.jpg\" alt=\"\" class=\"wp-image-17468\" srcset=\"https:\/\/felix.ares.fm\/wp-content\/uploads\/2025\/02\/0IMG20241209113554_detalle_frecos_ermita_virgen_del_carmen_garrucha-min.jpg 217w, https:\/\/felix.ares.fm\/wp-content\/uploads\/2025\/02\/0IMG20241209113554_detalle_frecos_ermita_virgen_del_carmen_garrucha-min-136x300.jpg 136w\" sizes=\"auto, (max-width: 217px) 100vw, 217px\" \/><figcaption class=\"wp-element-caption\">Detalle del fresco de la ermita de la Virgen del Carmen en Garrucha<\/figcaption><\/figure>\n<\/figure>\n\n\n<div class=\"wp-block-image\">\n<figure class=\"aligncenter size-full\"><img loading=\"lazy\" decoding=\"async\" width=\"217\" height=\"480\" src=\"https:\/\/felix.ares.fm\/wp-content\/uploads\/2025\/02\/IMG20241209113603-min.jpg\" alt=\"\" class=\"wp-image-17470\" srcset=\"https:\/\/felix.ares.fm\/wp-content\/uploads\/2025\/02\/IMG20241209113603-min.jpg 217w, https:\/\/felix.ares.fm\/wp-content\/uploads\/2025\/02\/IMG20241209113603-min-136x300.jpg 136w\" sizes=\"auto, (max-width: 217px) 100vw, 217px\" \/><figcaption class=\"wp-element-caption\">Retablo central. Arriba, la c\u00fapula.<\/figcaption><\/figure>\n<\/div>\n\n\n<p>En una de las paredes hay lo que parece un pend\u00f3n rociero. No he logrado encontrar m\u00e1s datos sobre el mismo.<\/p>\n\n\n<div class=\"wp-block-image\">\n<figure class=\"aligncenter size-full\"><img loading=\"lazy\" decoding=\"async\" width=\"216\" height=\"480\" src=\"https:\/\/felix.ares.fm\/wp-content\/uploads\/2025\/02\/IMG20241209113520_prob_pendon_rociero_ILU.jpg\" alt=\"\" class=\"wp-image-17472\" srcset=\"https:\/\/felix.ares.fm\/wp-content\/uploads\/2025\/02\/IMG20241209113520_prob_pendon_rociero_ILU.jpg 216w, https:\/\/felix.ares.fm\/wp-content\/uploads\/2025\/02\/IMG20241209113520_prob_pendon_rociero_ILU-135x300.jpg 135w\" sizes=\"auto, (max-width: 216px) 100vw, 216px\" \/><figcaption class=\"wp-element-caption\">\u00bfPend\u00f3n rociero?<\/figcaption><\/figure>\n<\/div>\n\n\n<p>En la iglesia hay un Viacrucis<a href=\"#11\" data-type=\"internal\" data-id=\"#11\"> [11]<\/a> con catorce estaciones. Muestro dos de ellas.<\/p>\n\n\n\n<figure class=\"wp-block-gallery has-nested-images columns-default is-cropped wp-block-gallery-3 is-layout-flex wp-block-gallery-is-layout-flex\">\n<figure class=\"wp-block-image size-large\"><img loading=\"lazy\" decoding=\"async\" width=\"283\" height=\"480\" data-id=\"17473\" src=\"https:\/\/felix.ares.fm\/wp-content\/uploads\/2025\/02\/0IMG20241209113529_Viacrucis_estacion_4-min.jpg\" alt=\"\" class=\"wp-image-17473\" srcset=\"https:\/\/felix.ares.fm\/wp-content\/uploads\/2025\/02\/0IMG20241209113529_Viacrucis_estacion_4-min.jpg 283w, https:\/\/felix.ares.fm\/wp-content\/uploads\/2025\/02\/0IMG20241209113529_Viacrucis_estacion_4-min-177x300.jpg 177w\" sizes=\"auto, (max-width: 283px) 100vw, 283px\" \/><figcaption class=\"wp-element-caption\">Estaci\u00f3n IV del Viacrucis<\/figcaption><\/figure>\n\n\n\n<figure class=\"wp-block-image size-large\"><img loading=\"lazy\" decoding=\"async\" width=\"235\" height=\"480\" data-id=\"17474\" src=\"https:\/\/felix.ares.fm\/wp-content\/uploads\/2025\/02\/0IMG20241209113537_Viacrucis_estacion_12-min.jpg\" alt=\"\" class=\"wp-image-17474\" srcset=\"https:\/\/felix.ares.fm\/wp-content\/uploads\/2025\/02\/0IMG20241209113537_Viacrucis_estacion_12-min.jpg 235w, https:\/\/felix.ares.fm\/wp-content\/uploads\/2025\/02\/0IMG20241209113537_Viacrucis_estacion_12-min-147x300.jpg 147w\" sizes=\"auto, (max-width: 235px) 100vw, 235px\" \/><figcaption class=\"wp-element-caption\">Estaci\u00f3n XII del Viacrucis<\/figcaption><\/figure>\n<\/figure>\n\n\n\n<p><\/p>\n\n\n<div class=\"wp-block-image\">\n<figure class=\"aligncenter size-full\"><img loading=\"lazy\" decoding=\"async\" width=\"217\" height=\"480\" src=\"https:\/\/felix.ares.fm\/wp-content\/uploads\/2025\/02\/IMG20241209113543-min.jpg\" alt=\"\" class=\"wp-image-17475\" srcset=\"https:\/\/felix.ares.fm\/wp-content\/uploads\/2025\/02\/IMG20241209113543-min.jpg 217w, https:\/\/felix.ares.fm\/wp-content\/uploads\/2025\/02\/IMG20241209113543-min-136x300.jpg 136w\" sizes=\"auto, (max-width: 217px) 100vw, 217px\" \/><figcaption class=\"wp-element-caption\">Imagen de Cristo crucificado.<\/figcaption><\/figure>\n<\/div>\n\n<div class=\"wp-block-image\">\n<figure class=\"aligncenter size-full\"><img loading=\"lazy\" decoding=\"async\" width=\"217\" height=\"480\" src=\"https:\/\/felix.ares.fm\/wp-content\/uploads\/2025\/02\/0IMG20241209113724_virgen_del_Carmen_ermita_virgen_del_carmen_Garrucha-min.jpg\" alt=\"\" class=\"wp-image-17476\" srcset=\"https:\/\/felix.ares.fm\/wp-content\/uploads\/2025\/02\/0IMG20241209113724_virgen_del_Carmen_ermita_virgen_del_carmen_Garrucha-min.jpg 217w, https:\/\/felix.ares.fm\/wp-content\/uploads\/2025\/02\/0IMG20241209113724_virgen_del_Carmen_ermita_virgen_del_carmen_Garrucha-min-136x300.jpg 136w\" sizes=\"auto, (max-width: 217px) 100vw, 217px\" \/><figcaption class=\"wp-element-caption\">Virgen del Carmen. <\/figcaption><\/figure>\n<\/div>\n\n\n<p>Con la imagen de este bello estandarte de la Virgen el Carmen, dejamos la ermita y seguimos nuestro paseo.<\/p>\n\n\n\n<p><strong>El puerto<\/strong><\/p>\n\n\n\n<p>Si desde el malec\u00f3n, cerca del ayuntamiento, miramos hacia el monumento a la Virgen del Carmen, que fotografiamos m\u00e1s arriba, vemos que la estatua est\u00e1 en mitad del puerto comercial. El puerto de Garrucha es multifuncional, es comercial, pesquero, deportivo y en \u00e9l tambi\u00e9n est\u00e1 el barco de la Sociedad de Salvamento Mar\u00edtimo <a href=\"#6\" data-type=\"internal\" data-id=\"#6\">[6]<\/a>.<\/p>\n\n\n\n<figure class=\"wp-block-image size-full\"><img loading=\"lazy\" decoding=\"async\" width=\"640\" height=\"289\" src=\"https:\/\/felix.ares.fm\/wp-content\/uploads\/2025\/02\/IMG20241209114341_virgen_de_carmen_puerto_La_Garrucha-min.jpg\" alt=\"\" class=\"wp-image-17477\" srcset=\"https:\/\/felix.ares.fm\/wp-content\/uploads\/2025\/02\/IMG20241209114341_virgen_de_carmen_puerto_La_Garrucha-min.jpg 640w, https:\/\/felix.ares.fm\/wp-content\/uploads\/2025\/02\/IMG20241209114341_virgen_de_carmen_puerto_La_Garrucha-min-300x135.jpg 300w\" sizes=\"auto, (max-width: 640px) 100vw, 640px\" \/><figcaption class=\"wp-element-caption\">Monumento a la Virgen del Carmen, en mitad del puerto comercial.<\/figcaption><\/figure>\n\n\n\n<figure class=\"wp-block-image size-full\"><img loading=\"lazy\" decoding=\"async\" width=\"640\" height=\"289\" src=\"https:\/\/felix.ares.fm\/wp-content\/uploads\/2025\/02\/IMG20241209114346_puerto_de_La_Garrucha-min.jpg\" alt=\"\" class=\"wp-image-17478\" srcset=\"https:\/\/felix.ares.fm\/wp-content\/uploads\/2025\/02\/IMG20241209114346_puerto_de_La_Garrucha-min.jpg 640w, https:\/\/felix.ares.fm\/wp-content\/uploads\/2025\/02\/IMG20241209114346_puerto_de_La_Garrucha-min-300x135.jpg 300w\" sizes=\"auto, (max-width: 640px) 100vw, 640px\" \/><figcaption class=\"wp-element-caption\">Vista del puerto desde la playa de Garrucha.<\/figcaption><\/figure>\n\n\n\n<p>El puerto de Garrucha se construy\u00f3 en el siglo XIX para el transporte de la plata, hierro y plomo extra\u00eddos de la Sierra Almagrera. Con lo que se convirti\u00f3 en un importante centro de tr\u00e1fico mar\u00edtimo. Poco a poco tambi\u00e9n se convirti\u00f3 en un relevante puerto pesquero. Y, por fin, al convertirse en puerto deportivo ha sido un gran aliciente al turismo.<\/p>\n\n\n\n<p>As\u00ed que el puerto representa un lugar muy significativo de la econom\u00eda de Garrucha<a href=\"#7\" data-type=\"internal\" data-id=\"#7\"> [7]<\/a>.<\/p>\n\n\n\n<p><strong>Paseo por el malec\u00f3n y parada a tomar un refrigerio<\/strong><\/p>\n\n\n\n<p>Ya regresando hacia el punto de recogida el autob\u00fas, por el malec\u00f3n, pasamos al lado de la estatua dedicada al poeta Antonio Cano Cervantes <a href=\"#8\" data-type=\"internal\" data-id=\"#8\">[8]<\/a>.<\/p>\n\n\n\n<figure class=\"wp-block-gallery has-nested-images columns-default is-cropped wp-block-gallery-4 is-layout-flex wp-block-gallery-is-layout-flex\">\n<figure class=\"wp-block-image size-large\"><img loading=\"lazy\" decoding=\"async\" width=\"217\" height=\"480\" data-id=\"17479\" src=\"https:\/\/felix.ares.fm\/wp-content\/uploads\/2025\/02\/IMG20241209114454_monumento_poeta_Antonio_Cano_Cervantes-min.jpg\" alt=\"\" class=\"wp-image-17479\" srcset=\"https:\/\/felix.ares.fm\/wp-content\/uploads\/2025\/02\/IMG20241209114454_monumento_poeta_Antonio_Cano_Cervantes-min.jpg 217w, https:\/\/felix.ares.fm\/wp-content\/uploads\/2025\/02\/IMG20241209114454_monumento_poeta_Antonio_Cano_Cervantes-min-136x300.jpg 136w\" sizes=\"auto, (max-width: 217px) 100vw, 217px\" \/><figcaption class=\"wp-element-caption\">Estatua de Antonio Cano Cervantes.<\/figcaption><\/figure>\n\n\n\n<figure class=\"wp-block-image size-large\"><img loading=\"lazy\" decoding=\"async\" width=\"217\" height=\"480\" data-id=\"17480\" src=\"https:\/\/felix.ares.fm\/wp-content\/uploads\/2025\/02\/IMG20241209114529_monumento_poeta_Antonio_Cano_Cervantes-min.jpg\" alt=\"\" class=\"wp-image-17480\" srcset=\"https:\/\/felix.ares.fm\/wp-content\/uploads\/2025\/02\/IMG20241209114529_monumento_poeta_Antonio_Cano_Cervantes-min.jpg 217w, https:\/\/felix.ares.fm\/wp-content\/uploads\/2025\/02\/IMG20241209114529_monumento_poeta_Antonio_Cano_Cervantes-min-136x300.jpg 136w\" sizes=\"auto, (max-width: 217px) 100vw, 217px\" \/><figcaption class=\"wp-element-caption\">Estatua de Antonio Cano Cervantes.<\/figcaption><\/figure>\n<\/figure>\n\n\n\n<p>Unos pasos m\u00e1s adelante nos encontramos con el <strong>Mes\u00f3n del pescador <\/strong>y decidimos sentarnos.<\/p>\n\n\n\n<figure class=\"wp-block-image size-full\"><img loading=\"lazy\" decoding=\"async\" width=\"640\" height=\"289\" src=\"https:\/\/felix.ares.fm\/wp-content\/uploads\/2025\/02\/IMG20241209115139_mesosn_del_pescador_La_Garrucha-min.jpg\" alt=\"\" class=\"wp-image-17481\" srcset=\"https:\/\/felix.ares.fm\/wp-content\/uploads\/2025\/02\/IMG20241209115139_mesosn_del_pescador_La_Garrucha-min.jpg 640w, https:\/\/felix.ares.fm\/wp-content\/uploads\/2025\/02\/IMG20241209115139_mesosn_del_pescador_La_Garrucha-min-300x135.jpg 300w\" sizes=\"auto, (max-width: 640px) 100vw, 640px\" \/><figcaption class=\"wp-element-caption\">Mes\u00f3n del Pescador. Bar Restaurante \u00abLa Trampa\u00bb. Garrucha.<\/figcaption><\/figure>\n\n\n<div class=\"wp-block-image\">\n<figure class=\"aligncenter size-full\"><img loading=\"lazy\" decoding=\"async\" width=\"471\" height=\"480\" src=\"https:\/\/felix.ares.fm\/wp-content\/uploads\/2025\/02\/0IMG20241209115149_direccion_restaurante_meson_del_pescador_RE-min.jpg\" alt=\"\" class=\"wp-image-17482\" srcset=\"https:\/\/felix.ares.fm\/wp-content\/uploads\/2025\/02\/0IMG20241209115149_direccion_restaurante_meson_del_pescador_RE-min.jpg 471w, https:\/\/felix.ares.fm\/wp-content\/uploads\/2025\/02\/0IMG20241209115149_direccion_restaurante_meson_del_pescador_RE-min-294x300.jpg 294w\" sizes=\"auto, (max-width: 471px) 100vw, 471px\" \/><figcaption class=\"wp-element-caption\">Servilleta del \u00abMes\u00f3n del Pescador\u00bb<\/figcaption><\/figure>\n<\/div>\n\n\n<p>Pongo la servilleta porque en ella se ve la ubicaci\u00f3n, sus especialidades y el tel\u00e9fono:<\/p>\n\n\n\n<p>Ubicaci\u00f3n: Paseo del Malec\u00f3n, 104.<\/p>\n\n\n\n<p>Tel\u00e9fono: 950 46 05 83<\/p>\n\n\n\n<p>Pedimos unas bebidas, concretamente una ca\u00f1a de cerveza y vino blanco. Nos preguntan qu\u00e9 tapa queremos y nos dicen que miremos en la barra las que hay. Elegimos una sardina frita.<\/p>\n\n\n<div class=\"wp-block-image\">\n<figure class=\"aligncenter size-full\"><img loading=\"lazy\" decoding=\"async\" width=\"217\" height=\"480\" src=\"https:\/\/felix.ares.fm\/wp-content\/uploads\/2025\/02\/IMG20241209115346_cerveza_meson_del_pescador_La_Garrucha-min.jpg\" alt=\"\" class=\"wp-image-17483\" srcset=\"https:\/\/felix.ares.fm\/wp-content\/uploads\/2025\/02\/IMG20241209115346_cerveza_meson_del_pescador_La_Garrucha-min.jpg 217w, https:\/\/felix.ares.fm\/wp-content\/uploads\/2025\/02\/IMG20241209115346_cerveza_meson_del_pescador_La_Garrucha-min-136x300.jpg 136w\" sizes=\"auto, (max-width: 217px) 100vw, 217px\" \/><figcaption class=\"wp-element-caption\">Ca\u00f1a y vino blanco.<\/figcaption><\/figure>\n<\/div>\n\n\n<figure class=\"wp-block-image size-full\"><img loading=\"lazy\" decoding=\"async\" width=\"640\" height=\"289\" src=\"https:\/\/felix.ares.fm\/wp-content\/uploads\/2025\/02\/IMG20241209115417_tapa_meson_del_pescador_La_Garrucha-gratis-min.jpg\" alt=\"\" class=\"wp-image-17484\" srcset=\"https:\/\/felix.ares.fm\/wp-content\/uploads\/2025\/02\/IMG20241209115417_tapa_meson_del_pescador_La_Garrucha-gratis-min.jpg 640w, https:\/\/felix.ares.fm\/wp-content\/uploads\/2025\/02\/IMG20241209115417_tapa_meson_del_pescador_La_Garrucha-gratis-min-300x135.jpg 300w\" sizes=\"auto, (max-width: 640px) 100vw, 640px\" \/><figcaption class=\"wp-element-caption\">Una tapa. sadina frita.<\/figcaption><\/figure>\n\n\n\n<figure class=\"wp-block-image size-full\"><img loading=\"lazy\" decoding=\"async\" width=\"640\" height=\"289\" src=\"https:\/\/felix.ares.fm\/wp-content\/uploads\/2025\/02\/IMG20241209124743_tapa_prob_calamares_meson_del_pescador_La_Garrucha-min.jpg\" alt=\"\" class=\"wp-image-17486\" srcset=\"https:\/\/felix.ares.fm\/wp-content\/uploads\/2025\/02\/IMG20241209124743_tapa_prob_calamares_meson_del_pescador_La_Garrucha-min.jpg 640w, https:\/\/felix.ares.fm\/wp-content\/uploads\/2025\/02\/IMG20241209124743_tapa_prob_calamares_meson_del_pescador_La_Garrucha-min-300x135.jpg 300w\" sizes=\"auto, (max-width: 640px) 100vw, 640px\" \/><figcaption class=\"wp-element-caption\">Otra tapa: calamares rebozados.<\/figcaption><\/figure>\n\n\n<div class=\"wp-block-image\">\n<figure class=\"aligncenter size-full\"><img loading=\"lazy\" decoding=\"async\" width=\"217\" height=\"480\" src=\"https:\/\/felix.ares.fm\/wp-content\/uploads\/2025\/02\/IMG20241209115644_mesa_meson_del_pescador_La_Garrucha-min.jpg\" alt=\"\" class=\"wp-image-17485\" srcset=\"https:\/\/felix.ares.fm\/wp-content\/uploads\/2025\/02\/IMG20241209115644_mesa_meson_del_pescador_La_Garrucha-min.jpg 217w, https:\/\/felix.ares.fm\/wp-content\/uploads\/2025\/02\/IMG20241209115644_mesa_meson_del_pescador_La_Garrucha-min-136x300.jpg 136w\" sizes=\"auto, (max-width: 217px) 100vw, 217px\" \/><figcaption class=\"wp-element-caption\">La terraza del mes\u00f3n.<\/figcaption><\/figure>\n<\/div>\n\n\n<p>Pedimos alguna cosa m\u00e1s y les nuestro otra tapa:<\/p>\n\n\n<div class=\"wp-block-image\">\n<figure class=\"aligncenter size-full\"><img loading=\"lazy\" decoding=\"async\" width=\"429\" height=\"480\" src=\"https:\/\/felix.ares.fm\/wp-content\/uploads\/2025\/02\/0IMG20241209124846_tapa_albondigas_mesosn_del_pescador_La_Gartucha-min.jpg\" alt=\"\" class=\"wp-image-17488\" srcset=\"https:\/\/felix.ares.fm\/wp-content\/uploads\/2025\/02\/0IMG20241209124846_tapa_albondigas_mesosn_del_pescador_La_Gartucha-min.jpg 429w, https:\/\/felix.ares.fm\/wp-content\/uploads\/2025\/02\/0IMG20241209124846_tapa_albondigas_mesosn_del_pescador_La_Gartucha-min-268x300.jpg 268w\" sizes=\"auto, (max-width: 429px) 100vw, 429px\" \/><figcaption class=\"wp-element-caption\">Tapa: alb\u00f3ndigas.<\/figcaption><\/figure>\n<\/div>\n\n\n<p>El precio de la cerveza especial con la tapa es de 2,20 \u20ac. El vino blanco de rueda: 2,50 \u20ac.<\/p>\n\n\n\n<p>Los camareros muy atentos y serviciales. Un lugar al que se puede volver.<\/p>\n\n\n\n<p><strong>Vuelta al autob\u00fas<\/strong><\/p>\n\n\n\n<p>Desde all\u00ed nos fuimos al bus. Lo cogimos y, al pasar por el ayuntamiento, nos dimos cuenta de que detr\u00e1s estaba el faro, el aut\u00e9ntico faro de Gurrucha.<\/p>\n\n\n\n<figure class=\"wp-block-image size-full\"><img loading=\"lazy\" decoding=\"async\" width=\"640\" height=\"478\" src=\"https:\/\/felix.ares.fm\/wp-content\/uploads\/2025\/02\/0IMG20241209132749_faro_La_Garrucha-min.jpg\" alt=\"\" class=\"wp-image-17489\" srcset=\"https:\/\/felix.ares.fm\/wp-content\/uploads\/2025\/02\/0IMG20241209132749_faro_La_Garrucha-min.jpg 640w, https:\/\/felix.ares.fm\/wp-content\/uploads\/2025\/02\/0IMG20241209132749_faro_La_Garrucha-min-300x224.jpg 300w\" sizes=\"auto, (max-width: 640px) 100vw, 640px\" \/><figcaption class=\"wp-element-caption\">El faro e Garrucha. Como la foto est\u00e1 sacada desde dentro del bus, no he podido eliminar los brillos.<\/figcaption><\/figure>\n\n\n\n<p>Este fue el aut\u00e9ntico faro de Garrucha y digo fue, pues, desde el 20 de septiembre de 2021, est\u00e1 apagado, tras 140 a\u00f1os de dar servicio<a href=\"#9\" data-type=\"internal\" data-id=\"#9\"> [9]<\/a>.<\/p>\n\n\n\n<p>Un ratito despu\u00e9s est\u00e1bamos en el comedor del hotel Adaria Vera, pero de eso hablar\u00e9 en la pr\u00f3xima entrada de este diario.<\/p>\n\n\n\n<hr class=\"wp-block-separator has-alpha-channel-opacity\"\/>\n\n\n\n<h3 class=\"wp-block-heading\"><strong>Notas<\/strong>.<\/h3>\n\n\n\n<p id=\"1\">[1] Visiedo, V\u00edctor. <em>El monumento a la Virgen del Carmen de Garrucha lucir\u00e1 como nuevo<\/em>. La Voz de Almer\u00eda del 29 de abril de 2018. <a href=\"https:\/\/www.lavozdealmeria.com\/noticia\/3\/provincia\/150941\/el-monumento-a-la-virgen-del-carmen-de-garrucha-lucira-como-nuevo\">https:\/\/www.lavozdealmeria.com\/noticia\/3\/provincia\/150941\/el-monumento-a-la-virgen-del-carmen-de-garrucha-lucira-como-nuevo<\/a><\/p>\n\n\n\n<p id=\"2\">[2] Museo del Prado. Entrad<em>a: La Virgen del Carmen<\/em>. <a href=\"https:\/\/www.museodelprado.es\/coleccion\/obra-de-arte\/la-virgen-del-carmen\/2271e3ff-9f3b-4079-98a2-18006e31f8dd\">La Virgen del Carmen &#8211; Colecci\u00f3n &#8211; Museo Nacional del Prado<\/a><\/p>\n\n\n\n<p id=\"3\">[3] Wikipedia. Entrada: <em>Sebasti\u00e1n Herrera Barnuevo<\/em>. <a href=\"https:\/\/en.wikipedia.org\/wiki\/Sebasti%C3%A1n_Herrera_Barnuevo\">https:\/\/en.wikipedia.org\/wiki\/Sebasti%C3%A1n_Herrera_Barnuevo<\/a> [Consultado el 7 de febrero de 2025]<\/p>\n\n\n\n<p id=\"4\">[4] Sim\u00f3n Carri\u00f3n, Jennifer. <em>Garrucha dedica un monumento a los donantes de sangre<\/em>. Peri\u00f3dico Ideal. Publicado el 10 de mayo de 2026. <a href=\"https:\/\/levante.ideal.es\/actualidad\/noticias\/201401\/05\/garrucha-dedica-un-monumento-a-los-donantes-de-sangre.html\">https:\/\/levante.ideal.es\/actualidad\/noticias\/201401\/05\/garrucha-dedica-un-monumento-a-los-donantes-de-sangre.html<\/a><\/p>\n\n\n\n<p id=\"5\">[5] Myalmeria. Entrada:  <em>Monumento al pescador (Garrucha)<\/em>. <\/p>\n\n\n\n<p id=\"6\">[6] Wikipedia. Entrada: <em>Puerto de Garrucha<\/em>. <a href=\"https:\/\/es.wikipedia.org\/wiki\/Puerto_de_Garrucha\">https:\/\/es.wikipedia.org\/wiki\/Puerto_de_Garrucha<\/a> [Consultado 8 de febrero de 2025].<\/p>\n\n\n\n<p id=\"7\">[7] P\u00e1gina de los pr\u00e1cticos de Gurrucha y Carboneras. Entrada: <em>Construcci\u00f3n del puerto<\/em>. <a href=\"https:\/\/www.practicosgarruchacarboneras.com\/garrucha\/construccion-del-puerto\">Construcci\u00f3n del puerto | Pr\u00e1cticos de Garrucha &amp; Carboneras<\/a><\/p>\n\n\n\n<p id=\"8\">[8] Diccionario Biogr\u00e1fico de Almer\u00eda. Entrada<strong>:<\/strong> <em>Antonio Cano Cervantes. <\/em><a href=\"https:\/\/www.dipalme.org\/Servicios\/IEA\/edba.nsf\/xlecturabiografias.xsp?ref=85\">https:\/\/www.dipalme.org\/Servicios\/IEA\/edba.nsf\/xlecturabiografias.xsp?ref=85<\/a><\/p>\n\n\n\n<p id=\"9\">[9] Autoridad portuaria de Almer\u00eda. <em>El Faro de Garrucha apaga su luz tras 140 a\u00f1os de ayuda a la navegaci\u00f3n<\/em>. <a href=\"https:\/\/apalmeria.com\/el-faro-de-garrucha-apaga-su-luz-tras-140-anos-de-ayuda-a-la-navegacion\/\">https:\/\/apalmeria.com\/el-faro-de-garrucha-apaga-su-luz-tras-140-anos-de-ayuda-a-la-navegacion\/<\/a><\/p>\n\n\n\n<p id=\"10\">[10] Navegador Brave. <a href=\"https:\/\/brave.com\/es\/\">https:\/\/brave.com\/es\/<\/a><\/p>\n\n\n\n<p id=\"11\">[11] Web Cat\u00f3lico de Javier. <em>Viacrucis. <\/em><a href=\"https:\/\/webcatolicodejavier.org\/viacrucis.html\">https:\/\/webcatolicodejavier.org\/viacrucis.html<\/a><\/p>\n\n\n\n<hr class=\"wp-block-separator has-alpha-channel-opacity\"\/>\n\n\n\n<p><strong>Nota fotos y texto<\/strong>. Salvo las fotos que tienen un agradecimiento espec\u00edfico, como por ejemplo Wikipedia, son nuestras y las licenciamos con<\/p>\n\n\n\n<p class=\"has-text-align-center\"><a href=\"http:\/\/creativecommons.org\/licenses\/by\/3.0\/deed.es_ES\" rel=\"license\"><img decoding=\"async\" src=\"http:\/\/i.creativecommons.org\/l\/by\/3.0\/88x31.png\" alt=\"Licencia de Creative Commons\"\/><\/a><br \/><br \/><a href=\"http:\/\/felix.ares.fm\" data-type=\"link\" data-id=\"felix.ares.fm\">De tapas y otras cosas por Fuengirola<\/a>&nbsp;\u00a9 2024&nbsp;by&nbsp;F\u00e9lix Ares&nbsp;is licensed under&nbsp;CC BY-SA 4.0&nbsp;. Debe indicarse que est\u00e1 creado a partir de una obra de felix.ares.fm<\/p>\n\n\n\n<p class=\"has-text-align-center\">En esta ocasi\u00f3n he contado con la colaboraci\u00f3n de Vero.<\/p>\n\n\n\n<hr class=\"wp-block-separator has-alpha-channel-opacity\"\/>\n\n\n\n<p><strong>Contacto con nosotros<\/strong>; el motivo de que no sea una imagen clara es para evitar que los robots la descubran y nos inunden el buz\u00f3n de basura.<\/p>\n\n\n<div class=\"wp-block-image\">\n<figure class=\"aligncenter is-resized\"><a href=\"http:\/\/felix.ares.fm\/?attachment_id=7476\" rel=\"attachment wp-att-7476\"><img loading=\"lazy\" decoding=\"async\" width=\"703\" height=\"499\" src=\"http:\/\/felix.ares.fm\/wp-content\/uploads\/2016\/02\/tapas.ares_.fm_.2.jpg\" alt=\"tapas.ares.fm.2\" class=\"wp-image-7476\" style=\"width:250px;height:auto\" srcset=\"https:\/\/felix.ares.fm\/wp-content\/uploads\/2016\/02\/tapas.ares_.fm_.2.jpg 703w, https:\/\/felix.ares.fm\/wp-content\/uploads\/2016\/02\/tapas.ares_.fm_.2-300x213.jpg 300w\" sizes=\"auto, (max-width: 703px) 100vw, 703px\" \/><\/a><\/figure>\n<\/div>\n\n\n<p>O bien&nbsp;rellenar el siguiente formulario:<\/p>\n\n\n\n<p><a href=\"https:\/\/felix.ares.fm\/?p=8005\">[contact_bank form_id=1 show_title=true show_desc=true<\/a>]<\/p>\n","protected":false},"excerpt":{"rendered":"<p>9 de diciembre de 2024 El d\u00eda 6 de diciembre iniciamos un viaje de cuatro d\u00edas, organizado por Juan Alcaraz. El centro de nuestras actividades estaba en un hotel de Vera. Desde all\u00ed vimos muchas cosas muy interesantes. Ir\u00e9 cont\u00e1ndolas poco a poco. En esta entrada hablar\u00e9 de una r\u00e1pida visita a \u00abGarrucha\u00bb. La distancia &hellip; <a href=\"https:\/\/felix.ares.fm\/?p=17437\" class=\"more-link\">Seguir leyendo <span class=\"screen-reader-text\">Viaje a Vera (Almer\u00eda). D\u00eda 4. Parte 1: Visita a \u00abGarrucha\u00bb (Almer\u00eda)<\/span> <span class=\"meta-nav\">&rarr;<\/span><\/a><\/p>\n","protected":false},"author":1,"featured_media":0,"comment_status":"closed","ping_status":"open","sticky":false,"template":"","format":"standard","meta":{"footnotes":""},"categories":[1161,2025,1954],"tags":[2030,2035,2036,2031,2027,2044,2033,2037,2039,2034,2029,2038,2026,2032,2042,2041,2043,2040,2028],"class_list":["post-17437","post","type-post","status-publish","format-standard","hentry","category-almeria","category-garrucha","category-vera","tag-bar-el-almejero","tag-bar-el-birra","tag-ermita-de-la-virgen-del-carnen","tag-escultura-de-la-asociacionde-donantes-de-sangre-de-almeria","tag-etimologia-de-garrucha","tag-faro-de-garrucha","tag-faro-simulado-decorativo-del-restaurante-rincon-del-puerto","tag-frescos-de-la-ermita-de-la-virgen-del-carmen","tag-meson-del-pescador","tag-monumento-al-pescador","tag-playa-de-garrucha","tag-poeta-antonio-cano-cervantes","tag-puerto-garrucha","tag-restaurante-rincon-del-puerto","tag-tapa-de-albondigas","tag-tapa-de-calamares","tag-tapa-de-sardina-frita","tag-tapas-gratis-con-las-bebidas","tag-virgen-del-carmen-en-el-puerto-de-garrucha"],"_links":{"self":[{"href":"https:\/\/felix.ares.fm\/index.php?rest_route=\/wp\/v2\/posts\/17437","targetHints":{"allow":["GET"]}}],"collection":[{"href":"https:\/\/felix.ares.fm\/index.php?rest_route=\/wp\/v2\/posts"}],"about":[{"href":"https:\/\/felix.ares.fm\/index.php?rest_route=\/wp\/v2\/types\/post"}],"author":[{"embeddable":true,"href":"https:\/\/felix.ares.fm\/index.php?rest_route=\/wp\/v2\/users\/1"}],"replies":[{"embeddable":true,"href":"https:\/\/felix.ares.fm\/index.php?rest_route=%2Fwp%2Fv2%2Fcomments&post=17437"}],"version-history":[{"count":7,"href":"https:\/\/felix.ares.fm\/index.php?rest_route=\/wp\/v2\/posts\/17437\/revisions"}],"predecessor-version":[{"id":17491,"href":"https:\/\/felix.ares.fm\/index.php?rest_route=\/wp\/v2\/posts\/17437\/revisions\/17491"}],"wp:attachment":[{"href":"https:\/\/felix.ares.fm\/index.php?rest_route=%2Fwp%2Fv2%2Fmedia&parent=17437"}],"wp:term":[{"taxonomy":"category","embeddable":true,"href":"https:\/\/felix.ares.fm\/index.php?rest_route=%2Fwp%2Fv2%2Fcategories&post=17437"},{"taxonomy":"post_tag","embeddable":true,"href":"https:\/\/felix.ares.fm\/index.php?rest_route=%2Fwp%2Fv2%2Ftags&post=17437"}],"curies":[{"name":"wp","href":"https:\/\/api.w.org\/{rel}","templated":true}]}}