{"id":17362,"date":"2025-02-04T07:37:41","date_gmt":"2025-02-04T05:37:41","guid":{"rendered":"https:\/\/felix.ares.fm\/?p=17362"},"modified":"2025-02-04T11:40:30","modified_gmt":"2025-02-04T09:40:30","slug":"viaje-a-vera-almeria-dia-3-parte-2-almuerzo-en-hotel-adaria-vera","status":"publish","type":"post","link":"https:\/\/felix.ares.fm\/?p=17362","title":{"rendered":"Viaje a Vera (Almer\u00eda). D\u00eda 3. Parte 2: Almuerzo en hotel Adaria-Vera"},"content":{"rendered":"\n<h3 class=\"wp-block-heading\">8 de diciembre de 2024<\/h3>\n\n\n\n<p><strong>El d\u00eda 6 de diciembre iniciamos un viaje de cuatro d\u00edas, organizado por Juan Alcaraz. El centro de nuestras actividades estaba en un hotel de Vera. Desde all\u00ed vimos muchas cosas muy interesantes. Ir\u00e9 cont\u00e1ndolas poco a poco. En esta entrada hablar\u00e9 del almuerzo en el hotel Adaria Vera.<\/strong><\/p>\n\n\n\n<p>Se trata de un buf\u00e9 libre. El men\u00fa de este d\u00eda era el siguiente:<\/p>\n\n\n\n<figure class=\"wp-block-image size-full\"><img loading=\"lazy\" decoding=\"async\" width=\"640\" height=\"442\" src=\"https:\/\/felix.ares.fm\/wp-content\/uploads\/2025\/02\/011IMG20241208140000_menu_hotel_Adaria_Vera.jpg\" alt=\"\" class=\"wp-image-17363\" srcset=\"https:\/\/felix.ares.fm\/wp-content\/uploads\/2025\/02\/011IMG20241208140000_menu_hotel_Adaria_Vera.jpg 640w, https:\/\/felix.ares.fm\/wp-content\/uploads\/2025\/02\/011IMG20241208140000_menu_hotel_Adaria_Vera-300x207.jpg 300w\" sizes=\"auto, (max-width: 640px) 100vw, 640px\" \/><\/figure>\n\n\n\n<figure class=\"wp-block-image size-full\"><img loading=\"lazy\" decoding=\"async\" width=\"640\" height=\"427\" src=\"https:\/\/felix.ares.fm\/wp-content\/uploads\/2025\/02\/012IMG20241208140000_menu_hotel_Adaria_Vera.jpg\" alt=\"\" class=\"wp-image-17364\" srcset=\"https:\/\/felix.ares.fm\/wp-content\/uploads\/2025\/02\/012IMG20241208140000_menu_hotel_Adaria_Vera.jpg 640w, https:\/\/felix.ares.fm\/wp-content\/uploads\/2025\/02\/012IMG20241208140000_menu_hotel_Adaria_Vera-300x200.jpg 300w\" sizes=\"auto, (max-width: 640px) 100vw, 640px\" \/><figcaption class=\"wp-element-caption\">Men\u00fa en el buf\u00e9 del d\u00eda 8 de diciembre.<\/figcaption><\/figure>\n\n\n<div class=\"wp-block-image\">\n<figure class=\"aligncenter size-full\"><img loading=\"lazy\" decoding=\"async\" width=\"360\" height=\"480\" src=\"https:\/\/felix.ares.fm\/wp-content\/uploads\/2025\/02\/IMG20241208140006_comedor__Adaria_Vera.jpg\" alt=\"\" class=\"wp-image-17365\" srcset=\"https:\/\/felix.ares.fm\/wp-content\/uploads\/2025\/02\/IMG20241208140006_comedor__Adaria_Vera.jpg 360w, https:\/\/felix.ares.fm\/wp-content\/uploads\/2025\/02\/IMG20241208140006_comedor__Adaria_Vera-225x300.jpg 225w\" sizes=\"auto, (max-width: 360px) 100vw, 360px\" \/><figcaption class=\"wp-element-caption\">Comedor del hotel Adaria Vera.<\/figcaption><\/figure>\n<\/div>\n\n\n<p>En la mesa, como todos los d\u00edas, ya estaban preparadas las bebidas: vino tinto<a href=\"#1\" data-type=\"internal\" data-id=\"#1\"> [1] <\/a>(se pod\u00eda pedir que lo cambiaran por blanco) y agua.<\/p>\n\n\n<div class=\"wp-block-image\">\n<figure class=\"aligncenter size-full\"><img loading=\"lazy\" decoding=\"async\" width=\"192\" height=\"425\" src=\"https:\/\/felix.ares.fm\/wp-content\/uploads\/2025\/02\/0IMG20241208140618_vino_tinto__Adaria_Vera-min.jpg\" alt=\"\" class=\"wp-image-17367\" srcset=\"https:\/\/felix.ares.fm\/wp-content\/uploads\/2025\/02\/0IMG20241208140618_vino_tinto__Adaria_Vera-min.jpg 192w, https:\/\/felix.ares.fm\/wp-content\/uploads\/2025\/02\/0IMG20241208140618_vino_tinto__Adaria_Vera-min-136x300.jpg 136w\" sizes=\"auto, (max-width: 192px) 100vw, 192px\" \/><figcaption class=\"wp-element-caption\">El vino ya preparado era \u00abEl Sotillo\u00bb, un sencillo vino de mesa, de las bodegas \u00abSanta Cecilia\u00bb de Castilla la Mancha.<\/figcaption><\/figure>\n<\/div>\n\n\n<p>En pr\u00f3ximas entradas mostrar\u00e9 algunos detalles del buf\u00e9. Ahora tan solo les mostrar\u00e9 los postres. Me gustaron los colores.<\/p>\n\n\n\n<figure class=\"wp-block-image size-full\"><img loading=\"lazy\" decoding=\"async\" width=\"639\" height=\"480\" src=\"https:\/\/felix.ares.fm\/wp-content\/uploads\/2025\/02\/IMG20241208143750_postres__Adaria_Vera-min.jpg\" alt=\"\" class=\"wp-image-17368\" srcset=\"https:\/\/felix.ares.fm\/wp-content\/uploads\/2025\/02\/IMG20241208143750_postres__Adaria_Vera-min.jpg 639w, https:\/\/felix.ares.fm\/wp-content\/uploads\/2025\/02\/IMG20241208143750_postres__Adaria_Vera-min-300x225.jpg 300w\" sizes=\"auto, (max-width: 639px) 100vw, 639px\" \/><figcaption class=\"wp-element-caption\">Algunos de los postres el buf\u00e9 del d\u00eda 8 de dciembre.<\/figcaption><\/figure>\n\n\n\n<p>Nada m\u00e1s. Tras la comida partimos hacia Moj\u00e1car. De ese pueblo hablar\u00e9 en mi pr\u00f3xima entrada.<\/p>\n\n\n\n<hr class=\"wp-block-separator has-alpha-channel-opacity\"\/>\n\n\n\n<p><\/p>\n\n\n\n<h3 class=\"wp-block-heading\"><strong>Notas<\/strong><\/h3>\n\n\n\n<p class=\"14\" id=\"1\">[1] Bodegas Santa Cecilia.<em> El Sotillo tinto.<\/em> <a href=\"https:\/\/santacecilia.es\/uncategorized\/el-sotillo-tinto\/\">https:\/\/santacecilia.es\/uncategorized\/el-sotillo-tinto\/<\/a><\/p>\n\n\n\n<hr class=\"wp-block-separator has-alpha-channel-opacity\"\/>\n\n\n\n<p><strong>Nota fotos y texto<\/strong>. Salvo las fotos que tienen un agradecimiento espec\u00edfico, como por ejemplo Wikipedia, son nuestras y las licenciamos con<\/p>\n\n\n\n<p class=\"has-text-align-center\"><a href=\"http:\/\/creativecommons.org\/licenses\/by\/3.0\/deed.es_ES\" rel=\"license\"><img decoding=\"async\" src=\"http:\/\/i.creativecommons.org\/l\/by\/3.0\/88x31.png\" alt=\"Licencia de Creative Commons\"\/><\/a><br \/><br \/><a href=\"http:\/\/felix.ares.fm\" data-type=\"link\" data-id=\"felix.ares.fm\">De tapas y otras cosas por Fuengirola<\/a>&nbsp;\u00a9 2024&nbsp;by&nbsp;F\u00e9lix Ares&nbsp;is licensed under&nbsp;CC BY-SA 4.0&nbsp;. Debe indicarse que est\u00e1 creado a partir de una obra de felix.ares.fm<\/p>\n\n\n\n<p class=\"has-text-align-center\">En esta ocasi\u00f3n he contado con la colaboraci\u00f3n de Vero.<\/p>\n\n\n\n<hr class=\"wp-block-separator has-alpha-channel-opacity\"\/>\n\n\n\n<p><strong>Contacto con nosotros<\/strong>; el motivo de que no sea una imagen clara es para evitar que los robots la descubran y nos inunden el buz\u00f3n de basura.<\/p>\n\n\n<div class=\"wp-block-image\">\n<figure class=\"aligncenter is-resized\"><a href=\"http:\/\/felix.ares.fm\/?attachment_id=7476\" rel=\"attachment wp-att-7476\"><img loading=\"lazy\" decoding=\"async\" width=\"703\" height=\"499\" src=\"http:\/\/felix.ares.fm\/wp-content\/uploads\/2016\/02\/tapas.ares_.fm_.2.jpg\" alt=\"tapas.ares.fm.2\" class=\"wp-image-7476\" style=\"width:250px;height:auto\" srcset=\"https:\/\/felix.ares.fm\/wp-content\/uploads\/2016\/02\/tapas.ares_.fm_.2.jpg 703w, https:\/\/felix.ares.fm\/wp-content\/uploads\/2016\/02\/tapas.ares_.fm_.2-300x213.jpg 300w\" sizes=\"auto, (max-width: 703px) 100vw, 703px\" \/><\/a><\/figure>\n<\/div>\n\n\n<p>O bien&nbsp;rellenar el siguiente formulario:<\/p>\n\n\n\n<p><a href=\"https:\/\/felix.ares.fm\/?p=8005\">[contact_bank form_id=1 show_title=true show_desc=true<\/a>]<\/p>\n","protected":false},"excerpt":{"rendered":"<p>8 de diciembre de 2024 El d\u00eda 6 de diciembre iniciamos un viaje de cuatro d\u00edas, organizado por Juan Alcaraz. El centro de nuestras actividades estaba en un hotel de Vera. Desde all\u00ed vimos muchas cosas muy interesantes. Ir\u00e9 cont\u00e1ndolas poco a poco. En esta entrada hablar\u00e9 del almuerzo en el hotel Adaria Vera. Se &hellip; <a href=\"https:\/\/felix.ares.fm\/?p=17362\" class=\"more-link\">Seguir leyendo <span class=\"screen-reader-text\">Viaje a Vera (Almer\u00eda). D\u00eda 3. Parte 2: Almuerzo en hotel Adaria-Vera<\/span> <span class=\"meta-nav\">&rarr;<\/span><\/a><\/p>\n","protected":false},"author":1,"featured_media":0,"comment_status":"closed","ping_status":"open","sticky":false,"template":"","format":"standard","meta":{"footnotes":""},"categories":[1161,1954],"tags":[],"class_list":["post-17362","post","type-post","status-publish","format-standard","hentry","category-almeria","category-vera"],"_links":{"self":[{"href":"https:\/\/felix.ares.fm\/index.php?rest_route=\/wp\/v2\/posts\/17362","targetHints":{"allow":["GET"]}}],"collection":[{"href":"https:\/\/felix.ares.fm\/index.php?rest_route=\/wp\/v2\/posts"}],"about":[{"href":"https:\/\/felix.ares.fm\/index.php?rest_route=\/wp\/v2\/types\/post"}],"author":[{"embeddable":true,"href":"https:\/\/felix.ares.fm\/index.php?rest_route=\/wp\/v2\/users\/1"}],"replies":[{"embeddable":true,"href":"https:\/\/felix.ares.fm\/index.php?rest_route=%2Fwp%2Fv2%2Fcomments&post=17362"}],"version-history":[{"count":3,"href":"https:\/\/felix.ares.fm\/index.php?rest_route=\/wp\/v2\/posts\/17362\/revisions"}],"predecessor-version":[{"id":17373,"href":"https:\/\/felix.ares.fm\/index.php?rest_route=\/wp\/v2\/posts\/17362\/revisions\/17373"}],"wp:attachment":[{"href":"https:\/\/felix.ares.fm\/index.php?rest_route=%2Fwp%2Fv2%2Fmedia&parent=17362"}],"wp:term":[{"taxonomy":"category","embeddable":true,"href":"https:\/\/felix.ares.fm\/index.php?rest_route=%2Fwp%2Fv2%2Fcategories&post=17362"},{"taxonomy":"post_tag","embeddable":true,"href":"https:\/\/felix.ares.fm\/index.php?rest_route=%2Fwp%2Fv2%2Ftags&post=17362"}],"curies":[{"name":"wp","href":"https:\/\/api.w.org\/{rel}","templated":true}]}}