{"id":172,"date":"2011-01-18T09:38:29","date_gmt":"2011-01-18T07:38:29","guid":{"rendered":"http:\/\/felix.ares.fm\/?p=172"},"modified":"2011-02-01T23:02:35","modified_gmt":"2011-02-01T21:02:35","slug":"bar-cafe-%c2%abil-duomo%c2%bb-la-taberna-de-las-tapas","status":"publish","type":"post","link":"https:\/\/felix.ares.fm\/?p=172","title":{"rendered":"Bar Caf\u00e9 \u00abIl Duomo\u00bb, la catedral de las tapas"},"content":{"rendered":"<p><strong>Destacamos: Cada d\u00eda ofrecen cuatro o cinco tapas cada una de ellas a 1 \u20ac. Tambi\u00e9n hay una gran variedad de tapas m\u00e1s sofisticadas de las que por 9 \u20ac puedes elegir cinco.<\/strong><\/p>\n<p>El bar es de reciente apertura pues se inaugur\u00f3 en el a\u00f1o 2010.<\/p>\n<p>Tiene una terraza cubierta muy agradable, tanto como el due\u00f1o que es atent\u00edsimo.<\/p>\n<p>Tiene tanto men\u00fas del d\u00eda como platos combinados y servicio a la carta. Hay distintos men\u00fas entre 7,50 \u20ac y 8,50 que incluyen dos platos y un postre o caf\u00e9. La relaci\u00f3n calidad\/precio es estupenda.<\/p>\n<p>Entre las tapas a 1 \u20ac que hemos probado est\u00e1n: callos, salmorejo, ensaladilla rusa, tortilla de patata y patatas ali-oli. Insistimos en que cada d\u00eda la oferta es distinta.<\/p>\n<p>Otro detalle a destacar es que cuesta lo mismo servido en la barra que sentado en una mea interior o en la terraza.<\/p>\n<p>El interior est\u00e1 ambientado con un estilo de antigua de mes\u00f3n, con muebles color beige.<\/p>\n<p>Un detalle a veces importante: los ba\u00f1os muy limpios.<\/p>\n<p>Algunos precios de cosas que hemos probado:<\/p>\n<p>Vaso vino Rioja, 1,35<br \/>\nCerveza, ca\u00f1a 1,20<br \/>\nInfusiones y caf\u00e9 1,20,<\/p>\n<p>Ubicaci\u00f3n:<br \/>\nc\/ Jes\u00fas Santos Rein 1<br \/>\nCerca de Caja Madrid y de la estaci\u00f3n de Renfe cercan\u00edas.<br \/>\nTel\u00e9fono: 616 99 79 88<br \/>\nbar.cafe.il.duomo(ARROBA)gmail.com<\/p>\n<figure id=\"attachment_176\" aria-describedby=\"caption-attachment-176\" style=\"width: 300px\" class=\"wp-caption aligncenter\"><a href=\"http:\/\/felix.ares.fm\/wp-content\/uploads\/2011\/01\/52.jpg\"><img loading=\"lazy\" decoding=\"async\" class=\"size-medium wp-image-176\" title=\"5\" src=\"http:\/\/felix.ares.fm\/wp-content\/uploads\/2011\/01\/52-300x225.jpg\" alt=\"\" width=\"300\" height=\"225\" srcset=\"https:\/\/felix.ares.fm\/wp-content\/uploads\/2011\/01\/52-300x225.jpg 300w, https:\/\/felix.ares.fm\/wp-content\/uploads\/2011\/01\/52-1024x768.jpg 1024w\" sizes=\"auto, (max-width: 300px) 100vw, 300px\" \/><\/a><figcaption id=\"caption-attachment-176\" class=\"wp-caption-text\">Il Du&#39;omo la catedral de las tapas<\/figcaption><\/figure>\n<figure id=\"attachment_177\" aria-describedby=\"caption-attachment-177\" style=\"width: 300px\" class=\"wp-caption aligncenter\"><a href=\"http:\/\/felix.ares.fm\/wp-content\/uploads\/2011\/01\/15.jpg\"><img loading=\"lazy\" decoding=\"async\" class=\"size-medium wp-image-177\" title=\"1\" src=\"http:\/\/felix.ares.fm\/wp-content\/uploads\/2011\/01\/15-300x225.jpg\" alt=\"\" width=\"300\" height=\"225\" srcset=\"https:\/\/felix.ares.fm\/wp-content\/uploads\/2011\/01\/15-300x225.jpg 300w, https:\/\/felix.ares.fm\/wp-content\/uploads\/2011\/01\/15-1024x768.jpg 1024w\" sizes=\"auto, (max-width: 300px) 100vw, 300px\" \/><\/a><figcaption id=\"caption-attachment-177\" class=\"wp-caption-text\">Terraza<\/figcaption><\/figure>\n<figure id=\"attachment_178\" aria-describedby=\"caption-attachment-178\" style=\"width: 300px\" class=\"wp-caption aligncenter\"><a href=\"http:\/\/felix.ares.fm\/wp-content\/uploads\/2011\/01\/21.jpg\"><img loading=\"lazy\" decoding=\"async\" class=\"size-medium wp-image-178\" title=\"2\" src=\"http:\/\/felix.ares.fm\/wp-content\/uploads\/2011\/01\/21-300x225.jpg\" alt=\"\" width=\"300\" height=\"225\" srcset=\"https:\/\/felix.ares.fm\/wp-content\/uploads\/2011\/01\/21-300x225.jpg 300w, https:\/\/felix.ares.fm\/wp-content\/uploads\/2011\/01\/21.jpg 719w\" sizes=\"auto, (max-width: 300px) 100vw, 300px\" \/><\/a><figcaption id=\"caption-attachment-178\" class=\"wp-caption-text\">El interior. En la pizarra la oferta<\/figcaption><\/figure>\n<figure id=\"attachment_179\" aria-describedby=\"caption-attachment-179\" style=\"width: 300px\" class=\"wp-caption aligncenter\"><a href=\"http:\/\/felix.ares.fm\/wp-content\/uploads\/2011\/01\/32.jpg\"><img loading=\"lazy\" decoding=\"async\" class=\"size-medium wp-image-179\" title=\"3\" src=\"http:\/\/felix.ares.fm\/wp-content\/uploads\/2011\/01\/32-300x225.jpg\" alt=\"\" width=\"300\" height=\"225\" srcset=\"https:\/\/felix.ares.fm\/wp-content\/uploads\/2011\/01\/32-300x225.jpg 300w, https:\/\/felix.ares.fm\/wp-content\/uploads\/2011\/01\/32.jpg 719w\" sizes=\"auto, (max-width: 300px) 100vw, 300px\" \/><\/a><figcaption id=\"caption-attachment-179\" class=\"wp-caption-text\">Interior<\/figcaption><\/figure>\n<figure id=\"attachment_180\" aria-describedby=\"caption-attachment-180\" style=\"width: 300px\" class=\"wp-caption aligncenter\"><a href=\"http:\/\/felix.ares.fm\/wp-content\/uploads\/2011\/01\/42.jpg\"><img loading=\"lazy\" decoding=\"async\" class=\"size-medium wp-image-180\" title=\"4\" src=\"http:\/\/felix.ares.fm\/wp-content\/uploads\/2011\/01\/42-300x225.jpg\" alt=\"\" width=\"300\" height=\"225\" srcset=\"https:\/\/felix.ares.fm\/wp-content\/uploads\/2011\/01\/42-300x225.jpg 300w, https:\/\/felix.ares.fm\/wp-content\/uploads\/2011\/01\/42-1024x768.jpg 1024w\" sizes=\"auto, (max-width: 300px) 100vw, 300px\" \/><\/a><figcaption id=\"caption-attachment-180\" class=\"wp-caption-text\">Otra imagen del interior<\/figcaption><\/figure>\n<figure id=\"attachment_181\" aria-describedby=\"caption-attachment-181\" style=\"width: 300px\" class=\"wp-caption aligncenter\"><a href=\"http:\/\/felix.ares.fm\/wp-content\/uploads\/2011\/01\/61.jpg\"><img loading=\"lazy\" decoding=\"async\" class=\"size-medium wp-image-181\" title=\"6\" src=\"http:\/\/felix.ares.fm\/wp-content\/uploads\/2011\/01\/61-300x276.jpg\" alt=\"\" width=\"300\" height=\"276\" srcset=\"https:\/\/felix.ares.fm\/wp-content\/uploads\/2011\/01\/61-300x276.jpg 300w, https:\/\/felix.ares.fm\/wp-content\/uploads\/2011\/01\/61.jpg 719w\" sizes=\"auto, (max-width: 300px) 100vw, 300px\" \/><\/a><figcaption id=\"caption-attachment-181\" class=\"wp-caption-text\">Ubicaci\u00f3n. Avda Jes\u00fas Santos Rein, esquina Avda. de Mijas (En el n\u00famero 6 de esa misma calle est\u00e1 el ayuntamiento)<\/figcaption><\/figure>\n","protected":false},"excerpt":{"rendered":"<p>Destacamos: Cada d\u00eda ofrecen cuatro o cinco tapas cada una de ellas a 1 \u20ac. Tambi\u00e9n hay una gran variedad de tapas m\u00e1s sofisticadas de las que por 9 \u20ac puedes elegir cinco. El bar es de reciente apertura pues se inaugur\u00f3 en el a\u00f1o 2010. Tiene una terraza cubierta muy agradable, tanto como el &hellip; <a href=\"https:\/\/felix.ares.fm\/?p=172\" class=\"more-link\">Seguir leyendo <span class=\"screen-reader-text\">Bar Caf\u00e9 \u00abIl Duomo\u00bb, la catedral de las tapas<\/span> <span class=\"meta-nav\">&rarr;<\/span><\/a><\/p>\n","protected":false},"author":1,"featured_media":0,"comment_status":"open","ping_status":"open","sticky":false,"template":"","format":"standard","meta":{"footnotes":""},"categories":[1],"tags":[12,13,14,598],"class_list":["post-172","post","type-post","status-publish","format-standard","hentry","category-bares-y-restaurantes-en-fuengirola","tag-fuengirola","tag-menus-del-dia","tag-platos-combinados","tag-tapas"],"_links":{"self":[{"href":"https:\/\/felix.ares.fm\/index.php?rest_route=\/wp\/v2\/posts\/172","targetHints":{"allow":["GET"]}}],"collection":[{"href":"https:\/\/felix.ares.fm\/index.php?rest_route=\/wp\/v2\/posts"}],"about":[{"href":"https:\/\/felix.ares.fm\/index.php?rest_route=\/wp\/v2\/types\/post"}],"author":[{"embeddable":true,"href":"https:\/\/felix.ares.fm\/index.php?rest_route=\/wp\/v2\/users\/1"}],"replies":[{"embeddable":true,"href":"https:\/\/felix.ares.fm\/index.php?rest_route=%2Fwp%2Fv2%2Fcomments&post=172"}],"version-history":[{"count":0,"href":"https:\/\/felix.ares.fm\/index.php?rest_route=\/wp\/v2\/posts\/172\/revisions"}],"wp:attachment":[{"href":"https:\/\/felix.ares.fm\/index.php?rest_route=%2Fwp%2Fv2%2Fmedia&parent=172"}],"wp:term":[{"taxonomy":"category","embeddable":true,"href":"https:\/\/felix.ares.fm\/index.php?rest_route=%2Fwp%2Fv2%2Fcategories&post=172"},{"taxonomy":"post_tag","embeddable":true,"href":"https:\/\/felix.ares.fm\/index.php?rest_route=%2Fwp%2Fv2%2Ftags&post=172"}],"curies":[{"name":"wp","href":"https:\/\/api.w.org\/{rel}","templated":true}]}}