{"id":17169,"date":"2025-01-25T10:25:49","date_gmt":"2025-01-25T08:25:49","guid":{"rendered":"https:\/\/felix.ares.fm\/?p=17169"},"modified":"2025-01-29T20:10:46","modified_gmt":"2025-01-29T18:10:46","slug":"viaje-a-vera-almeria-dia-1-parte-5-desde-mariscos-a-lo-loco-hasta-el-hotel-en-vera-almeria","status":"publish","type":"post","link":"https:\/\/felix.ares.fm\/?p=17169","title":{"rendered":"Viaje a Vera (Almer\u00eda). D\u00eda 1-parte (y 5): Desde \u00abMariscos a lo loco\u00bb hasta el hotel en Vera (Almer\u00eda)"},"content":{"rendered":"\n<h3 class=\"wp-block-heading\">6 de diciembre de 2024<\/h3>\n\n\n\n<p><strong>El d\u00eda 6 de diciembre iniciamos un viaje de cuatro d\u00edas, organizado por Juan Alcaraz. El centro de nuestras actividades estaba en un hotel de Vera. Desde all\u00ed vimos muchas cosas muy interesantes. Ir\u00e9 cont\u00e1ndolas poco a poco. En esta entrada hablar\u00e9 de la salida del restaurante \u00abLa Pe\u00f1a\u00bb y la llegada al Hotel Adaria de Vera (Almer\u00eda)<\/strong><\/p>\n\n\n\n<figure class=\"wp-block-image size-full\"><img loading=\"lazy\" decoding=\"async\" width=\"745\" height=\"501\" src=\"https:\/\/felix.ares.fm\/wp-content\/uploads\/2025\/01\/0ruta_lorca_vera.jpg\" alt=\"\" class=\"wp-image-17158\" srcset=\"https:\/\/felix.ares.fm\/wp-content\/uploads\/2025\/01\/0ruta_lorca_vera.jpg 745w, https:\/\/felix.ares.fm\/wp-content\/uploads\/2025\/01\/0ruta_lorca_vera-300x202.jpg 300w\" sizes=\"auto, (max-width: 745px) 100vw, 745px\" \/><figcaption class=\"wp-element-caption\">Ruta desde \u00abMariscos a lo bestia\u00bb hasta el hotel Adaria de Vera. Mapa gentileza de Google Maps.<\/figcaption><\/figure>\n\n\n\n<p>Cuando terminamos de comer ya era de noche. En lo alto de Lorca destacaba su castillo iluminado.<\/p>\n\n\n\n<figure class=\"wp-block-image size-full\"><img loading=\"lazy\" decoding=\"async\" width=\"640\" height=\"289\" src=\"https:\/\/felix.ares.fm\/wp-content\/uploads\/2025\/01\/0IMG20241206184007_murallas_de_lorca_por_la_noche.jpg\" alt=\"\" class=\"wp-image-17159\" srcset=\"https:\/\/felix.ares.fm\/wp-content\/uploads\/2025\/01\/0IMG20241206184007_murallas_de_lorca_por_la_noche.jpg 640w, https:\/\/felix.ares.fm\/wp-content\/uploads\/2025\/01\/0IMG20241206184007_murallas_de_lorca_por_la_noche-300x135.jpg 300w\" sizes=\"auto, (max-width: 640px) 100vw, 640px\" \/><figcaption class=\"wp-element-caption\">Castillo de Lorca iluminado por la noche.<\/figcaption><\/figure>\n\n\n\n<p>En Wikipedia podemos leer la historia de este castillo<a href=\"#1\" data-type=\"internal\" data-id=\"#1\"> [1]<\/a>:<\/p>\n\n\n\n<blockquote class=\"wp-block-quote is-layout-flow wp-block-quote-is-layout-flow\">\n<p>El&nbsp;<strong>Castillo de&nbsp;<a href=\"https:\/\/es.wikipedia.org\/wiki\/Lorca\">Lorca<\/a><\/strong>&nbsp;(<a href=\"https:\/\/es.wikipedia.org\/wiki\/Regi%C3%B3n_de_Murcia\">Murcia<\/a>,&nbsp;<a href=\"https:\/\/es.wikipedia.org\/wiki\/Espa%C3%B1a\">Espa\u00f1a<\/a>) es una fortaleza de origen medieval construida entre los siglos&nbsp;IX&nbsp;y&nbsp;XV. Comprende una serie de estructuras defensivas que, durante la Edad Media, convirtieron a la ciudad y a su fortaleza en un punto inexpugnable del sureste peninsular. El castillo de&nbsp;<a href=\"https:\/\/es.wikipedia.org\/wiki\/Lorca\">Lorca<\/a>&nbsp;fue un basti\u00f3n clave en las contiendas entre cristianos y musulmanes en la&nbsp;<a href=\"https:\/\/es.wikipedia.org\/wiki\/Frontera_de_Granada\">frontera de Granada<\/a>. Se encuentra catalogado como&nbsp;<a href=\"https:\/\/es.wikipedia.org\/wiki\/Bien_de_Inter%C3%A9s_Cultural_(Espa%C3%B1a)\">Bien de Inter\u00e9s Cultural<\/a><sup><a href=\"https:\/\/es.wikipedia.org\/wiki\/Castillo_de_Lorca#cite_note-1\">1<\/a><\/sup>\u200b y dentro de la delimitaci\u00f3n del&nbsp;<a href=\"https:\/\/es.wikipedia.org\/wiki\/Conjunto_hist%C3%B3rico-art%C3%ADstico_de_Lorca\">conjunto hist\u00f3rico-art\u00edstico de Lorca<\/a>.<\/p>\n<\/blockquote>\n\n\n\n<p>El viaje hasta el hotel Adaria en Vera (Almer\u00eda) <a href=\"#2\" data-type=\"internal\" data-id=\"#2\">[2] <\/a>transcurri\u00f3 sin incidentes. <\/p>\n\n\n\n<figure class=\"wp-block-image size-full\"><img loading=\"lazy\" decoding=\"async\" width=\"640\" height=\"289\" src=\"https:\/\/felix.ares.fm\/wp-content\/uploads\/2025\/01\/IMG20241206193944_hotel_adaria_vera.jpg\" alt=\"\" class=\"wp-image-17160\" srcset=\"https:\/\/felix.ares.fm\/wp-content\/uploads\/2025\/01\/IMG20241206193944_hotel_adaria_vera.jpg 640w, https:\/\/felix.ares.fm\/wp-content\/uploads\/2025\/01\/IMG20241206193944_hotel_adaria_vera-300x135.jpg 300w\" sizes=\"auto, (max-width: 640px) 100vw, 640px\" \/><figcaption class=\"wp-element-caption\">Fachada del hotel Adaria Vera.<\/figcaption><\/figure>\n\n\n\n<p>Lo primero que hicimos fue subir a la habitaci\u00f3n. <\/p>\n\n\n\n<figure class=\"wp-block-image size-full\"><img loading=\"lazy\" decoding=\"async\" width=\"640\" height=\"289\" src=\"https:\/\/felix.ares.fm\/wp-content\/uploads\/2025\/01\/IMG20241206195509_Hotel_Adaria_Vera.jpg\" alt=\"\" class=\"wp-image-17161\" srcset=\"https:\/\/felix.ares.fm\/wp-content\/uploads\/2025\/01\/IMG20241206195509_Hotel_Adaria_Vera.jpg 640w, https:\/\/felix.ares.fm\/wp-content\/uploads\/2025\/01\/IMG20241206195509_Hotel_Adaria_Vera-300x135.jpg 300w\" sizes=\"auto, (max-width: 640px) 100vw, 640px\" \/><figcaption class=\"wp-element-caption\">Habitaci\u00f3n del hotel Adaria de Vera.<\/figcaption><\/figure>\n\n\n\n<p>Como pueden ver se trata de una habitaci\u00f3n t\u00edpica de un hotel de cuatro estrellas.<\/p>\n\n\n\n<p>De momento no les cuento nada m\u00e1s. A lo largo de los dem\u00e1s d\u00edas de viaje ir\u00e9 se\u00f1alando m\u00e1s cosas.<\/p>\n\n\n\n<p>Hasta ma\u00f1ana<\/p>\n\n\n\n<hr class=\"wp-block-separator has-alpha-channel-opacity\"\/>\n\n\n\n<h3 class=\"wp-block-heading\"><strong>Notas<\/strong><\/h3>\n\n\n\n<p id=\"1\">[1] Wikipedia. Entrada: <em>Castillo de Lorca<\/em>.<a href=\"https:\/\/es.wikipedia.org\/wiki\/Castillo_de_Lorca\">https:\/\/es.wikipedia.org\/wiki\/Castillo_de_Lorca<\/a> [Consultado el 25 de enero de 2025]<\/p>\n\n\n\n<p id=\"2\">[2] P\u00e1gina oficial del hotel Adaria Vera. <a href=\"https:\/\/www.hoteladariavera.com\/\">https:\/\/www.hoteladariavera.com\/<\/a><\/p>\n\n\n\n<hr class=\"wp-block-separator has-alpha-channel-opacity\"\/>\n\n\n\n<p><strong>Nota fotos y texto<\/strong>. Salvo las fotos que tienen un agradecimiento espec\u00edfico, como por ejemplo Wikipedia, son nuestras y las licenciamos con<\/p>\n\n\n\n<p class=\"has-text-align-center\"><a href=\"http:\/\/creativecommons.org\/licenses\/by\/3.0\/deed.es_ES\" rel=\"license\"><img decoding=\"async\" src=\"http:\/\/i.creativecommons.org\/l\/by\/3.0\/88x31.png\" alt=\"Licencia de Creative Commons\"\/><\/a><br \/><br \/><a href=\"http:\/\/felix.ares.fm\" data-type=\"link\" data-id=\"felix.ares.fm\">De tapas y otras cosas por Fuengirola<\/a>&nbsp;\u00a9 2024&nbsp;by&nbsp;F\u00e9lix Ares&nbsp;is licensed under&nbsp;CC BY-SA 4.0&nbsp;. Debe indicarse que est\u00e1 creado a partir de una obra de felix.ares.fm<\/p>\n\n\n\n<p class=\"has-text-align-center\">En esta ocasi\u00f3n he contado con la colaboraci\u00f3n de Vero.<\/p>\n\n\n\n<hr class=\"wp-block-separator has-alpha-channel-opacity\"\/>\n\n\n\n<p><strong>Contacto con nosotros<\/strong>; el motivo de que no sea una imagen clara es para evitar que los robots la descubran y nos inunden el buz\u00f3n de basura.<\/p>\n\n\n<div class=\"wp-block-image\">\n<figure class=\"aligncenter is-resized\"><a href=\"http:\/\/felix.ares.fm\/?attachment_id=7476\" rel=\"attachment wp-att-7476\"><img loading=\"lazy\" decoding=\"async\" width=\"703\" height=\"499\" src=\"http:\/\/felix.ares.fm\/wp-content\/uploads\/2016\/02\/tapas.ares_.fm_.2.jpg\" alt=\"tapas.ares.fm.2\" class=\"wp-image-7476\" style=\"width:250px;height:auto\" srcset=\"https:\/\/felix.ares.fm\/wp-content\/uploads\/2016\/02\/tapas.ares_.fm_.2.jpg 703w, https:\/\/felix.ares.fm\/wp-content\/uploads\/2016\/02\/tapas.ares_.fm_.2-300x213.jpg 300w\" sizes=\"auto, (max-width: 703px) 100vw, 703px\" \/><\/a><\/figure>\n<\/div>\n\n\n<p>O bien&nbsp;rellenar el siguiente formulario:<\/p>\n\n\n\n<p><a href=\"https:\/\/felix.ares.fm\/?p=8005\">[contact_bank form_id=1 show_title=true show_desc=true<\/a>]<\/p>\n","protected":false},"excerpt":{"rendered":"<p>6 de diciembre de 2024 El d\u00eda 6 de diciembre iniciamos un viaje de cuatro d\u00edas, organizado por Juan Alcaraz. El centro de nuestras actividades estaba en un hotel de Vera. Desde all\u00ed vimos muchas cosas muy interesantes. Ir\u00e9 cont\u00e1ndolas poco a poco. En esta entrada hablar\u00e9 de la salida del restaurante \u00abLa Pe\u00f1a\u00bb y &hellip; <a href=\"https:\/\/felix.ares.fm\/?p=17169\" class=\"more-link\">Seguir leyendo <span class=\"screen-reader-text\">Viaje a Vera (Almer\u00eda). D\u00eda 1-parte (y 5): Desde \u00abMariscos a lo loco\u00bb hasta el hotel en Vera (Almer\u00eda)<\/span> <span class=\"meta-nav\">&rarr;<\/span><\/a><\/p>\n","protected":false},"author":1,"featured_media":0,"comment_status":"closed","ping_status":"open","sticky":false,"template":"","format":"standard","meta":{"footnotes":""},"categories":[1161,1115,1114,1954],"tags":[1955,1956],"class_list":["post-17169","post","type-post","status-publish","format-standard","hentry","category-almeria","category-lorca","category-murcia","category-vera","tag-castillo-de-lorca","tag-hotel-adaria-en-vera"],"_links":{"self":[{"href":"https:\/\/felix.ares.fm\/index.php?rest_route=\/wp\/v2\/posts\/17169","targetHints":{"allow":["GET"]}}],"collection":[{"href":"https:\/\/felix.ares.fm\/index.php?rest_route=\/wp\/v2\/posts"}],"about":[{"href":"https:\/\/felix.ares.fm\/index.php?rest_route=\/wp\/v2\/types\/post"}],"author":[{"embeddable":true,"href":"https:\/\/felix.ares.fm\/index.php?rest_route=\/wp\/v2\/users\/1"}],"replies":[{"embeddable":true,"href":"https:\/\/felix.ares.fm\/index.php?rest_route=%2Fwp%2Fv2%2Fcomments&post=17169"}],"version-history":[{"count":3,"href":"https:\/\/felix.ares.fm\/index.php?rest_route=\/wp\/v2\/posts\/17169\/revisions"}],"predecessor-version":[{"id":17186,"href":"https:\/\/felix.ares.fm\/index.php?rest_route=\/wp\/v2\/posts\/17169\/revisions\/17186"}],"wp:attachment":[{"href":"https:\/\/felix.ares.fm\/index.php?rest_route=%2Fwp%2Fv2%2Fmedia&parent=17169"}],"wp:term":[{"taxonomy":"category","embeddable":true,"href":"https:\/\/felix.ares.fm\/index.php?rest_route=%2Fwp%2Fv2%2Fcategories&post=17169"},{"taxonomy":"post_tag","embeddable":true,"href":"https:\/\/felix.ares.fm\/index.php?rest_route=%2Fwp%2Fv2%2Ftags&post=17169"}],"curies":[{"name":"wp","href":"https:\/\/api.w.org\/{rel}","templated":true}]}}