{"id":16981,"date":"2025-01-17T06:15:21","date_gmt":"2025-01-17T04:15:21","guid":{"rendered":"https:\/\/felix.ares.fm\/?p=16981"},"modified":"2025-01-18T05:42:29","modified_gmt":"2025-01-18T03:42:29","slug":"algunas-luces-de-navidad-fuengirola","status":"publish","type":"post","link":"https:\/\/felix.ares.fm\/?p=16981","title":{"rendered":"Algunas luces de Navidad, Fuengirola."},"content":{"rendered":"\n<h3 class=\"wp-block-heading\">1 de diciembre de 2024<\/h3>\n\n\n\n<p>Hay una paradoja, llamada De Jevons, que dice que cuando disminuye el precio de un cierto producto, se consume m\u00e1s y el resultado final es que se gasta m\u00e1s que antes de la disminuci\u00f3n de precio <a href=\"#1\" data-type=\"internal\" data-id=\"#1\">[1]<\/a>. Creo que un ejemplo de esta paradoja es la iluminaci\u00f3n de Navidad en los ayuntamientos de Espa\u00f1a. Por ejemplo, que el ayuntamiento de Vigo ha usado nada menos que 11,5 millones de ledes para sus luces de Navidad. Como cada led consume muy poco, usamos muchos, y el resultado final es que se consume m\u00e1s  energ\u00eda que antes. Esa es la paradoja de Jevons<a href=\"#2\" data-type=\"internal\" data-id=\"#2\"> [2]<\/a>. Como cada led consume una cent\u00e9sima parte de una bombilla incandescente con su misma luminosidad, se considera que el LED es barato [en cuanto a consumo de energ\u00eda] y se ponen millones, por lo que el consumo final es mayor. \u00a1Paradoja de Jevons! <\/p>\n\n\n\n<p>El ayuntamiento de Fuengirola no es ajeno a ello y ca\u00eddo en las mismas trampas. S\u00e9 que es una trampa, pero est\u00e9ticamente me gusta.<\/p>\n\n\n\n<p>No pretendo ser exhaustivo, tan solo quiero poner unas muestras de lo que han sido las luces de Navidad en Fuengirola en 2024.<\/p>\n\n\n\n<p>Ha habido una de esa luces, que creo que quiere imitar una bola de Navidad adornada que me ha gustado mucho. Me ha parecido original y con colores muy bonitos.<\/p>\n\n\n\n<figure class=\"wp-block-image size-full\"><img loading=\"lazy\" decoding=\"async\" width=\"640\" height=\"289\" src=\"https:\/\/felix.ares.fm\/wp-content\/uploads\/2025\/01\/IMG20241202183922-min.jpg\" alt=\"\" class=\"wp-image-16984\" srcset=\"https:\/\/felix.ares.fm\/wp-content\/uploads\/2025\/01\/IMG20241202183922-min.jpg 640w, https:\/\/felix.ares.fm\/wp-content\/uploads\/2025\/01\/IMG20241202183922-min-300x135.jpg 300w\" sizes=\"auto, (max-width: 640px) 100vw, 640px\" \/><figcaption class=\"wp-element-caption\">Nuevo tipo de luces. Parece una bola de \u00e1rbol de Navidad decorada. Est\u00e1 en Los Boliches.<\/figcaption><\/figure>\n\n\n\n<figure class=\"wp-block-image size-full\"><img loading=\"lazy\" decoding=\"async\" width=\"640\" height=\"289\" src=\"https:\/\/felix.ares.fm\/wp-content\/uploads\/2025\/01\/IMG_20241203_160923-min.jpg\" alt=\"\" class=\"wp-image-16985\" srcset=\"https:\/\/felix.ares.fm\/wp-content\/uploads\/2025\/01\/IMG_20241203_160923-min.jpg 640w, https:\/\/felix.ares.fm\/wp-content\/uploads\/2025\/01\/IMG_20241203_160923-min-300x135.jpg 300w\" sizes=\"auto, (max-width: 640px) 100vw, 640px\" \/><figcaption class=\"wp-element-caption\">Detalle de la bola.<\/figcaption><\/figure>\n\n\n\n<figure class=\"wp-block-image size-full\"><img loading=\"lazy\" decoding=\"async\" width=\"640\" height=\"289\" src=\"https:\/\/felix.ares.fm\/wp-content\/uploads\/2025\/01\/IMG20241201195440_ILU.jpg\" alt=\"\" class=\"wp-image-16986\" srcset=\"https:\/\/felix.ares.fm\/wp-content\/uploads\/2025\/01\/IMG20241201195440_ILU.jpg 640w, https:\/\/felix.ares.fm\/wp-content\/uploads\/2025\/01\/IMG20241201195440_ILU-300x135.jpg 300w\" sizes=\"auto, (max-width: 640px) 100vw, 640px\" \/><figcaption class=\"wp-element-caption\">En la Plaza de la Hispanidad han decorado los \u00e1rboles con estos ledes de color violeta.<\/figcaption><\/figure>\n\n\n<div class=\"wp-block-image\">\n<figure class=\"aligncenter size-full\"><img loading=\"lazy\" decoding=\"async\" width=\"217\" height=\"480\" src=\"https:\/\/felix.ares.fm\/wp-content\/uploads\/2025\/01\/IMG20241201195520-min.jpg\" alt=\"\" class=\"wp-image-16987\" srcset=\"https:\/\/felix.ares.fm\/wp-content\/uploads\/2025\/01\/IMG20241201195520-min.jpg 217w, https:\/\/felix.ares.fm\/wp-content\/uploads\/2025\/01\/IMG20241201195520-min-136x300.jpg 136w\" sizes=\"auto, (max-width: 217px) 100vw, 217px\" \/><figcaption class=\"wp-element-caption\">Detalle de un \u00e1rbol y el chorro de una fuente.<\/figcaption><\/figure>\n<\/div>\n\n\n<figure class=\"wp-block-image size-full\"><img loading=\"lazy\" decoding=\"async\" width=\"640\" height=\"289\" src=\"https:\/\/felix.ares.fm\/wp-content\/uploads\/2025\/01\/IMG20241201195530-min.jpg\" alt=\"\" class=\"wp-image-16988\" srcset=\"https:\/\/felix.ares.fm\/wp-content\/uploads\/2025\/01\/IMG20241201195530-min.jpg 640w, https:\/\/felix.ares.fm\/wp-content\/uploads\/2025\/01\/IMG20241201195530-min-300x135.jpg 300w\" sizes=\"auto, (max-width: 640px) 100vw, 640px\" \/><figcaption class=\"wp-element-caption\">Las luces de cerca.<\/figcaption><\/figure>\n\n\n<div class=\"wp-block-image\">\n<figure class=\"aligncenter size-full\"><img loading=\"lazy\" decoding=\"async\" width=\"217\" height=\"480\" src=\"https:\/\/felix.ares.fm\/wp-content\/uploads\/2025\/01\/IMG20241201195525-min.jpg\" alt=\"\" class=\"wp-image-16989\" srcset=\"https:\/\/felix.ares.fm\/wp-content\/uploads\/2025\/01\/IMG20241201195525-min.jpg 217w, https:\/\/felix.ares.fm\/wp-content\/uploads\/2025\/01\/IMG20241201195525-min-136x300.jpg 136w\" sizes=\"auto, (max-width: 217px) 100vw, 217px\" \/><figcaption class=\"wp-element-caption\">Detalle del chorro.<\/figcaption><\/figure>\n<\/div>\n\n\n<p>En la plaza de San Rafael hay un \u00abcono\u00bb gigante. No s\u00e9 muy bien por qu\u00e9 se ha puesto de moda en toda Espa\u00f1a hacer que la representaci\u00f3n de un \u00e1rbol sea un cono. S\u00ed, estoy de acuerdo en que hay abetos que es su parte superior parecen un cono, pero en la inferior tienen el tronco. Para m\u00ed, a estos \u00e1rboles con luces les falta el tronco.<\/p>\n\n\n<div class=\"wp-block-image\">\n<figure class=\"aligncenter size-full\"><img loading=\"lazy\" decoding=\"async\" width=\"217\" height=\"480\" src=\"https:\/\/felix.ares.fm\/wp-content\/uploads\/2025\/01\/IMG20241202192556-min.jpg\" alt=\"\" class=\"wp-image-16990\" srcset=\"https:\/\/felix.ares.fm\/wp-content\/uploads\/2025\/01\/IMG20241202192556-min.jpg 217w, https:\/\/felix.ares.fm\/wp-content\/uploads\/2025\/01\/IMG20241202192556-min-136x300.jpg 136w\" sizes=\"auto, (max-width: 217px) 100vw, 217px\" \/><figcaption class=\"wp-element-caption\">\u00c1rbol gigante en la plaza de San Rafael. Calculo tien unos diez metros de altura.<\/figcaption><\/figure>\n<\/div>\n\n\n<p>En el parque infantil, una de cuyas calles es Monaguillo, hay un \u00e1rbol, tambi\u00e9n un cono, mucho m\u00e1s peque\u00f1o, pero con luces bonitas.<\/p>\n\n\n<div class=\"wp-block-image\">\n<figure class=\"aligncenter size-full\"><img loading=\"lazy\" decoding=\"async\" width=\"217\" height=\"480\" src=\"https:\/\/felix.ares.fm\/wp-content\/uploads\/2025\/01\/IMG20241201204005-min.jpg\" alt=\"\" class=\"wp-image-16991\" srcset=\"https:\/\/felix.ares.fm\/wp-content\/uploads\/2025\/01\/IMG20241201204005-min.jpg 217w, https:\/\/felix.ares.fm\/wp-content\/uploads\/2025\/01\/IMG20241201204005-min-136x300.jpg 136w\" sizes=\"auto, (max-width: 217px) 100vw, 217px\" \/><figcaption class=\"wp-element-caption\">\u00ab\u00c1rbol\u00bb en el parque infamntil al lado de la Casa de Salud de los Boliches.<\/figcaption><\/figure>\n<\/div>\n\n\n<p>En la Rotonda del recinto ferial hay una escultura que se llama \u00abPareja a la grupa\u00bb, donde se ve a dos personas montadas en un caballo. La mujer va detr\u00e1s. Siempre, por la noche est\u00e1 iluminada, pero, ahora, en Navidad, tiene m\u00e1s iluminaci\u00f3n.<\/p>\n\n\n<div class=\"wp-block-image\">\n<figure class=\"aligncenter size-full\"><img loading=\"lazy\" decoding=\"async\" width=\"217\" height=\"480\" src=\"https:\/\/felix.ares.fm\/wp-content\/uploads\/2025\/01\/IMG202412011921562_ILU.jpg\" alt=\"\" class=\"wp-image-16993\" srcset=\"https:\/\/felix.ares.fm\/wp-content\/uploads\/2025\/01\/IMG202412011921562_ILU.jpg 217w, https:\/\/felix.ares.fm\/wp-content\/uploads\/2025\/01\/IMG202412011921562_ILU-136x300.jpg 136w\" sizes=\"auto, (max-width: 217px) 100vw, 217px\" \/><figcaption class=\"wp-element-caption\">Pareja a la grupa, con luces de Navidad.<\/figcaption><\/figure>\n<\/div>\n\n\n<p>Hay muchas m\u00e1s luces. De momento lo dejo aqu\u00ed, es muy posible que vaya poniendo nuevas fotos de luces que me llamen la atenci\u00f3n.<\/p>\n\n\n\n<hr class=\"wp-block-separator has-alpha-channel-opacity\"\/>\n\n\n\n<h3 class=\"wp-block-heading\"><strong>Notas<\/strong><\/h3>\n\n\n\n<p id=\"1\">[1] Wikipedia. Entrada: <em>Paradoja de Jevons<\/em>. <a href=\"https:\/\/es.wikipedia.org\/wiki\/Paradoja_de_Jevons\">https:\/\/es.wikipedia.org\/wiki\/Paradoja_de_Jevons<\/a> [Consultado 17 de enero de 2025]<\/p>\n\n\n\n<p id=\"2\">[2] hoz\u00a1xe.vigo.org. Entrada: <em>Nadal Luces. <a href=\"https:\/\/hoxe.vigo.org\/navidad\/nadal_luces.php?lang=cas\">Elementos lum\u00ednicos &#8211; Concello de Vigo<\/a><\/em>.<\/p>\n\n\n\n<hr class=\"wp-block-separator has-alpha-channel-opacity\"\/>\n\n\n\n<p><strong>Nota fotos y texto<\/strong>. Salvo las fotos que tienen un agradecimiento espec\u00edfico, como por ejemplo Wikipedia, son nuestras y las licenciamos con<\/p>\n\n\n\n<p class=\"has-text-align-center\"><a href=\"http:\/\/creativecommons.org\/licenses\/by\/3.0\/deed.es_ES\" rel=\"license\"><img decoding=\"async\" src=\"http:\/\/i.creativecommons.org\/l\/by\/3.0\/88x31.png\" alt=\"Licencia de Creative Commons\"\/><\/a><br \/><br \/><a href=\"http:\/\/felix.ares.fm\" data-type=\"link\" data-id=\"felix.ares.fm\">De tapas y otras cosas por Fuengirola<\/a>&nbsp;\u00a9 2024&nbsp;by&nbsp;F\u00e9lix Ares&nbsp;is licensed under&nbsp;CC BY-SA 4.0&nbsp;. Debe indicarse que est\u00e1 creado a partir de una obra de felix.ares.fm<\/p>\n\n\n\n<p class=\"has-text-align-center\">En esta ocasi\u00f3n he contado con la colaboraci\u00f3n de Vero.<\/p>\n\n\n\n<hr class=\"wp-block-separator has-alpha-channel-opacity\"\/>\n\n\n\n<p><strong>Contacto con nosotros<\/strong>; el motivo de que no sea una imagen clara es para evitar que los robots la descubran y nos inunden el buz\u00f3n de basura.<\/p>\n\n\n<div class=\"wp-block-image\">\n<figure class=\"aligncenter is-resized\"><a href=\"http:\/\/felix.ares.fm\/?attachment_id=7476\" rel=\"attachment wp-att-7476\"><img loading=\"lazy\" decoding=\"async\" width=\"703\" height=\"499\" src=\"http:\/\/felix.ares.fm\/wp-content\/uploads\/2016\/02\/tapas.ares_.fm_.2.jpg\" alt=\"tapas.ares.fm.2\" class=\"wp-image-7476\" style=\"width:250px;height:auto\" srcset=\"https:\/\/felix.ares.fm\/wp-content\/uploads\/2016\/02\/tapas.ares_.fm_.2.jpg 703w, https:\/\/felix.ares.fm\/wp-content\/uploads\/2016\/02\/tapas.ares_.fm_.2-300x213.jpg 300w\" sizes=\"auto, (max-width: 703px) 100vw, 703px\" \/><\/a><\/figure>\n<\/div>\n\n\n<p>O bien&nbsp;rellenar el siguiente formulario:<\/p>\n\n\n\n<p><a href=\"https:\/\/felix.ares.fm\/?p=8005\">[contact_bank form_id=1 show_title=true show_desc=true<\/a>]<\/p>\n","protected":false},"excerpt":{"rendered":"<p>1 de diciembre de 2024 Hay una paradoja, llamada De Jevons, que dice que cuando disminuye el precio de un cierto producto, se consume m\u00e1s y el resultado final es que se gasta m\u00e1s que antes de la disminuci\u00f3n de precio [1]. Creo que un ejemplo de esta paradoja es la iluminaci\u00f3n de Navidad en &hellip; <a href=\"https:\/\/felix.ares.fm\/?p=16981\" class=\"more-link\">Seguir leyendo <span class=\"screen-reader-text\">Algunas luces de Navidad, Fuengirola.<\/span> <span class=\"meta-nav\">&rarr;<\/span><\/a><\/p>\n","protected":false},"author":1,"featured_media":0,"comment_status":"closed","ping_status":"open","sticky":false,"template":"","format":"standard","meta":{"footnotes":""},"categories":[797],"tags":[],"class_list":["post-16981","post","type-post","status-publish","format-standard","hentry","category-fuengirola"],"_links":{"self":[{"href":"https:\/\/felix.ares.fm\/index.php?rest_route=\/wp\/v2\/posts\/16981","targetHints":{"allow":["GET"]}}],"collection":[{"href":"https:\/\/felix.ares.fm\/index.php?rest_route=\/wp\/v2\/posts"}],"about":[{"href":"https:\/\/felix.ares.fm\/index.php?rest_route=\/wp\/v2\/types\/post"}],"author":[{"embeddable":true,"href":"https:\/\/felix.ares.fm\/index.php?rest_route=\/wp\/v2\/users\/1"}],"replies":[{"embeddable":true,"href":"https:\/\/felix.ares.fm\/index.php?rest_route=%2Fwp%2Fv2%2Fcomments&post=16981"}],"version-history":[{"count":4,"href":"https:\/\/felix.ares.fm\/index.php?rest_route=\/wp\/v2\/posts\/16981\/revisions"}],"predecessor-version":[{"id":16994,"href":"https:\/\/felix.ares.fm\/index.php?rest_route=\/wp\/v2\/posts\/16981\/revisions\/16994"}],"wp:attachment":[{"href":"https:\/\/felix.ares.fm\/index.php?rest_route=%2Fwp%2Fv2%2Fmedia&parent=16981"}],"wp:term":[{"taxonomy":"category","embeddable":true,"href":"https:\/\/felix.ares.fm\/index.php?rest_route=%2Fwp%2Fv2%2Fcategories&post=16981"},{"taxonomy":"post_tag","embeddable":true,"href":"https:\/\/felix.ares.fm\/index.php?rest_route=%2Fwp%2Fv2%2Ftags&post=16981"}],"curies":[{"name":"wp","href":"https:\/\/api.w.org\/{rel}","templated":true}]}}