{"id":16908,"date":"2025-01-14T10:15:08","date_gmt":"2025-01-14T08:15:08","guid":{"rendered":"https:\/\/felix.ares.fm\/?p=16908"},"modified":"2025-01-15T05:09:51","modified_gmt":"2025-01-15T03:09:51","slug":"bar-el-concejo","status":"publish","type":"post","link":"https:\/\/felix.ares.fm\/?p=16908","title":{"rendered":"Bar Ulises [Revisado], excelentes raciones de pescado"},"content":{"rendered":"\n<h3 class=\"wp-block-heading\">23 de noviembre de 2024<\/h3>\n\n\n\n<p>De este restaurante ya he hecho alguna rese\u00f1a. Por ejemplo puede verla aqu\u00ed: <a href=\"https:\/\/felix.ares.fm\/?p=7091\">https:\/\/felix.ares.fm\/?p=7091<\/a><\/p>\n\n\n\n<p>Se trata de un bar-restaurante en el barrio de los Boliches, en la calle Santa Isabel 13. El due\u00f1o es un gran conocedor de la pesca y de los peces. Hablando con \u00e9l parece una enciclopedia viviente. Adem\u00e1s es un gran profesional y te atiende con amabilidad.<\/p>\n\n\n\n<p>El d\u00eda 23 estuve cenando con unos amigos. Comimos muchas cosas, pero no fotografi\u00e9 todas. Os pongo algunas.<\/p>\n\n\n\n<p>Hab\u00edamos reservado mesa, as\u00ed que cuando llegamos ya estaba todo puesto. La mesa es sencilla, pero da una sensaci\u00f3n de extrema limpieza.<\/p>\n\n\n<div class=\"wp-block-image\">\n<figure class=\"aligncenter size-full\"><img loading=\"lazy\" decoding=\"async\" width=\"217\" height=\"480\" src=\"https:\/\/felix.ares.fm\/wp-content\/uploads\/2025\/01\/IMG20241123212735_mesa_en_bar_ulises-min.jpg\" alt=\"\" class=\"wp-image-16941\" srcset=\"https:\/\/felix.ares.fm\/wp-content\/uploads\/2025\/01\/IMG20241123212735_mesa_en_bar_ulises-min.jpg 217w, https:\/\/felix.ares.fm\/wp-content\/uploads\/2025\/01\/IMG20241123212735_mesa_en_bar_ulises-min-136x300.jpg 136w\" sizes=\"auto, (max-width: 217px) 100vw, 217px\" \/><figcaption class=\"wp-element-caption\">Detalle de la mesa-.<\/figcaption><\/figure>\n<\/div>\n\n\n<p>Pedimos unas cuantas botellas de vino blanco verdejo. Nos pusieron <em><strong>Arribe\u00f1o de Rueda<\/strong><\/em>. Me pareci\u00f3 un vino muy correcto y que maridaba muy bien con todo lo que pedimos.<\/p>\n\n\n\n<figure class=\"wp-block-gallery has-nested-images columns-default is-cropped wp-block-gallery-1 is-layout-flex wp-block-gallery-is-layout-flex\">\n<figure class=\"wp-block-image size-large\"><img loading=\"lazy\" decoding=\"async\" width=\"217\" height=\"480\" data-id=\"16943\" src=\"https:\/\/felix.ares.fm\/wp-content\/uploads\/2025\/01\/IMG20241123212953_vino_blanco_arribeno_bar_ulises-min.jpg\" alt=\"\" class=\"wp-image-16943\" srcset=\"https:\/\/felix.ares.fm\/wp-content\/uploads\/2025\/01\/IMG20241123212953_vino_blanco_arribeno_bar_ulises-min.jpg 217w, https:\/\/felix.ares.fm\/wp-content\/uploads\/2025\/01\/IMG20241123212953_vino_blanco_arribeno_bar_ulises-min-136x300.jpg 136w\" sizes=\"auto, (max-width: 217px) 100vw, 217px\" \/><figcaption class=\"wp-element-caption\">Vino blanco verdejo. Marca Arribe\u00f1o.<\/figcaption><\/figure>\n\n\n\n<figure class=\"wp-block-image size-large\"><img loading=\"lazy\" decoding=\"async\" width=\"217\" height=\"480\" data-id=\"16942\" src=\"https:\/\/felix.ares.fm\/wp-content\/uploads\/2025\/01\/IMG20241123213004_vino_blanco_arribeno_bar_ulises-min.jpg\" alt=\"\" class=\"wp-image-16942\" srcset=\"https:\/\/felix.ares.fm\/wp-content\/uploads\/2025\/01\/IMG20241123213004_vino_blanco_arribeno_bar_ulises-min.jpg 217w, https:\/\/felix.ares.fm\/wp-content\/uploads\/2025\/01\/IMG20241123213004_vino_blanco_arribeno_bar_ulises-min-136x300.jpg 136w\" sizes=\"auto, (max-width: 217px) 100vw, 217px\" \/><figcaption class=\"wp-element-caption\">Vino blanco con denominaci\u00f3n de origen Rueda.<\/figcaption><\/figure>\n<\/figure>\n\n\n\n<p>Rueda es un pueblo de Valladolid, que para las personas de mi edad es muy conocido.<\/p>\n\n\n\n<p>Los vinos de una verdejo, de Rueda,  son vinos frescos, acidez media-alta y aromas frutales y herb\u00e1ceos. Tienen un color amarillo verdoso y un retrogusto ligeramente amargo<\/p>\n\n\n\n<p>En mi humilde opini\u00f3n maridaba excelentemente con la cena que \u00edbamos a tomar. Todo fueron productos del mar (de los que el due\u00f1o es especialista).<\/p>\n\n\n\n<figure class=\"wp-block-image size-full\"><img loading=\"lazy\" decoding=\"async\" width=\"640\" height=\"289\" src=\"https:\/\/felix.ares.fm\/wp-content\/uploads\/2025\/01\/IMG20241123221416_boquerones_rebozados_fritos-min.jpg\" alt=\"\" class=\"wp-image-16944\" srcset=\"https:\/\/felix.ares.fm\/wp-content\/uploads\/2025\/01\/IMG20241123221416_boquerones_rebozados_fritos-min.jpg 640w, https:\/\/felix.ares.fm\/wp-content\/uploads\/2025\/01\/IMG20241123221416_boquerones_rebozados_fritos-min-300x135.jpg 300w\" sizes=\"auto, (max-width: 640px) 100vw, 640px\" \/><figcaption class=\"wp-element-caption\">Boquerones rebozados fritos.<\/figcaption><\/figure>\n\n\n\n<p>Acabo de enterarme de la Real Academia Espa\u00f1ola ha admitido <strong><em>fre\u00eddo <\/em><\/strong>como sin\u00f3nimo aceptable de  <em><strong>frito<\/strong><\/em>. \u00bfLe suena a usted bien \u00ab<strong>boquerones rebozados fre\u00eddos<\/strong>\u00ab.<strong> A mi no. <\/strong>Pero yo no soy quien manda.<\/p>\n\n\n\n<figure class=\"wp-block-image size-full\"><img loading=\"lazy\" decoding=\"async\" width=\"640\" height=\"289\" src=\"https:\/\/felix.ares.fm\/wp-content\/uploads\/2025\/01\/IMG20241123221420_puntillitas-min.jpg\" alt=\"\" class=\"wp-image-16945\" srcset=\"https:\/\/felix.ares.fm\/wp-content\/uploads\/2025\/01\/IMG20241123221420_puntillitas-min.jpg 640w, https:\/\/felix.ares.fm\/wp-content\/uploads\/2025\/01\/IMG20241123221420_puntillitas-min-300x135.jpg 300w\" sizes=\"auto, (max-width: 640px) 100vw, 640px\" \/><figcaption class=\"wp-element-caption\">Puntillitas. (Calamares peque\u00f1itos).<\/figcaption><\/figure>\n\n\n\n<p>Y tambi\u00e9n nos trajo varias raciones de lo que yo considero la \u00abjoya de la corona\u00bb del bar Ulises. El pulpo al estilo gallego.<\/p>\n\n\n<div class=\"wp-block-image\">\n<figure class=\"aligncenter size-full\"><img loading=\"lazy\" decoding=\"async\" width=\"360\" height=\"480\" src=\"https:\/\/felix.ares.fm\/wp-content\/uploads\/2025\/01\/IMG20241123222111_pulpo_a_la_gallega-min.jpg\" alt=\"\" class=\"wp-image-16946\" srcset=\"https:\/\/felix.ares.fm\/wp-content\/uploads\/2025\/01\/IMG20241123222111_pulpo_a_la_gallega-min.jpg 360w, https:\/\/felix.ares.fm\/wp-content\/uploads\/2025\/01\/IMG20241123222111_pulpo_a_la_gallega-min-225x300.jpg 225w\" sizes=\"auto, (max-width: 360px) 100vw, 360px\" \/><figcaption class=\"wp-element-caption\">Raci\u00f3n de pulpo a la gallega.<\/figcaption><\/figure>\n<\/div>\n\n\n<p>No soy andaluz y a veces me l\u00edo con los nombres que dan a las cosas. No apunt\u00e9 el nombre del siguiente plato. Creo que se llama \u00abhuevos de choco\u00bb, pero no estoy seguro.<\/p>\n\n\n\n<figure class=\"wp-block-image size-full\"><img loading=\"lazy\" decoding=\"async\" width=\"639\" height=\"480\" src=\"https:\/\/felix.ares.fm\/wp-content\/uploads\/2025\/01\/IMG20241123222139-min.jpg\" alt=\"\" class=\"wp-image-16949\" srcset=\"https:\/\/felix.ares.fm\/wp-content\/uploads\/2025\/01\/IMG20241123222139-min.jpg 639w, https:\/\/felix.ares.fm\/wp-content\/uploads\/2025\/01\/IMG20241123222139-min-300x225.jpg 300w\" sizes=\"auto, (max-width: 639px) 100vw, 639px\" \/><figcaption class=\"wp-element-caption\">\u00bfHuevos de choco?<\/figcaption><\/figure>\n\n\n\n<p>Probamos muchas m\u00e1s cosas, pero, tal como les he dicho, no saqu\u00e9 fotos. Creo recordar que la raz\u00f3n era que me qued\u00e9 sin bater\u00eda. Otro d\u00eda les pondr\u00e9 m\u00e1s cosas.<\/p>\n\n\n\n<p>Despu\u00e9s de pagar, el due\u00f1o nos ofreci\u00f3 un \u00abchupito\u00bb gratis. Yo ped\u00ed un orujo de hierbas.<\/p>\n\n\n\n<p>Suelo ver series de televisi\u00f3n hechas en los pa\u00edses anglosajones y me hace gracia que lo que nosotros llamamos chupito ellos lo llaman \u00abdoble\u00bb. Por ejemplo, un chupito de orujo nuestro tiene m\u00e1s cantidad de un g\u00fcisqui doble de ellos.<\/p>\n\n\n<div class=\"wp-block-image\">\n<figure class=\"aligncenter size-full\"><img loading=\"lazy\" decoding=\"async\" width=\"273\" height=\"480\" src=\"https:\/\/felix.ares.fm\/wp-content\/uploads\/2025\/01\/IMG20241123232409_chupito_orujo_de_hierbas_RE_HS-min.jpg\" alt=\"\" class=\"wp-image-16950\" srcset=\"https:\/\/felix.ares.fm\/wp-content\/uploads\/2025\/01\/IMG20241123232409_chupito_orujo_de_hierbas_RE_HS-min.jpg 273w, https:\/\/felix.ares.fm\/wp-content\/uploads\/2025\/01\/IMG20241123232409_chupito_orujo_de_hierbas_RE_HS-min-171x300.jpg 171w\" sizes=\"auto, (max-width: 273px) 100vw, 273px\" \/><figcaption class=\"wp-element-caption\">Orujo de hierbas.<\/figcaption><\/figure>\n<\/div>\n\n\n<p>Me quedo con la sensaci\u00f3n de que no he sido capaz de reflejar la estupenda cena que tuvimos. Sin duda tendr\u00e9 que volver para hacer un reportaje mejor.<\/p>\n\n\n\n<p><strong>Ubicaci\u00f3n<\/strong><\/p>\n\n\n\n<p><a href=\"https:\/\/google.com\/maps\/?q=36.553236,-4.618178\" target=\"_blank\" rel=\"noreferrer noopener\">C. Sta. Isabel, 13,\u00a0Fuengirola<br \/>\u00a0<\/a><a href=\"tel:661 66 22 43\">Tel\u00e9fono: <\/a><a href=\"tel:661 66 22 43\">661 66 22 43<\/a><\/p>\n\n\n\n<p>No me cabe la menor duda de que ir\u00e9 muchas veces y que me sentir\u00e9 orgulloso de que mis amigos prueban este sitio<\/p>\n\n\n\n<hr class=\"wp-block-separator has-alpha-channel-opacity\"\/>\n\n\n\n<h3 class=\"wp-block-heading\"><strong>Notas<\/strong><\/h3>\n\n\n\n<p id=\"7\">[1] <\/p>\n\n\n\n<hr class=\"wp-block-separator has-alpha-channel-opacity\"\/>\n\n\n\n<p><strong>Nota fotos y texto<\/strong>. Salvo las fotos que tienen un agradecimiento espec\u00edfico, como por ejemplo Wikipedia, son nuestras y las licenciamos con<\/p>\n\n\n\n<p class=\"has-text-align-center\"><a href=\"http:\/\/creativecommons.org\/licenses\/by\/3.0\/deed.es_ES\" rel=\"license\"><img decoding=\"async\" src=\"http:\/\/i.creativecommons.org\/l\/by\/3.0\/88x31.png\" alt=\"Licencia de Creative Commons\"\/><\/a><br \/><br \/><a href=\"https:\/\/viajes.ares.fm\/\" target=\"_blank\" rel=\"noreferrer noopener\">La vuelta al mundo y otros viajes&nbsp;<\/a>\u00a9 2024&nbsp;by&nbsp;F\u00e9lix Ares&nbsp;is licensed under&nbsp;CC BY-SA 4.0&nbsp;. Debe indicarse que est\u00e1 creado a partir de una obra de viajes.ares.fm<\/p>\n\n\n\n<p class=\"has-text-align-center\">En esta ocasi\u00f3n he contado con la colaboraci\u00f3n de Vero.<\/p>\n\n\n\n<hr class=\"wp-block-separator has-alpha-channel-opacity\"\/>\n\n\n\n<p><strong>Contacto con nosotros<\/strong>; el motivo de que no sea una imagen clara es para evitar que los robots la descubran y nos inunden el buz\u00f3n de basura.<\/p>\n\n\n<div class=\"wp-block-image\">\n<figure class=\"aligncenter is-resized\"><a href=\"http:\/\/felix.ares.fm\/?attachment_id=7476\" rel=\"attachment wp-att-7476\"><img loading=\"lazy\" decoding=\"async\" width=\"703\" height=\"499\" src=\"http:\/\/felix.ares.fm\/wp-content\/uploads\/2016\/02\/tapas.ares_.fm_.2.jpg\" alt=\"tapas.ares.fm.2\" class=\"wp-image-7476\" style=\"width:250px;height:auto\" srcset=\"https:\/\/felix.ares.fm\/wp-content\/uploads\/2016\/02\/tapas.ares_.fm_.2.jpg 703w, https:\/\/felix.ares.fm\/wp-content\/uploads\/2016\/02\/tapas.ares_.fm_.2-300x213.jpg 300w\" sizes=\"auto, (max-width: 703px) 100vw, 703px\" \/><\/a><\/figure>\n<\/div>\n\n\n<p>O bien&nbsp;rellenar el siguiente formulario:<\/p>\n\n\n\n<p><a href=\"https:\/\/felix.ares.fm\/?p=8005\">[contact_bank form_id=1 show_title=true show_desc=true<\/a>]<\/p>\n","protected":false},"excerpt":{"rendered":"<p>23 de noviembre de 2024 De este restaurante ya he hecho alguna rese\u00f1a. Por ejemplo puede verla aqu\u00ed: https:\/\/felix.ares.fm\/?p=7091 Se trata de un bar-restaurante en el barrio de los Boliches, en la calle Santa Isabel 13. El due\u00f1o es un gran conocedor de la pesca y de los peces. Hablando con \u00e9l parece una enciclopedia &hellip; <a href=\"https:\/\/felix.ares.fm\/?p=16908\" class=\"more-link\">Seguir leyendo <span class=\"screen-reader-text\">Bar Ulises [Revisado], excelentes raciones de pescado<\/span> <span class=\"meta-nav\">&rarr;<\/span><\/a><\/p>\n","protected":false},"author":1,"featured_media":0,"comment_status":"closed","ping_status":"open","sticky":false,"template":"","format":"standard","meta":{"footnotes":""},"categories":[797],"tags":[1914,1915,1916,1464,22],"class_list":["post-16908","post","type-post","status-publish","format-standard","hentry","category-fuengirola","tag-bar-ulises","tag-chocos","tag-magnificos-productos-de-mar","tag-pulpo-a-la-gallega","tag-puntillitas"],"_links":{"self":[{"href":"https:\/\/felix.ares.fm\/index.php?rest_route=\/wp\/v2\/posts\/16908","targetHints":{"allow":["GET"]}}],"collection":[{"href":"https:\/\/felix.ares.fm\/index.php?rest_route=\/wp\/v2\/posts"}],"about":[{"href":"https:\/\/felix.ares.fm\/index.php?rest_route=\/wp\/v2\/types\/post"}],"author":[{"embeddable":true,"href":"https:\/\/felix.ares.fm\/index.php?rest_route=\/wp\/v2\/users\/1"}],"replies":[{"embeddable":true,"href":"https:\/\/felix.ares.fm\/index.php?rest_route=%2Fwp%2Fv2%2Fcomments&post=16908"}],"version-history":[{"count":16,"href":"https:\/\/felix.ares.fm\/index.php?rest_route=\/wp\/v2\/posts\/16908\/revisions"}],"predecessor-version":[{"id":16953,"href":"https:\/\/felix.ares.fm\/index.php?rest_route=\/wp\/v2\/posts\/16908\/revisions\/16953"}],"wp:attachment":[{"href":"https:\/\/felix.ares.fm\/index.php?rest_route=%2Fwp%2Fv2%2Fmedia&parent=16908"}],"wp:term":[{"taxonomy":"category","embeddable":true,"href":"https:\/\/felix.ares.fm\/index.php?rest_route=%2Fwp%2Fv2%2Fcategories&post=16908"},{"taxonomy":"post_tag","embeddable":true,"href":"https:\/\/felix.ares.fm\/index.php?rest_route=%2Fwp%2Fv2%2Ftags&post=16908"}],"curies":[{"name":"wp","href":"https:\/\/api.w.org\/{rel}","templated":true}]}}