{"id":16750,"date":"2024-11-06T09:22:49","date_gmt":"2024-11-06T07:22:49","guid":{"rendered":"https:\/\/felix.ares.fm\/?p=16750"},"modified":"2024-11-06T09:22:50","modified_gmt":"2024-11-06T07:22:50","slug":"excursion-en-ferri-desde-fuengirola-a-benalmadena-2-comida-en-restaurante-sakura","status":"publish","type":"post","link":"https:\/\/felix.ares.fm\/?p=16750","title":{"rendered":"Excursi\u00f3n en ferri desde Fuengirola a Benalm\u00e1dena. (2): Comida en restaurante \u00abSakura\u00bb."},"content":{"rendered":"\n<p><strong>12 de agosto de 2024<\/strong><\/p>\n\n\n\n<p>El d\u00eda 12 de agosto hicimos una peque\u00f1a excursi\u00f3n desde Fuengirola a Benalm\u00e1dena, donde comimos, recorrimos su puerto-marina y despu\u00e9s volvimos a Fuengirola.<\/p>\n\n\n\n<p>Tras dar una vuelta por la \u00abmarina de Benalm\u00e1dena\u00bb, buscamos un restaurante donde comer. Vimos el restaurante Gringo&#8217;s. Ten\u00eda muy buenas vistas <\/p>\n\n\n\n<figure class=\"wp-block-image size-full\"><img loading=\"lazy\" decoding=\"async\" width=\"640\" height=\"289\" src=\"https:\/\/felix.ares.fm\/wp-content\/uploads\/2024\/11\/IMG20240812124920_restaurante_gringo-s-min.jpg\" alt=\"\" class=\"wp-image-16752\" srcset=\"https:\/\/felix.ares.fm\/wp-content\/uploads\/2024\/11\/IMG20240812124920_restaurante_gringo-s-min.jpg 640w, https:\/\/felix.ares.fm\/wp-content\/uploads\/2024\/11\/IMG20240812124920_restaurante_gringo-s-min-300x135.jpg 300w\" sizes=\"auto, (max-width: 640px) 100vw, 640px\" \/><figcaption class=\"wp-element-caption\">Restaurante Gringo&#8217;s en Benalm\u00e1dena.<\/figcaption><\/figure>\n\n\n\n<p>El sitio parec\u00eda muy agradable, el problema, por el que no nos quedamos, fue que su comida es Tex-Mex y, como \u00edbamos varios, no a todos nos gustaba <a href=\"#1\" data-type=\"internal\" data-id=\"#1\">[1]<\/a>.<\/p>\n\n\n\n<p>Despu\u00e9s vimos el restaurante \u00abToro\u00bb.<\/p>\n\n\n\n<figure class=\"wp-block-image size-full\"><img loading=\"lazy\" decoding=\"async\" width=\"640\" height=\"289\" src=\"https:\/\/felix.ares.fm\/wp-content\/uploads\/2024\/11\/IMG20240812125028_restaurante_toro-min.jpg\" alt=\"\" class=\"wp-image-16754\" srcset=\"https:\/\/felix.ares.fm\/wp-content\/uploads\/2024\/11\/IMG20240812125028_restaurante_toro-min.jpg 640w, https:\/\/felix.ares.fm\/wp-content\/uploads\/2024\/11\/IMG20240812125028_restaurante_toro-min-300x135.jpg 300w\" sizes=\"auto, (max-width: 640px) 100vw, 640px\" \/><figcaption class=\"wp-element-caption\">Restaurante Toro.<\/figcaption><\/figure>\n\n\n\n<p>Al lado estaba un restaurante con un nombre muy contundente: \u00abToro\u00bb. Ten\u00eda muy buena pinta. Hab\u00eda un men\u00fa de degustaci\u00f3n por 36\u202f\u20ac por persona, que inclu\u00eda, entre sus platos, rabo de toro, gambas al pil-pil, lubina. El precio no incluye bebida, ni el pan, ni cubiertos que son 1,5 \u20ac m\u00e1s. <a href=\"#2\" data-type=\"internal\" data-id=\"#2\">[2]<\/a>.<\/p>\n\n\n\n<p>Despu\u00e9s pasamos por \u00abLos Mellizos\u00bb.<\/p>\n\n\n\n<figure class=\"wp-block-image size-full\"><img loading=\"lazy\" decoding=\"async\" width=\"640\" height=\"289\" src=\"https:\/\/felix.ares.fm\/wp-content\/uploads\/2024\/11\/IMG20240812125300_rstaurante_los_mellizos-min.jpg\" alt=\"\" class=\"wp-image-16755\" srcset=\"https:\/\/felix.ares.fm\/wp-content\/uploads\/2024\/11\/IMG20240812125300_rstaurante_los_mellizos-min.jpg 640w, https:\/\/felix.ares.fm\/wp-content\/uploads\/2024\/11\/IMG20240812125300_rstaurante_los_mellizos-min-300x135.jpg 300w\" sizes=\"auto, (max-width: 640px) 100vw, 640px\" \/><figcaption class=\"wp-element-caption\">Restaurante \u00abLos Mellizos\u00bb con excelentes vistas a la marina.<\/figcaption><\/figure>\n\n\n\n<p>Al lado estaba uno de los famosos restaurantes \u00abLos mellizos\u00bb. El aspecto era impecable. Pero no entramos, pues algunos de los que iban en el grupo ya lo conoc\u00edan y prefer\u00edan conocer algo nuevo.<\/p>\n\n\n\n<p>Por fin vimos un restaurante japon\u00e9s-chino-thai que nos convenci\u00f3 y nos sentamos.<\/p>\n\n\n\n<figure class=\"wp-block-image size-full\"><img loading=\"lazy\" decoding=\"async\" width=\"640\" height=\"289\" src=\"https:\/\/felix.ares.fm\/wp-content\/uploads\/2024\/11\/IMG20240812153405_restaurante_sakura_fachada-min.jpg\" alt=\"\" class=\"wp-image-16756\" srcset=\"https:\/\/felix.ares.fm\/wp-content\/uploads\/2024\/11\/IMG20240812153405_restaurante_sakura_fachada-min.jpg 640w, https:\/\/felix.ares.fm\/wp-content\/uploads\/2024\/11\/IMG20240812153405_restaurante_sakura_fachada-min-300x135.jpg 300w\" sizes=\"auto, (max-width: 640px) 100vw, 640px\" \/><figcaption class=\"wp-element-caption\">Restaurante \u00abSakura\u00bb. Benalm\u00e1dena.<\/figcaption><\/figure>\n\n\n\n<p>En la fachada del restaurante vemos que tienen espect\u00e1culo \u00abTeppanyaki\u00bb, preguntamos por \u00e9l, pero no lo hac\u00edan a la hora que fuimos. Adem\u00e1s, preferimos sentarnos mirando a la marina. Sobre lo que es el \u00abteppanyaki\u00bb ya hablamos en una entrada de este blog, al comentar nuestra visita al restaurante japon\u00e9s \u00abKazuki\u00bb en Fuengirola <a href=\"#3\" data-type=\"internal\" data-id=\"#3\">[3]<\/a>.<\/p>\n\n\n\n<figure class=\"wp-block-image size-full\"><img loading=\"lazy\" decoding=\"async\" width=\"639\" height=\"480\" src=\"https:\/\/felix.ares.fm\/wp-content\/uploads\/2024\/11\/IMG20240812152539-min.jpg\" alt=\"\" class=\"wp-image-16770\" srcset=\"https:\/\/felix.ares.fm\/wp-content\/uploads\/2024\/11\/IMG20240812152539-min.jpg 639w, https:\/\/felix.ares.fm\/wp-content\/uploads\/2024\/11\/IMG20240812152539-min-300x225.jpg 300w\" sizes=\"auto, (max-width: 639px) 100vw, 639px\" \/><figcaption class=\"wp-element-caption\">Restaurante Sakura. Benalm\u00e1dena.<\/figcaption><\/figure>\n\n\n<div class=\"wp-block-image\">\n<figure class=\"aligncenter size-full\"><img loading=\"lazy\" decoding=\"async\" width=\"360\" height=\"480\" src=\"https:\/\/felix.ares.fm\/wp-content\/uploads\/2024\/11\/IMG20240812153441_mesas_restaurante_sakura-min.jpg\" alt=\"\" class=\"wp-image-16771\" srcset=\"https:\/\/felix.ares.fm\/wp-content\/uploads\/2024\/11\/IMG20240812153441_mesas_restaurante_sakura-min.jpg 360w, https:\/\/felix.ares.fm\/wp-content\/uploads\/2024\/11\/IMG20240812153441_mesas_restaurante_sakura-min-225x300.jpg 225w\" sizes=\"auto, (max-width: 360px) 100vw, 360px\" \/><figcaption class=\"wp-element-caption\">Aspecto de las mesas.<\/figcaption><\/figure>\n<\/div>\n\n\n<p>Para empezar pedimos unas botellas de vino con uva verdejo, con denominaci\u00f3n de origen Rueda. He de reconocer que no se trata de una bebida muy asi\u00e1tica, pero fue lo que nos apeteci\u00f3. Otros pidieron cerveza.<\/p>\n\n\n<div class=\"wp-block-image\">\n<figure class=\"aligncenter size-full\"><img loading=\"lazy\" decoding=\"async\" width=\"187\" height=\"414\" src=\"https:\/\/felix.ares.fm\/wp-content\/uploads\/2024\/11\/IMG20240812132118_vino_rueda__restaurante_sakura_GIRESC-min.jpg\" alt=\"\" class=\"wp-image-16759\" srcset=\"https:\/\/felix.ares.fm\/wp-content\/uploads\/2024\/11\/IMG20240812132118_vino_rueda__restaurante_sakura_GIRESC-min.jpg 187w, https:\/\/felix.ares.fm\/wp-content\/uploads\/2024\/11\/IMG20240812132118_vino_rueda__restaurante_sakura_GIRESC-min-136x300.jpg 136w\" sizes=\"auto, (max-width: 187px) 100vw, 187px\" \/><figcaption class=\"wp-element-caption\">Vino blanco \u00abMonasterio de Palazuelos\u00bb. Uva verdejo. Denominaci\u00f3n de origen Rueda.<\/figcaption><\/figure>\n<\/div>\n\n\n<figure class=\"wp-block-image size-full\"><img loading=\"lazy\" decoding=\"async\" width=\"640\" height=\"289\" src=\"https:\/\/felix.ares.fm\/wp-content\/uploads\/2024\/11\/IMG20240812133926__restaurante_sakura-min.jpg\" alt=\"\" class=\"wp-image-16760\" srcset=\"https:\/\/felix.ares.fm\/wp-content\/uploads\/2024\/11\/IMG20240812133926__restaurante_sakura-min.jpg 640w, https:\/\/felix.ares.fm\/wp-content\/uploads\/2024\/11\/IMG20240812133926__restaurante_sakura-min-300x135.jpg 300w\" sizes=\"auto, (max-width: 640px) 100vw, 640px\" \/><figcaption class=\"wp-element-caption\">Sopa agri-picante.<\/figcaption><\/figure>\n\n\n\n<p>Tambi\u00e9n nos sirvieron un plato, que no s\u00e9 qu\u00e9 nombre ten\u00eda, que consist\u00eda en rollitos de primavera, gambas rebozadas y costillitas.<\/p>\n\n\n\n<figure class=\"wp-block-image size-full\"><img loading=\"lazy\" decoding=\"async\" width=\"640\" height=\"289\" src=\"https:\/\/felix.ares.fm\/wp-content\/uploads\/2024\/11\/IMG20240812133929__restaurante_sakura-min.jpg\" alt=\"\" class=\"wp-image-16761\" srcset=\"https:\/\/felix.ares.fm\/wp-content\/uploads\/2024\/11\/IMG20240812133929__restaurante_sakura-min.jpg 640w, https:\/\/felix.ares.fm\/wp-content\/uploads\/2024\/11\/IMG20240812133929__restaurante_sakura-min-300x135.jpg 300w\" sizes=\"auto, (max-width: 640px) 100vw, 640px\" \/><figcaption class=\"wp-element-caption\">Rollitos de primavera, gambas rebozadas y costillas.<\/figcaption><\/figure>\n\n\n\n<p>Pedimos pato a la pekinesa.<\/p>\n\n\n\n<figure class=\"wp-block-image size-full\"><img loading=\"lazy\" decoding=\"async\" width=\"640\" height=\"289\" src=\"https:\/\/felix.ares.fm\/wp-content\/uploads\/2024\/11\/IMG20240812140009_pato_a_la_pekinesa-min.jpg\" alt=\"\" class=\"wp-image-16762\" srcset=\"https:\/\/felix.ares.fm\/wp-content\/uploads\/2024\/11\/IMG20240812140009_pato_a_la_pekinesa-min.jpg 640w, https:\/\/felix.ares.fm\/wp-content\/uploads\/2024\/11\/IMG20240812140009_pato_a_la_pekinesa-min-300x135.jpg 300w\" sizes=\"auto, (max-width: 640px) 100vw, 640px\" \/><figcaption class=\"wp-element-caption\">Pato a la pekinesa.<\/figcaption><\/figure>\n\n\n\n<p>El pato nos lo sirvieron con todos los aditamentos t\u00edpicos. A la izquierda podemos ver \u00abpancakes chinos\u00bb, en el centro el pato, y arriba, que solo se ve una peque\u00f1a parte, est\u00e1n los tradicionales trocitos de cebolla verde y pepino.<\/p>\n\n\n\n<p>Est\u00e1bamos sentados en una zona que nos permit\u00eda ver el puerto-marina de Benalm\u00e1dena.<\/p>\n\n\n\n<figure class=\"wp-block-image size-full\"><img loading=\"lazy\" decoding=\"async\" width=\"640\" height=\"289\" src=\"https:\/\/felix.ares.fm\/wp-content\/uploads\/2024\/11\/IMG20240812142319_vista_de_la_marina_desde_restaurante_sakura-min.jpg\" alt=\"\" class=\"wp-image-16763\" srcset=\"https:\/\/felix.ares.fm\/wp-content\/uploads\/2024\/11\/IMG20240812142319_vista_de_la_marina_desde_restaurante_sakura-min.jpg 640w, https:\/\/felix.ares.fm\/wp-content\/uploads\/2024\/11\/IMG20240812142319_vista_de_la_marina_desde_restaurante_sakura-min-300x135.jpg 300w\" sizes=\"auto, (max-width: 640px) 100vw, 640px\" \/><figcaption class=\"wp-element-caption\">Vistas desde nuestra mesa.<\/figcaption><\/figure>\n\n\n\n<figure class=\"wp-block-image size-full\"><img loading=\"lazy\" decoding=\"async\" width=\"639\" height=\"480\" src=\"https:\/\/felix.ares.fm\/wp-content\/uploads\/2024\/11\/IMG20240812153501_vistas_desde_sakura-min.jpg\" alt=\"\" class=\"wp-image-16772\" srcset=\"https:\/\/felix.ares.fm\/wp-content\/uploads\/2024\/11\/IMG20240812153501_vistas_desde_sakura-min.jpg 639w, https:\/\/felix.ares.fm\/wp-content\/uploads\/2024\/11\/IMG20240812153501_vistas_desde_sakura-min-300x225.jpg 300w\" sizes=\"auto, (max-width: 639px) 100vw, 639px\" \/><figcaption class=\"wp-element-caption\">Abriendo la ventana se ve as\u00ed.<\/figcaption><\/figure>\n\n\n\n<p>Tambi\u00e9n pedimos unas cuantas cosas m\u00e1s de las que no recuerdo su nombre. Por ejemplo, este buey dulce y crujiente.<\/p>\n\n\n<div class=\"wp-block-image\">\n<figure class=\"aligncenter size-full\"><img loading=\"lazy\" decoding=\"async\" width=\"525\" height=\"480\" src=\"https:\/\/felix.ares.fm\/wp-content\/uploads\/2024\/11\/0IMG20240812142704_buey_dulce_y_crujiente_bb-min.jpg\" alt=\"\" class=\"wp-image-16765\" srcset=\"https:\/\/felix.ares.fm\/wp-content\/uploads\/2024\/11\/0IMG20240812142704_buey_dulce_y_crujiente_bb-min.jpg 525w, https:\/\/felix.ares.fm\/wp-content\/uploads\/2024\/11\/0IMG20240812142704_buey_dulce_y_crujiente_bb-min-300x274.jpg 300w\" sizes=\"auto, (max-width: 525px) 100vw, 525px\" \/><figcaption class=\"wp-element-caption\">Buey dulce y crujiente.<\/figcaption><\/figure>\n<\/div>\n\n<div class=\"wp-block-image\">\n<figure class=\"aligncenter size-full\"><img loading=\"lazy\" decoding=\"async\" width=\"217\" height=\"480\" src=\"https:\/\/felix.ares.fm\/wp-content\/uploads\/2024\/11\/IMG20240812142701-min.jpg\" alt=\"\" class=\"wp-image-16767\" srcset=\"https:\/\/felix.ares.fm\/wp-content\/uploads\/2024\/11\/IMG20240812142701-min.jpg 217w, https:\/\/felix.ares.fm\/wp-content\/uploads\/2024\/11\/IMG20240812142701-min-136x300.jpg 136w\" sizes=\"auto, (max-width: 217px) 100vw, 217px\" \/><figcaption class=\"wp-element-caption\">Creo que es pollo rebozado, pero no lo aseguro.<\/figcaption><\/figure>\n<\/div>\n\n<div class=\"wp-block-image\">\n<figure class=\"aligncenter size-full\"><img loading=\"lazy\" decoding=\"async\" width=\"360\" height=\"480\" src=\"https:\/\/felix.ares.fm\/wp-content\/uploads\/2024\/11\/IMG20240812143032-min.jpg\" alt=\"\" class=\"wp-image-16768\" srcset=\"https:\/\/felix.ares.fm\/wp-content\/uploads\/2024\/11\/IMG20240812143032-min.jpg 360w, https:\/\/felix.ares.fm\/wp-content\/uploads\/2024\/11\/IMG20240812143032-min-225x300.jpg 225w\" sizes=\"auto, (max-width: 360px) 100vw, 360px\" \/><figcaption class=\"wp-element-caption\">Ternera \u00bfcon salsa de ostras? con arroz.<\/figcaption><\/figure>\n<\/div>\n\n\n<p>Terminamos con un caf\u00e9.<\/p>\n\n\n<div class=\"wp-block-image\">\n<figure class=\"aligncenter size-full\"><img loading=\"lazy\" decoding=\"async\" width=\"217\" height=\"480\" src=\"https:\/\/felix.ares.fm\/wp-content\/uploads\/2024\/11\/IMG20240812152017-min.jpg\" alt=\"\" class=\"wp-image-16769\" srcset=\"https:\/\/felix.ares.fm\/wp-content\/uploads\/2024\/11\/IMG20240812152017-min.jpg 217w, https:\/\/felix.ares.fm\/wp-content\/uploads\/2024\/11\/IMG20240812152017-min-136x300.jpg 136w\" sizes=\"auto, (max-width: 217px) 100vw, 217px\" \/><figcaption class=\"wp-element-caption\">Caf\u00e9 solo.<\/figcaption><\/figure>\n<\/div>\n\n\n<p>\u00c9ramos siete personas, tomamos cuatro botellas de vino, m\u00e1s cuatro cervezas, &#8230; el total de la factura fue de:<\/p>\n\n\n<div class=\"wp-block-image\">\n<figure class=\"aligncenter size-full\"><img loading=\"lazy\" decoding=\"async\" width=\"396\" height=\"480\" src=\"https:\/\/felix.ares.fm\/wp-content\/uploads\/2024\/11\/0IMG20240812155001_factura_BB.jpg\" alt=\"\" class=\"wp-image-16773\" srcset=\"https:\/\/felix.ares.fm\/wp-content\/uploads\/2024\/11\/0IMG20240812155001_factura_BB.jpg 396w, https:\/\/felix.ares.fm\/wp-content\/uploads\/2024\/11\/0IMG20240812155001_factura_BB-248x300.jpg 248w\" sizes=\"auto, (max-width: 396px) 100vw, 396px\" \/><figcaption class=\"wp-element-caption\">Total 202,60 \u20ac. A 29 \u20ac cada persona. <\/figcaption><\/figure>\n<\/div>\n\n\n<p>Dada la hora, ya no est\u00e1bamos muy lejos de que zarpase el \u00faltimo barco para Fuengirola, as\u00ed que nos fuimos hacia el muelle.<\/p>\n\n\n\n<p><strong>Ubicaci\u00f3n<\/strong><\/p>\n\n\n\n<figure class=\"wp-block-image size-full\"><img loading=\"lazy\" decoding=\"async\" width=\"640\" height=\"407\" src=\"https:\/\/felix.ares.fm\/wp-content\/uploads\/2024\/11\/0IMG20240812155323_mapa_ubicacion_skura_2.jpg\" alt=\"\" class=\"wp-image-16774\" srcset=\"https:\/\/felix.ares.fm\/wp-content\/uploads\/2024\/11\/0IMG20240812155323_mapa_ubicacion_skura_2.jpg 640w, https:\/\/felix.ares.fm\/wp-content\/uploads\/2024\/11\/0IMG20240812155323_mapa_ubicacion_skura_2-300x191.jpg 300w\" sizes=\"auto, (max-width: 640px) 100vw, 640px\" \/><figcaption class=\"wp-element-caption\">Restaurante Sakura. D\u00e1rsena de Levante, Local, 3. Puerto Deportivo de Benalm\u00e1dena. Banalm\u00e1dena Costa. En el primer piso.<\/figcaption><\/figure>\n\n\n<div class=\"wp-block-image\">\n<figure class=\"aligncenter size-full\"><img loading=\"lazy\" decoding=\"async\" width=\"217\" height=\"480\" src=\"https:\/\/felix.ares.fm\/wp-content\/uploads\/2024\/11\/IMG20240812155347_restaurante_sakura_tel.jpg\" alt=\"\" class=\"wp-image-16775\" srcset=\"https:\/\/felix.ares.fm\/wp-content\/uploads\/2024\/11\/IMG20240812155347_restaurante_sakura_tel.jpg 217w, https:\/\/felix.ares.fm\/wp-content\/uploads\/2024\/11\/IMG20240812155347_restaurante_sakura_tel-136x300.jpg 136w\" sizes=\"auto, (max-width: 217px) 100vw, 217px\" \/><figcaption class=\"wp-element-caption\">Tel\u00e9fono del restaurante Sakura.<\/figcaption><\/figure>\n<\/div>\n\n\n<p><strong>En resumen<\/strong><\/p>\n\n\n\n<p>Un buen sitio con una ubicaci\u00f3n excelente. Personal amable. Cocina muy bien hecha. El d\u00eda que estuvimos nosotros estaba vac\u00edo, por lo que result\u00f3 muy agradable. No s\u00e9 qu\u00e9 ocurrir\u00e1 otros d\u00edas con mucha gente.<\/p>\n\n\n\n<p>La experiencia mereci\u00f3 la pena y, sin duda, volveremos.<\/p>\n\n\n\n<hr class=\"wp-block-separator has-alpha-channel-opacity\"\/>\n\n\n\n<h3 class=\"wp-block-heading\">Notas<\/h3>\n\n\n\n<p id=\"1\">[1] Restaurante Puerto Marina (restaurantespuertomarina.com).  <em>Restaurant Tex Mex Gringos<\/em> (en ingl\u00e9s). <a href=\"https:\/\/www.restaurantespuertomarina.com\/restaurant-tex-mex-gringos\/\">https:\/\/www.restaurantespuertomarina.com\/restaurant-tex-mex-gringos\/<\/a><\/p>\n\n\n\n<p id=\"2\">[2] Restaurante Puerto Marina (restaurantespuertomarina.com).  <em>Restaurante TORO<\/em>. <a href=\"https:\/\/www.restaurantespuertomarina.com\/es\/restaurante-toro\/\">https:\/\/www.restaurantespuertomarina.com\/es\/restaurante-toro\/<\/a><\/p>\n\n\n\n<p id=\"3\">[3] Entrada en este blog. <a href=\"https:\/\/felix.ares.fm\/?p=13374\">Restaurante Teppanyanki Kazuki Fuengirola. | De tapas y otras cosas por Fuengirola<\/a><\/p>\n\n\n\n<hr class=\"wp-block-separator has-alpha-channel-opacity\"\/>\n\n\n\n<h3 class=\"wp-block-heading\"><strong>Nota sobre fotos<\/strong><\/h3>\n\n\n\n<p>Las fotos que se han utilizado, han sido realizadas por F\u00e9lix Ares y \u00c1lvaro Ares y las licenciamos como Creative Commons. Attribution 4.0. International CC by 4.0. Puede usarlas, pero deben dar cr\u00e9dito a los autores y que se han sacado de la p\u00e1gina https:\/\/felix.ares.fm<\/p>\n\n\n<div class=\"wp-block-image\">\n<figure class=\"aligncenter\"><a href=\"https:\/\/creativecommons.org\/licenses\/by\/4.0\/\"><img decoding=\"async\" src=\"https:\/\/i.creativecommons.org\/l\/by\/4.0\/88x31.png\" alt=\"Creative Commons License\"\/><\/a><\/figure>\n<\/div>\n\n\n<p class=\"has-text-align-center\">_ _ _<\/p>\n\n\n\n<p>NOTA: ya saben ustedes que el Spam est\u00e1 a la orden del d\u00eda. Si pusiera mi direcci\u00f3n de correo electr\u00f3nico en forma visible, mi buz\u00f3n se llenar\u00eda de basura. Si quieren ponerse en contacto conmigo, pueden hacerlo en esta direcci\u00f3n, que pienso est\u00e1 suficientemente dif\u00edcil para los robots.<\/p>\n\n\n\n<p><\/p>\n\n\n<div class=\"wp-block-image\">\n<figure class=\"aligncenter size-large is-resized\"><img loading=\"lazy\" decoding=\"async\" width=\"703\" height=\"499\" src=\"http:\/\/felix.ares.fm\/wp-content\/uploads\/2016\/02\/tapas.ares_.fm_.2.jpg\" alt=\"\" class=\"wp-image-7476\" style=\"width:256px;height:182px\" srcset=\"https:\/\/felix.ares.fm\/wp-content\/uploads\/2016\/02\/tapas.ares_.fm_.2.jpg 703w, https:\/\/felix.ares.fm\/wp-content\/uploads\/2016\/02\/tapas.ares_.fm_.2-300x213.jpg 300w\" sizes=\"auto, (max-width: 703px) 100vw, 703px\" \/><\/figure>\n<\/div>\n\n\n<p><\/p>\n","protected":false},"excerpt":{"rendered":"<p>12 de agosto de 2024 El d\u00eda 12 de agosto hicimos una peque\u00f1a excursi\u00f3n desde Fuengirola a Benalm\u00e1dena, donde comimos, recorrimos su puerto-marina y despu\u00e9s volvimos a Fuengirola. Tras dar una vuelta por la \u00abmarina de Benalm\u00e1dena\u00bb, buscamos un restaurante donde comer. Vimos el restaurante Gringo&#8217;s. Ten\u00eda muy buenas vistas El sitio parec\u00eda muy agradable, &hellip; <a href=\"https:\/\/felix.ares.fm\/?p=16750\" class=\"more-link\">Seguir leyendo <span class=\"screen-reader-text\">Excursi\u00f3n en ferri desde Fuengirola a Benalm\u00e1dena. (2): Comida en restaurante \u00abSakura\u00bb.<\/span> <span class=\"meta-nav\">&rarr;<\/span><\/a><\/p>\n","protected":false},"author":1,"featured_media":0,"comment_status":"closed","ping_status":"open","sticky":false,"template":"","format":"standard","meta":{"footnotes":""},"categories":[799,797],"tags":[1885,1884,1886,1887],"class_list":["post-16750","post","type-post","status-publish","format-standard","hentry","category-benalmadena","category-fuengirola","tag-ferri-fuegirola-benalmadena","tag-puerto-deportivo-de-benalmadena","tag-puerto-marina-benalmadena","tag-restaurante-japones-chino-thai-sakura"],"_links":{"self":[{"href":"https:\/\/felix.ares.fm\/index.php?rest_route=\/wp\/v2\/posts\/16750","targetHints":{"allow":["GET"]}}],"collection":[{"href":"https:\/\/felix.ares.fm\/index.php?rest_route=\/wp\/v2\/posts"}],"about":[{"href":"https:\/\/felix.ares.fm\/index.php?rest_route=\/wp\/v2\/types\/post"}],"author":[{"embeddable":true,"href":"https:\/\/felix.ares.fm\/index.php?rest_route=\/wp\/v2\/users\/1"}],"replies":[{"embeddable":true,"href":"https:\/\/felix.ares.fm\/index.php?rest_route=%2Fwp%2Fv2%2Fcomments&post=16750"}],"version-history":[{"count":4,"href":"https:\/\/felix.ares.fm\/index.php?rest_route=\/wp\/v2\/posts\/16750\/revisions"}],"predecessor-version":[{"id":16776,"href":"https:\/\/felix.ares.fm\/index.php?rest_route=\/wp\/v2\/posts\/16750\/revisions\/16776"}],"wp:attachment":[{"href":"https:\/\/felix.ares.fm\/index.php?rest_route=%2Fwp%2Fv2%2Fmedia&parent=16750"}],"wp:term":[{"taxonomy":"category","embeddable":true,"href":"https:\/\/felix.ares.fm\/index.php?rest_route=%2Fwp%2Fv2%2Fcategories&post=16750"},{"taxonomy":"post_tag","embeddable":true,"href":"https:\/\/felix.ares.fm\/index.php?rest_route=%2Fwp%2Fv2%2Ftags&post=16750"}],"curies":[{"name":"wp","href":"https:\/\/api.w.org\/{rel}","templated":true}]}}