{"id":16440,"date":"2024-10-02T08:15:17","date_gmt":"2024-10-02T06:15:17","guid":{"rendered":"https:\/\/felix.ares.fm\/?p=16440"},"modified":"2024-10-09T11:38:50","modified_gmt":"2024-10-09T09:38:50","slug":"cafeteria-aranda-en-los-alamos-torremolinos","status":"publish","type":"post","link":"https:\/\/felix.ares.fm\/?p=16440","title":{"rendered":"Cafeter\u00eda \u00abAranda\u00bb, en \u00abLos \u00c1lamos\u00bb (Torremolinos)."},"content":{"rendered":"\n<p>La cafeter\u00eda Aranda est\u00e1 en la zona de \u00abLos \u00c1lamos\u00bb, en Torremolinos. A poco m\u00e1s de 400 metros de la estaci\u00f3n del tren de cercan\u00edas de \u00abLos \u00c1lamos\u00bb.<\/p>\n\n\n\n<figure class=\"wp-block-image size-full\"><img loading=\"lazy\" decoding=\"async\" width=\"640\" height=\"408\" src=\"https:\/\/felix.ares.fm\/wp-content\/uploads\/2024\/10\/0ruta_estacion_tren_cafeteria_letrero_trenjpg.jpg\" alt=\"\" class=\"wp-image-16452\" srcset=\"https:\/\/felix.ares.fm\/wp-content\/uploads\/2024\/10\/0ruta_estacion_tren_cafeteria_letrero_trenjpg.jpg 640w, https:\/\/felix.ares.fm\/wp-content\/uploads\/2024\/10\/0ruta_estacion_tren_cafeteria_letrero_trenjpg-300x191.jpg 300w\" sizes=\"auto, (max-width: 640px) 100vw, 640px\" \/><figcaption class=\"wp-element-caption\">Ruta desde la estaci\u00f3n de cercan\u00edas de \u00abLos \u00c1lamos\u00bb hasta la cafeter\u00eda Aranda, que, observen, est\u00e1 justo al lado des hospital HM Sant Elena.<\/figcaption><\/figure>\n\n\n\n<p>Est\u00e1 tan al lado del hospital Santa Elena, que esta es la imagen que ve de la cafeter\u00eda desde Urgencias del hospital.<\/p>\n\n\n\n<figure class=\"wp-block-image size-full\"><img loading=\"lazy\" decoding=\"async\" width=\"640\" height=\"289\" src=\"https:\/\/felix.ares.fm\/wp-content\/uploads\/2024\/10\/IMG20220829100154_fachada_trasera_de_Aranda-min.jpg\" alt=\"\" class=\"wp-image-16442\" srcset=\"https:\/\/felix.ares.fm\/wp-content\/uploads\/2024\/10\/IMG20220829100154_fachada_trasera_de_Aranda-min.jpg 640w, https:\/\/felix.ares.fm\/wp-content\/uploads\/2024\/10\/IMG20220829100154_fachada_trasera_de_Aranda-min-300x135.jpg 300w\" sizes=\"auto, (max-width: 640px) 100vw, 640px\" \/><figcaption class=\"wp-element-caption\">Vista de la entrada trasera a la cafeter\u00eda desde urgencias del hospital.<\/figcaption><\/figure>\n\n\n\n<p>La parte trasera tiene un aspecto pobret\u00f3n, pero la delantera es mucho m\u00e1s bonita, adem\u00e1s, en ella (en la delantera). hay una bonita terraza al aire libre. Por desgracia, entre las fotos que he encontrado no estaba la portada, aunque s\u00e9 que las saqu\u00e9. Seguir\u00e9 buscando y cuando las encuentre las pondr\u00e9.<\/p>\n\n\n\n<p>Si has estado varios d\u00edas internado en el hospital, con la comida tan medida en sal que estaba terriblemente soso (eran las \u00f3rdenes del m\u00e9dico), salir y poder tomar una tapita de tortilla de patas con sal es una delicia.<\/p>\n\n\n\n<figure class=\"wp-block-image size-full\"><img loading=\"lazy\" decoding=\"async\" width=\"639\" height=\"480\" src=\"https:\/\/felix.ares.fm\/wp-content\/uploads\/2024\/10\/IMG20220705112600_pitufo_de_tortilla_de_patatas-min.jpg\" alt=\"\" class=\"wp-image-16444\" srcset=\"https:\/\/felix.ares.fm\/wp-content\/uploads\/2024\/10\/IMG20220705112600_pitufo_de_tortilla_de_patatas-min.jpg 639w, https:\/\/felix.ares.fm\/wp-content\/uploads\/2024\/10\/IMG20220705112600_pitufo_de_tortilla_de_patatas-min-300x225.jpg 300w\" sizes=\"auto, (max-width: 639px) 100vw, 639px\" \/><figcaption class=\"wp-element-caption\">Pitudo de tortilla de patatas.<\/figcaption><\/figure>\n\n\n\n<p>Si adem\u00e1s lo puedes acompa\u00f1ar de una copita de vino, totalmente prohibida en el hospital, pues es el \u00abno va m\u00e1s\u00bb.<\/p>\n\n\n\n<figure class=\"wp-block-image size-full\"><img loading=\"lazy\" decoding=\"async\" width=\"640\" height=\"289\" src=\"https:\/\/felix.ares.fm\/wp-content\/uploads\/2024\/10\/IMG20240610200206_copa_vino_blanco_y_aceitunas-min.jpg\" alt=\"\" class=\"wp-image-16445\" srcset=\"https:\/\/felix.ares.fm\/wp-content\/uploads\/2024\/10\/IMG20240610200206_copa_vino_blanco_y_aceitunas-min.jpg 640w, https:\/\/felix.ares.fm\/wp-content\/uploads\/2024\/10\/IMG20240610200206_copa_vino_blanco_y_aceitunas-min-300x135.jpg 300w\" sizes=\"auto, (max-width: 640px) 100vw, 640px\" \/><figcaption class=\"wp-element-caption\">Copa de vino blanco con unas caeitunas incluidas en el precio.<\/figcaption><\/figure>\n\n\n\n<p>Si no me confundo, el pitufo de tortilla de patatas, en febrero del 24, era de 2,50\u20ac. No se olviden que he dicho \u00absi no me confundo\u00bb.<\/p>\n\n\n\n<p>La tortilla bastante buena. Hay que ser sinceros, no es la que m\u00e1s me ha gustado (aunque ya sabemos que a cada persona le gusta una cosa distinta), pero no estaba nada mal.<\/p>\n\n\n\n<p>En esta cafeter\u00eda he estado muchas veces y, en alg\u00fan lugar (no de La Mancha) del que ahora no puedo acordarme, exist\u00eda una vez un grupo de fotos de la portada, de la terraza, y de diversas consumiciones.<\/p>\n\n\n\n<p>En cierta ocasi\u00f3n, la tortilla de patatas ya estaba agotada. El amable camarero me ofreci\u00f3 hacerme una tortilla francesa, le dije que con queso y, me hizo esto:<\/p>\n\n\n\n<figure class=\"wp-block-image size-full\"><img loading=\"lazy\" decoding=\"async\" width=\"640\" height=\"289\" src=\"https:\/\/felix.ares.fm\/wp-content\/uploads\/2024\/10\/IMG20220722100000_tortillas_francesa_pitufo-min.jpg\" alt=\"\" class=\"wp-image-16446\" srcset=\"https:\/\/felix.ares.fm\/wp-content\/uploads\/2024\/10\/IMG20220722100000_tortillas_francesa_pitufo-min.jpg 640w, https:\/\/felix.ares.fm\/wp-content\/uploads\/2024\/10\/IMG20220722100000_tortillas_francesa_pitufo-min-300x135.jpg 300w\" sizes=\"auto, (max-width: 640px) 100vw, 640px\" \/><figcaption class=\"wp-element-caption\">Pitufo de tortilla francesa con queso.<\/figcaption><\/figure>\n\n\n\n<p>Otro d\u00eda, s\u00ed que hab\u00eda una excelente tapa de tortilla de patatas.<\/p>\n\n\n\n<figure class=\"wp-block-image size-full\"><img loading=\"lazy\" decoding=\"async\" width=\"640\" height=\"289\" src=\"https:\/\/felix.ares.fm\/wp-content\/uploads\/2024\/10\/IMG20220829114135pincho_tortillas_de_patatas-min.jpg\" alt=\"\" class=\"wp-image-16447\" srcset=\"https:\/\/felix.ares.fm\/wp-content\/uploads\/2024\/10\/IMG20220829114135pincho_tortillas_de_patatas-min.jpg 640w, https:\/\/felix.ares.fm\/wp-content\/uploads\/2024\/10\/IMG20220829114135pincho_tortillas_de_patatas-min-300x135.jpg 300w\" sizes=\"auto, (max-width: 640px) 100vw, 640px\" \/><figcaption class=\"wp-element-caption\">Pincho (o tapa) de tortilla de patatas.<\/figcaption><\/figure>\n\n\n\n<p>En otra ocasi\u00f3n tuve la oportunidad de probar un pitufo \u00abmixto\u00bb de jam\u00f3n York y queso. \u00a1Excelente!<\/p>\n\n\n\n<figure class=\"wp-block-gallery has-nested-images columns-default is-cropped wp-block-gallery-1 is-layout-flex wp-block-gallery-is-layout-flex\">\n<figure class=\"wp-block-image size-large\"><img loading=\"lazy\" decoding=\"async\" width=\"217\" height=\"480\" data-id=\"16448\" src=\"https:\/\/felix.ares.fm\/wp-content\/uploads\/2024\/10\/IMG20240610200558_pitufo_de_jamon_de_yotk_y_queso-min.jpg\" alt=\"\" class=\"wp-image-16448\" srcset=\"https:\/\/felix.ares.fm\/wp-content\/uploads\/2024\/10\/IMG20240610200558_pitufo_de_jamon_de_yotk_y_queso-min.jpg 217w, https:\/\/felix.ares.fm\/wp-content\/uploads\/2024\/10\/IMG20240610200558_pitufo_de_jamon_de_yotk_y_queso-min-136x300.jpg 136w\" sizes=\"auto, (max-width: 217px) 100vw, 217px\" \/><figcaption class=\"wp-element-caption\">Pitufo mixto<\/figcaption><\/figure>\n\n\n\n<figure class=\"wp-block-image size-large\"><img loading=\"lazy\" decoding=\"async\" width=\"217\" height=\"480\" data-id=\"16449\" src=\"https:\/\/felix.ares.fm\/wp-content\/uploads\/2024\/10\/IMG20240610200602_pitufo_mixto_queso-min.jpg\" alt=\"\" class=\"wp-image-16449\" srcset=\"https:\/\/felix.ares.fm\/wp-content\/uploads\/2024\/10\/IMG20240610200602_pitufo_mixto_queso-min.jpg 217w, https:\/\/felix.ares.fm\/wp-content\/uploads\/2024\/10\/IMG20240610200602_pitufo_mixto_queso-min-136x300.jpg 136w\" sizes=\"auto, (max-width: 217px) 100vw, 217px\" \/><figcaption class=\"wp-element-caption\">Detalle del queso caliente chorreando.<\/figcaption><\/figure>\n<\/figure>\n\n\n\n<p>Estaba buen\u00edsimo.<\/p>\n\n\n\n<p>Estoy pensando que se me ha olvidado ense\u00f1aros el interior del local. Lo intento.<\/p>\n\n\n<div class=\"wp-block-image\">\n<figure class=\"aligncenter size-full\"><img loading=\"lazy\" decoding=\"async\" width=\"360\" height=\"480\" src=\"https:\/\/felix.ares.fm\/wp-content\/uploads\/2024\/10\/IMG20220705112033_aspecto_de_una-mesa-min.jpg\" alt=\"\" class=\"wp-image-16450\" srcset=\"https:\/\/felix.ares.fm\/wp-content\/uploads\/2024\/10\/IMG20220705112033_aspecto_de_una-mesa-min.jpg 360w, https:\/\/felix.ares.fm\/wp-content\/uploads\/2024\/10\/IMG20220705112033_aspecto_de_una-mesa-min-225x300.jpg 225w\" sizes=\"auto, (max-width: 360px) 100vw, 360px\" \/><figcaption class=\"wp-element-caption\">Detalle del interior. Arriba est\u00e1n los precios bien indicados, para evitar sorpresas.<\/figcaption><\/figure>\n<\/div>\n\n\n<p>Es un sito \u00abnormal\u00bb con precios normales, pero una atenci\u00f3n muy buena. Puedes pedir y si te pueden ayudar, lo har\u00e1n.<\/p>\n\n\n\n<p><strong>Ubicaci\u00f3n<\/strong><\/p>\n\n\n\n<p>Te\u00f3ricamente, su ubicaci\u00f3n es<strong> Av. la Riviera, 76<\/strong>, pero eso corresponde a la parte frontal. Pero si entramos desde el hospital la direcci\u00f3n es distinta.<\/p>\n\n\n\n<figure class=\"wp-block-image size-full\"><img loading=\"lazy\" decoding=\"async\" width=\"639\" height=\"480\" src=\"https:\/\/felix.ares.fm\/wp-content\/uploads\/2024\/10\/IMG20220829120606_al_lado_hospital_santa_elena_calle_playa_dorada-min.jpg\" alt=\"\" class=\"wp-image-16451\" srcset=\"https:\/\/felix.ares.fm\/wp-content\/uploads\/2024\/10\/IMG20220829120606_al_lado_hospital_santa_elena_calle_playa_dorada-min.jpg 639w, https:\/\/felix.ares.fm\/wp-content\/uploads\/2024\/10\/IMG20220829120606_al_lado_hospital_santa_elena_calle_playa_dorada-min-300x225.jpg 300w\" sizes=\"auto, (max-width: 639px) 100vw, 639px\" \/><figcaption class=\"wp-element-caption\">El hospital Santa Elena esta en la calle Playa Dorada. Un poco hac\u00eda mi espalda, est\u00e1 el bar Aranda.<\/figcaption><\/figure>\n\n\n\n<p><strong>Atenci\u00f3n<\/strong><\/p>\n\n\n\n<p>Siempre han sido serviciales y han intentado complacernos. No siempre lo han podido, por ejemplo, lo que les dec\u00eda m\u00e1s arriba de la tortilla de patatas agotada y cocina apagada. Pero siempre se esfuerzan en satisfacer al cliente.<\/p>\n\n\n\n<p>Si usted est\u00e1 cerca, no duce en probarlos. <\/p>\n\n\n\n<hr class=\"wp-block-separator has-alpha-channel-opacity\"\/>\n\n\n\n<h3 class=\"wp-block-heading\">Notas<\/h3>\n\n\n\n<p id=\"6\"><\/p>\n\n\n\n<hr class=\"wp-block-separator has-alpha-channel-opacity\"\/>\n\n\n\n<h3 class=\"wp-block-heading\"><strong>Nota sobre fotos<\/strong><\/h3>\n\n\n\n<p>Las fotos que se han utilizado, han sido realizadas por F\u00e9lix Ares y \u00c1lvaro Ares y las licenciamos como Creative Commons. Attribution 4.0. International CC by 4.0. Puede usarlas, pero deben dar cr\u00e9dito a los autores y que se han sacado de la p\u00e1gina https:\/\/felix.ares.fm<\/p>\n\n\n<div class=\"wp-block-image\">\n<figure class=\"aligncenter\"><a href=\"https:\/\/creativecommons.org\/licenses\/by\/4.0\/\"><img decoding=\"async\" src=\"https:\/\/i.creativecommons.org\/l\/by\/4.0\/88x31.png\" alt=\"Creative Commons License\"\/><\/a><\/figure>\n<\/div>\n\n\n<p class=\"has-text-align-center\">_ _ _<\/p>\n\n\n\n<p>NOTA: ya saben ustedes que el Spam est\u00e1 a la orden del d\u00eda. Si pusiera mi direcci\u00f3n de correo electr\u00f3nico en forma visible, mi buz\u00f3n se llenar\u00eda de basura. Si quieren ponerse en contacto conmigo, pueden hacerlo en esta direcci\u00f3n, que pienso est\u00e1 suficientemente dif\u00edcil para los robots.<\/p>\n\n\n\n<p><\/p>\n\n\n<div class=\"wp-block-image\">\n<figure class=\"aligncenter size-large is-resized\"><img loading=\"lazy\" decoding=\"async\" width=\"703\" height=\"499\" src=\"http:\/\/felix.ares.fm\/wp-content\/uploads\/2016\/02\/tapas.ares_.fm_.2.jpg\" alt=\"\" class=\"wp-image-7476\" style=\"width:256px;height:182px\" srcset=\"https:\/\/felix.ares.fm\/wp-content\/uploads\/2016\/02\/tapas.ares_.fm_.2.jpg 703w, https:\/\/felix.ares.fm\/wp-content\/uploads\/2016\/02\/tapas.ares_.fm_.2-300x213.jpg 300w\" sizes=\"auto, (max-width: 703px) 100vw, 703px\" \/><\/figure>\n<\/div>\n\n\n<p><\/p>\n","protected":false},"excerpt":{"rendered":"<p>La cafeter\u00eda Aranda est\u00e1 en la zona de \u00abLos \u00c1lamos\u00bb, en Torremolinos. A poco m\u00e1s de 400 metros de la estaci\u00f3n del tren de cercan\u00edas de \u00abLos \u00c1lamos\u00bb. Est\u00e1 tan al lado del hospital Santa Elena, que esta es la imagen que ve de la cafeter\u00eda desde Urgencias del hospital. La parte trasera tiene un &hellip; <a href=\"https:\/\/felix.ares.fm\/?p=16440\" class=\"more-link\">Seguir leyendo <span class=\"screen-reader-text\">Cafeter\u00eda \u00abAranda\u00bb, en \u00abLos \u00c1lamos\u00bb (Torremolinos).<\/span> <span class=\"meta-nav\">&rarr;<\/span><\/a><\/p>\n","protected":false},"author":1,"featured_media":0,"comment_status":"closed","ping_status":"open","sticky":false,"template":"","format":"standard","meta":{"footnotes":""},"categories":[221,809],"tags":[1835,1836],"class_list":["post-16440","post","type-post","status-publish","format-standard","hentry","category-taperia","category-torremolinos","tag-cafeteria-aranda","tag-hospital-santa-elena"],"_links":{"self":[{"href":"https:\/\/felix.ares.fm\/index.php?rest_route=\/wp\/v2\/posts\/16440","targetHints":{"allow":["GET"]}}],"collection":[{"href":"https:\/\/felix.ares.fm\/index.php?rest_route=\/wp\/v2\/posts"}],"about":[{"href":"https:\/\/felix.ares.fm\/index.php?rest_route=\/wp\/v2\/types\/post"}],"author":[{"embeddable":true,"href":"https:\/\/felix.ares.fm\/index.php?rest_route=\/wp\/v2\/users\/1"}],"replies":[{"embeddable":true,"href":"https:\/\/felix.ares.fm\/index.php?rest_route=%2Fwp%2Fv2%2Fcomments&post=16440"}],"version-history":[{"count":1,"href":"https:\/\/felix.ares.fm\/index.php?rest_route=\/wp\/v2\/posts\/16440\/revisions"}],"predecessor-version":[{"id":16453,"href":"https:\/\/felix.ares.fm\/index.php?rest_route=\/wp\/v2\/posts\/16440\/revisions\/16453"}],"wp:attachment":[{"href":"https:\/\/felix.ares.fm\/index.php?rest_route=%2Fwp%2Fv2%2Fmedia&parent=16440"}],"wp:term":[{"taxonomy":"category","embeddable":true,"href":"https:\/\/felix.ares.fm\/index.php?rest_route=%2Fwp%2Fv2%2Fcategories&post=16440"},{"taxonomy":"post_tag","embeddable":true,"href":"https:\/\/felix.ares.fm\/index.php?rest_route=%2Fwp%2Fv2%2Ftags&post=16440"}],"curies":[{"name":"wp","href":"https:\/\/api.w.org\/{rel}","templated":true}]}}