{"id":16063,"date":"2024-09-17T04:04:17","date_gmt":"2024-09-17T02:04:17","guid":{"rendered":"https:\/\/felix.ares.fm\/?p=16063"},"modified":"2024-09-17T04:04:55","modified_gmt":"2024-09-17T02:04:55","slug":"viaje-a-la-provincia-de-ciudad-real-10-el-toboso-ciudad-real","status":"publish","type":"post","link":"https:\/\/felix.ares.fm\/?p=16063","title":{"rendered":"Viaje a la provincia de Ciudad Real. (10): El Toboso (Toledo)."},"content":{"rendered":"\n<h3 class=\"wp-block-heading\">El d\u00eda 1 de mayo empezamos una excursi\u00f3n de cinco d\u00edas, organizada por Juan Alcaraz, para conocer la provincia de Ciudad Real. En esta entrada comentar\u00e9 nuestra visita al pueblo de Dulcinea del Toboso (Toledo).<\/h3>\n\n\n\n<h3 class=\"wp-block-heading\">3 de mayo<\/h3>\n\n\n\n<p>Dulcinea del Toboso es un personaje ficticio de la obra de Cervantes \u00abEl Ingenioso Hidalgo Don Quijote de la Mancha\u00bb. En el libro hay muchas menciones a Dulcinea y muchas al Toboso, algunas no demasiado halag\u00fce\u00f1as.<\/p>\n\n\n\n<p>En el Quijote, en el Cap\u00edtulo I de la primera parte <a href=\"#1\" data-type=\"internal\" data-id=\"#1\">[1]<\/a>, podemos leer:<\/p>\n\n\n\n<blockquote class=\"wp-block-quote is-layout-flow wp-block-quote-is-layout-flow\">\n<p>\u00a1Oh, c\u00f3mo se holg\u00f3 nuestro buen caballero cuando hubo hecho este discurso, y m\u00e1s cuando hall\u00f3 a quien dar nombre de su dama! Y fue, a lo que se cree, que en un lugar cerca del suyo hab\u00eda una moza labradora de muy buen parecer, de quien \u00e9l un tiempo anduvo enamorado, aunque, seg\u00fan se entiende, ella jam\u00e1s lo supo ni le dio cata dello. Llam\u00e1base Aldonza Lorenzo, y a esta le pareci\u00f3 ser bien darle t\u00edtulo de se\u00f1ora de sus pensamientos; y, busc\u00e1ndole nombre que no desdijese mucho del suyo y que tirase y se encaminase al de princesa y gran se\u00f1ora, vino a llamarla \u00abDulcinea del Toboso\u00bb porque era natural del Toboso: nombre, a su parecer, m\u00fasico y peregrino y significativo, como todos los dem\u00e1s que a \u00e9l y a sus cosas hab\u00eda puesto.<\/p>\n\n\n\n<p><\/p>\n<\/blockquote>\n\n\n\n<p>Aunque es un personaje ficticio, en \u00abEl Toboso\u00bb han decidido darle protagonismo e incluso han creado una \u00abcasa de Dulcinea\u00bb. Lo que han pretendido es mostrar c\u00f3mo ser\u00eda una casa de un hidalgo en la \u00e9poca que describe el Quijote. Fuimos a visitarla y me result\u00f3 bastante interesante.<\/p>\n\n\n\n<p>Quiz\u00e1 convenga explicar d\u00f3nde est\u00e1 \u00abEl Toboso\u00bb. Para ello, lo primero ser\u00e1 mostrar la ruta que seguimos.<\/p>\n\n\n\n<figure class=\"wp-block-image size-full\"><img loading=\"lazy\" decoding=\"async\" width=\"640\" height=\"440\" src=\"https:\/\/felix.ares.fm\/wp-content\/uploads\/2024\/09\/0ruta_C_Real_El_Toboso-min.jpg\" alt=\"\" class=\"wp-image-16066\" srcset=\"https:\/\/felix.ares.fm\/wp-content\/uploads\/2024\/09\/0ruta_C_Real_El_Toboso-min.jpg 640w, https:\/\/felix.ares.fm\/wp-content\/uploads\/2024\/09\/0ruta_C_Real_El_Toboso-min-300x206.jpg 300w\" sizes=\"auto, (max-width: 640px) 100vw, 640px\" \/><figcaption class=\"wp-element-caption\">Ruta Ciudad Real hasta El Toboso. Mapa gentileza de Google Maps.<\/figcaption><\/figure>\n\n\n\n<p>Ya sabemos que en toda La Mancha las referencias al Quijote son constantes. El Toboso no es una excepci\u00f3n. Lo primero que nos encontramos al entrar en el pueblo es una escultura en chapa de hierro del famoso caballero.<\/p>\n\n\n\n<figure class=\"wp-block-gallery has-nested-images columns-default is-cropped wp-block-gallery-1 is-layout-flex wp-block-gallery-is-layout-flex\">\n<figure class=\"wp-block-image size-large\"><img loading=\"lazy\" decoding=\"async\" width=\"217\" height=\"480\" data-id=\"16067\" src=\"https:\/\/felix.ares.fm\/wp-content\/uploads\/2024\/09\/IMG20240503110256_d_quijote_el_toboso-min.jpg\" alt=\"\" class=\"wp-image-16067\" srcset=\"https:\/\/felix.ares.fm\/wp-content\/uploads\/2024\/09\/IMG20240503110256_d_quijote_el_toboso-min.jpg 217w, https:\/\/felix.ares.fm\/wp-content\/uploads\/2024\/09\/IMG20240503110256_d_quijote_el_toboso-min-136x300.jpg 136w\" sizes=\"auto, (max-width: 217px) 100vw, 217px\" \/><figcaption class=\"wp-element-caption\">Monmento al Quijote en El Toboso<\/figcaption><\/figure>\n\n\n\n<figure class=\"wp-block-image size-large\"><img loading=\"lazy\" decoding=\"async\" width=\"217\" height=\"480\" data-id=\"16068\" src=\"https:\/\/felix.ares.fm\/wp-content\/uploads\/2024\/09\/IMG20240503120744-min.jpg\" alt=\"\" class=\"wp-image-16068\" srcset=\"https:\/\/felix.ares.fm\/wp-content\/uploads\/2024\/09\/IMG20240503120744-min.jpg 217w, https:\/\/felix.ares.fm\/wp-content\/uploads\/2024\/09\/IMG20240503120744-min-136x300.jpg 136w\" sizes=\"auto, (max-width: 217px) 100vw, 217px\" \/><\/figure>\n<\/figure>\n\n\n\n<p>En El Toboso no pod\u00eda faltar una calle dedicada a D. Quijote:<\/p>\n\n\n<div class=\"wp-block-image\">\n<figure class=\"aligncenter size-full\"><img loading=\"lazy\" decoding=\"async\" width=\"410\" height=\"480\" src=\"https:\/\/felix.ares.fm\/wp-content\/uploads\/2024\/09\/0IMG20240503110316_calle_de_quijote_el_toboso-min.jpg\" alt=\"\" class=\"wp-image-16069\" srcset=\"https:\/\/felix.ares.fm\/wp-content\/uploads\/2024\/09\/0IMG20240503110316_calle_de_quijote_el_toboso-min.jpg 410w, https:\/\/felix.ares.fm\/wp-content\/uploads\/2024\/09\/0IMG20240503110316_calle_de_quijote_el_toboso-min-256x300.jpg 256w\" sizes=\"auto, (max-width: 410px) 100vw, 410px\" \/><figcaption class=\"wp-element-caption\">Calle Don Quijote en El Toboso.<\/figcaption><\/figure>\n<\/div>\n\n\n<p>A m\u00ed me llama la atenci\u00f3n el nombre de \u00abEl Toboso\u00bb, \u00bfde d\u00f3nde vendr\u00e1 ese nombre? He indagado un poco y parece ser que dos opiniones, la de los que piensan que viene de un cardo, \u00abcardo toba\u00bb nombre vulgar del <em>Onopordun acanthium <\/em><a href=\"#2\" data-type=\"internal\" data-id=\"#2\">[2]<\/a>. La otra hip\u00f3tesis es que viene de la piedra \u00abtoba\u00bb que es abundante en esta localidad. Me gusta m\u00e1s la idea del cardo. En ese caso, El Toboso ser\u00eda algo as\u00ed como lugar con cardos. Me parece oportuno.<\/p>\n\n\n\n<p>Las puertas antiguas de madera, que llevan en sus grietas viejas historias cargadas de tiempo, y sus aldabas siempre me han gustado. No pude resistir la tentaci\u00f3n de sacar esta foto:<\/p>\n\n\n<div class=\"wp-block-image\">\n<figure class=\"aligncenter size-full\"><img loading=\"lazy\" decoding=\"async\" width=\"217\" height=\"480\" src=\"https:\/\/felix.ares.fm\/wp-content\/uploads\/2024\/09\/IMG20240503110400_aldaba_El_Toboso-min.jpg\" alt=\"\" class=\"wp-image-16071\" srcset=\"https:\/\/felix.ares.fm\/wp-content\/uploads\/2024\/09\/IMG20240503110400_aldaba_El_Toboso-min.jpg 217w, https:\/\/felix.ares.fm\/wp-content\/uploads\/2024\/09\/IMG20240503110400_aldaba_El_Toboso-min-136x300.jpg 136w\" sizes=\"auto, (max-width: 217px) 100vw, 217px\" \/><figcaption class=\"wp-element-caption\">Puerta de madera maciza y aldaba.<\/figcaption><\/figure>\n<\/div>\n\n\n<p>En nuestro paseo hacia la casa de Dulcinea pudimos ver la torre de la iglesia de San Antonio Abad, del siglo XV, aunque no fuimos a verla, pues nuestra ruta iba por otros lugares.<\/p>\n\n\n<div class=\"wp-block-image\">\n<figure class=\"aligncenter size-full\"><img loading=\"lazy\" decoding=\"async\" width=\"217\" height=\"480\" src=\"https:\/\/felix.ares.fm\/wp-content\/uploads\/2024\/09\/IMG20240503110437_campanario_el_toboso-min.jpg\" alt=\"\" class=\"wp-image-16072\" srcset=\"https:\/\/felix.ares.fm\/wp-content\/uploads\/2024\/09\/IMG20240503110437_campanario_el_toboso-min.jpg 217w, https:\/\/felix.ares.fm\/wp-content\/uploads\/2024\/09\/IMG20240503110437_campanario_el_toboso-min-136x300.jpg 136w\" sizes=\"auto, (max-width: 217px) 100vw, 217px\" \/><figcaption class=\"wp-element-caption\">Calle t\u00edpica de El Toboso. Arriba la torre de la iglesia de San Antonio Abad, siglo XV.<\/figcaption><\/figure>\n<\/div>\n\n\n<p>Poco despu\u00e9s lleg\u00e1bamos al Museo-Casa de Dulcinea del Toboso.<\/p>\n\n\n\n<figure class=\"wp-block-image size-full\"><img loading=\"lazy\" decoding=\"async\" width=\"640\" height=\"307\" src=\"https:\/\/felix.ares.fm\/wp-content\/uploads\/2024\/09\/0IMG20240503110522_mueso_casa_Dulcinea-min.jpg\" alt=\"\" class=\"wp-image-16073\" srcset=\"https:\/\/felix.ares.fm\/wp-content\/uploads\/2024\/09\/0IMG20240503110522_mueso_casa_Dulcinea-min.jpg 640w, https:\/\/felix.ares.fm\/wp-content\/uploads\/2024\/09\/0IMG20240503110522_mueso_casa_Dulcinea-min-300x144.jpg 300w\" sizes=\"auto, (max-width: 640px) 100vw, 640px\" \/><figcaption class=\"wp-element-caption\">Museo Casa Dulcinea del Toboso.<\/figcaption><\/figure>\n\n\n\n<p>En la p\u00e1gina de cultura de Castilla-La Mancha, al respecto de este museo-casa, podemos leer <a href=\"#3\" data-type=\"internal\" data-id=\"#3\">[3]<\/a>:<\/p>\n\n\n\n<blockquote class=\"wp-block-quote is-layout-flow wp-block-quote-is-layout-flow\">\n<p>Este museo se alberga en un edificio que mantiene parte de su estructura original del siglo XVI, y a pesar del tiempo transcurrido y las alteraciones experimentadas a lo largo de los siglos conserva en l\u00edneas generales los caracteres de la casa manchega de un hidalgo con sus diversas dependencias: molino, bodega, patios, corrales, pozos, etc.<\/p>\n<\/blockquote>\n\n\n<div class=\"wp-block-image\">\n<figure class=\"aligncenter size-full\"><img loading=\"lazy\" decoding=\"async\" width=\"217\" height=\"480\" src=\"https:\/\/felix.ares.fm\/wp-content\/uploads\/2024\/09\/IMG20240503111427-min.jpg\" alt=\"\" class=\"wp-image-16086\" srcset=\"https:\/\/felix.ares.fm\/wp-content\/uploads\/2024\/09\/IMG20240503111427-min.jpg 217w, https:\/\/felix.ares.fm\/wp-content\/uploads\/2024\/09\/IMG20240503111427-min-136x300.jpg 136w\" sizes=\"auto, (max-width: 217px) 100vw, 217px\" \/><figcaption class=\"wp-element-caption\">Entrada. Puerta, techo, patio.<\/figcaption><\/figure>\n<\/div>\n\n\n<p>La casa tiene un gran patio interior alrededor el cual hay diversas dependencias.<\/p>\n\n\n<div class=\"wp-block-image\">\n<figure class=\"aligncenter size-full\"><img loading=\"lazy\" decoding=\"async\" width=\"640\" height=\"289\" src=\"https:\/\/felix.ares.fm\/wp-content\/uploads\/2024\/09\/IMG20240503111014_interior_casa_dulcinea_sc-min.jpg\" alt=\"\" class=\"wp-image-16075\" srcset=\"https:\/\/felix.ares.fm\/wp-content\/uploads\/2024\/09\/IMG20240503111014_interior_casa_dulcinea_sc-min.jpg 640w, https:\/\/felix.ares.fm\/wp-content\/uploads\/2024\/09\/IMG20240503111014_interior_casa_dulcinea_sc-min-300x135.jpg 300w\" sizes=\"auto, (max-width: 640px) 100vw, 640px\" \/><figcaption class=\"wp-element-caption\">Interior de la Casa de Dulcinea.<\/figcaption><\/figure>\n<\/div>\n\n\n<figure class=\"wp-block-image size-full\"><img loading=\"lazy\" decoding=\"async\" width=\"640\" height=\"289\" src=\"https:\/\/felix.ares.fm\/wp-content\/uploads\/2024\/09\/IMG20240503110639_casa_Dulcinea-min.jpg\" alt=\"\" class=\"wp-image-16076\" srcset=\"https:\/\/felix.ares.fm\/wp-content\/uploads\/2024\/09\/IMG20240503110639_casa_Dulcinea-min.jpg 640w, https:\/\/felix.ares.fm\/wp-content\/uploads\/2024\/09\/IMG20240503110639_casa_Dulcinea-min-300x135.jpg 300w\" sizes=\"auto, (max-width: 640px) 100vw, 640px\" \/><figcaption class=\"wp-element-caption\">Otro patio, m\u00e1s peque\u00f1o.<\/figcaption><\/figure>\n\n\n\n<p>A un lado del patio, bajo techo, hay un carro antiguo:<\/p>\n\n\n\n<figure class=\"wp-block-image size-full\"><img loading=\"lazy\" decoding=\"async\" width=\"640\" height=\"289\" src=\"https:\/\/felix.ares.fm\/wp-content\/uploads\/2024\/09\/IMG20240503110731_carro_epoca_quijote-min.jpg\" alt=\"\" class=\"wp-image-16077\" srcset=\"https:\/\/felix.ares.fm\/wp-content\/uploads\/2024\/09\/IMG20240503110731_carro_epoca_quijote-min.jpg 640w, https:\/\/felix.ares.fm\/wp-content\/uploads\/2024\/09\/IMG20240503110731_carro_epoca_quijote-min-300x135.jpg 300w\" sizes=\"auto, (max-width: 640px) 100vw, 640px\" \/><figcaption class=\"wp-element-caption\">T\u00edpico carro de la \u00e9poca de El Quijote.<\/figcaption><\/figure>\n\n\n\n<p>Es interesante observar los radios de la rueda, la llanta de hierro. El centro de la rueda, donde gira el eje, que es met\u00e1lico, \u2026<\/p>\n\n\n\n<figure class=\"wp-block-image size-full\"><img loading=\"lazy\" decoding=\"async\" width=\"639\" height=\"480\" src=\"https:\/\/felix.ares.fm\/wp-content\/uploads\/2024\/09\/IMG20240503111943-min.jpg\" alt=\"\" class=\"wp-image-16091\" srcset=\"https:\/\/felix.ares.fm\/wp-content\/uploads\/2024\/09\/IMG20240503111943-min.jpg 639w, https:\/\/felix.ares.fm\/wp-content\/uploads\/2024\/09\/IMG20240503111943-min-300x225.jpg 300w\" sizes=\"auto, (max-width: 639px) 100vw, 639px\" \/><\/figure>\n\n\n\n<figure class=\"wp-block-image size-full\"><img loading=\"lazy\" decoding=\"async\" width=\"640\" height=\"289\" src=\"https:\/\/felix.ares.fm\/wp-content\/uploads\/2024\/09\/IMG20240503110821_carro_epoca_quijote-min.jpg\" alt=\"\" class=\"wp-image-16078\" srcset=\"https:\/\/felix.ares.fm\/wp-content\/uploads\/2024\/09\/IMG20240503110821_carro_epoca_quijote-min.jpg 640w, https:\/\/felix.ares.fm\/wp-content\/uploads\/2024\/09\/IMG20240503110821_carro_epoca_quijote-min-300x135.jpg 300w\" sizes=\"auto, (max-width: 640px) 100vw, 640px\" \/><figcaption class=\"wp-element-caption\">Otro carro.<\/figcaption><\/figure>\n\n\n\n<p>Me llam\u00f3 enormemente la atenci\u00f3n el lagar, aunque me temo que las fotos no hacen justicia a las piezas que lo componen.<\/p>\n\n\n\n<figure class=\"wp-block-image size-full\"><img loading=\"lazy\" decoding=\"async\" width=\"640\" height=\"289\" src=\"https:\/\/felix.ares.fm\/wp-content\/uploads\/2024\/09\/IMG20240503111009_prensa_vino-min.jpg\" alt=\"\" class=\"wp-image-16081\" srcset=\"https:\/\/felix.ares.fm\/wp-content\/uploads\/2024\/09\/IMG20240503111009_prensa_vino-min.jpg 640w, https:\/\/felix.ares.fm\/wp-content\/uploads\/2024\/09\/IMG20240503111009_prensa_vino-min-300x135.jpg 300w\" sizes=\"auto, (max-width: 640px) 100vw, 640px\" \/><figcaption class=\"wp-element-caption\">Ese enorme trozo de madera forma parte de la prensa para uvas. Son muchos metros de madera. <\/figcaption><\/figure>\n\n\n\n<p>Manejar una viga de esas dimensiones y con un peso muy grande no deb\u00eda de ser nada sencillo. Tenemos la imagen de que el vino se hac\u00eda prensando las uvas con pies, pero aqu\u00ed tenemos una imagen muy distinta. Las uvas se prensaban con un instrumento muy sofisticado.<\/p>\n\n\n<div class=\"wp-block-image\">\n<figure class=\"aligncenter size-full\"><img loading=\"lazy\" decoding=\"async\" width=\"217\" height=\"480\" src=\"https:\/\/felix.ares.fm\/wp-content\/uploads\/2024\/09\/IMG20240503111004-min.jpg\" alt=\"\" class=\"wp-image-16080\" srcset=\"https:\/\/felix.ares.fm\/wp-content\/uploads\/2024\/09\/IMG20240503111004-min.jpg 217w, https:\/\/felix.ares.fm\/wp-content\/uploads\/2024\/09\/IMG20240503111004-min-136x300.jpg 136w\" sizes=\"auto, (max-width: 217px) 100vw, 217px\" \/><figcaption class=\"wp-element-caption\">Detalle de la columna movida por un \u00abtornillo\u00bb de madera.<\/figcaption><\/figure>\n<\/div>\n\n<div class=\"wp-block-image\">\n<figure class=\"aligncenter size-full\"><img loading=\"lazy\" decoding=\"async\" width=\"217\" height=\"480\" src=\"https:\/\/felix.ares.fm\/wp-content\/uploads\/2024\/09\/IMG20240503110949-min.jpg\" alt=\"\" class=\"wp-image-16082\" srcset=\"https:\/\/felix.ares.fm\/wp-content\/uploads\/2024\/09\/IMG20240503110949-min.jpg 217w, https:\/\/felix.ares.fm\/wp-content\/uploads\/2024\/09\/IMG20240503110949-min-136x300.jpg 136w\" sizes=\"auto, (max-width: 217px) 100vw, 217px\" \/><figcaption class=\"wp-element-caption\">Detalle de la rosca.<\/figcaption><\/figure>\n<\/div>\n\n<div class=\"wp-block-image\">\n<figure class=\"aligncenter size-full\"><img loading=\"lazy\" decoding=\"async\" width=\"217\" height=\"480\" src=\"https:\/\/felix.ares.fm\/wp-content\/uploads\/2024\/09\/IMG20240503111752-min.jpg\" alt=\"\" class=\"wp-image-16087\" srcset=\"https:\/\/felix.ares.fm\/wp-content\/uploads\/2024\/09\/IMG20240503111752-min.jpg 217w, https:\/\/felix.ares.fm\/wp-content\/uploads\/2024\/09\/IMG20240503111752-min-136x300.jpg 136w\" sizes=\"auto, (max-width: 217px) 100vw, 217px\" \/><figcaption class=\"wp-element-caption\">Detalle de c\u00f3mo baja la palanca de madera para presionar sobre las uvas.<\/figcaption><\/figure>\n<\/div>\n\n\n<figure class=\"wp-block-image size-full\"><img loading=\"lazy\" decoding=\"async\" width=\"640\" height=\"289\" src=\"https:\/\/felix.ares.fm\/wp-content\/uploads\/2024\/09\/IMG20240503111810-min.jpg\" alt=\"\" class=\"wp-image-16090\" srcset=\"https:\/\/felix.ares.fm\/wp-content\/uploads\/2024\/09\/IMG20240503111810-min.jpg 640w, https:\/\/felix.ares.fm\/wp-content\/uploads\/2024\/09\/IMG20240503111810-min-300x135.jpg 300w\" sizes=\"auto, (max-width: 640px) 100vw, 640px\" \/><figcaption class=\"wp-element-caption\">Vista de palanca y mecanismo para descender y prensar las uvas.<\/figcaption><\/figure>\n\n\n\n<figure class=\"wp-block-image size-full\"><img loading=\"lazy\" decoding=\"async\" width=\"640\" height=\"289\" src=\"https:\/\/felix.ares.fm\/wp-content\/uploads\/2024\/09\/IMG20240503111802-min.jpg\" alt=\"\" class=\"wp-image-16089\" srcset=\"https:\/\/felix.ares.fm\/wp-content\/uploads\/2024\/09\/IMG20240503111802-min.jpg 640w, https:\/\/felix.ares.fm\/wp-content\/uploads\/2024\/09\/IMG20240503111802-min-300x135.jpg 300w\" sizes=\"auto, (max-width: 640px) 100vw, 640px\" \/><figcaption class=\"wp-element-caption\">Otra vista de la palanca.<\/figcaption><\/figure>\n\n\n<div class=\"wp-block-image\">\n<figure class=\"aligncenter size-full\"><img loading=\"lazy\" decoding=\"async\" width=\"217\" height=\"480\" src=\"https:\/\/felix.ares.fm\/wp-content\/uploads\/2024\/09\/IMG20240503111757-min.jpg\" alt=\"\" class=\"wp-image-16088\" srcset=\"https:\/\/felix.ares.fm\/wp-content\/uploads\/2024\/09\/IMG20240503111757-min.jpg 217w, https:\/\/felix.ares.fm\/wp-content\/uploads\/2024\/09\/IMG20240503111757-min-136x300.jpg 136w\" sizes=\"auto, (max-width: 217px) 100vw, 217px\" \/><figcaption class=\"wp-element-caption\">En ese recipiente es donde est\u00e1n las uvas.<\/figcaption><\/figure>\n<\/div>\n\n\n<p>Al lado de la impresionante prensa hay un caballo de madera, como homenaje a Clavile\u00f1o <a href=\"#3\" data-type=\"internal\" data-id=\"#3\">[3]<\/a>:<\/p>\n\n\n\n<blockquote class=\"wp-block-quote is-layout-flow wp-block-quote-is-layout-flow\">\n<p><strong>Clavile\u00f1o<\/strong>&nbsp;es el nombre del&nbsp;<a href=\"https:\/\/es.wikipedia.org\/wiki\/Caballo\">caballo<\/a>&nbsp;de madera con el que unos&nbsp;<a href=\"https:\/\/es.wikipedia.org\/wiki\/Duque\">duques<\/a>&nbsp;gastan una broma a&nbsp;<a href=\"https:\/\/es.wikipedia.org\/wiki\/Alonso_Quijano\">Don Quijote<\/a>&nbsp;y&nbsp;<a href=\"https:\/\/es.wikipedia.org\/wiki\/Sancho_Panza\">Sancho Panza<\/a>&nbsp;en la segunda parte, cap\u00edtulos XL y XLI de la&nbsp;<a href=\"https:\/\/es.wikipedia.org\/wiki\/Don_Quijote_de_la_Mancha\">novela<\/a>&nbsp;de&nbsp;<a href=\"https:\/\/es.wikipedia.org\/wiki\/Miguel_de_Cervantes\">Miguel de Cervantes<\/a>.<\/p>\n<\/blockquote>\n\n\n\n<figure class=\"wp-block-image size-full\"><img loading=\"lazy\" decoding=\"async\" width=\"640\" height=\"289\" src=\"https:\/\/felix.ares.fm\/wp-content\/uploads\/2024\/09\/IMG20240503110958-min.jpg\" alt=\"\" class=\"wp-image-16083\" srcset=\"https:\/\/felix.ares.fm\/wp-content\/uploads\/2024\/09\/IMG20240503110958-min.jpg 640w, https:\/\/felix.ares.fm\/wp-content\/uploads\/2024\/09\/IMG20240503110958-min-300x135.jpg 300w\" sizes=\"auto, (max-width: 640px) 100vw, 640px\" \/><figcaption class=\"wp-element-caption\">El \u00abclavile\u00f1o\u00bb de la Casa de Dulcinea.<\/figcaption><\/figure>\n\n\n\n<p>En la casa hay un palomar.<\/p>\n\n\n\n<figure class=\"wp-block-gallery has-nested-images columns-default is-cropped wp-block-gallery-2 is-layout-flex wp-block-gallery-is-layout-flex\">\n<figure class=\"wp-block-image size-large\"><img loading=\"lazy\" decoding=\"async\" width=\"217\" height=\"480\" data-id=\"16085\" src=\"https:\/\/felix.ares.fm\/wp-content\/uploads\/2024\/09\/IMG20240503111304-min.jpg\" alt=\"\" class=\"wp-image-16085\" srcset=\"https:\/\/felix.ares.fm\/wp-content\/uploads\/2024\/09\/IMG20240503111304-min.jpg 217w, https:\/\/felix.ares.fm\/wp-content\/uploads\/2024\/09\/IMG20240503111304-min-136x300.jpg 136w\" sizes=\"auto, (max-width: 217px) 100vw, 217px\" \/><figcaption class=\"wp-element-caption\">Palomar de la Casa de Dulcinea.<\/figcaption><\/figure>\n\n\n\n<figure class=\"wp-block-image size-large\"><img loading=\"lazy\" decoding=\"async\" width=\"217\" height=\"480\" data-id=\"16084\" src=\"https:\/\/felix.ares.fm\/wp-content\/uploads\/2024\/09\/IMG20240503111301-min.jpg\" alt=\"\" class=\"wp-image-16084\" srcset=\"https:\/\/felix.ares.fm\/wp-content\/uploads\/2024\/09\/IMG20240503111301-min.jpg 217w, https:\/\/felix.ares.fm\/wp-content\/uploads\/2024\/09\/IMG20240503111301-min-136x300.jpg 136w\" sizes=\"auto, (max-width: 217px) 100vw, 217px\" \/><\/figure>\n<\/figure>\n\n\n\n<p>Adem\u00e1s de lo ya visto, hay un museo con instrumentos de uso com\u00fan, sobre todo de cocina, de la \u00e9poca.<\/p>\n\n\n<div class=\"wp-block-image\">\n<figure class=\"aligncenter size-full\"><img loading=\"lazy\" decoding=\"async\" width=\"217\" height=\"480\" src=\"https:\/\/felix.ares.fm\/wp-content\/uploads\/2024\/09\/IMG20240503113656_cocina_mesa_utensilios_BB-min.jpg\" alt=\"\" class=\"wp-image-16099\" srcset=\"https:\/\/felix.ares.fm\/wp-content\/uploads\/2024\/09\/IMG20240503113656_cocina_mesa_utensilios_BB-min.jpg 217w, https:\/\/felix.ares.fm\/wp-content\/uploads\/2024\/09\/IMG20240503113656_cocina_mesa_utensilios_BB-min-136x300.jpg 136w\" sizes=\"auto, (max-width: 217px) 100vw, 217px\" \/><figcaption class=\"wp-element-caption\">Cocina y mesa donde com\u00edan.<\/figcaption><\/figure>\n<\/div>\n\n\n<p>Me voy a acercar a la parte de arriba y a la de abajo, para ver los detalles.<\/p>\n\n\n\n<figure class=\"wp-block-image size-full\"><img loading=\"lazy\" decoding=\"async\" width=\"640\" height=\"289\" src=\"https:\/\/felix.ares.fm\/wp-content\/uploads\/2024\/09\/IMG20240503113208_vasijas_cocina.jpg\" alt=\"\" class=\"wp-image-16093\" srcset=\"https:\/\/felix.ares.fm\/wp-content\/uploads\/2024\/09\/IMG20240503113208_vasijas_cocina.jpg 640w, https:\/\/felix.ares.fm\/wp-content\/uploads\/2024\/09\/IMG20240503113208_vasijas_cocina-300x135.jpg 300w\" sizes=\"auto, (max-width: 640px) 100vw, 640px\" \/><figcaption class=\"wp-element-caption\">Abajo est\u00e1 el fuego en el que se cocina. Arriba, diversas vasijas t\u00edpicas.<\/figcaption><\/figure>\n\n\n\n<figure class=\"wp-block-image size-full\"><img loading=\"lazy\" decoding=\"async\" width=\"640\" height=\"289\" src=\"https:\/\/felix.ares.fm\/wp-content\/uploads\/2024\/09\/IMG20240503113643_utensilios_cocina_BB-min.jpg\" alt=\"\" class=\"wp-image-16097\" srcset=\"https:\/\/felix.ares.fm\/wp-content\/uploads\/2024\/09\/IMG20240503113643_utensilios_cocina_BB-min.jpg 640w, https:\/\/felix.ares.fm\/wp-content\/uploads\/2024\/09\/IMG20240503113643_utensilios_cocina_BB-min-300x135.jpg 300w\" sizes=\"auto, (max-width: 640px) 100vw, 640px\" \/><figcaption class=\"wp-element-caption\">La cocina. Lo que hay abajo.<\/figcaption><\/figure>\n\n\n\n<figure class=\"wp-block-image size-full\"><img loading=\"lazy\" decoding=\"async\" width=\"640\" height=\"289\" src=\"https:\/\/felix.ares.fm\/wp-content\/uploads\/2024\/09\/IMG20240503113226_vasijas_BB.jpg\" alt=\"\" class=\"wp-image-16094\" srcset=\"https:\/\/felix.ares.fm\/wp-content\/uploads\/2024\/09\/IMG20240503113226_vasijas_BB.jpg 640w, https:\/\/felix.ares.fm\/wp-content\/uploads\/2024\/09\/IMG20240503113226_vasijas_BB-300x135.jpg 300w\" sizes=\"auto, (max-width: 640px) 100vw, 640px\" \/><figcaption class=\"wp-element-caption\">Diversas vasijas. Arriba se ven recipientes de medidas.<\/figcaption><\/figure>\n\n\n\n<p>Voy a acercarme a los recipientes de medidas.<\/p>\n\n\n\n<figure class=\"wp-block-image size-full\"><img loading=\"lazy\" decoding=\"async\" width=\"640\" height=\"208\" src=\"https:\/\/felix.ares.fm\/wp-content\/uploads\/2024\/09\/0IMG20240503113342_recipientes_de_medidas-min.jpg\" alt=\"\" class=\"wp-image-16096\" srcset=\"https:\/\/felix.ares.fm\/wp-content\/uploads\/2024\/09\/0IMG20240503113342_recipientes_de_medidas-min.jpg 640w, https:\/\/felix.ares.fm\/wp-content\/uploads\/2024\/09\/0IMG20240503113342_recipientes_de_medidas-min-300x98.jpg 300w\" sizes=\"auto, (max-width: 640px) 100vw, 640px\" \/><figcaption class=\"wp-element-caption\">Recipientes de medida.<\/figcaption><\/figure>\n\n\n\n<figure class=\"wp-block-image size-full\"><img loading=\"lazy\" decoding=\"async\" width=\"639\" height=\"480\" src=\"https:\/\/felix.ares.fm\/wp-content\/uploads\/2024\/09\/IMG20240503113603_utensilios_de_cocina_BB-min.jpg\" alt=\"\" class=\"wp-image-16098\" srcset=\"https:\/\/felix.ares.fm\/wp-content\/uploads\/2024\/09\/IMG20240503113603_utensilios_de_cocina_BB-min.jpg 639w, https:\/\/felix.ares.fm\/wp-content\/uploads\/2024\/09\/IMG20240503113603_utensilios_de_cocina_BB-min-300x225.jpg 300w\" sizes=\"auto, (max-width: 639px) 100vw, 639px\" \/><figcaption class=\"wp-element-caption\">Utensilios de cocina.<\/figcaption><\/figure>\n\n\n\n<p>En una esquina hay un candil. Ese tipo de candiles los usaban en las minas, pero aqu\u00ed aparece en la cocina.<\/p>\n\n\n<div class=\"wp-block-image\">\n<figure class=\"aligncenter size-full\"><img loading=\"lazy\" decoding=\"async\" width=\"217\" height=\"480\" src=\"https:\/\/felix.ares.fm\/wp-content\/uploads\/2024\/09\/IMG20240503113814_candil_BB-min.jpg\" alt=\"\" class=\"wp-image-16100\" srcset=\"https:\/\/felix.ares.fm\/wp-content\/uploads\/2024\/09\/IMG20240503113814_candil_BB-min.jpg 217w, https:\/\/felix.ares.fm\/wp-content\/uploads\/2024\/09\/IMG20240503113814_candil_BB-min-136x300.jpg 136w\" sizes=\"auto, (max-width: 217px) 100vw, 217px\" \/><figcaption class=\"wp-element-caption\">Candil.<\/figcaption><\/figure>\n<\/div>\n\n\n<p>Era habitual que en las casas de los hidalgos se hiciera queso. En la casa de Dulcinea, est\u00e1n los instrumentos t\u00edpicos de fabricarlo.<\/p>\n\n\n\n<figure class=\"wp-block-image size-full\"><img loading=\"lazy\" decoding=\"async\" width=\"640\" height=\"289\" src=\"https:\/\/felix.ares.fm\/wp-content\/uploads\/2024\/09\/IMG20240503114006_para_quesos_BB-min.jpg\" alt=\"\" class=\"wp-image-16101\" srcset=\"https:\/\/felix.ares.fm\/wp-content\/uploads\/2024\/09\/IMG20240503114006_para_quesos_BB-min.jpg 640w, https:\/\/felix.ares.fm\/wp-content\/uploads\/2024\/09\/IMG20240503114006_para_quesos_BB-min-300x135.jpg 300w\" sizes=\"auto, (max-width: 640px) 100vw, 640px\" \/><figcaption class=\"wp-element-caption\">Instrumentos para hacer queso.<\/figcaption><\/figure>\n\n\n\n<figure class=\"wp-block-image size-full\"><img loading=\"lazy\" decoding=\"async\" width=\"640\" height=\"289\" src=\"https:\/\/felix.ares.fm\/wp-content\/uploads\/2024\/09\/IMG20240503114009_moldes_queso_BB-min.jpg\" alt=\"\" class=\"wp-image-16102\" srcset=\"https:\/\/felix.ares.fm\/wp-content\/uploads\/2024\/09\/IMG20240503114009_moldes_queso_BB-min.jpg 640w, https:\/\/felix.ares.fm\/wp-content\/uploads\/2024\/09\/IMG20240503114009_moldes_queso_BB-min-300x135.jpg 300w\" sizes=\"auto, (max-width: 640px) 100vw, 640px\" \/><figcaption class=\"wp-element-caption\">Los dos elementos de la derecha son los moldes para el queso.<\/figcaption><\/figure>\n\n\n\n<p>Tambi\u00e9n hay unos ejemplos de c\u00f3mo eran las habitaciones.<\/p>\n\n\n\n<p>Una cosa que me ha llamado la atenci\u00f3n ha sido ver en una habitaci\u00f3n un retrete. Una silla almohadillada, con un gran hueco. Las deposiciones ca\u00edan a un recipiente que, despu\u00e9s, se quitaba y limpiaba.<\/p>\n\n\n<div class=\"wp-block-image\">\n<figure class=\"aligncenter size-full\"><img loading=\"lazy\" decoding=\"async\" width=\"217\" height=\"480\" src=\"https:\/\/felix.ares.fm\/wp-content\/uploads\/2024\/09\/IMG20240503114412_vater_BB-min.jpg\" alt=\"\" class=\"wp-image-16104\" srcset=\"https:\/\/felix.ares.fm\/wp-content\/uploads\/2024\/09\/IMG20240503114412_vater_BB-min.jpg 217w, https:\/\/felix.ares.fm\/wp-content\/uploads\/2024\/09\/IMG20240503114412_vater_BB-min-136x300.jpg 136w\" sizes=\"auto, (max-width: 217px) 100vw, 217px\" \/><figcaption class=\"wp-element-caption\">Retrete.<\/figcaption><\/figure>\n<\/div>\n\n\n<figure class=\"wp-block-image size-full\"><img loading=\"lazy\" decoding=\"async\" width=\"640\" height=\"289\" src=\"https:\/\/felix.ares.fm\/wp-content\/uploads\/2024\/09\/IMG20240503114441_cama_habitacion_BB-min.jpg\" alt=\"\" class=\"wp-image-16105\" srcset=\"https:\/\/felix.ares.fm\/wp-content\/uploads\/2024\/09\/IMG20240503114441_cama_habitacion_BB-min.jpg 640w, https:\/\/felix.ares.fm\/wp-content\/uploads\/2024\/09\/IMG20240503114441_cama_habitacion_BB-min-300x135.jpg 300w\" sizes=\"auto, (max-width: 640px) 100vw, 640px\" \/><figcaption class=\"wp-element-caption\">Cama.<\/figcaption><\/figure>\n\n\n<div class=\"wp-block-image\">\n<figure class=\"aligncenter size-full\"><img loading=\"lazy\" decoding=\"async\" width=\"217\" height=\"480\" src=\"https:\/\/felix.ares.fm\/wp-content\/uploads\/2024\/09\/IMG20240503114625_calentador_de_la_cama-min.jpg\" alt=\"\" class=\"wp-image-16106\" srcset=\"https:\/\/felix.ares.fm\/wp-content\/uploads\/2024\/09\/IMG20240503114625_calentador_de_la_cama-min.jpg 217w, https:\/\/felix.ares.fm\/wp-content\/uploads\/2024\/09\/IMG20240503114625_calentador_de_la_cama-min-136x300.jpg 136w\" sizes=\"auto, (max-width: 217px) 100vw, 217px\" \/><figcaption class=\"wp-element-caption\">Calentador de cama.<\/figcaption><\/figure>\n<\/div>\n\n\n<p>El calentador es curioso. La estructura de madera entra y sale de la cama. En su parte baja tiene un brasero.<\/p>\n\n\n\n<p>En la habitaci\u00f3n suele haber ba\u00fales. Algunos de ellos con un sistema de cierre realmente complejo.<\/p>\n\n\n\n<figure class=\"wp-block-image size-full\"><img loading=\"lazy\" decoding=\"async\" width=\"640\" height=\"289\" src=\"https:\/\/felix.ares.fm\/wp-content\/uploads\/2024\/09\/IMG20240503114532_sistema_cerradura_del_bual_BB-min.jpg\" alt=\"\" class=\"wp-image-16107\" srcset=\"https:\/\/felix.ares.fm\/wp-content\/uploads\/2024\/09\/IMG20240503114532_sistema_cerradura_del_bual_BB-min.jpg 640w, https:\/\/felix.ares.fm\/wp-content\/uploads\/2024\/09\/IMG20240503114532_sistema_cerradura_del_bual_BB-min-300x135.jpg 300w\" sizes=\"auto, (max-width: 640px) 100vw, 640px\" \/><figcaption class=\"wp-element-caption\">Ba\u00fal. El mecanismo de cierre, como puede verse, es realmente complejo.<\/figcaption><\/figure>\n\n\n<div class=\"wp-block-image\">\n<figure class=\"aligncenter size-full\"><img loading=\"lazy\" decoding=\"async\" width=\"217\" height=\"480\" src=\"https:\/\/felix.ares.fm\/wp-content\/uploads\/2024\/09\/IMG20240503114752_bolillos-min.jpg\" alt=\"\" class=\"wp-image-16109\" srcset=\"https:\/\/felix.ares.fm\/wp-content\/uploads\/2024\/09\/IMG20240503114752_bolillos-min.jpg 217w, https:\/\/felix.ares.fm\/wp-content\/uploads\/2024\/09\/IMG20240503114752_bolillos-min-136x300.jpg 136w\" sizes=\"auto, (max-width: 217px) 100vw, 217px\" \/><figcaption class=\"wp-element-caption\">Instrumentos para hacer encajes de bolillos.<\/figcaption><\/figure>\n<\/div>\n\n\n<p>En la esquina de una habitaci\u00f3n hab\u00eda una preciosa talla de madera de la Virgen con el Ni\u00f1o.<\/p>\n\n\n<div class=\"wp-block-image\">\n<figure class=\"aligncenter size-full\"><img loading=\"lazy\" decoding=\"async\" width=\"217\" height=\"480\" src=\"https:\/\/felix.ares.fm\/wp-content\/uploads\/2024\/09\/IMG20240503114951-min.jpg\" alt=\"\" class=\"wp-image-16110\" srcset=\"https:\/\/felix.ares.fm\/wp-content\/uploads\/2024\/09\/IMG20240503114951-min.jpg 217w, https:\/\/felix.ares.fm\/wp-content\/uploads\/2024\/09\/IMG20240503114951-min-136x300.jpg 136w\" sizes=\"auto, (max-width: 217px) 100vw, 217px\" \/><figcaption class=\"wp-element-caption\">Virgen con el Ni\u00f1o en una de las habitaciones.<\/figcaption><\/figure>\n<\/div>\n\n\n<h3 class=\"wp-block-heading\">Tienda de souvenirs<\/h3>\n\n\n\n<p>Muy cerca de la Casa de Dulcinea hay varias tiendas de souvenir. Entr\u00e9 en una de ellas <\/p>\n\n\n<div class=\"wp-block-image\">\n<figure class=\"aligncenter size-full\"><img loading=\"lazy\" decoding=\"async\" width=\"217\" height=\"480\" src=\"https:\/\/felix.ares.fm\/wp-content\/uploads\/2024\/09\/IMG20240503115501_Don_Quijote_en_puerta-min.jpg\" alt=\"\" class=\"wp-image-16112\" srcset=\"https:\/\/felix.ares.fm\/wp-content\/uploads\/2024\/09\/IMG20240503115501_Don_Quijote_en_puerta-min.jpg 217w, https:\/\/felix.ares.fm\/wp-content\/uploads\/2024\/09\/IMG20240503115501_Don_Quijote_en_puerta-min-136x300.jpg 136w\" sizes=\"auto, (max-width: 217px) 100vw, 217px\" \/><figcaption class=\"wp-element-caption\">Don Quijote en una puerta.<\/figcaption><\/figure>\n<\/div>\n\n\n<figure class=\"wp-block-image size-full\"><img loading=\"lazy\" decoding=\"async\" width=\"640\" height=\"289\" src=\"https:\/\/felix.ares.fm\/wp-content\/uploads\/2024\/09\/IMG20240503115535_almorta-min.jpg\" alt=\"\" class=\"wp-image-16113\" srcset=\"https:\/\/felix.ares.fm\/wp-content\/uploads\/2024\/09\/IMG20240503115535_almorta-min.jpg 640w, https:\/\/felix.ares.fm\/wp-content\/uploads\/2024\/09\/IMG20240503115535_almorta-min-300x135.jpg 300w\" sizes=\"auto, (max-width: 640px) 100vw, 640px\" \/><figcaption class=\"wp-element-caption\">Me ha sorprendido que vendan estas tarrinas con lo que ellos llaman \u00abtitos\u00bb son semillas de Almorta.<\/figcaption><\/figure>\n\n\n\n<p>De las almortas se hace harina que se suele usar en las gachas manchegas y de otras muchas cosas, por ejemplo, como espesante de sopas, salsas y guisos; tambi\u00e9n en panader\u00eda y reposterepostear\u00edaria.<\/p>\n\n\n\n<p>Entre los \u00absouvenirs\u00bb tambi\u00e9n hay quesos. Ya sabemos que los quesos de la Mancha son muy famosos. Aqu\u00ed, en el Toboso, los podemos comprar. <\/p>\n\n\n\n<figure class=\"wp-block-image size-full\"><img loading=\"lazy\" decoding=\"async\" width=\"640\" height=\"289\" src=\"https:\/\/felix.ares.fm\/wp-content\/uploads\/2024\/09\/IMG20240503115751_queso_manchego_Tobar_del_oso-min.jpg\" alt=\"\" class=\"wp-image-16114\" srcset=\"https:\/\/felix.ares.fm\/wp-content\/uploads\/2024\/09\/IMG20240503115751_queso_manchego_Tobar_del_oso-min.jpg 640w, https:\/\/felix.ares.fm\/wp-content\/uploads\/2024\/09\/IMG20240503115751_queso_manchego_Tobar_del_oso-min-300x135.jpg 300w\" sizes=\"auto, (max-width: 640px) 100vw, 640px\" \/><figcaption class=\"wp-element-caption\">Queso manchego.<\/figcaption><\/figure>\n\n\n\n<figure class=\"wp-block-image size-full\"><img loading=\"lazy\" decoding=\"async\" width=\"640\" height=\"289\" src=\"https:\/\/felix.ares.fm\/wp-content\/uploads\/2024\/09\/IMG20240503115759_queso_manchego_Tobar_del_oso-min.jpg\" alt=\"\" class=\"wp-image-16115\" srcset=\"https:\/\/felix.ares.fm\/wp-content\/uploads\/2024\/09\/IMG20240503115759_queso_manchego_Tobar_del_oso-min.jpg 640w, https:\/\/felix.ares.fm\/wp-content\/uploads\/2024\/09\/IMG20240503115759_queso_manchego_Tobar_del_oso-min-300x135.jpg 300w\" sizes=\"auto, (max-width: 640px) 100vw, 640px\" \/><figcaption class=\"wp-element-caption\">Queso manchego.<\/figcaption><\/figure>\n\n\n\n<p>Me llam\u00f3 la atenci\u00f3n el \u00abajo negro\u00bb.<\/p>\n\n\n<div class=\"wp-block-image\">\n<figure class=\"aligncenter size-full\"><img loading=\"lazy\" decoding=\"async\" width=\"217\" height=\"480\" src=\"https:\/\/felix.ares.fm\/wp-content\/uploads\/2024\/09\/IMG20240503115856_ajo_negro-min.jpg\" alt=\"\" class=\"wp-image-16116\" srcset=\"https:\/\/felix.ares.fm\/wp-content\/uploads\/2024\/09\/IMG20240503115856_ajo_negro-min.jpg 217w, https:\/\/felix.ares.fm\/wp-content\/uploads\/2024\/09\/IMG20240503115856_ajo_negro-min-136x300.jpg 136w\" sizes=\"auto, (max-width: 217px) 100vw, 217px\" \/><figcaption class=\"wp-element-caption\">Ajo negro.<\/figcaption><\/figure>\n<\/div>\n\n\n<p>Tras estas compras volvimos al autob\u00fas y nos dirigimos a Campo de Criptana.<\/p>\n\n\n\n<hr class=\"wp-block-separator has-alpha-channel-opacity\"\/>\n\n\n\n<h3 class=\"wp-block-heading\">Notas<\/h3>\n\n\n\n<p id=\"1\">[1] Centro Virtual Cervantes. Cl\u00e1sicos hisp\u00e1nicos&nbsp;&gt;&nbsp;Don Quijote&nbsp;&gt;&nbsp;Edici\u00f3n. Primera parte&nbsp;&gt; Cap\u00edtulo I (2 de 2). <a href=\"https:\/\/cvc.cervantes.es\/literatura\/clasicos\/quijote\/edicion\/parte1\/cap01\/cap01_02.htm\">https:\/\/cvc.cervantes.es\/literatura\/clasicos\/quijote\/edicion\/parte1\/cap01\/cap01_02.htm<\/a><\/p>\n\n\n\n<p id=\"2\">[2] Wikipedia en castellano. Entrada: <em>Onopordum acanthium<\/em>. <a href=\"https:\/\/es.wikipedia.org\/wiki\/Onopordum_acanthium\">https:\/\/es.wikipedia.org\/wiki\/Onopordum_acanthium<\/a> [Consultado el 15 de septiembre de 2024]<\/p>\n\n\n\n<p id=\"3\">[3] Wikipedia en espa\u00f1ol. Entrada: <em>Clavile\u00f1o. <\/em>https:\/\/es.wikipedia.org\/wiki\/Clavile%C3%B1o [Consultado 15 de septiembre de 2024]<\/p>\n\n\n\n<hr class=\"wp-block-separator has-alpha-channel-opacity\"\/>\n\n\n\n<h3 class=\"wp-block-heading\"><strong>Nota sobre fotos<\/strong><\/h3>\n\n\n\n<p>Las fotos que se han utilizado, han sido realizadas por F\u00e9lix Ares y \u00c1lvaro Ares y las licenciamos como Creative Commons. Attribution 4.0. International CC by 4.0. Puede usarlas, pero deben dar cr\u00e9dito a los autores y que se han sacado de la p\u00e1gina https:\/\/felix.ares.fm<\/p>\n\n\n<div class=\"wp-block-image\">\n<figure class=\"aligncenter\"><a href=\"https:\/\/creativecommons.org\/licenses\/by\/4.0\/\"><img decoding=\"async\" src=\"https:\/\/i.creativecommons.org\/l\/by\/4.0\/88x31.png\" alt=\"Creative Commons License\"\/><\/a><\/figure>\n<\/div>\n\n\n<p class=\"has-text-align-center\">_ _ _<\/p>\n\n\n\n<p>NOTA: ya saben ustedes que el Spam est\u00e1 a la orden del d\u00eda. Si pusiera mi direcci\u00f3n de correo electr\u00f3nico en forma visible, mi buz\u00f3n se llenar\u00eda de basura. Si quieren ponerse en contacto conmigo, pueden hacerlo en esta direcci\u00f3n, que pienso est\u00e1 suficientemente dif\u00edcil para los robots.<\/p>\n\n\n\n<p><\/p>\n\n\n<div class=\"wp-block-image\">\n<figure class=\"aligncenter size-large is-resized\"><img loading=\"lazy\" decoding=\"async\" width=\"703\" height=\"499\" src=\"http:\/\/felix.ares.fm\/wp-content\/uploads\/2016\/02\/tapas.ares_.fm_.2.jpg\" alt=\"\" class=\"wp-image-7476\" style=\"width:256px;height:182px\" srcset=\"https:\/\/felix.ares.fm\/wp-content\/uploads\/2016\/02\/tapas.ares_.fm_.2.jpg 703w, https:\/\/felix.ares.fm\/wp-content\/uploads\/2016\/02\/tapas.ares_.fm_.2-300x213.jpg 300w\" sizes=\"auto, (max-width: 703px) 100vw, 703px\" \/><\/figure>\n<\/div>\n\n\n<p><\/p>\n","protected":false},"excerpt":{"rendered":"<p>El d\u00eda 1 de mayo empezamos una excursi\u00f3n de cinco d\u00edas, organizada por Juan Alcaraz, para conocer la provincia de Ciudad Real. En esta entrada comentar\u00e9 nuestra visita al pueblo de Dulcinea del Toboso (Toledo). 3 de mayo Dulcinea del Toboso es un personaje ficticio de la obra de Cervantes \u00abEl Ingenioso Hidalgo Don Quijote &hellip; <a href=\"https:\/\/felix.ares.fm\/?p=16063\" class=\"more-link\">Seguir leyendo <span class=\"screen-reader-text\">Viaje a la provincia de Ciudad Real. (10): El Toboso (Toledo).<\/span> <span class=\"meta-nav\">&rarr;<\/span><\/a><\/p>\n","protected":false},"author":1,"featured_media":0,"comment_status":"closed","ping_status":"open","sticky":false,"template":"","format":"standard","meta":{"footnotes":""},"categories":[1005,1747,237,1746],"tags":[1763,1749,1759,1753,1760,1748,1761,1754,1752,1757,1750,1755,1762,1758],"class_list":["post-16063","post","type-post","status-publish","format-standard","hentry","category-ciudad-real","category-el-toboso","category-excursiones-desde-fuengirola","category-toledo","tag-ajo-negro","tag-aldaba","tag-calentador-de-cama","tag-casa-mancehga-de-un-hidalgo","tag-cerraduras-de-baul","tag-dulcinea-del-toboso","tag-encaje-de-bolillos","tag-instrumentos-de-cocina","tag-lagar","tag-moldes-de-queso","tag-museo-casa-dulcinea-de-el-toboso","tag-prensa-de-uva","tag-qusos-de-la-mancha","tag-retrete"],"_links":{"self":[{"href":"https:\/\/felix.ares.fm\/index.php?rest_route=\/wp\/v2\/posts\/16063","targetHints":{"allow":["GET"]}}],"collection":[{"href":"https:\/\/felix.ares.fm\/index.php?rest_route=\/wp\/v2\/posts"}],"about":[{"href":"https:\/\/felix.ares.fm\/index.php?rest_route=\/wp\/v2\/types\/post"}],"author":[{"embeddable":true,"href":"https:\/\/felix.ares.fm\/index.php?rest_route=\/wp\/v2\/users\/1"}],"replies":[{"embeddable":true,"href":"https:\/\/felix.ares.fm\/index.php?rest_route=%2Fwp%2Fv2%2Fcomments&post=16063"}],"version-history":[{"count":12,"href":"https:\/\/felix.ares.fm\/index.php?rest_route=\/wp\/v2\/posts\/16063\/revisions"}],"predecessor-version":[{"id":16120,"href":"https:\/\/felix.ares.fm\/index.php?rest_route=\/wp\/v2\/posts\/16063\/revisions\/16120"}],"wp:attachment":[{"href":"https:\/\/felix.ares.fm\/index.php?rest_route=%2Fwp%2Fv2%2Fmedia&parent=16063"}],"wp:term":[{"taxonomy":"category","embeddable":true,"href":"https:\/\/felix.ares.fm\/index.php?rest_route=%2Fwp%2Fv2%2Fcategories&post=16063"},{"taxonomy":"post_tag","embeddable":true,"href":"https:\/\/felix.ares.fm\/index.php?rest_route=%2Fwp%2Fv2%2Ftags&post=16063"}],"curies":[{"name":"wp","href":"https:\/\/api.w.org\/{rel}","templated":true}]}}