{"id":16031,"date":"2024-09-13T11:56:05","date_gmt":"2024-09-13T09:56:05","guid":{"rendered":"https:\/\/felix.ares.fm\/?p=16031"},"modified":"2024-09-17T03:40:53","modified_gmt":"2024-09-17T01:40:53","slug":"viaje-a-la-provincia-de-ciudad-real-9-las-tablas-de-daimiel-ciudad-real","status":"publish","type":"post","link":"https:\/\/felix.ares.fm\/?p=16031","title":{"rendered":"Viaje a la provincia de Ciudad Real. (9): Las tablas de Daimiel (Ciudad Real)."},"content":{"rendered":"\n<h3 class=\"wp-block-heading\">El d\u00eda 1 de mayo empezamos una excursi\u00f3n de cinco d\u00edas, organizada por Juan Alcaraz, para conocer la provincia de Ciudad Real. En esta entrada comentar\u00e9 nuestra visita a las \u00abTablas de Daimiel\u00bb (Ciudad Real).<\/h3>\n\n\n\n<h3 class=\"wp-block-heading\">2 de mayo<\/h3>\n\n\n\n<p>Las \u00abTablas de Daimiel\u00bb est\u00e1n en el municipio de Daimiel, en la provincia de Ciudad Real. Desde el castillo de Pa\u00f1arroya a las Tablas hay casi 89 kil\u00f3metros.<\/p>\n\n\n\n<figure class=\"wp-block-image size-full\"><img loading=\"lazy\" decoding=\"async\" width=\"941\" height=\"504\" src=\"https:\/\/felix.ares.fm\/wp-content\/uploads\/2024\/09\/0ruta_pennarroya_tablas_daimiel-min.jpg\" alt=\"\" class=\"wp-image-16033\" srcset=\"https:\/\/felix.ares.fm\/wp-content\/uploads\/2024\/09\/0ruta_pennarroya_tablas_daimiel-min.jpg 941w, https:\/\/felix.ares.fm\/wp-content\/uploads\/2024\/09\/0ruta_pennarroya_tablas_daimiel-min-300x161.jpg 300w, https:\/\/felix.ares.fm\/wp-content\/uploads\/2024\/09\/0ruta_pennarroya_tablas_daimiel-min-768x411.jpg 768w\" sizes=\"auto, (max-width: 941px) 100vw, 941px\" \/><figcaption class=\"wp-element-caption\">Ruta desde Pe\u00f1arroya hasta las Tablas de Daimiel.<\/figcaption><\/figure>\n\n\n\n<p>El nombre de Tablas se refiere a las \u00abtablas fluviales\u00bb que son zonas de desbordamiento de los r\u00edos en su cauce medio. En este caso hay dos r\u00edos que contribuyen a crear las \u00abtablas\u00bb, son el Guadiana (el r\u00edo Ana), de agua dulce, y el Cig\u00fcela de agua salobre.<\/p>\n\n\n\n<p>La contribuci\u00f3n del agua salobre es muy importante, pues, debido a ello, hay ciertas plantas, como por ejemplo los \u00abtarayes\u00bb (plural de taray) que es un \u00e1rbol t\u00edpico de las \u00abTablas de Daimiel\u00bb y que crece a la orilla de aguas salobres.<\/p>\n\n\n\n<p>En las Tablas, hay un centro de visitantes donde te informan de las distintas actividades que se pueden hacer.<\/p>\n\n\n\n<figure class=\"wp-block-image size-full\"><img loading=\"lazy\" decoding=\"async\" width=\"640\" height=\"289\" src=\"https:\/\/felix.ares.fm\/wp-content\/uploads\/2024\/09\/IMG20240502180016_letrero_tablas-de-Daimiel-min.jpg\" alt=\"\" class=\"wp-image-16038\" srcset=\"https:\/\/felix.ares.fm\/wp-content\/uploads\/2024\/09\/IMG20240502180016_letrero_tablas-de-Daimiel-min.jpg 640w, https:\/\/felix.ares.fm\/wp-content\/uploads\/2024\/09\/IMG20240502180016_letrero_tablas-de-Daimiel-min-300x135.jpg 300w\" sizes=\"auto, (max-width: 640px) 100vw, 640px\" \/><figcaption class=\"wp-element-caption\">Se\u00f1al del centro de visitantes.<\/figcaption><\/figure>\n\n\n\n<p>Las tablas de Daimiel est\u00e1n preparadas para el visitante con caminos de madera. Hay tres rutas que se diferencian por su longitud y dificultad. Los itinerarios se llaman de \u00abLa Laguna Permanente\u00bb, de \u00abLa Isla del Pan\u00bb y la de \u00abLa Torre de Prado Ancho\u00bb. Los itinerarios y su dificultad pueden verse en <a href=\"#1\" data-type=\"internal\" data-id=\"#1\">[1]<\/a>.<\/p>\n\n\n\n<figure class=\"wp-block-image size-full\"><img loading=\"lazy\" decoding=\"async\" width=\"640\" height=\"289\" src=\"https:\/\/felix.ares.fm\/wp-content\/uploads\/2024\/09\/IMG20240502180714_tres_itinerarios-min.jpg\" alt=\"\" class=\"wp-image-16034\" srcset=\"https:\/\/felix.ares.fm\/wp-content\/uploads\/2024\/09\/IMG20240502180714_tres_itinerarios-min.jpg 640w, https:\/\/felix.ares.fm\/wp-content\/uploads\/2024\/09\/IMG20240502180714_tres_itinerarios-min-300x135.jpg 300w\" sizes=\"auto, (max-width: 640px) 100vw, 640px\" \/><\/figure>\n\n\n\n<p>A nosotros, el gu\u00eda nos aconsej\u00f3 el itinerario de \u00abLa Isla del Pan\u00bb. Sus caracter\u00edsticas son <a href=\"#1\" data-type=\"internal\" data-id=\"#1\">[1]<\/a>:<\/p>\n\n\n\n<blockquote class=\"wp-block-quote is-layout-flow wp-block-quote-is-layout-flow\">\n<p>Su recorrido es circular. Tambi\u00e9n se accede a \u00e9l desde el itinerario de la Isla del Pan hacia el final de su recorrido.<br \/><strong>Distancia:&nbsp;<\/strong>1,5 Kil\u00f3metros &nbsp;&nbsp; &nbsp;<strong>Dificultad:&nbsp;<\/strong>Baja<br \/><strong>Accesibilidad:&nbsp;<\/strong>Adaptado (parte) &nbsp;&nbsp; &nbsp;<strong>Duraci\u00f3n:&nbsp;<\/strong>1 horas.<\/p>\n<\/blockquote>\n\n\n\n<p>Hay otro itinerario m\u00e1s largo, el de \u00abLa Torre de Prado Ancho\u00bb <a href=\"#1\" data-type=\"internal\" data-id=\"#1\">[1]<\/a><\/p>\n\n\n\n<blockquote class=\"wp-block-quote is-layout-flow wp-block-quote-is-layout-flow\">\n<blockquote class=\"wp-block-quote is-layout-flow wp-block-quote-is-layout-flow\">\n<p>Uno de los inconvenientes de este itinerario es su estacionalidad, desde el final de la primavera y hasta el invierno, permanece seco en casi su totalidad.<br \/><strong>Distancia:&nbsp;<\/strong>4 Kil\u00f3metros &nbsp;&nbsp;&nbsp;<strong>&nbsp;Dificultad:<\/strong>&nbsp;Baja<br \/><strong>Accesibilidad:<\/strong>&nbsp;Adaptado (parte) &nbsp;&nbsp;&nbsp;<strong>&nbsp;Duraci\u00f3n:&nbsp;<\/strong>2,5 horas.<\/p>\n<\/blockquote>\n<\/blockquote>\n\n\n\n<p>Tambi\u00e9n hay otro m\u00e1s o menos igual, el de \u00abLa Laguna Permanente\u00bb <a href=\"#1\" data-type=\"internal\" data-id=\"#1\">[1]<\/a>:<\/p>\n\n\n\n<blockquote class=\"wp-block-quote is-layout-flow wp-block-quote-is-layout-flow\">\n<p>Su recorrido es circular. Tambi\u00e9n se accede a \u00e9l desde el itinerario de la Isla del Pan hacia el final de su recorrido.<br \/><strong>Distancia:&nbsp;<\/strong>1,5 Kil\u00f3metros &nbsp;&nbsp; &nbsp;<strong>Dificultad:&nbsp;<\/strong>Baja<br \/><strong>Accesibilidad:&nbsp;<\/strong>Adaptado (parte) &nbsp;&nbsp; &nbsp;<strong>Duraci\u00f3n:&nbsp;<\/strong>1 horas.<\/p>\n<\/blockquote>\n\n\n\n<p>Tal como ya he dicho nosotros elegimos el itinerario de \u00abLa Isla del Pan\u00bb:<\/p>\n\n\n\n<figure class=\"wp-block-gallery has-nested-images columns-default is-cropped wp-block-gallery-1 is-layout-flex wp-block-gallery-is-layout-flex\">\n<figure class=\"wp-block-image size-large\"><img loading=\"lazy\" decoding=\"async\" width=\"217\" height=\"480\" data-id=\"16035\" src=\"https:\/\/felix.ares.fm\/wp-content\/uploads\/2024\/09\/IMG20240502180745_itinerario_la_isla_del_pan-min.jpg\" alt=\"\" class=\"wp-image-16035\" srcset=\"https:\/\/felix.ares.fm\/wp-content\/uploads\/2024\/09\/IMG20240502180745_itinerario_la_isla_del_pan-min.jpg 217w, https:\/\/felix.ares.fm\/wp-content\/uploads\/2024\/09\/IMG20240502180745_itinerario_la_isla_del_pan-min-136x300.jpg 136w\" sizes=\"auto, (max-width: 217px) 100vw, 217px\" \/><figcaption class=\"wp-element-caption\">Itinerario de La Isla del Pan. Color amarillo,<\/figcaption><\/figure>\n\n\n\n<figure class=\"wp-block-image size-large\"><img loading=\"lazy\" decoding=\"async\" width=\"217\" height=\"480\" data-id=\"16036\" src=\"https:\/\/felix.ares.fm\/wp-content\/uploads\/2024\/09\/IMG20240502180856_senal_camino_del_pan-min.jpg\" alt=\"\" class=\"wp-image-16036\" srcset=\"https:\/\/felix.ares.fm\/wp-content\/uploads\/2024\/09\/IMG20240502180856_senal_camino_del_pan-min.jpg 217w, https:\/\/felix.ares.fm\/wp-content\/uploads\/2024\/09\/IMG20240502180856_senal_camino_del_pan-min-136x300.jpg 136w\" sizes=\"auto, (max-width: 217px) 100vw, 217px\" \/><figcaption class=\"wp-element-caption\">Se\u00f1alizaci\u00f3n del camino a seguir en este itinerario<\/figcaption><\/figure>\n<\/figure>\n\n\n\n<p>A primer punto que nos dirigen las se\u00f1ales es la \u00abLaguna de aclimataci\u00f3n\u00bb.<\/p>\n\n\n\n<figure class=\"wp-block-image size-full\"><img loading=\"lazy\" decoding=\"async\" width=\"640\" height=\"289\" src=\"https:\/\/felix.ares.fm\/wp-content\/uploads\/2024\/09\/IMG20240502180906_sennales_laguna_de_aclimatacion-min.jpg\" alt=\"\" class=\"wp-image-16037\" srcset=\"https:\/\/felix.ares.fm\/wp-content\/uploads\/2024\/09\/IMG20240502180906_sennales_laguna_de_aclimatacion-min.jpg 640w, https:\/\/felix.ares.fm\/wp-content\/uploads\/2024\/09\/IMG20240502180906_sennales_laguna_de_aclimatacion-min-300x135.jpg 300w\" sizes=\"auto, (max-width: 640px) 100vw, 640px\" \/><figcaption class=\"wp-element-caption\">Se\u00f1al \u00abLaguna de Aclimataci\u00f3n\u00bb.<\/figcaption><\/figure>\n\n\n\n<p>Como su nombre indica, es un espacio donde las aves se preparan (se aclimatan) a las caracter\u00edsticas del parque, antes de liberarlas en \u00e9l. Dado que hay muchas aves aclimat\u00e1ndose, es un buen lugar para verlas. Desde all\u00ed pueden verse muchos patos.<\/p>\n\n\n\n<figure class=\"wp-block-image size-full\"><img loading=\"lazy\" decoding=\"async\" width=\"640\" height=\"289\" src=\"https:\/\/felix.ares.fm\/wp-content\/uploads\/2024\/09\/IMG20240502181543_patos-min.jpg\" alt=\"\" class=\"wp-image-16039\" srcset=\"https:\/\/felix.ares.fm\/wp-content\/uploads\/2024\/09\/IMG20240502181543_patos-min.jpg 640w, https:\/\/felix.ares.fm\/wp-content\/uploads\/2024\/09\/IMG20240502181543_patos-min-300x135.jpg 300w\" sizes=\"auto, (max-width: 640px) 100vw, 640px\" \/><figcaption class=\"wp-element-caption\">Patos<\/figcaption><\/figure>\n\n\n\n<figure class=\"wp-block-image size-full\"><img loading=\"lazy\" decoding=\"async\" width=\"640\" height=\"289\" src=\"https:\/\/felix.ares.fm\/wp-content\/uploads\/2024\/09\/IMG20240502181601_crias_de_patos-min.jpg\" alt=\"\" class=\"wp-image-16040\" srcset=\"https:\/\/felix.ares.fm\/wp-content\/uploads\/2024\/09\/IMG20240502181601_crias_de_patos-min.jpg 640w, https:\/\/felix.ares.fm\/wp-content\/uploads\/2024\/09\/IMG20240502181601_crias_de_patos-min-300x135.jpg 300w\" sizes=\"auto, (max-width: 640px) 100vw, 640px\" \/><figcaption class=\"wp-element-caption\">Patitos.<\/figcaption><\/figure>\n\n\n<div class=\"wp-block-image\">\n<figure class=\"aligncenter size-full\"><img loading=\"lazy\" decoding=\"async\" width=\"216\" height=\"480\" src=\"https:\/\/felix.ares.fm\/wp-content\/uploads\/2024\/09\/IMG20240502181633_observatorio_de_patos-min.jpg\" alt=\"\" class=\"wp-image-16041\" srcset=\"https:\/\/felix.ares.fm\/wp-content\/uploads\/2024\/09\/IMG20240502181633_observatorio_de_patos-min.jpg 216w, https:\/\/felix.ares.fm\/wp-content\/uploads\/2024\/09\/IMG20240502181633_observatorio_de_patos-min-135x300.jpg 135w\" sizes=\"auto, (max-width: 216px) 100vw, 216px\" \/><figcaption class=\"wp-element-caption\">Mirador de patos<\/figcaption><\/figure>\n<\/div>\n\n\n<figure class=\"wp-block-image size-full\"><img loading=\"lazy\" decoding=\"async\" width=\"640\" height=\"289\" src=\"https:\/\/felix.ares.fm\/wp-content\/uploads\/2024\/09\/IMG20240502181758_red-min.jpg\" alt=\"\" class=\"wp-image-16042\" srcset=\"https:\/\/felix.ares.fm\/wp-content\/uploads\/2024\/09\/IMG20240502181758_red-min.jpg 640w, https:\/\/felix.ares.fm\/wp-content\/uploads\/2024\/09\/IMG20240502181758_red-min-300x135.jpg 300w\" sizes=\"auto, (max-width: 640px) 100vw, 640px\" \/><figcaption class=\"wp-element-caption\">La zona tiene una red por encima, para que las aves no puedan huir volando antes de aclimatarse.<\/figcaption><\/figure>\n\n\n\n<figure class=\"wp-block-image size-full\"><img loading=\"lazy\" decoding=\"async\" width=\"640\" height=\"289\" src=\"https:\/\/felix.ares.fm\/wp-content\/uploads\/2024\/09\/IMG20240502182859_camino_de_las_tablas-min.jpg\" alt=\"\" class=\"wp-image-16043\" srcset=\"https:\/\/felix.ares.fm\/wp-content\/uploads\/2024\/09\/IMG20240502182859_camino_de_las_tablas-min.jpg 640w, https:\/\/felix.ares.fm\/wp-content\/uploads\/2024\/09\/IMG20240502182859_camino_de_las_tablas-min-300x135.jpg 300w\" sizes=\"auto, (max-width: 640px) 100vw, 640px\" \/><figcaption class=\"wp-element-caption\">As\u00ed son los caminos por los que se circula. Puede verse que une las islas entre s\u00ed.<\/figcaption><\/figure>\n\n\n\n<p>Desde los caminos de madera podemos ver las distintas islas, los animales, peces y la flora.<\/p>\n\n\n\n<figure class=\"wp-block-image size-full\"><img loading=\"lazy\" decoding=\"async\" width=\"640\" height=\"289\" src=\"https:\/\/felix.ares.fm\/wp-content\/uploads\/2024\/09\/IMG20240502182913_islas_tablas_de_daimiel-min.jpg\" alt=\"\" class=\"wp-image-16044\" srcset=\"https:\/\/felix.ares.fm\/wp-content\/uploads\/2024\/09\/IMG20240502182913_islas_tablas_de_daimiel-min.jpg 640w, https:\/\/felix.ares.fm\/wp-content\/uploads\/2024\/09\/IMG20240502182913_islas_tablas_de_daimiel-min-300x135.jpg 300w\" sizes=\"auto, (max-width: 640px) 100vw, 640px\" \/><figcaption class=\"wp-element-caption\">Islas que se ven desde los caminos.<\/figcaption><\/figure>\n\n\n\n<p>Podemos ver patos ya aclimatados:<\/p>\n\n\n\n<figure class=\"wp-block-image size-full\"><img loading=\"lazy\" decoding=\"async\" width=\"640\" height=\"289\" src=\"https:\/\/felix.ares.fm\/wp-content\/uploads\/2024\/09\/IMG20240502181732_patos-min.jpg\" alt=\"\" class=\"wp-image-16045\" srcset=\"https:\/\/felix.ares.fm\/wp-content\/uploads\/2024\/09\/IMG20240502181732_patos-min.jpg 640w, https:\/\/felix.ares.fm\/wp-content\/uploads\/2024\/09\/IMG20240502181732_patos-min-300x135.jpg 300w\" sizes=\"auto, (max-width: 640px) 100vw, 640px\" \/><figcaption class=\"wp-element-caption\">Patos ya aclimatados.<\/figcaption><\/figure>\n\n\n\n<p>Entre los \u00e1rboles el m\u00e1s caracter\u00edstico es el taray, que como he se\u00f1alado m\u00e1s arriba suele crecer en las orillas de las aguas un poco salobres.<\/p>\n\n\n<div class=\"wp-block-image\">\n<figure class=\"aligncenter size-full\"><img loading=\"lazy\" decoding=\"async\" width=\"216\" height=\"480\" src=\"https:\/\/felix.ares.fm\/wp-content\/uploads\/2024\/09\/IMG20240502193352_taray-min.jpg\" alt=\"\" class=\"wp-image-16046\" srcset=\"https:\/\/felix.ares.fm\/wp-content\/uploads\/2024\/09\/IMG20240502193352_taray-min.jpg 216w, https:\/\/felix.ares.fm\/wp-content\/uploads\/2024\/09\/IMG20240502193352_taray-min-135x300.jpg 135w\" sizes=\"auto, (max-width: 216px) 100vw, 216px\" \/><figcaption class=\"wp-element-caption\">Taray.<\/figcaption><\/figure>\n<\/div>\n\n<div class=\"wp-block-image\">\n<figure class=\"aligncenter size-full\"><img loading=\"lazy\" decoding=\"async\" width=\"360\" height=\"480\" src=\"https:\/\/felix.ares.fm\/wp-content\/uploads\/2024\/09\/IMG20240502190815_taray_con_musgo-min.jpg\" alt=\"\" class=\"wp-image-16047\" srcset=\"https:\/\/felix.ares.fm\/wp-content\/uploads\/2024\/09\/IMG20240502190815_taray_con_musgo-min.jpg 360w, https:\/\/felix.ares.fm\/wp-content\/uploads\/2024\/09\/IMG20240502190815_taray_con_musgo-min-225x300.jpg 225w\" sizes=\"auto, (max-width: 360px) 100vw, 360px\" \/><figcaption class=\"wp-element-caption\">Otro taray, en este caso con el musgo bien visibles.<\/figcaption><\/figure>\n<\/div>\n\n\n<p>Llegamos a la Isla del Pan.<\/p>\n\n\n<div class=\"wp-block-image\">\n<figure class=\"aligncenter size-full\"><img loading=\"lazy\" decoding=\"async\" width=\"217\" height=\"480\" src=\"https:\/\/felix.ares.fm\/wp-content\/uploads\/2024\/09\/IMG20240502185322_sennal_isla_del_pan-min.jpg\" alt=\"\" class=\"wp-image-16048\" srcset=\"https:\/\/felix.ares.fm\/wp-content\/uploads\/2024\/09\/IMG20240502185322_sennal_isla_del_pan-min.jpg 217w, https:\/\/felix.ares.fm\/wp-content\/uploads\/2024\/09\/IMG20240502185322_sennal_isla_del_pan-min-136x300.jpg 136w\" sizes=\"auto, (max-width: 217px) 100vw, 217px\" \/><figcaption class=\"wp-element-caption\">El letrero nos indica que estamos en la Isla del Pan.<\/figcaption><\/figure>\n<\/div>\n\n\n<p>Los caminos de madera unen las diversas islas entre s\u00ed.<\/p>\n\n\n\n<p>Por el camino podemos ver diversas plantas.<\/p>\n\n\n\n<figure class=\"wp-block-gallery has-nested-images columns-default is-cropped wp-block-gallery-2 is-layout-flex wp-block-gallery-is-layout-flex\">\n<figure class=\"wp-block-image size-large\"><img loading=\"lazy\" decoding=\"async\" width=\"217\" height=\"480\" data-id=\"16050\" src=\"https:\/\/felix.ares.fm\/wp-content\/uploads\/2024\/09\/IMG20240502191212_amapolas-min.jpg\" alt=\"\" class=\"wp-image-16050\" srcset=\"https:\/\/felix.ares.fm\/wp-content\/uploads\/2024\/09\/IMG20240502191212_amapolas-min.jpg 217w, https:\/\/felix.ares.fm\/wp-content\/uploads\/2024\/09\/IMG20240502191212_amapolas-min-136x300.jpg 136w\" sizes=\"auto, (max-width: 217px) 100vw, 217px\" \/><figcaption class=\"wp-element-caption\">Amapolas-<\/figcaption><\/figure>\n\n\n\n<figure class=\"wp-block-image size-large\"><img loading=\"lazy\" decoding=\"async\" width=\"217\" height=\"480\" data-id=\"16051\" src=\"https:\/\/felix.ares.fm\/wp-content\/uploads\/2024\/09\/IMG20240502192430_amapola_bonita_luz-min.jpg\" alt=\"\" class=\"wp-image-16051\" srcset=\"https:\/\/felix.ares.fm\/wp-content\/uploads\/2024\/09\/IMG20240502192430_amapola_bonita_luz-min.jpg 217w, https:\/\/felix.ares.fm\/wp-content\/uploads\/2024\/09\/IMG20240502192430_amapola_bonita_luz-min-136x300.jpg 136w\" sizes=\"auto, (max-width: 217px) 100vw, 217px\" \/><\/figure>\n<\/figure>\n\n\n<div class=\"wp-block-image\">\n<figure class=\"aligncenter size-full\"><img loading=\"lazy\" decoding=\"async\" width=\"217\" height=\"480\" src=\"https:\/\/felix.ares.fm\/wp-content\/uploads\/2024\/09\/IMG20240502192321_diente_de_leon-min.jpg\" alt=\"\" class=\"wp-image-16052\" srcset=\"https:\/\/felix.ares.fm\/wp-content\/uploads\/2024\/09\/IMG20240502192321_diente_de_leon-min.jpg 217w, https:\/\/felix.ares.fm\/wp-content\/uploads\/2024\/09\/IMG20240502192321_diente_de_leon-min-136x300.jpg 136w\" sizes=\"auto, (max-width: 217px) 100vw, 217px\" \/><figcaption class=\"wp-element-caption\">Diente de le\u00f3n.<\/figcaption><\/figure>\n<\/div>\n\n<div class=\"wp-block-image\">\n<figure class=\"aligncenter size-full\"><img loading=\"lazy\" decoding=\"async\" width=\"360\" height=\"480\" src=\"https:\/\/felix.ares.fm\/wp-content\/uploads\/2024\/09\/IMG20240502190332_cardo_marianum-min.jpg\" alt=\"\" class=\"wp-image-16053\" srcset=\"https:\/\/felix.ares.fm\/wp-content\/uploads\/2024\/09\/IMG20240502190332_cardo_marianum-min.jpg 360w, https:\/\/felix.ares.fm\/wp-content\/uploads\/2024\/09\/IMG20240502190332_cardo_marianum-min-225x300.jpg 225w\" sizes=\"auto, (max-width: 360px) 100vw, 360px\" \/><figcaption class=\"wp-element-caption\">Cardo marianum.<\/figcaption><\/figure>\n<\/div>\n\n\n<p>Hay un observatorio para ver las aves. Tambi\u00e9n se ve el r\u00edo Guadiana.<\/p>\n\n\n\n<figure class=\"wp-block-image size-full\"><img loading=\"lazy\" decoding=\"async\" width=\"640\" height=\"289\" src=\"https:\/\/felix.ares.fm\/wp-content\/uploads\/2024\/09\/IMG20240502185729_observatorio-min.jpg\" alt=\"\" class=\"wp-image-16054\" srcset=\"https:\/\/felix.ares.fm\/wp-content\/uploads\/2024\/09\/IMG20240502185729_observatorio-min.jpg 640w, https:\/\/felix.ares.fm\/wp-content\/uploads\/2024\/09\/IMG20240502185729_observatorio-min-300x135.jpg 300w\" sizes=\"auto, (max-width: 640px) 100vw, 640px\" \/><figcaption class=\"wp-element-caption\">Observatorio.<\/figcaption><\/figure>\n\n\n\n<figure class=\"wp-block-image size-full\"><img loading=\"lazy\" decoding=\"async\" width=\"640\" height=\"289\" src=\"https:\/\/felix.ares.fm\/wp-content\/uploads\/2024\/09\/IMG20240502185906-min.jpg\" alt=\"\" class=\"wp-image-16056\" srcset=\"https:\/\/felix.ares.fm\/wp-content\/uploads\/2024\/09\/IMG20240502185906-min.jpg 640w, https:\/\/felix.ares.fm\/wp-content\/uploads\/2024\/09\/IMG20240502185906-min-300x135.jpg 300w\" sizes=\"auto, (max-width: 640px) 100vw, 640px\" \/><figcaption class=\"wp-element-caption\">R\u00edo Guadiana.<\/figcaption><\/figure>\n\n\n\n<p>Asimismo se ven muy bien las plantas acu\u00e1ticas y alguna rana que otra.<\/p>\n\n\n\n<figure class=\"wp-block-image size-full\"><img loading=\"lazy\" decoding=\"async\" width=\"640\" height=\"289\" src=\"https:\/\/felix.ares.fm\/wp-content\/uploads\/2024\/09\/IMG20240502183241_plantas_acuaticas-min.jpg\" alt=\"\" class=\"wp-image-16057\" srcset=\"https:\/\/felix.ares.fm\/wp-content\/uploads\/2024\/09\/IMG20240502183241_plantas_acuaticas-min.jpg 640w, https:\/\/felix.ares.fm\/wp-content\/uploads\/2024\/09\/IMG20240502183241_plantas_acuaticas-min-300x135.jpg 300w\" sizes=\"auto, (max-width: 640px) 100vw, 640px\" \/><figcaption class=\"wp-element-caption\">Plantas acuaticas.<\/figcaption><\/figure>\n\n\n\n<figure class=\"wp-block-image size-full\"><img loading=\"lazy\" decoding=\"async\" width=\"640\" height=\"289\" src=\"https:\/\/felix.ares.fm\/wp-content\/uploads\/2024\/09\/IMG20240502185241_rana-min.jpg\" alt=\"\" class=\"wp-image-16058\" srcset=\"https:\/\/felix.ares.fm\/wp-content\/uploads\/2024\/09\/IMG20240502185241_rana-min.jpg 640w, https:\/\/felix.ares.fm\/wp-content\/uploads\/2024\/09\/IMG20240502185241_rana-min-300x135.jpg 300w\" sizes=\"auto, (max-width: 640px) 100vw, 640px\" \/><figcaption class=\"wp-element-caption\">Rana debajo del agua.<\/figcaption><\/figure>\n\n\n\n<p>Una de las plantas m\u00e1s abundantes en las Tablas de Daimiel es la masiega, que se usaba en construcci\u00f3n, para los techos de las casas. Los techos con masiega se caracterizaban por su durabilidad <a href=\"#2\" data-type=\"internal\" data-id=\"#2\">[2]<\/a>. Tambi\u00e9n se usaba para cester\u00eda.<\/p>\n\n\n\n<p>Las islas de las Tablas de Daimiel estuvieron pobladas desde la prehistoria. Hasta hace muy poco tiempo la pesca, la recogida de masiega y la elaboraci\u00f3n de cestas, permit\u00eda vivir a un grupo de familias.<\/p>\n\n\n\n<figure class=\"wp-block-image size-full\"><img loading=\"lazy\" decoding=\"async\" width=\"640\" height=\"289\" src=\"https:\/\/felix.ares.fm\/wp-content\/uploads\/2024\/09\/IMG20240502184858_masiega-min.jpg\" alt=\"\" class=\"wp-image-16059\" srcset=\"https:\/\/felix.ares.fm\/wp-content\/uploads\/2024\/09\/IMG20240502184858_masiega-min.jpg 640w, https:\/\/felix.ares.fm\/wp-content\/uploads\/2024\/09\/IMG20240502184858_masiega-min-300x135.jpg 300w\" sizes=\"auto, (max-width: 640px) 100vw, 640px\" \/><figcaption class=\"wp-element-caption\">Masiega.<\/figcaption><\/figure>\n\n\n\n<p>Los pescadores ten\u00edan \u00abcasillas de pescadores\u00bb, cuyo techo era de fajos de carrizo.<\/p>\n\n\n\n<figure class=\"wp-block-image size-full\"><img loading=\"lazy\" decoding=\"async\" width=\"640\" height=\"289\" src=\"https:\/\/felix.ares.fm\/wp-content\/uploads\/2024\/09\/IMG20240502185523-min.jpg\" alt=\"\" class=\"wp-image-16060\" srcset=\"https:\/\/felix.ares.fm\/wp-content\/uploads\/2024\/09\/IMG20240502185523-min.jpg 640w, https:\/\/felix.ares.fm\/wp-content\/uploads\/2024\/09\/IMG20240502185523-min-300x135.jpg 300w\" sizes=\"auto, (max-width: 640px) 100vw, 640px\" \/><figcaption class=\"wp-element-caption\">Casilla de pescadores. Arquitectura t\u00edpica manchega. Reconstrucci\u00f3n. Techo de fajos de carrizo. En la isla del Pan.<\/figcaption><\/figure>\n\n\n\n<p>Tras la visita, volvimos al autob\u00fas y desde all\u00ed nos fuimos a nuestro hotel el Ciudad Real (Hotel Guadiana). All\u00ed cenamos. La cena fue muy parecida a la comida. Nada especial que se\u00f1alar. Tal como ya hab\u00eda dicho, buena calidad, servicio amable y profesional. Todo correcto.<\/p>\n\n\n\n<p>Ma\u00f1ana ir\u00edamos a El Toboso, tierra de Dulcinea.<\/p>\n\n\n\n<hr class=\"wp-block-separator has-alpha-channel-opacity\"\/>\n\n\n\n<h3 class=\"wp-block-heading\">Notas<\/h3>\n\n\n\n<p id=\"1\">[1] P\u00e1gina de las Tablas de Daimiel. Entrada: <em>Itinerarios. https:\/\/www.lastablasdedaimiel.com\/itinerarios_lavisita_33.html<\/em><\/p>\n\n\n\n<p id=\"2\">[2] Rae.es.<em> <a href=\"https:\/\/www.rae.es\/tdhle\/\">Tesoro de los diccionarios hist\u00f3ricos de la lengua espa\u00f1ola<\/a><\/em>. <a href=\"https:\/\/www.rae.es\/tdhle\/masiega\">masiega | Tesoro de los diccionarios hist\u00f3ricos de la lengua espa\u00f1ola | RAE &#8211; ASALE<\/a><\/p>\n\n\n\n<hr class=\"wp-block-separator has-alpha-channel-opacity\"\/>\n\n\n\n<h3 class=\"wp-block-heading\"><strong>Nota sobre fotos<\/strong><\/h3>\n\n\n\n<p>Las fotos que se han utilizado, han sido realizadas por F\u00e9lix Ares y \u00c1lvaro Ares y las licenciamos como Creative Commons. Attribution 4.0. International CC by 4.0. Puede usarlas, pero deben dar cr\u00e9dito a los autores y que se han sacado de la p\u00e1gina https:\/\/felix.ares.fm<\/p>\n\n\n<div class=\"wp-block-image\">\n<figure class=\"aligncenter\"><a href=\"https:\/\/creativecommons.org\/licenses\/by\/4.0\/\"><img decoding=\"async\" src=\"https:\/\/i.creativecommons.org\/l\/by\/4.0\/88x31.png\" alt=\"Creative Commons License\"\/><\/a><\/figure>\n<\/div>\n\n\n<p class=\"has-text-align-center\">_ _ _<\/p>\n\n\n\n<p>NOTA: ya saben ustedes que el Spam est\u00e1 a la orden del d\u00eda. Si pusiera mi direcci\u00f3n de correo electr\u00f3nico en forma visible, mi buz\u00f3n se llenar\u00eda de basura. Si quieren ponerse en contacto conmigo, pueden hacerlo en esta direcci\u00f3n, que pienso est\u00e1 suficientemente dif\u00edcil para los robots.<\/p>\n\n\n\n<p><\/p>\n\n\n<div class=\"wp-block-image\">\n<figure class=\"aligncenter size-large is-resized\"><img loading=\"lazy\" decoding=\"async\" width=\"703\" height=\"499\" src=\"http:\/\/felix.ares.fm\/wp-content\/uploads\/2016\/02\/tapas.ares_.fm_.2.jpg\" alt=\"\" class=\"wp-image-7476\" style=\"width:256px;height:182px\" srcset=\"https:\/\/felix.ares.fm\/wp-content\/uploads\/2016\/02\/tapas.ares_.fm_.2.jpg 703w, https:\/\/felix.ares.fm\/wp-content\/uploads\/2016\/02\/tapas.ares_.fm_.2-300x213.jpg 300w\" sizes=\"auto, (max-width: 703px) 100vw, 703px\" \/><\/figure>\n<\/div>\n\n\n<p><\/p>\n","protected":false},"excerpt":{"rendered":"<p>El d\u00eda 1 de mayo empezamos una excursi\u00f3n de cinco d\u00edas, organizada por Juan Alcaraz, para conocer la provincia de Ciudad Real. En esta entrada comentar\u00e9 nuestra visita a las \u00abTablas de Daimiel\u00bb (Ciudad Real). 2 de mayo Las \u00abTablas de Daimiel\u00bb est\u00e1n en el municipio de Daimiel, en la provincia de Ciudad Real. Desde &hellip; <a href=\"https:\/\/felix.ares.fm\/?p=16031\" class=\"more-link\">Seguir leyendo <span class=\"screen-reader-text\">Viaje a la provincia de Ciudad Real. (9): Las tablas de Daimiel (Ciudad Real).<\/span> <span class=\"meta-nav\">&rarr;<\/span><\/a><\/p>\n","protected":false},"author":1,"featured_media":0,"comment_status":"closed","ping_status":"open","sticky":false,"template":"","format":"standard","meta":{"footnotes":""},"categories":[1005,237,1734],"tags":[1745,1743,1739,1738,1204,1740,1744,1742,1741,1735,1736,1737],"class_list":["post-16031","post","type-post","status-publish","format-standard","hentry","category-ciudad-real","category-excursiones-desde-fuengirola","category-tablas-de-daimiel","tag-casa-arquitectura-tradicional-manchega","tag-islas-en-las-tablas-de-daimiel","tag-itinerario-de-la-isla-del-pan","tag-itinerarios","tag-juan-alcaraz","tag-laguna-de-aclimatacion","tag-masiega","tag-mirador-de-patos","tag-patos","tag-tablas-de-daimiel","tag-tablas-fluviales","tag-taray"],"_links":{"self":[{"href":"https:\/\/felix.ares.fm\/index.php?rest_route=\/wp\/v2\/posts\/16031","targetHints":{"allow":["GET"]}}],"collection":[{"href":"https:\/\/felix.ares.fm\/index.php?rest_route=\/wp\/v2\/posts"}],"about":[{"href":"https:\/\/felix.ares.fm\/index.php?rest_route=\/wp\/v2\/types\/post"}],"author":[{"embeddable":true,"href":"https:\/\/felix.ares.fm\/index.php?rest_route=\/wp\/v2\/users\/1"}],"replies":[{"embeddable":true,"href":"https:\/\/felix.ares.fm\/index.php?rest_route=%2Fwp%2Fv2%2Fcomments&post=16031"}],"version-history":[{"count":4,"href":"https:\/\/felix.ares.fm\/index.php?rest_route=\/wp\/v2\/posts\/16031\/revisions"}],"predecessor-version":[{"id":16118,"href":"https:\/\/felix.ares.fm\/index.php?rest_route=\/wp\/v2\/posts\/16031\/revisions\/16118"}],"wp:attachment":[{"href":"https:\/\/felix.ares.fm\/index.php?rest_route=%2Fwp%2Fv2%2Fmedia&parent=16031"}],"wp:term":[{"taxonomy":"category","embeddable":true,"href":"https:\/\/felix.ares.fm\/index.php?rest_route=%2Fwp%2Fv2%2Fcategories&post=16031"},{"taxonomy":"post_tag","embeddable":true,"href":"https:\/\/felix.ares.fm\/index.php?rest_route=%2Fwp%2Fv2%2Ftags&post=16031"}],"curies":[{"name":"wp","href":"https:\/\/api.w.org\/{rel}","templated":true}]}}