{"id":15282,"date":"2024-04-19T10:20:43","date_gmt":"2024-04-19T08:20:43","guid":{"rendered":"https:\/\/felix.ares.fm\/?p=15282"},"modified":"2024-04-19T10:20:43","modified_gmt":"2024-04-19T08:20:43","slug":"excursion-a-lucena-cordoba-2-la-que-fue-la-silla-mas-grande-del-mundo-en-lucena-cordoba","status":"publish","type":"post","link":"https:\/\/felix.ares.fm\/?p=15282","title":{"rendered":"Excursi\u00f3n a Lucena (C\u00f3rdoba). 2: La que fue la silla m\u00e1s grande del mundo en Lucena (C\u00f3rdoba)"},"content":{"rendered":"\n<p><strong>19 de abril de 2024<\/strong><\/p>\n\n\n\n<p><strong>El pasado 16 de marzo fuimos de excusi\u00f3n de un d\u00eda a Lucena (C\u00f3rdoba). El viaje fue organizado por Viajes Alcaraz. En el recorrido, desde Encinas Reales a Lucena, encontramos una enorme silla, que durante varios a\u00f1os fue la mayor del mundo, seg\u00fan el libro Guinness de los r\u00e9cords.<\/strong><\/p>\n\n\n<div class=\"wp-block-image\">\n<figure class=\"aligncenter size-full\"><img loading=\"lazy\" decoding=\"async\" width=\"518\" height=\"609\" src=\"https:\/\/felix.ares.fm\/wp-content\/uploads\/2024\/04\/0Ubicacion_silla.jpg\" alt=\"\" class=\"wp-image-15285\" srcset=\"https:\/\/felix.ares.fm\/wp-content\/uploads\/2024\/04\/0Ubicacion_silla.jpg 518w, https:\/\/felix.ares.fm\/wp-content\/uploads\/2024\/04\/0Ubicacion_silla-255x300.jpg 255w\" sizes=\"auto, (max-width: 518px) 100vw, 518px\" \/><figcaption class=\"wp-element-caption\">Ubicaci\u00f3n de la silla gigante de Lucena.<\/figcaption><\/figure>\n<\/div>\n\n\n<p>Nuestro autob\u00fas no par\u00f3 para poder ver la enorme silla, por eso lo \u00fanico que consegu\u00ed fue unas malas fotos desde mi asiento.<\/p>\n\n\n\n<figure class=\"wp-block-image size-full\"><img loading=\"lazy\" decoding=\"async\" width=\"640\" height=\"480\" src=\"https:\/\/felix.ares.fm\/wp-content\/uploads\/2024\/04\/IMG_5667_silla_gigante_en_Lucena-min.jpg\" alt=\"\" class=\"wp-image-15288\" srcset=\"https:\/\/felix.ares.fm\/wp-content\/uploads\/2024\/04\/IMG_5667_silla_gigante_en_Lucena-min.jpg 640w, https:\/\/felix.ares.fm\/wp-content\/uploads\/2024\/04\/IMG_5667_silla_gigante_en_Lucena-min-300x225.jpg 300w\" sizes=\"auto, (max-width: 640px) 100vw, 640px\" \/><figcaption class=\"wp-element-caption\">Silla gigante de Lucena, desde el autob\u00fas.<\/figcaption><\/figure>\n\n\n\n<p>A pesar de que en ning\u00fan momento pude ver las patas, me dio la sensaci\u00f3n de que se trataba de una silla enorme, y me entr\u00f3 la curiosidad.<\/p>\n\n\n\n<p>Logr\u00e9 encontrar en Wikimedia una foto donde se ve completa.<\/p>\n\n\n<div class=\"wp-block-image\">\n<figure class=\"aligncenter size-large\"><img loading=\"lazy\" decoding=\"async\" width=\"1024\" height=\"790\" src=\"https:\/\/felix.ares.fm\/wp-content\/uploads\/2024\/04\/1166px-Silla_4290396697-1024x790.jpg\" alt=\"\" class=\"wp-image-15286\" srcset=\"https:\/\/felix.ares.fm\/wp-content\/uploads\/2024\/04\/1166px-Silla_4290396697-1024x790.jpg 1024w, https:\/\/felix.ares.fm\/wp-content\/uploads\/2024\/04\/1166px-Silla_4290396697-300x232.jpg 300w, https:\/\/felix.ares.fm\/wp-content\/uploads\/2024\/04\/1166px-Silla_4290396697-768x593.jpg 768w, https:\/\/felix.ares.fm\/wp-content\/uploads\/2024\/04\/1166px-Silla_4290396697.jpg 1166w\" sizes=\"auto, (max-width: 1024px) 100vw, 1024px\" \/><figcaption class=\"wp-element-caption\">Silla gigante, que durante varios a\u00f1os fue la silla m\u00e1s grande del mundo, seg\u00fan el libro Guinness de los r\u00e9cords. Esta foto es de Luis Zafra, y tiene una licencia Creative Commons Attribution-Share Alike 2.0. <a href=\"https:\/\/commons.wikimedia.org\/wiki\/File:Silla_(4290396697).jpg\">https:\/\/commons.wikimedia.org\/wiki\/File:Silla_(4290396697).jpg<\/a><\/figcaption><\/figure>\n<\/div>\n\n\n<p>Agradezco enormemente a Luis Zafra el que haya permitido usar esta foto con licencia Creative Commons. Gracias, Luis.<\/p>\n\n\n\n<p>La silla est\u00e1 situada en la f\u00e1brica de muebles de los Hermanos Huerta. La silla gigante es una r\u00e9plica de la que la empresa comercializaba con el nombre de  \u00abpalmera\u00bb, obviamente en tama\u00f1o normal [<a href=\"#hoteles\" data-type=\"internal\" data-id=\"#hoteles\">1<\/a>].<\/p>\n\n\n\n<p>La silla se inaugur\u00f3 en 2005 y fue la silla m\u00e1s grande del mundo hasta 2009, cuando fue desbancada por otra mayor, ubicada en St. Florian, en Alta Austria, cerca de Linz [<a href=\"#hoteles\" data-type=\"internal\" data-id=\"#hoteles\">1<\/a>].<\/p>\n\n\n\n<p>La silla de Lucena tiene 26 m de altura y la de St. Florian 30 <a href=\"#ramirez\" data-type=\"internal\" data-id=\"#ramirez\">[2]<\/a> y <a href=\"#blasco\" data-type=\"internal\" data-id=\"#blasco\">[3]<\/a>. Entre las notas 2 y 3 hay una peque\u00f1a discrepancia, la primera dice que la altura de la silla de Lucena es de aproximadamente 25 m la segunda dice 26 m.<\/p>\n\n\n\n<p>Para que nos hagamos una idea, la silla tiene la altura de un edificio de 8 pisos. En su construcci\u00f3n se emplearon 230 metros c\u00fabicos de madera, con los que se hubieran podido fabricar 9 200 sillas normales<a href=\"#blasco\" data-type=\"internal\" data-id=\"#blasco\"> [3]<\/a>.<\/p>\n\n\n\n<p>Me ha entrado curiosidad de saber c\u00f3mo es la silla que ha ganado el nuevo r\u00e9cord de la m\u00e1s alta del mundo. La he encontrado, aunque no ha sido f\u00e1cil, pues siempre se empe\u00f1aban en mostrarme la silla con una pata coja de Suiza, de la que ya habl\u00e9 en otra ocasi\u00f3n. Por fin la encontr\u00e9, pero lo que no he logrado es conseguir una foto libre de derechos de autor. Ustedes mismos pueden verla en este enlace:  <a href=\"https:\/\/lacasasibarita.com\/blog\/oficina\/silla-mas-grande-del-mundo\/\">\u00bfCu\u00e1l es la silla m\u00e1s grande del mundo? &#8211; La Casa Sibarita<\/a><\/p>\n\n\n\n<p>Otra perspectiva de la misma silla pueden verla en: <a href=\"https:\/\/www.wagner-group.com\/es\/industria\/referencias\/wiehag\/\">https:\/\/www.wagner-group.com\/es\/industria\/referencias\/wiehag\/<\/a><\/p>\n\n\n\n<p>La verdad es que el tama\u00f1o de las dos sillas impresiona, sobre todo si las comparamos con los pabellones que est\u00e1n debajo.<\/p>\n\n\n\n<p>Alguna vez que vaya en mi propio coche, intentar\u00e9 ver esta enorme silla de cerca. Es una l\u00e1stima haber pasado a su lado y no poder haber parado un momento.<\/p>\n\n\n\n<hr class=\"wp-block-separator has-alpha-channel-opacity\"\/>\n\n\n\n<h3 class=\"wp-block-heading\">Notas<\/h3>\n\n\n\n<p id=\"hoteles\">[1] Valdehita, Bel\u00e9n<em>. La silla gigante de Lucena, en C\u00f3rdoba<\/em>. Hoteles.net. 5 de junio de 2019. <a href=\"https:\/\/www.hoteles.net\/cordoba\/lucena\/silla-gigante-lucena-cordoba.html\">https:\/\/www.hoteles.net\/cordoba\/lucena\/silla-gigante-lucena-cordoba.html<\/a><\/p>\n\n\n\n<p id=\"ramirez\">[2] Ram\u00edrez, Adri\u00e1n. <a href=\"https:\/\/www.hoteles.net\/cordoba\/lucena\/silla-gigante-lucena-cordoba.html\">Cuando C\u00f3rdoba tuvo la silla m\u00e1s grande del mundo, certificado por World R\u00e9cord Guinness<\/a>. Diario de C\u00f3rdoba. 7 de marzo de 2024. <a href=\"https:\/\/www.diariocordoba.com\/cordoba\/2024\/03\/07\/cordoba-tuvo-silla-grande-mundo-guinness-99137465.html\">SILLA M\u00c1S GRANDE DEL MUNDO | Cuando C\u00f3rdoba tuvo la silla m\u00e1s grande del mundo, certificado por World R\u00e9cord Guinness (diariocordoba.com)<\/a><\/p>\n\n\n\n<p id=\"blasco\">[3] Blasco Marco. <em>\u00bfCu\u00e1l es la silla m\u00e1s grande del mundo?<\/em> La casa del sibarita. 12 de agosto de 2023. <a href=\"https:\/\/lacasasibarita.com\/blog\/oficina\/silla-mas-grande-del-mundo\/\">\u00bfCu\u00e1l es la silla m\u00e1s grande del mundo? &#8211; La Casa Sibarita<\/a><\/p>\n\n\n\n<hr class=\"wp-block-separator has-alpha-channel-opacity\"\/>\n\n\n\n<h3 class=\"wp-block-heading\"><strong>Nota sobre fotos<\/strong><\/h3>\n\n\n\n<p>Las fotos que se han utilizado, han sido realizadas por F\u00e9lix Ares y \u00c1lvaro Ares y las licenciamos como Creative Commons. Attribution 4.0. International CC by 4.0. Puede usarlas, pero deben dar cr\u00e9dito a los autores y que se han sacado de la p\u00e1gina https:\/\/felix.ares.fm<\/p>\n\n\n<div class=\"wp-block-image\">\n<figure class=\"aligncenter\"><a href=\"https:\/\/creativecommons.org\/licenses\/by\/4.0\/\"><img decoding=\"async\" src=\"https:\/\/i.creativecommons.org\/l\/by\/4.0\/88x31.png\" alt=\"Creative Commons License\"\/><\/a><\/figure>\n<\/div>\n\n\n<p class=\"has-text-align-center\">_ _ _<\/p>\n\n\n\n<p>NOTA: ya saben ustedes que el Spam est\u00e1 a la orden del d\u00eda. Si pusiera mi direcci\u00f3n de correo electr\u00f3nico en forma visible, mi buz\u00f3n se llenar\u00eda de basura. Si quieren ponerse en contacto conmigo, pueden hacerlo en esta direcci\u00f3n, que pienso est\u00e1 suficientemente dif\u00edcil para los robots.<\/p>\n\n\n\n<p><\/p>\n\n\n<div class=\"wp-block-image\">\n<figure class=\"aligncenter size-large is-resized\"><img loading=\"lazy\" decoding=\"async\" width=\"703\" height=\"499\" src=\"http:\/\/felix.ares.fm\/wp-content\/uploads\/2016\/02\/tapas.ares_.fm_.2.jpg\" alt=\"\" class=\"wp-image-7476\" style=\"width:256px;height:182px\" srcset=\"https:\/\/felix.ares.fm\/wp-content\/uploads\/2016\/02\/tapas.ares_.fm_.2.jpg 703w, https:\/\/felix.ares.fm\/wp-content\/uploads\/2016\/02\/tapas.ares_.fm_.2-300x213.jpg 300w\" sizes=\"auto, (max-width: 703px) 100vw, 703px\" \/><\/figure>\n<\/div>\n\n\n<p><\/p>\n","protected":false},"excerpt":{"rendered":"<p>19 de abril de 2024 El pasado 16 de marzo fuimos de excusi\u00f3n de un d\u00eda a Lucena (C\u00f3rdoba). El viaje fue organizado por Viajes Alcaraz. En el recorrido, desde Encinas Reales a Lucena, encontramos una enorme silla, que durante varios a\u00f1os fue la mayor del mundo, seg\u00fan el libro Guinness de los r\u00e9cords. Nuestro &hellip; <a href=\"https:\/\/felix.ares.fm\/?p=15282\" class=\"more-link\">Seguir leyendo <span class=\"screen-reader-text\">Excursi\u00f3n a Lucena (C\u00f3rdoba). 2: La que fue la silla m\u00e1s grande del mundo en Lucena (C\u00f3rdoba)<\/span> <span class=\"meta-nav\">&rarr;<\/span><\/a><\/p>\n","protected":false},"author":1,"featured_media":0,"comment_status":"closed","ping_status":"open","sticky":false,"template":"","format":"standard","meta":{"footnotes":""},"categories":[237,1625],"tags":[1628,1626,1629,1627],"class_list":["post-15282","post","type-post","status-publish","format-standard","hentry","category-excursiones-desde-fuengirola","category-lucena","tag-la-actual-silla-mas-grande-del-mundo-austria","tag-la-segunda-silla-mas-grande-el-mundo","tag-la-silla-gigante-de-lucena","tag-la-silla-mas-grande-del-mundo-desde-2005-hasta-2009"],"_links":{"self":[{"href":"https:\/\/felix.ares.fm\/index.php?rest_route=\/wp\/v2\/posts\/15282","targetHints":{"allow":["GET"]}}],"collection":[{"href":"https:\/\/felix.ares.fm\/index.php?rest_route=\/wp\/v2\/posts"}],"about":[{"href":"https:\/\/felix.ares.fm\/index.php?rest_route=\/wp\/v2\/types\/post"}],"author":[{"embeddable":true,"href":"https:\/\/felix.ares.fm\/index.php?rest_route=\/wp\/v2\/users\/1"}],"replies":[{"embeddable":true,"href":"https:\/\/felix.ares.fm\/index.php?rest_route=%2Fwp%2Fv2%2Fcomments&post=15282"}],"version-history":[{"count":4,"href":"https:\/\/felix.ares.fm\/index.php?rest_route=\/wp\/v2\/posts\/15282\/revisions"}],"predecessor-version":[{"id":15289,"href":"https:\/\/felix.ares.fm\/index.php?rest_route=\/wp\/v2\/posts\/15282\/revisions\/15289"}],"wp:attachment":[{"href":"https:\/\/felix.ares.fm\/index.php?rest_route=%2Fwp%2Fv2%2Fmedia&parent=15282"}],"wp:term":[{"taxonomy":"category","embeddable":true,"href":"https:\/\/felix.ares.fm\/index.php?rest_route=%2Fwp%2Fv2%2Fcategories&post=15282"},{"taxonomy":"post_tag","embeddable":true,"href":"https:\/\/felix.ares.fm\/index.php?rest_route=%2Fwp%2Fv2%2Ftags&post=15282"}],"curies":[{"name":"wp","href":"https:\/\/api.w.org\/{rel}","templated":true}]}}