{"id":15167,"date":"2024-04-16T10:51:47","date_gmt":"2024-04-16T08:51:47","guid":{"rendered":"https:\/\/felix.ares.fm\/?p=15167"},"modified":"2024-04-16T12:51:20","modified_gmt":"2024-04-16T10:51:20","slug":"de-madrid-a-fuengirola-con-varias-paradas-entre-las-que-destaca-casa-pepe-en-venta-de-cardenas-ciudad-real","status":"publish","type":"post","link":"https:\/\/felix.ares.fm\/?p=15167","title":{"rendered":"De Madrid a Fuengirola con varias paradas, entre las que destaca \u00abCasa Pepe\u00bb en \u00abVenta de C\u00e1rdenas\u00bb (Ciudad Real)."},"content":{"rendered":"\n<p><strong>16 de abril de 2024<\/strong><\/p>\n\n\n\n<p>Tras pasar unos d\u00edas en Madrid tuve que regresar a Fuengirola. Salimos de Madrid sin problemas, pasamos por el Cerro de los \u00c1ngeles, en Getafe. Para muchos es el centro geogr\u00e1fico de la Pen\u00ednsula Ib\u00e9rica, aunque esa afirmaci\u00f3n no est\u00e1 demostrada, el Instituto Geogr\u00e1fico Nacional defiende que el centro geogr\u00e1fico es dif\u00edcil de determinar y depende del m\u00e9todo utilizado. <\/p>\n\n\n\n<blockquote class=\"wp-block-quote is-layout-flow wp-block-quote-is-layout-flow\">\n<p>&#8230; algunos estudios modernos lo sit\u00faan m\u00e1s al oeste, en una zona despoblada al sur de&nbsp;<a href=\"https:\/\/www.wikiwand.com\/es\/Calalberche\">Calalberche<\/a>&nbsp;(<a href=\"https:\/\/www.wikiwand.com\/es\/Provincia_de_Toledo\">provincia de Toledo<\/a>). Este lugar fue escenario de algunas batallas de la&nbsp;<a href=\"https:\/\/www.wikiwand.com\/es\/Guerra_civil_espa%C3%B1ola\">guerra civil espa\u00f1ola<\/a>.<\/p>\n<cite>Wikiwand. Entrada <em>Cerro de los \u00e1ngeles<\/em> [1]<\/cite><\/blockquote>\n\n\n\n<figure class=\"wp-block-image size-full\"><img loading=\"lazy\" decoding=\"async\" width=\"1024\" height=\"768\" src=\"https:\/\/felix.ares.fm\/wp-content\/uploads\/2024\/04\/0Cerro-angeles1-min.jpg\" alt=\"\" class=\"wp-image-15171\" srcset=\"https:\/\/felix.ares.fm\/wp-content\/uploads\/2024\/04\/0Cerro-angeles1-min.jpg 1024w, https:\/\/felix.ares.fm\/wp-content\/uploads\/2024\/04\/0Cerro-angeles1-min-300x225.jpg 300w, https:\/\/felix.ares.fm\/wp-content\/uploads\/2024\/04\/0Cerro-angeles1-min-768x576.jpg 768w\" sizes=\"auto, (max-width: 1024px) 100vw, 1024px\" \/><figcaption class=\"wp-element-caption\">Fotograf\u00eda de  Miguel303xm &#8211; Own work, CC BY-SA 2.5, https:\/\/commons.wikimedia.org\/w\/index.php?curid=618093<\/figcaption><\/figure>\n\n\n\n<p>Agradezco a Miguel que haya enviado su foto a Wikimedia y que podamos publicarla. \u00a1\u00a1\u00a1Gracias, Miguel!!!<\/p>\n\n\n\n<p>El viaje transcurri\u00f3 sin incidentes. En Tembleque, Toledo, pudimos ver dos de sus molinos de viento. Tembleque me recuerda viejos tiempos, cuando viajando con mis hijos, que eran peque\u00f1os, decid\u00ed parar en este pueblo y verlo, pero, otra vez m\u00e1s, esa es otra historia.<\/p>\n\n\n\n<figure class=\"wp-block-image size-full\"><img loading=\"lazy\" decoding=\"async\" width=\"640\" height=\"289\" src=\"https:\/\/felix.ares.fm\/wp-content\/uploads\/2024\/04\/IMG20240301174339_tembleque_toledo-min.jpg\" alt=\"\" class=\"wp-image-15172\" srcset=\"https:\/\/felix.ares.fm\/wp-content\/uploads\/2024\/04\/IMG20240301174339_tembleque_toledo-min.jpg 640w, https:\/\/felix.ares.fm\/wp-content\/uploads\/2024\/04\/IMG20240301174339_tembleque_toledo-min-300x135.jpg 300w\" sizes=\"auto, (max-width: 640px) 100vw, 640px\" \/><figcaption class=\"wp-element-caption\">Molinos de viento de Tembleque.<\/figcaption><\/figure>\n\n\n\n<p>El nombre de Tembleque es curioso, parece referirse a algo que tiembla, \u00bftal vez terremotos? Puede que s\u00ed, aunque no es probable. Copilot de Microsoft:<\/p>\n\n\n\n<blockquote class=\"wp-block-quote is-layout-flow wp-block-quote-is-layout-flow\">\n<p>El <strong>origen etimol\u00f3gico<\/strong> de <strong>Tembleque<\/strong> procede del vocablo latino <em>Tremulare<\/em>, derivando de <em>Tremulus<\/em> con el significado de <strong>\u201ctembloroso\u201d<\/strong>. Se dice que previamente en el lugar existi\u00f3 una Venta de Tiembles \u2014de donde proceder\u00eda el top\u00f3nimo\u2014, quiz\u00e1s fundada por gentes de El Tiemblo, de Tielmes o de Tiermes, a partir de la cual se desarrollar\u00eda la aldea. Etimol\u00f3gicamente, presenta la misma base que el verbo latino vulgar <em>tremulare<\/em> \u2018temblar\u2019, formado a partir del adjetivo <em>tremulvs<\/em> \u2018tembloroso\u2019. Este, a nivel topon\u00edmico, se le ha dado el valor de pradal o atolladero, por lo que su derivado <em>tiemblo<\/em> aludir\u00eda a terrenos pantanosos o zonas que se encharcan con facilidad. Por tanto, <strong>Tembleque<\/strong> podr\u00eda derivar de <em>tiemblo<\/em> o de <em>tremulvs<\/em> mediante un sufijo <em>-ecus<\/em>. <a href=\"https:\/\/es.wikipedia.org\/wiki\/Tembleque\" target=\"_blank\" rel=\"noreferrer noopener\">Otra posibilidad es que, dado que un gentilicio de Tielmes es <em>tembleco<\/em> o <em>tembleque<\/em>, fuera un nombre de procedencia, creado a partir de dicho gentilicio<\/a><a href=\"https:\/\/es.wikipedia.org\/wiki\/Tembleque\" target=\"_blank\" rel=\"noreferrer noopener\"><sup>1<\/sup><\/a><a href=\"http:\/\/www.rutashispanas.es\/castillalamancha\/tembleque1.htm\" target=\"_blank\" rel=\"noreferrer noopener\"><sup>2<\/sup><\/a><a href=\"https:\/\/ciudaddelastresculturastoledo.blogspot.com\/2014\/08\/historia-de-tembleque.html\" target=\"_blank\" rel=\"noreferrer noopener\"><sup>3<\/sup><\/a>.<\/p>\n<cite>Copiloto de Microsoft<\/cite><\/blockquote>\n\n\n\n<p>Para m\u00ed Tembleque tiene agradables recuerdos. En cierta ocasi\u00f3n, hace muchos, muchos a\u00f1os, en un viaje desde Andaluc\u00eda a Madrid, ya era muy tarde y decid\u00ed quedarnos a dormir en un hotel en Tembleque. Al d\u00eda siguiente visitamos el pueblo.<\/p>\n\n\n\n<p>El viaje continu\u00f3 hasta que el indicador de gasolina nos dijo que hab\u00eda que repostar. Miramos en Google Maps y vimos que desvi\u00e1ndonos un poco de la Autov\u00eda y y\u00e9ndonos hacia Madridejos, hab\u00eda una gasolinera con el precio bastante m\u00e1s bajo que en la autov\u00eda.<\/p>\n\n\n\n<figure class=\"wp-block-image size-large\"><img loading=\"lazy\" decoding=\"async\" width=\"1024\" height=\"578\" src=\"https:\/\/felix.ares.fm\/wp-content\/uploads\/2024\/04\/0IMG20240301175913_rotonda_de_madridejosREGI-min-1024x578.jpg\" alt=\"\" class=\"wp-image-15174\" srcset=\"https:\/\/felix.ares.fm\/wp-content\/uploads\/2024\/04\/0IMG20240301175913_rotonda_de_madridejosREGI-min-1024x578.jpg 1024w, https:\/\/felix.ares.fm\/wp-content\/uploads\/2024\/04\/0IMG20240301175913_rotonda_de_madridejosREGI-min-300x169.jpg 300w, https:\/\/felix.ares.fm\/wp-content\/uploads\/2024\/04\/0IMG20240301175913_rotonda_de_madridejosREGI-min-768x434.jpg 768w, https:\/\/felix.ares.fm\/wp-content\/uploads\/2024\/04\/0IMG20240301175913_rotonda_de_madridejosREGI-min-1536x868.jpg 1536w, https:\/\/felix.ares.fm\/wp-content\/uploads\/2024\/04\/0IMG20240301175913_rotonda_de_madridejosREGI-min-2048x1157.jpg 2048w\" sizes=\"auto, (max-width: 1024px) 100vw, 1024px\" \/><figcaption class=\"wp-element-caption\">Rotonda de Madridejos.<\/figcaption><\/figure>\n\n\n\n<p>Echamos gasolina, pero no recuerdo en qu\u00e9 gasolinera fue.<\/p>\n\n\n\n<p>Al salir nos encontramos con uno de los toros de Osborne.<\/p>\n\n\n<div class=\"wp-block-image\">\n<figure class=\"aligncenter size-full\"><img loading=\"lazy\" decoding=\"async\" width=\"217\" height=\"480\" src=\"https:\/\/felix.ares.fm\/wp-content\/uploads\/2024\/04\/IMG20240301180441_toro_osborne_madridejos-min.jpg\" alt=\"\" class=\"wp-image-15175\" srcset=\"https:\/\/felix.ares.fm\/wp-content\/uploads\/2024\/04\/IMG20240301180441_toro_osborne_madridejos-min.jpg 217w, https:\/\/felix.ares.fm\/wp-content\/uploads\/2024\/04\/IMG20240301180441_toro_osborne_madridejos-min-136x300.jpg 136w\" sizes=\"auto, (max-width: 217px) 100vw, 217px\" \/><figcaption class=\"wp-element-caption\">Toro de Osborne a la salida (en direcci\u00f3n Andaluc\u00eda) de Madridejos.<\/figcaption><\/figure>\n<\/div>\n\n\n<p>Seguimos el viaje hasta ver los molinos de Puerto L\u00e1pice. No paramos en el pueblo, pero tan solo su menci\u00f3n me trajo agradables recuerdos. Uno de ellos se refer\u00eda a la lectura de \u00abEl Quijote\u00bb de Cervantes, donde se menciona varias veces a esa localidad. La otra se refiere a mi tesis doctoral, donde tambi\u00e9n aparece Puerto L\u00e1pice, pero, sin duda, esa es OTRA historia.<\/p>\n\n\n\n<figure class=\"wp-block-image size-full\"><img loading=\"lazy\" decoding=\"async\" width=\"640\" height=\"289\" src=\"https:\/\/felix.ares.fm\/wp-content\/uploads\/2024\/04\/IMG20240301181128_molinos_puerto_lapice-min.jpg\" alt=\"\" class=\"wp-image-15176\" srcset=\"https:\/\/felix.ares.fm\/wp-content\/uploads\/2024\/04\/IMG20240301181128_molinos_puerto_lapice-min.jpg 640w, https:\/\/felix.ares.fm\/wp-content\/uploads\/2024\/04\/IMG20240301181128_molinos_puerto_lapice-min-300x135.jpg 300w\" sizes=\"auto, (max-width: 640px) 100vw, 640px\" \/><figcaption class=\"wp-element-caption\">Molinos de viento de Puerto L\u00e1pice.<\/figcaption><\/figure>\n\n\n\n<p>As\u00ed, dejamos Toledo y nos adentramos en Ciudad Real, que hace frontera con Andaluc\u00eda, tras Despe\u00f1aperros, pero no nos adelnatemos.<\/p>\n\n\n\n<figure class=\"wp-block-image size-full\"><img loading=\"lazy\" decoding=\"async\" width=\"640\" height=\"289\" src=\"https:\/\/felix.ares.fm\/wp-content\/uploads\/2024\/04\/IMG20240301181225_Camunnas_provincia_de_ciudad_real-min.jpg\" alt=\"\" class=\"wp-image-15177\" srcset=\"https:\/\/felix.ares.fm\/wp-content\/uploads\/2024\/04\/IMG20240301181225_Camunnas_provincia_de_ciudad_real-min.jpg 640w, https:\/\/felix.ares.fm\/wp-content\/uploads\/2024\/04\/IMG20240301181225_Camunnas_provincia_de_ciudad_real-min-300x135.jpg 300w\" sizes=\"auto, (max-width: 640px) 100vw, 640px\" \/><figcaption class=\"wp-element-caption\">Empieza la provincia de Ciudad Real (rumbo a Andaluc\u00eda).<\/figcaption><\/figure>\n\n\n\n<p>En la provincia de Ciudad Real es bastante frecuente encontrar viejos (o nuevos simulando ser antiguos) molinos de viento anunciando productos de la zona: los famosos quesos manchegos y los famosos, aunque poco valorados, vinos de la Mancha. Otro d\u00eda hablaremos de los muy buenos vinos que TAMBI\u00c9N existen en esta zona.<\/p>\n\n\n\n<figure class=\"wp-block-image size-full\"><img loading=\"lazy\" decoding=\"async\" width=\"640\" height=\"289\" src=\"https:\/\/felix.ares.fm\/wp-content\/uploads\/2024\/04\/IMG20240301183753_quesos_vinos_molino_manzanares-min.jpg\" alt=\"\" class=\"wp-image-15178\" srcset=\"https:\/\/felix.ares.fm\/wp-content\/uploads\/2024\/04\/IMG20240301183753_quesos_vinos_molino_manzanares-min.jpg 640w, https:\/\/felix.ares.fm\/wp-content\/uploads\/2024\/04\/IMG20240301183753_quesos_vinos_molino_manzanares-min-300x135.jpg 300w\" sizes=\"auto, (max-width: 640px) 100vw, 640px\" \/><figcaption class=\"wp-element-caption\">Molino de viento que anuncia Quesos y vinos.<\/figcaption><\/figure>\n\n\n\n<p>As\u00ed llegamos a Valdepe\u00f1as. La primera indicaci\u00f3n de que est\u00e1bamos en Valdepe\u00f1as es el Cerro del \u00c1ngel. Nunca me he acercado m\u00e1s, aunque la escultura del \u00e1ngel parece interesante.<\/p>\n\n\n<div class=\"wp-block-image\">\n<figure class=\"aligncenter size-full\"><img loading=\"lazy\" decoding=\"async\" width=\"182\" height=\"403\" src=\"https:\/\/felix.ares.fm\/wp-content\/uploads\/2024\/04\/IMG20240301185003_valdepennas_cerro_del_angelIN-min.jpg\" alt=\"\" class=\"wp-image-15179\" srcset=\"https:\/\/felix.ares.fm\/wp-content\/uploads\/2024\/04\/IMG20240301185003_valdepennas_cerro_del_angelIN-min.jpg 182w, https:\/\/felix.ares.fm\/wp-content\/uploads\/2024\/04\/IMG20240301185003_valdepennas_cerro_del_angelIN-min-135x300.jpg 135w\" sizes=\"auto, (max-width: 182px) 100vw, 182px\" \/><figcaption class=\"wp-element-caption\">Cerro del \u00c1ngel. Valdepe\u00f1as.<\/figcaption><\/figure>\n<\/div>\n\n\n<p>No describo la etimolog\u00eda de Valdepe\u00f1as, pues parece evidente: Valle de las Pe\u00f1as. En esta localidad he parado decenas de veces. La raz\u00f3n es que est\u00e1 muy bien situado. Tanto para ir de Fuengirola a Madrid o viceversa, nos suele dar la hora de comer (o de cenar) en este lugar y hay varios sitios interesantes. De uno de ellos, \u00abLas Tinajas\u00bb, ya he hablado en la entrada: <a href=\"https:\/\/felix.ares.fm\/?p=12176\">https:\/\/felix.ares.fm\/?p=12176<\/a><\/p>\n\n\n\n<p>Al salir de Valdepe\u00f1as pudimos ver uno de sus famosos molinos de viento al lado de la carretera. Lamento que el puente impidiera hacer una foto mejor.<\/p>\n\n\n<div class=\"wp-block-image\">\n<figure class=\"aligncenter size-full\"><img loading=\"lazy\" decoding=\"async\" width=\"217\" height=\"480\" src=\"https:\/\/felix.ares.fm\/wp-content\/uploads\/2024\/04\/IMG20240301185053_molino_valdepennas-min.jpg\" alt=\"\" class=\"wp-image-15180\" srcset=\"https:\/\/felix.ares.fm\/wp-content\/uploads\/2024\/04\/IMG20240301185053_molino_valdepennas-min.jpg 217w, https:\/\/felix.ares.fm\/wp-content\/uploads\/2024\/04\/IMG20240301185053_molino_valdepennas-min-136x300.jpg 136w\" sizes=\"auto, (max-width: 217px) 100vw, 217px\" \/><figcaption class=\"wp-element-caption\">Molino, al lado de la carretera, al salir de Valdepe\u00f1as (en direcci\u00f3n Andaluc\u00eda).<\/figcaption><\/figure>\n<\/div>\n\n<div class=\"wp-block-image\">\n<figure class=\"aligncenter size-full is-resized\"><img loading=\"lazy\" decoding=\"async\" width=\"640\" height=\"289\" src=\"https:\/\/felix.ares.fm\/wp-content\/uploads\/2024\/04\/IMG20240301191310_toro_osborne_valdepennas-min.jpg\" alt=\"\" class=\"wp-image-15181\" style=\"width:634px;height:auto\" srcset=\"https:\/\/felix.ares.fm\/wp-content\/uploads\/2024\/04\/IMG20240301191310_toro_osborne_valdepennas-min.jpg 640w, https:\/\/felix.ares.fm\/wp-content\/uploads\/2024\/04\/IMG20240301191310_toro_osborne_valdepennas-min-300x135.jpg 300w\" sizes=\"auto, (max-width: 640px) 100vw, 640px\" \/><figcaption class=\"wp-element-caption\">Muy poco despu\u00e9s nos encontramos con el toro de Osborne de Valdepe\u00f1as.<\/figcaption><\/figure>\n<\/div>\n\n\n<h3 class=\"wp-block-heading\">\u00abCasa Pepe\u00bb en Venta de C\u00e1rdenas<\/h3>\n\n\n\n<p>Al llegar al pueblo de \u00abVenta de C\u00e1rdenas\u00bb, que hace de frontera entre Ciudad Real y Andaluc\u00eda, ya est\u00e1bamos cansados y conven\u00eda una parada. All\u00ed estaba el famoso bar\/tienda\/restaurante \u00abCasa Pepe\u00bb. Me hab\u00edan dicho que era una especie de museo franquista y quise verlo. No soy especial admirador de Franco, pero, sin duda, forma parte de nuestra historia, para bien y para mal.<\/p>\n\n\n<div class=\"wp-block-image\">\n<figure class=\"aligncenter size-full\"><img loading=\"lazy\" decoding=\"async\" width=\"639\" height=\"480\" src=\"https:\/\/felix.ares.fm\/wp-content\/uploads\/2024\/04\/IMG20240301192234_casa_PepeBB-min.jpg\" alt=\"\" class=\"wp-image-15182\" srcset=\"https:\/\/felix.ares.fm\/wp-content\/uploads\/2024\/04\/IMG20240301192234_casa_PepeBB-min.jpg 639w, https:\/\/felix.ares.fm\/wp-content\/uploads\/2024\/04\/IMG20240301192234_casa_PepeBB-min-300x225.jpg 300w\" sizes=\"auto, (max-width: 639px) 100vw, 639px\" \/><figcaption class=\"wp-element-caption\">Aparcamiento de \u00abCasa Pepe\u00bb.<\/figcaption><\/figure>\n<\/div>\n\n\n<p>Al ver este aparcamiento todo parece normal. Un bar\/restaurante\/tienda que nos vende los excelentes quesos, aceite y miel de la zona. Nada que nos recuerde al franquismo.<\/p>\n\n\n<div class=\"wp-block-image\">\n<figure class=\"aligncenter size-full\"><img loading=\"lazy\" decoding=\"async\" width=\"639\" height=\"480\" src=\"https:\/\/felix.ares.fm\/wp-content\/uploads\/2024\/04\/IMG20240301192237_casa_pepeBB-min.jpg\" alt=\"\" class=\"wp-image-15184\" srcset=\"https:\/\/felix.ares.fm\/wp-content\/uploads\/2024\/04\/IMG20240301192237_casa_pepeBB-min.jpg 639w, https:\/\/felix.ares.fm\/wp-content\/uploads\/2024\/04\/IMG20240301192237_casa_pepeBB-min-300x225.jpg 300w\" sizes=\"auto, (max-width: 639px) 100vw, 639px\" \/><figcaption class=\"wp-element-caption\">Anuncio en el propio edificio de la \u00abCasa Pepe\u00bb. Venta de queso manchego, jamones y lomos de bellota.<\/figcaption><\/figure>\n<\/div>\n\n<div class=\"wp-block-image\">\n<figure class=\"aligncenter size-full\"><img loading=\"lazy\" decoding=\"async\" width=\"639\" height=\"480\" src=\"https:\/\/felix.ares.fm\/wp-content\/uploads\/2024\/04\/IMG20240301192309_casa_pepe-min.jpg\" alt=\"\" class=\"wp-image-15185\" srcset=\"https:\/\/felix.ares.fm\/wp-content\/uploads\/2024\/04\/IMG20240301192309_casa_pepe-min.jpg 639w, https:\/\/felix.ares.fm\/wp-content\/uploads\/2024\/04\/IMG20240301192309_casa_pepe-min-300x225.jpg 300w\" sizes=\"auto, (max-width: 639px) 100vw, 639px\" \/><figcaption class=\"wp-element-caption\">En la fachada tampoco hay nada que nos haga pensdar en un amante del franquismo.<\/figcaption><\/figure>\n<\/div>\n\n\n<p>Tal vez que las barricas tengan la bandera de Espa\u00f1a puede ser un s\u00edntoma del franquismo. Pero manda g\u00fcevos que en nuestro pa\u00eds tengamos que avergonzarnos de nuestra bandera.<\/p>\n\n\n<div class=\"wp-block-image\">\n<figure class=\"aligncenter size-full\"><img loading=\"lazy\" decoding=\"async\" width=\"639\" height=\"480\" src=\"https:\/\/felix.ares.fm\/wp-content\/uploads\/2024\/04\/IMG20240301192334_LUZSC-min.jpg\" alt=\"\" class=\"wp-image-15212\" srcset=\"https:\/\/felix.ares.fm\/wp-content\/uploads\/2024\/04\/IMG20240301192334_LUZSC-min.jpg 639w, https:\/\/felix.ares.fm\/wp-content\/uploads\/2024\/04\/IMG20240301192334_LUZSC-min-300x225.jpg 300w\" sizes=\"auto, (max-width: 639px) 100vw, 639px\" \/><figcaption class=\"wp-element-caption\">Entrada a \u00abCasa Pepe\u00bb.<\/figcaption><\/figure>\n<\/div>\n\n\n<p>En la entrada, la cosa empieza a cambiar. Hay una bandera con el letrero \u00abTodo por la patria\u00bb, que es el eslogan de la \u00abGuardia Civil\u00bb. Nada de lo que avergonzarse. La Guardia Civil hace un papel extraordinario en mantener del orden y las leyes en nuestro pa\u00eds. Y no tiene que ver nada con Franco. Se inaugur\u00f3 en 1844.<\/p>\n\n\n\n<p>Al entrar en el establecimiento  casi todo est\u00e1 dedicado a la memoria de Franco.<\/p>\n\n\n\n<figure class=\"wp-block-image size-full\"><img loading=\"lazy\" decoding=\"async\" width=\"639\" height=\"480\" src=\"https:\/\/felix.ares.fm\/wp-content\/uploads\/2024\/04\/IMG20240301192410_casa_pepe-min.jpg\" alt=\"\" class=\"wp-image-15187\" srcset=\"https:\/\/felix.ares.fm\/wp-content\/uploads\/2024\/04\/IMG20240301192410_casa_pepe-min.jpg 639w, https:\/\/felix.ares.fm\/wp-content\/uploads\/2024\/04\/IMG20240301192410_casa_pepe-min-300x225.jpg 300w\" sizes=\"auto, (max-width: 639px) 100vw, 639px\" \/><figcaption class=\"wp-element-caption\">Botellas de vino tinto con la marca \u00abCasa Pepe\u00bb y las im\u00e1genes de Franco (a la derecha) o de Franco y Jos\u00e9 Antonio Primo de Rivera a la izquierda.<\/figcaption><\/figure>\n\n\n<div class=\"wp-block-image\">\n<figure class=\"aligncenter size-full\"><img loading=\"lazy\" decoding=\"async\" width=\"639\" height=\"480\" src=\"https:\/\/felix.ares.fm\/wp-content\/uploads\/2024\/04\/IMG20240301192412_casa_pepe-min.jpg\" alt=\"\" class=\"wp-image-15188\" srcset=\"https:\/\/felix.ares.fm\/wp-content\/uploads\/2024\/04\/IMG20240301192412_casa_pepe-min.jpg 639w, https:\/\/felix.ares.fm\/wp-content\/uploads\/2024\/04\/IMG20240301192412_casa_pepe-min-300x225.jpg 300w\" sizes=\"auto, (max-width: 639px) 100vw, 639px\" \/><figcaption class=\"wp-element-caption\">Otros vinos tintos con la bandera de Espa\u00f1a.<\/figcaption><\/figure>\n<\/div>\n\n\n<figure class=\"wp-block-image size-full is-resized\"><img loading=\"lazy\" decoding=\"async\" width=\"639\" height=\"480\" src=\"https:\/\/felix.ares.fm\/wp-content\/uploads\/2024\/04\/IMG20240301192420_casa_pepe-min.jpg\" alt=\"\" class=\"wp-image-15189\" style=\"width:634px;height:auto\" srcset=\"https:\/\/felix.ares.fm\/wp-content\/uploads\/2024\/04\/IMG20240301192420_casa_pepe-min.jpg 639w, https:\/\/felix.ares.fm\/wp-content\/uploads\/2024\/04\/IMG20240301192420_casa_pepe-min-300x225.jpg 300w\" sizes=\"auto, (max-width: 639px) 100vw, 639px\" \/><figcaption class=\"wp-element-caption\">Original \u00ableche de pantera\u00bb. Licor crema de ron.<\/figcaption><\/figure>\n\n\n\n<p>Me van a permitir que haga una peque\u00f1a digresi\u00f3n. Estudi\u00e9 mi carrera en Madrid, en la Polit\u00e9cnica (l\u00e9ase si se quiere Complutense). En Arg\u00fcelles hab\u00eda un garito en el que nos daban \u00ableche de pantera\u00bb. La tom\u00e9 muchas veces, pero acabo de enterarme de que es una crema de ron.<\/p>\n\n\n\n<p>Buenos recuerdos.<\/p>\n\n\n<div class=\"wp-block-image\">\n<figure class=\"aligncenter size-full\"><img loading=\"lazy\" decoding=\"async\" width=\"639\" height=\"480\" src=\"https:\/\/felix.ares.fm\/wp-content\/uploads\/2024\/04\/IMG20240301192451_casa_pepe-min.jpg\" alt=\"\" class=\"wp-image-15190\" srcset=\"https:\/\/felix.ares.fm\/wp-content\/uploads\/2024\/04\/IMG20240301192451_casa_pepe-min.jpg 639w, https:\/\/felix.ares.fm\/wp-content\/uploads\/2024\/04\/IMG20240301192451_casa_pepe-min-300x225.jpg 300w\" sizes=\"auto, (max-width: 639px) 100vw, 639px\" \/><figcaption class=\"wp-element-caption\">Estanter\u00edas de la \u00abCasa Pepe\u00bb.<\/figcaption><\/figure>\n<\/div>\n\n\n<p>En todos los muros de la \u00abCasa Pepe\u00bb hab\u00eda productos t\u00edpicos. Chocolates, vinos, aceites, \u2026<\/p>\n\n\n<div class=\"wp-block-image\">\n<figure class=\"aligncenter size-full\"><img loading=\"lazy\" decoding=\"async\" width=\"639\" height=\"480\" src=\"https:\/\/felix.ares.fm\/wp-content\/uploads\/2024\/04\/IMG20240301192503_casa_pepe-min.jpg\" alt=\"\" class=\"wp-image-15191\" srcset=\"https:\/\/felix.ares.fm\/wp-content\/uploads\/2024\/04\/IMG20240301192503_casa_pepe-min.jpg 639w, https:\/\/felix.ares.fm\/wp-content\/uploads\/2024\/04\/IMG20240301192503_casa_pepe-min-300x225.jpg 300w\" sizes=\"auto, (max-width: 639px) 100vw, 639px\" \/><figcaption class=\"wp-element-caption\">Jamones de bellota.<\/figcaption><\/figure>\n<\/div>\n\n\n<p>No pod\u00edan faltar los jamones de bellota, esa delicia espa\u00f1ola que, quiz\u00e1, sea mejor que no la conozcan fuera. Si aumenta la demanda, aumentar\u00e9 el precio. Y eso no me gustar\u00eda, me gusta el jam\u00f3n serrano ib\u00e9rico de bellota y otros jamones.<\/p>\n\n\n\n<figure class=\"wp-block-image size-full\"><img loading=\"lazy\" decoding=\"async\" width=\"639\" height=\"480\" src=\"https:\/\/felix.ares.fm\/wp-content\/uploads\/2024\/04\/IMG20240301192924_casa_pepe-min.jpg\" alt=\"\" class=\"wp-image-15192\" srcset=\"https:\/\/felix.ares.fm\/wp-content\/uploads\/2024\/04\/IMG20240301192924_casa_pepe-min.jpg 639w, https:\/\/felix.ares.fm\/wp-content\/uploads\/2024\/04\/IMG20240301192924_casa_pepe-min-300x225.jpg 300w\" sizes=\"auto, (max-width: 639px) 100vw, 639px\" \/><figcaption class=\"wp-element-caption\">Tambi\u00e9n venden otros productos embutidos t\u00edpicos de Espa\u00f1a.<\/figcaption><\/figure>\n\n\n\n<figure class=\"wp-block-image size-full\"><img loading=\"lazy\" decoding=\"async\" width=\"639\" height=\"480\" src=\"https:\/\/felix.ares.fm\/wp-content\/uploads\/2024\/04\/IMG20240301192936_casa_pepe-min.jpg\" alt=\"\" class=\"wp-image-15193\" srcset=\"https:\/\/felix.ares.fm\/wp-content\/uploads\/2024\/04\/IMG20240301192936_casa_pepe-min.jpg 639w, https:\/\/felix.ares.fm\/wp-content\/uploads\/2024\/04\/IMG20240301192936_casa_pepe-min-300x225.jpg 300w\" sizes=\"auto, (max-width: 639px) 100vw, 639px\" \/><figcaption class=\"wp-element-caption\">La \u00abCasa Pepe\u00bb nos ofrece unas judias con perdiz. Reconozco que al leerlo se me hace la boca agua, pero no las he probado.<\/figcaption><\/figure>\n\n\n\n<p>No solo hay jud\u00edas con perdiz, tambi\u00e9n hay latas con platos t\u00edpicos de la zona.<\/p>\n\n\n\n<figure class=\"wp-block-image size-full\"><img loading=\"lazy\" decoding=\"async\" width=\"639\" height=\"480\" src=\"https:\/\/felix.ares.fm\/wp-content\/uploads\/2024\/04\/IMG20240301192939_casa_pepe-min.jpg\" alt=\"\" class=\"wp-image-15194\" srcset=\"https:\/\/felix.ares.fm\/wp-content\/uploads\/2024\/04\/IMG20240301192939_casa_pepe-min.jpg 639w, https:\/\/felix.ares.fm\/wp-content\/uploads\/2024\/04\/IMG20240301192939_casa_pepe-min-300x225.jpg 300w\" sizes=\"auto, (max-width: 639px) 100vw, 639px\" \/><figcaption class=\"wp-element-caption\">Gazpacho manchego. Callos manchegos. Morteruelo de Cuenca\u00bb&#8230;<\/figcaption><\/figure>\n\n\n\n<p>Los quesos manchegos tienen fama mundial. No pod\u00edan faltar. Hay muchos, tan solo muestro una peque\u00f1a parte.<\/p>\n\n\n\n<figure class=\"wp-block-image size-full\"><img loading=\"lazy\" decoding=\"async\" width=\"639\" height=\"480\" src=\"https:\/\/felix.ares.fm\/wp-content\/uploads\/2024\/04\/IMG20240301192946_casa_pepe-min.jpg\" alt=\"\" class=\"wp-image-15195\" srcset=\"https:\/\/felix.ares.fm\/wp-content\/uploads\/2024\/04\/IMG20240301192946_casa_pepe-min.jpg 639w, https:\/\/felix.ares.fm\/wp-content\/uploads\/2024\/04\/IMG20240301192946_casa_pepe-min-300x225.jpg 300w\" sizes=\"auto, (max-width: 639px) 100vw, 639px\" \/><figcaption class=\"wp-element-caption\">Quesos manchegos.<\/figcaption><\/figure>\n\n\n\n<figure class=\"wp-block-image size-full\"><img loading=\"lazy\" decoding=\"async\" width=\"639\" height=\"480\" src=\"https:\/\/felix.ares.fm\/wp-content\/uploads\/2024\/04\/IMG20240301193008_casa_pepe-min.jpg\" alt=\"\" class=\"wp-image-15196\" srcset=\"https:\/\/felix.ares.fm\/wp-content\/uploads\/2024\/04\/IMG20240301193008_casa_pepe-min.jpg 639w, https:\/\/felix.ares.fm\/wp-content\/uploads\/2024\/04\/IMG20240301193008_casa_pepe-min-300x225.jpg 300w\" sizes=\"auto, (max-width: 639px) 100vw, 639px\" \/><figcaption class=\"wp-element-caption\">Estandarte de la Legi\u00f3n Espa\u00f1ola. Observen la Cruz de Borgo\u00f1a.<\/figcaption><\/figure>\n\n\n\n<p>Detr\u00e1s del mostrador hay un estandarte de la Legi\u00f3n Espa\u00f1ola. Observen la Cruz de Borgo\u00f1a.<\/p>\n\n\n\n<figure class=\"wp-block-image size-full\"><img loading=\"lazy\" decoding=\"async\" width=\"639\" height=\"480\" src=\"https:\/\/felix.ares.fm\/wp-content\/uploads\/2024\/04\/IMG20240301193105_casa_pepe-min.jpg\" alt=\"\" class=\"wp-image-15197\" srcset=\"https:\/\/felix.ares.fm\/wp-content\/uploads\/2024\/04\/IMG20240301193105_casa_pepe-min.jpg 639w, https:\/\/felix.ares.fm\/wp-content\/uploads\/2024\/04\/IMG20240301193105_casa_pepe-min-300x225.jpg 300w\" sizes=\"auto, (max-width: 639px) 100vw, 639px\" \/><figcaption class=\"wp-element-caption\">Servilletas de papel de la Casa Pepe. Ah\u00ed est\u00e1 su direcci\u00f3n.<\/figcaption><\/figure>\n\n\n<div class=\"wp-block-image\">\n<figure class=\"aligncenter size-full\"><img loading=\"lazy\" decoding=\"async\" width=\"639\" height=\"480\" src=\"https:\/\/felix.ares.fm\/wp-content\/uploads\/2024\/04\/IMG20240301193109_casa_pepe-min.jpg\" alt=\"\" class=\"wp-image-15198\" srcset=\"https:\/\/felix.ares.fm\/wp-content\/uploads\/2024\/04\/IMG20240301193109_casa_pepe-min.jpg 639w, https:\/\/felix.ares.fm\/wp-content\/uploads\/2024\/04\/IMG20240301193109_casa_pepe-min-300x225.jpg 300w\" sizes=\"auto, (max-width: 639px) 100vw, 639px\" \/><figcaption class=\"wp-element-caption\">Carta de \u00abCasa Pepe\u00bb. Ya s\u00e9 que se ve muy mal. Para tratar de facilitar las cosas, les doy la primera referencia de cada aparatado. Jam\u00f3n Ib\u00e9rico de bellota (fr\u00edo) bocadillo 9\u20ac. Raci\u00f3n de entremeses ib\u00e9ricos y queso puro de oveja (fr\u00edo) 15\u20ac. Raci\u00f3n de chorizo ib\u00e9rico 10\u20ac. Solo al mediod\u00eda: Rabo de toro 18\u20ac.<\/figcaption><\/figure>\n<\/div>\n\n<div class=\"wp-block-image\">\n<figure class=\"aligncenter size-full is-resized\"><img loading=\"lazy\" decoding=\"async\" width=\"639\" height=\"480\" src=\"https:\/\/felix.ares.fm\/wp-content\/uploads\/2024\/04\/IMG20240301193229SC_casa_pepe-min.jpg\" alt=\"\" class=\"wp-image-15199\" style=\"width:634px;height:auto\" srcset=\"https:\/\/felix.ares.fm\/wp-content\/uploads\/2024\/04\/IMG20240301193229SC_casa_pepe-min.jpg 639w, https:\/\/felix.ares.fm\/wp-content\/uploads\/2024\/04\/IMG20240301193229SC_casa_pepe-min-300x225.jpg 300w\" sizes=\"auto, (max-width: 639px) 100vw, 639px\" \/><figcaption class=\"wp-element-caption\">Todas sus paredes, est\u00e1n llenas de cosas que recuerdan al franquismo y temas asociados.<\/figcaption><\/figure>\n<\/div>\n\n\n<figure class=\"wp-block-image size-full\"><img loading=\"lazy\" decoding=\"async\" width=\"639\" height=\"480\" src=\"https:\/\/felix.ares.fm\/wp-content\/uploads\/2024\/04\/0IMG20240301193300_casa_pepeSC-min.jpg\" alt=\"\" class=\"wp-image-15228\" srcset=\"https:\/\/felix.ares.fm\/wp-content\/uploads\/2024\/04\/0IMG20240301193300_casa_pepeSC-min.jpg 639w, https:\/\/felix.ares.fm\/wp-content\/uploads\/2024\/04\/0IMG20240301193300_casa_pepeSC-min-300x225.jpg 300w\" sizes=\"auto, (max-width: 639px) 100vw, 639px\" \/><figcaption class=\"wp-element-caption\">Tambi\u00e9n hay mensajes de actualidad que, obviamente, nada tienen que ver con Franco.<\/figcaption><\/figure>\n\n\n\n<figure class=\"wp-block-image size-full\"><img loading=\"lazy\" decoding=\"async\" width=\"639\" height=\"480\" src=\"https:\/\/felix.ares.fm\/wp-content\/uploads\/2024\/04\/IMG20240301193307_casa_pepe-min.jpg\" alt=\"\" class=\"wp-image-15201\" srcset=\"https:\/\/felix.ares.fm\/wp-content\/uploads\/2024\/04\/IMG20240301193307_casa_pepe-min.jpg 639w, https:\/\/felix.ares.fm\/wp-content\/uploads\/2024\/04\/IMG20240301193307_casa_pepe-min-300x225.jpg 300w\" sizes=\"auto, (max-width: 639px) 100vw, 639px\" \/><figcaption class=\"wp-element-caption\">Tambi\u00e9n hay referencias al Valle de los Caidos.<\/figcaption><\/figure>\n\n\n\n<p>Nosotros pedimos un bocata de jam\u00f3n serrano, un vino blanco y una CocaCola para el conductor.<\/p>\n\n\n\n<figure class=\"wp-block-gallery has-nested-images columns-default is-cropped wp-block-gallery-1 is-layout-flex wp-block-gallery-is-layout-flex\">\n<figure class=\"wp-block-image size-full\"><img loading=\"lazy\" decoding=\"async\" width=\"360\" height=\"480\" data-id=\"15202\" src=\"https:\/\/felix.ares.fm\/wp-content\/uploads\/2024\/04\/IMG20240301193513_casa_pepe-min.jpg\" alt=\"\" class=\"wp-image-15202\" srcset=\"https:\/\/felix.ares.fm\/wp-content\/uploads\/2024\/04\/IMG20240301193513_casa_pepe-min.jpg 360w, https:\/\/felix.ares.fm\/wp-content\/uploads\/2024\/04\/IMG20240301193513_casa_pepe-min-225x300.jpg 225w\" sizes=\"auto, (max-width: 360px) 100vw, 360px\" \/><figcaption class=\"wp-element-caption\">Bocata de jam\u00f3n serrano.<\/figcaption><\/figure>\n\n\n\n<figure class=\"wp-block-image size-full\"><img loading=\"lazy\" decoding=\"async\" width=\"360\" height=\"480\" data-id=\"15203\" src=\"https:\/\/felix.ares.fm\/wp-content\/uploads\/2024\/04\/IMG20240301193523_casa_pepe-min.jpg\" alt=\"\" class=\"wp-image-15203\" srcset=\"https:\/\/felix.ares.fm\/wp-content\/uploads\/2024\/04\/IMG20240301193523_casa_pepe-min.jpg 360w, https:\/\/felix.ares.fm\/wp-content\/uploads\/2024\/04\/IMG20240301193523_casa_pepe-min-225x300.jpg 225w\" sizes=\"auto, (max-width: 360px) 100vw, 360px\" \/><figcaption class=\"wp-element-caption\">Vino blanco.<\/figcaption><\/figure>\n<\/figure>\n\n\n<div class=\"wp-block-image\">\n<figure class=\"aligncenter size-full\"><img loading=\"lazy\" decoding=\"async\" width=\"360\" height=\"480\" src=\"https:\/\/felix.ares.fm\/wp-content\/uploads\/2024\/04\/IMG20240301193528_casa_pepe-min.jpg\" alt=\"\" class=\"wp-image-15204\" srcset=\"https:\/\/felix.ares.fm\/wp-content\/uploads\/2024\/04\/IMG20240301193528_casa_pepe-min.jpg 360w, https:\/\/felix.ares.fm\/wp-content\/uploads\/2024\/04\/IMG20240301193528_casa_pepe-min-225x300.jpg 225w\" sizes=\"auto, (max-width: 360px) 100vw, 360px\" \/><figcaption class=\"wp-element-caption\">El conductor, obviamente, no pod\u00eda beber alcohol, por lo que pidi\u00f3 una Coca Cola.<\/figcaption><\/figure>\n<\/div>\n\n<div class=\"wp-block-image\">\n<figure class=\"aligncenter size-full\"><img loading=\"lazy\" decoding=\"async\" width=\"360\" height=\"480\" src=\"https:\/\/felix.ares.fm\/wp-content\/uploads\/2024\/04\/IMG20240301194057__casa_pepe_factura.jpg\" alt=\"\" class=\"wp-image-15205\" srcset=\"https:\/\/felix.ares.fm\/wp-content\/uploads\/2024\/04\/IMG20240301194057__casa_pepe_factura.jpg 360w, https:\/\/felix.ares.fm\/wp-content\/uploads\/2024\/04\/IMG20240301194057__casa_pepe_factura-225x300.jpg 225w\" sizes=\"auto, (max-width: 360px) 100vw, 360px\" \/><figcaption class=\"wp-element-caption\">La factura: Bocata jem\u00f3n serrano+vino blanco+Coca Cola, 8.90\u20ac.<\/figcaption><\/figure>\n<\/div>\n\n<div class=\"wp-block-image\">\n<figure class=\"aligncenter size-full\"><img loading=\"lazy\" decoding=\"async\" width=\"360\" height=\"480\" src=\"https:\/\/felix.ares.fm\/wp-content\/uploads\/2024\/04\/IMG20240301194131_wifi_gratis_casa_pepe.jpg\" alt=\"\" class=\"wp-image-15206\" srcset=\"https:\/\/felix.ares.fm\/wp-content\/uploads\/2024\/04\/IMG20240301194131_wifi_gratis_casa_pepe.jpg 360w, https:\/\/felix.ares.fm\/wp-content\/uploads\/2024\/04\/IMG20240301194131_wifi_gratis_casa_pepe-225x300.jpg 225w\" sizes=\"auto, (max-width: 360px) 100vw, 360px\" \/><figcaption class=\"wp-element-caption\">En el local hay Wifi Gratis con la palabra clave: CasaPepe1923.<\/figcaption><\/figure>\n<\/div>\n\n\n<figure class=\"wp-block-image size-full\"><img loading=\"lazy\" decoding=\"async\" width=\"639\" height=\"480\" src=\"https:\/\/felix.ares.fm\/wp-content\/uploads\/2024\/04\/IMG20240301194231_casa_pepe.jpg\" alt=\"\" class=\"wp-image-15207\" srcset=\"https:\/\/felix.ares.fm\/wp-content\/uploads\/2024\/04\/IMG20240301194231_casa_pepe.jpg 639w, https:\/\/felix.ares.fm\/wp-content\/uploads\/2024\/04\/IMG20240301194231_casa_pepe-300x225.jpg 300w\" sizes=\"auto, (max-width: 639px) 100vw, 639px\" \/><figcaption class=\"wp-element-caption\">Barrica anunciando la Casa Pepe.<\/figcaption><\/figure>\n\n\n\n<p>Cuando salimos ya era de noche. Las im\u00e1genes hab\u00edan cambiado, parec\u00eda otro lugar.<\/p>\n\n\n\n<figure class=\"wp-block-image size-full\"><img loading=\"lazy\" decoding=\"async\" width=\"639\" height=\"480\" src=\"https:\/\/felix.ares.fm\/wp-content\/uploads\/2024\/04\/IMG20240301195021_casa_pepe-min.jpg\" alt=\"\" class=\"wp-image-15208\" srcset=\"https:\/\/felix.ares.fm\/wp-content\/uploads\/2024\/04\/IMG20240301195021_casa_pepe-min.jpg 639w, https:\/\/felix.ares.fm\/wp-content\/uploads\/2024\/04\/IMG20240301195021_casa_pepe-min-300x225.jpg 300w\" sizes=\"auto, (max-width: 639px) 100vw, 639px\" \/><figcaption class=\"wp-element-caption\">\u00abCasa Pepe\u00bb con anuncio de ne\u00f3n encendido.<\/figcaption><\/figure>\n\n\n\n<p>Y as\u00ed nos fuimos. No me queda claro si los que llevan hoy en d\u00eda el local son franquistas o si es una estrategia de marketing. En cualquiera de las dos opciones me parece totalmente l\u00edcito. Si son franquistas y quieres difundir sus ideas, creo que est\u00e1n amparados por la libertad de expresi\u00f3n. Al menos as\u00ed era antes de que los \u00abwoke\u00bb se hicieran con el gobierno. Si es una estrategia de marketing, tambi\u00e9n de acuerdo, cada cual se publicita como quiere, o al menos eso era antes de que tuvi\u00e9ramos que expresarnos de forma \u00abpol\u00edticamente correcta\u00bb nos gustase o no. Que conste que NO ME GUSTA. Creo en la libertad de expresi\u00f3n y eso SIEMPRE lleva a que algunos se sientan molestos. Incluso si yo me siento molesto, eso es libertad de expresi\u00f3n. Incluso si lo que dicen mee parece horroroso, eso es libertad de expresi\u00f3n. Es imposible contentar a todos y, mucho menos, a m\u00ed.<\/p>\n\n\n\n<h3 class=\"wp-block-heading\">Kebab Damasco, Fuengirola.<\/h3>\n\n\n\n<p>Llegamos a Fuengirola y todos los sitios en los que quisimos cenar estaban cerrados. Por fin descubrimos uno abierto: \u00abKebab Damasco\u00bb en la avenida de los Boliches [2].<\/p>\n\n\n\n<p>Pedimos alguna de las cosas que estaban anunciadas y la experiencia fue correcta. <\/p>\n\n\n<div class=\"wp-block-image\">\n<figure class=\"aligncenter size-full\"><img loading=\"lazy\" decoding=\"async\" width=\"360\" height=\"480\" src=\"https:\/\/felix.ares.fm\/wp-content\/uploads\/2024\/04\/IMG20240301234818_fuengirola_kebap-min.jpg\" alt=\"\" class=\"wp-image-15209\" srcset=\"https:\/\/felix.ares.fm\/wp-content\/uploads\/2024\/04\/IMG20240301234818_fuengirola_kebap-min.jpg 360w, https:\/\/felix.ares.fm\/wp-content\/uploads\/2024\/04\/IMG20240301234818_fuengirola_kebap-min-225x300.jpg 225w\" sizes=\"auto, (max-width: 360px) 100vw, 360px\" \/><figcaption class=\"wp-element-caption\">Interior del Kebab Damasco.<\/figcaption><\/figure>\n<\/div>\n\n<div class=\"wp-block-image\">\n<figure class=\"aligncenter size-full\"><img loading=\"lazy\" decoding=\"async\" width=\"360\" height=\"480\" src=\"https:\/\/felix.ares.fm\/wp-content\/uploads\/2024\/04\/IMG20240301235045_kebab_DAMASCO_fuengirola-min.jpg\" alt=\"\" class=\"wp-image-15210\" srcset=\"https:\/\/felix.ares.fm\/wp-content\/uploads\/2024\/04\/IMG20240301235045_kebab_DAMASCO_fuengirola-min.jpg 360w, https:\/\/felix.ares.fm\/wp-content\/uploads\/2024\/04\/IMG20240301235045_kebab_DAMASCO_fuengirola-min-225x300.jpg 225w\" sizes=\"auto, (max-width: 360px) 100vw, 360px\" \/><figcaption class=\"wp-element-caption\">Una de las cosas que pedimos. No estoy seguro, pero creo que es falafel en pan de pita.<\/figcaption><\/figure>\n<\/div>\n\n\n<figure class=\"wp-block-image size-full\"><img loading=\"lazy\" decoding=\"async\" width=\"640\" height=\"289\" src=\"https:\/\/felix.ares.fm\/wp-content\/uploads\/2024\/04\/IMG20240301234420_fuengirola_kebab-min.jpg\" alt=\"\" class=\"wp-image-15211\" srcset=\"https:\/\/felix.ares.fm\/wp-content\/uploads\/2024\/04\/IMG20240301234420_fuengirola_kebab-min.jpg 640w, https:\/\/felix.ares.fm\/wp-content\/uploads\/2024\/04\/IMG20240301234420_fuengirola_kebab-min-300x135.jpg 300w\" sizes=\"auto, (max-width: 640px) 100vw, 640px\" \/><figcaption class=\"wp-element-caption\">Rollos de Kebab.<\/figcaption><\/figure>\n\n\n\n<p>Y as\u00ed termin\u00f3 nuestro viaje. Despu\u00e9s nos fuimos a la cama.<\/p>\n\n\n\n<h3 class=\"wp-block-heading\">Bibliograf\u00eda<\/h3>\n\n\n\n<p>[1]  Wikiband. Entrada <em>Cerro de los \u00c1ngeles<\/em>. <a href=\"https:\/\/www.wikiwand.com\/es\/Cerro_de_los_%C3%81ngeles\">Cerro de los \u00c1ngeles &#8211; Wikiwand<\/a><\/p>\n\n\n\n<p>[2] Restauranteguru. Entrada <em>Kebab-Damasco<\/em>.   <a href=\"https:\/\/es.restaurantguru.com\/Kebab-Damasco-Fuengirola\">https:\/\/es.restaurantguru.com\/Kebab-Damasco-Fuengirola<\/a><\/p>\n\n\n\n<hr class=\"wp-block-separator has-alpha-channel-opacity\"\/>\n\n\n\n<h3 class=\"wp-block-heading\"><strong>Nota sobre fotos<\/strong><\/h3>\n\n\n\n<p>Las fotos que se han utilizado, han sido realizadas por F\u00e9lix Ares y \u00c1lvaro Ares y las licenciamos como Creative Commons. Attribution 4.0. International CC by 4.0. Puede usarlas, pero deben dar cr\u00e9dito a los autores y que se han sacado de la p\u00e1gina https:\/\/felix.ares.fm<\/p>\n\n\n<div class=\"wp-block-image\">\n<figure class=\"aligncenter\"><a href=\"https:\/\/creativecommons.org\/licenses\/by\/4.0\/\"><img decoding=\"async\" src=\"https:\/\/i.creativecommons.org\/l\/by\/4.0\/88x31.png\" alt=\"Creative Commons License\"\/><\/a><\/figure>\n<\/div>\n\n\n<p class=\"has-text-align-center\">_ _ _<\/p>\n\n\n\n<p>NOTA: ya saben ustedes que el Spam est\u00e1 a la orden del d\u00eda. Si pusiera mi direcci\u00f3n de correo electr\u00f3nico en forma visible, mi buz\u00f3n se llenar\u00eda de basura. Si quieren ponerse en contacto conmigo, pueden hacerlo en esta direcci\u00f3n, que pienso est\u00e1 suficientemente dif\u00edcil para los robots.<\/p>\n\n\n\n<p><\/p>\n\n\n<div class=\"wp-block-image\">\n<figure class=\"aligncenter size-large is-resized\"><img loading=\"lazy\" decoding=\"async\" width=\"703\" height=\"499\" src=\"http:\/\/felix.ares.fm\/wp-content\/uploads\/2016\/02\/tapas.ares_.fm_.2.jpg\" alt=\"\" class=\"wp-image-7476\" style=\"width:256px;height:182px\" srcset=\"https:\/\/felix.ares.fm\/wp-content\/uploads\/2016\/02\/tapas.ares_.fm_.2.jpg 703w, https:\/\/felix.ares.fm\/wp-content\/uploads\/2016\/02\/tapas.ares_.fm_.2-300x213.jpg 300w\" sizes=\"auto, (max-width: 703px) 100vw, 703px\" \/><\/figure>\n<\/div>\n\n\n<p><\/p>\n","protected":false},"excerpt":{"rendered":"<p>16 de abril de 2024 Tras pasar unos d\u00edas en Madrid tuve que regresar a Fuengirola. Salimos de Madrid sin problemas, pasamos por el Cerro de los \u00c1ngeles, en Getafe. Para muchos es el centro geogr\u00e1fico de la Pen\u00ednsula Ib\u00e9rica, aunque esa afirmaci\u00f3n no est\u00e1 demostrada, el Instituto Geogr\u00e1fico Nacional defiende que el centro geogr\u00e1fico &hellip; <a href=\"https:\/\/felix.ares.fm\/?p=15167\" class=\"more-link\">Seguir leyendo <span class=\"screen-reader-text\">De Madrid a Fuengirola con varias paradas, entre las que destaca \u00abCasa Pepe\u00bb en \u00abVenta de C\u00e1rdenas\u00bb (Ciudad Real).<\/span> <span class=\"meta-nav\">&rarr;<\/span><\/a><\/p>\n","protected":false},"author":1,"featured_media":0,"comment_status":"closed","ping_status":"open","sticky":false,"template":"","format":"standard","meta":{"footnotes":""},"categories":[1609,646],"tags":[1618,1594,1593,1616,1610,1621,1611,1617,1622,1612,1613,1596,1619,1615,1620,1614],"class_list":["post-15167","post","type-post","status-publish","format-standard","hentry","category-cerro-de-los-angeles","category-madrid","tag-callos-gazpachos-manchegos","tag-centro-geografico-de-la-peninsula-iberica","tag-cerro-de-los-angeles","tag-cerro-del-angel","tag-colalbache-centro-de-la-peninsula-iberica","tag-estndarte-de-la-legion","tag-etimologia-de-tembleque","tag-judias-con-perdiz","tag-kebab-damasco-fuengirola","tag-madridejos","tag-madridejos-gasolinera-barata","tag-molinos-de-tembleque","tag-morteruelo-de-cuenca","tag-puerto-lapice","tag-quesos-de-la-mancha","tag-toros-de-osborne"],"_links":{"self":[{"href":"https:\/\/felix.ares.fm\/index.php?rest_route=\/wp\/v2\/posts\/15167","targetHints":{"allow":["GET"]}}],"collection":[{"href":"https:\/\/felix.ares.fm\/index.php?rest_route=\/wp\/v2\/posts"}],"about":[{"href":"https:\/\/felix.ares.fm\/index.php?rest_route=\/wp\/v2\/types\/post"}],"author":[{"embeddable":true,"href":"https:\/\/felix.ares.fm\/index.php?rest_route=\/wp\/v2\/users\/1"}],"replies":[{"embeddable":true,"href":"https:\/\/felix.ares.fm\/index.php?rest_route=%2Fwp%2Fv2%2Fcomments&post=15167"}],"version-history":[{"count":16,"href":"https:\/\/felix.ares.fm\/index.php?rest_route=\/wp\/v2\/posts\/15167\/revisions"}],"predecessor-version":[{"id":15233,"href":"https:\/\/felix.ares.fm\/index.php?rest_route=\/wp\/v2\/posts\/15167\/revisions\/15233"}],"wp:attachment":[{"href":"https:\/\/felix.ares.fm\/index.php?rest_route=%2Fwp%2Fv2%2Fmedia&parent=15167"}],"wp:term":[{"taxonomy":"category","embeddable":true,"href":"https:\/\/felix.ares.fm\/index.php?rest_route=%2Fwp%2Fv2%2Fcategories&post=15167"},{"taxonomy":"post_tag","embeddable":true,"href":"https:\/\/felix.ares.fm\/index.php?rest_route=%2Fwp%2Fv2%2Ftags&post=15167"}],"curies":[{"name":"wp","href":"https:\/\/api.w.org\/{rel}","templated":true}]}}