{"id":14983,"date":"2024-04-05T07:29:00","date_gmt":"2024-04-05T05:29:00","guid":{"rendered":"https:\/\/felix.ares.fm\/?p=14983"},"modified":"2024-04-05T12:57:23","modified_gmt":"2024-04-05T10:57:23","slug":"amanecer-y-atardecer-fuengirola","status":"publish","type":"post","link":"https:\/\/felix.ares.fm\/?p=14983","title":{"rendered":"Amanecer y atardecer. Fuengirola."},"content":{"rendered":"\n<p><strong>5 de abril de 2024<\/strong><\/p>\n\n\n\n<p>Desde mi terraza puedo ver la salida y la puesta de sol. Cada d\u00eda es diferente. Cada d\u00eda es una maravilla. No solo es ver c\u00f3mo la luz va triunfando sobre la oscuridad, despu\u00e9s viene la lucha de colores, los naranjas, contra los amarillos. Los amarillos se convierten en verdes y, por fin, respl\u00e1ndece el azul.<\/p>\n\n\n\n<p>Eso, cada d\u00eda, pero hay d\u00eda muy especiales. Uno de ellos fue el pasado 21 de febrero. Hubo un imprsionante amanecer y atardecer, pero tambi\u00e9n hubo horas intermedias en las que los rayos de sol te\u00f1\u00edan las nubes de naranjas y de franjas con una luminosidad distinta, como las coronas de algunos santos.<\/p>\n\n\n\n<figure class=\"wp-block-image size-full\"><img loading=\"lazy\" decoding=\"async\" width=\"640\" height=\"289\" src=\"https:\/\/felix.ares.fm\/wp-content\/uploads\/2024\/04\/IMG20240221190940-min.jpg\" alt=\"\" class=\"wp-image-14984\" srcset=\"https:\/\/felix.ares.fm\/wp-content\/uploads\/2024\/04\/IMG20240221190940-min.jpg 640w, https:\/\/felix.ares.fm\/wp-content\/uploads\/2024\/04\/IMG20240221190940-min-300x135.jpg 300w\" sizes=\"auto, (max-width: 640px) 100vw, 640px\" \/><figcaption class=\"wp-element-caption\">El sol, esparce sus rayos.<\/figcaption><\/figure>\n\n\n\n<figure class=\"wp-block-image size-full\"><img loading=\"lazy\" decoding=\"async\" width=\"640\" height=\"289\" src=\"https:\/\/felix.ares.fm\/wp-content\/uploads\/2024\/04\/IMG20240221190946-min.jpg\" alt=\"\" class=\"wp-image-14985\" srcset=\"https:\/\/felix.ares.fm\/wp-content\/uploads\/2024\/04\/IMG20240221190946-min.jpg 640w, https:\/\/felix.ares.fm\/wp-content\/uploads\/2024\/04\/IMG20240221190946-min-300x135.jpg 300w\" sizes=\"auto, (max-width: 640px) 100vw, 640px\" \/><figcaption class=\"wp-element-caption\">Las torres de comunicaciones de cubren de nubes anaranjadas.<\/figcaption><\/figure>\n\n\n\n<figure class=\"wp-block-image size-full\"><img loading=\"lazy\" decoding=\"async\" width=\"640\" height=\"289\" src=\"https:\/\/felix.ares.fm\/wp-content\/uploads\/2024\/04\/IMG20240221190956-min.jpg\" alt=\"\" class=\"wp-image-14986\" srcset=\"https:\/\/felix.ares.fm\/wp-content\/uploads\/2024\/04\/IMG20240221190956-min.jpg 640w, https:\/\/felix.ares.fm\/wp-content\/uploads\/2024\/04\/IMG20240221190956-min-300x135.jpg 300w\" sizes=\"auto, (max-width: 640px) 100vw, 640px\" \/><figcaption class=\"wp-element-caption\">El propio mar, mirando hacia el este est\u00e1 cubierto por bandas horizontales anranjadas y azuladas.<\/figcaption><\/figure>\n\n\n\n<figure class=\"wp-block-image size-full\"><img loading=\"lazy\" decoding=\"async\" width=\"640\" height=\"289\" src=\"https:\/\/felix.ares.fm\/wp-content\/uploads\/2024\/04\/IMG20240221191011-min.jpg\" alt=\"\" class=\"wp-image-14987\" srcset=\"https:\/\/felix.ares.fm\/wp-content\/uploads\/2024\/04\/IMG20240221191011-min.jpg 640w, https:\/\/felix.ares.fm\/wp-content\/uploads\/2024\/04\/IMG20240221191011-min-300x135.jpg 300w\" sizes=\"auto, (max-width: 640px) 100vw, 640px\" \/><figcaption class=\"wp-element-caption\">El sol se ha puesto, pero sus rayos ti\u00f1en las nubes de amarillos.<\/figcaption><\/figure>\n\n\n\n<figure class=\"wp-block-image size-full\"><img loading=\"lazy\" decoding=\"async\" width=\"640\" height=\"289\" src=\"https:\/\/felix.ares.fm\/wp-content\/uploads\/2024\/04\/IMG20240221191521-min.jpg\" alt=\"\" class=\"wp-image-14988\" srcset=\"https:\/\/felix.ares.fm\/wp-content\/uploads\/2024\/04\/IMG20240221191521-min.jpg 640w, https:\/\/felix.ares.fm\/wp-content\/uploads\/2024\/04\/IMG20240221191521-min-300x135.jpg 300w\" sizes=\"auto, (max-width: 640px) 100vw, 640px\" \/><figcaption class=\"wp-element-caption\">Los amarillos van rotando a naranjas.<\/figcaption><\/figure>\n\n\n\n<figure class=\"wp-block-image size-full\"><img loading=\"lazy\" decoding=\"async\" width=\"640\" height=\"289\" src=\"https:\/\/felix.ares.fm\/wp-content\/uploads\/2024\/04\/IMG20240221191541-min.jpg\" alt=\"\" class=\"wp-image-14989\" srcset=\"https:\/\/felix.ares.fm\/wp-content\/uploads\/2024\/04\/IMG20240221191541-min.jpg 640w, https:\/\/felix.ares.fm\/wp-content\/uploads\/2024\/04\/IMG20240221191541-min-300x135.jpg 300w\" sizes=\"auto, (max-width: 640px) 100vw, 640px\" \/><figcaption class=\"wp-element-caption\">Ya predominan los anaranjados.<\/figcaption><\/figure>\n\n\n\n<p>Nada m\u00e1s. Otro d\u00eda otros aspectos de los amaneceres y los atardeceres.<\/p>\n\n\n\n<hr class=\"wp-block-separator has-alpha-channel-opacity\"\/>\n\n\n\n<h3 class=\"wp-block-heading\"><strong>Nota sobre fotos<\/strong><\/h3>\n\n\n\n<p>Las fotos que se han utilizado, han sido realizadas por F\u00e9lix Ares y \u00c1lvaro Ares y las licenciamos como Creative Commons . Attribution 4.0. International CC by 4.0. Puede usarlas, pero deben dar cr\u00e9dito a los autores y que se han sacado de la p\u00e1gina https:\/\/felix.ares.fm<\/p>\n\n\n<div class=\"wp-block-image\">\n<figure class=\"aligncenter\"><a href=\"https:\/\/creativecommons.org\/licenses\/by\/4.0\/\"><img decoding=\"async\" src=\"https:\/\/i.creativecommons.org\/l\/by\/4.0\/88x31.png\" alt=\"Creative Commons License\"\/><\/a><\/figure>\n<\/div>\n\n\n<p class=\"has-text-align-center\">_ _ _<\/p>\n\n\n\n<p>NOTA: ya saben ustedes que el Spam est\u00e1 a la orden del d\u00eda. Si pusiera mi direcci\u00f3n de correo electr\u00f3nico en forma visible, mi buz\u00f3n se llenar\u00eda de basura. Si quieren ponerse en contacto conmigo, pueden hacerlo en esta direcci\u00f3n, que pienso est\u00e1 suficientemente dif\u00edcil para los robots.<\/p>\n\n\n\n<p><\/p>\n\n\n<div class=\"wp-block-image\">\n<figure class=\"aligncenter size-large is-resized\"><img loading=\"lazy\" decoding=\"async\" width=\"703\" height=\"499\" src=\"http:\/\/felix.ares.fm\/wp-content\/uploads\/2016\/02\/tapas.ares_.fm_.2.jpg\" alt=\"\" class=\"wp-image-7476\" style=\"width:256px;height:182px\" srcset=\"https:\/\/felix.ares.fm\/wp-content\/uploads\/2016\/02\/tapas.ares_.fm_.2.jpg 703w, https:\/\/felix.ares.fm\/wp-content\/uploads\/2016\/02\/tapas.ares_.fm_.2-300x213.jpg 300w\" sizes=\"auto, (max-width: 703px) 100vw, 703px\" \/><\/figure>\n<\/div>\n\n\n<p><\/p>\n","protected":false},"excerpt":{"rendered":"<p>5 de abril de 2024 Desde mi terraza puedo ver la salida y la puesta de sol. Cada d\u00eda es diferente. Cada d\u00eda es una maravilla. No solo es ver c\u00f3mo la luz va triunfando sobre la oscuridad, despu\u00e9s viene la lucha de colores, los naranjas, contra los amarillos. Los amarillos se convierten en verdes &hellip; <a href=\"https:\/\/felix.ares.fm\/?p=14983\" class=\"more-link\">Seguir leyendo <span class=\"screen-reader-text\">Amanecer y atardecer. Fuengirola.<\/span> <span class=\"meta-nav\">&rarr;<\/span><\/a><\/p>\n","protected":false},"author":1,"featured_media":0,"comment_status":"closed","ping_status":"open","sticky":false,"template":"","format":"standard","meta":{"footnotes":""},"categories":[797],"tags":[1559],"class_list":["post-14983","post","type-post","status-publish","format-standard","hentry","category-fuengirola","tag-amanecer-y-anochecer"],"_links":{"self":[{"href":"https:\/\/felix.ares.fm\/index.php?rest_route=\/wp\/v2\/posts\/14983","targetHints":{"allow":["GET"]}}],"collection":[{"href":"https:\/\/felix.ares.fm\/index.php?rest_route=\/wp\/v2\/posts"}],"about":[{"href":"https:\/\/felix.ares.fm\/index.php?rest_route=\/wp\/v2\/types\/post"}],"author":[{"embeddable":true,"href":"https:\/\/felix.ares.fm\/index.php?rest_route=\/wp\/v2\/users\/1"}],"replies":[{"embeddable":true,"href":"https:\/\/felix.ares.fm\/index.php?rest_route=%2Fwp%2Fv2%2Fcomments&post=14983"}],"version-history":[{"count":1,"href":"https:\/\/felix.ares.fm\/index.php?rest_route=\/wp\/v2\/posts\/14983\/revisions"}],"predecessor-version":[{"id":14990,"href":"https:\/\/felix.ares.fm\/index.php?rest_route=\/wp\/v2\/posts\/14983\/revisions\/14990"}],"wp:attachment":[{"href":"https:\/\/felix.ares.fm\/index.php?rest_route=%2Fwp%2Fv2%2Fmedia&parent=14983"}],"wp:term":[{"taxonomy":"category","embeddable":true,"href":"https:\/\/felix.ares.fm\/index.php?rest_route=%2Fwp%2Fv2%2Fcategories&post=14983"},{"taxonomy":"post_tag","embeddable":true,"href":"https:\/\/felix.ares.fm\/index.php?rest_route=%2Fwp%2Fv2%2Ftags&post=14983"}],"curies":[{"name":"wp","href":"https:\/\/api.w.org\/{rel}","templated":true}]}}