{"id":14873,"date":"2024-03-18T00:58:00","date_gmt":"2024-03-17T22:58:00","guid":{"rendered":"https:\/\/felix.ares.fm\/?p=14873"},"modified":"2024-03-20T06:23:42","modified_gmt":"2024-03-20T04:23:42","slug":"excursion-del-13-al-15-de-febrero-para-celebrar-san-valentin-10-visita-a-motril-granada","status":"publish","type":"post","link":"https:\/\/felix.ares.fm\/?p=14873","title":{"rendered":"Excursi\u00f3n del 13 al 15 de febrero para celebrar San Valent\u00edn. (10): Visita a Motril, Granada."},"content":{"rendered":"\n<p><strong>17 de marzo de 2024<\/strong><\/p>\n\n\n\n<p><strong>El d\u00eda 13 de febrero salimos de Fuengirola hacia Salobre\u00f1a (Granada) donde celebrar\u00edamos San Valent\u00edn. Volver\u00edamos a Fuengirola el d\u00eda 15. La excursi\u00f3n fue muy bien organizada por Viajes Alcaraz.<\/strong><\/p>\n\n\n\n<p><strong>Hoy es el d\u00eda 15<\/strong>, el siguiente a San Valent\u00edn. Tras visitar la f\u00e1brica de ron Montero, fuimos a Motril, donde ten\u00edamos tiempo libre.<\/p>\n\n\n\n<p> Est\u00e1bamos bastante cansados y sin ganas de subir muchas cuestas, as\u00ed que casi no limitamos a un peque\u00f1o paseo por Motril &#8212;donde, dicho sea de paso&#8212; vive una t\u00eda m\u00eda, a la que no me dio tiempo de ver. <\/p>\n\n\n\n<p>Entrando en Motril, desde el bus, vimos las instalaciones de un puerto, el de Motril, que fue muy importante en su momento.<\/p>\n\n\n\n<figure class=\"wp-block-image size-full\"><img loading=\"lazy\" decoding=\"async\" width=\"640\" height=\"289\" src=\"https:\/\/felix.ares.fm\/wp-content\/uploads\/2024\/03\/IMG20240215114526_puerto_motril-min.jpg\" alt=\"\" class=\"wp-image-14874\" srcset=\"https:\/\/felix.ares.fm\/wp-content\/uploads\/2024\/03\/IMG20240215114526_puerto_motril-min.jpg 640w, https:\/\/felix.ares.fm\/wp-content\/uploads\/2024\/03\/IMG20240215114526_puerto_motril-min-300x135.jpg 300w\" sizes=\"auto, (max-width: 640px) 100vw, 640px\" \/><figcaption class=\"wp-element-caption\">Puerto de Motril.<\/figcaption><\/figure>\n\n\n\n<p>Tambi\u00e9n, desde el bus, al acercarnos a Motril, vimos una alta chimenea. Sospech\u00e9 que ten\u00eda algo que ver con la ca\u00f1a de az\u00facar o con el az\u00facar. Por suerte, llevaba el m\u00f3vil y pregunt\u00e9 a <em>Copilot<\/em> de Microsoft. Era la chimenea de la alcoholera de Motril.<\/p>\n\n\n<div class=\"wp-block-image\">\n<figure class=\"aligncenter size-full\"><img loading=\"lazy\" decoding=\"async\" width=\"217\" height=\"480\" src=\"https:\/\/felix.ares.fm\/wp-content\/uploads\/2024\/03\/IMG20240215115113_alcoholera_de_motril-min.jpg\" alt=\"\" class=\"wp-image-14875\" srcset=\"https:\/\/felix.ares.fm\/wp-content\/uploads\/2024\/03\/IMG20240215115113_alcoholera_de_motril-min.jpg 217w, https:\/\/felix.ares.fm\/wp-content\/uploads\/2024\/03\/IMG20240215115113_alcoholera_de_motril-min-136x300.jpg 136w\" sizes=\"auto, (max-width: 217px) 100vw, 217px\" \/><figcaption class=\"wp-element-caption\">Chimenea de la alcoholera de Motril.<\/figcaption><\/figure>\n<\/div>\n\n\n<p>Un poco antes de que el bus aparcase, pasamos por un edificio que se ve\u00eda imponente. Se trataba el Santuario de Santa Mar\u00eda de la Cabeza.<\/p>\n\n\n<div class=\"wp-block-image\">\n<figure class=\"aligncenter size-full\"><img loading=\"lazy\" decoding=\"async\" width=\"217\" height=\"480\" src=\"https:\/\/felix.ares.fm\/wp-content\/uploads\/2024\/03\/IMG20240215115127_santuario_Virgen_de_la_cabeza-min.jpg\" alt=\"\" class=\"wp-image-14877\" srcset=\"https:\/\/felix.ares.fm\/wp-content\/uploads\/2024\/03\/IMG20240215115127_santuario_Virgen_de_la_cabeza-min.jpg 217w, https:\/\/felix.ares.fm\/wp-content\/uploads\/2024\/03\/IMG20240215115127_santuario_Virgen_de_la_cabeza-min-136x300.jpg 136w\" sizes=\"auto, (max-width: 217px) 100vw, 217px\" \/><figcaption class=\"wp-element-caption\">Santuario Santa Mar\u00eda de la Cabeza.<\/figcaption><\/figure>\n<\/div>\n\n\n<h3 class=\"wp-block-heading\">Santuario Santa Mar\u00eda de la Cabeza<\/h3>\n\n\n\n<p>El bus par\u00f3 en la Calle (Boulevard) Alonso Terr\u00f3n. Al lado del Santuario. Tras bajar, di unos pasos hacia la cuesta que sube hacia hac\u00eda el santuario. No sub\u00ed hasta \u00e9l, pero saqu\u00e9 una foto:<\/p>\n\n\n<div class=\"wp-block-image\">\n<figure class=\"aligncenter size-full\"><img loading=\"lazy\" decoding=\"async\" width=\"217\" height=\"480\" src=\"https:\/\/felix.ares.fm\/wp-content\/uploads\/2024\/03\/IMG20240215115214_Santuario_virgen_de_la_cabeza-min.jpg\" alt=\"\" class=\"wp-image-14878\" srcset=\"https:\/\/felix.ares.fm\/wp-content\/uploads\/2024\/03\/IMG20240215115214_Santuario_virgen_de_la_cabeza-min.jpg 217w, https:\/\/felix.ares.fm\/wp-content\/uploads\/2024\/03\/IMG20240215115214_Santuario_virgen_de_la_cabeza-min-136x300.jpg 136w\" sizes=\"auto, (max-width: 217px) 100vw, 217px\" \/><figcaption class=\"wp-element-caption\">Santuario de Santa Mar\u00eda de la Cabeza.<\/figcaption><\/figure>\n<\/div>\n\n<div class=\"wp-block-image\">\n<figure class=\"aligncenter size-full\"><img loading=\"lazy\" decoding=\"async\" width=\"217\" height=\"306\" src=\"https:\/\/felix.ares.fm\/wp-content\/uploads\/2024\/03\/IMG20240215115831_Santuario_virgen_de_la_cabezaRE-min.jpg\" alt=\"\" class=\"wp-image-14879\" srcset=\"https:\/\/felix.ares.fm\/wp-content\/uploads\/2024\/03\/IMG20240215115831_Santuario_virgen_de_la_cabezaRE-min.jpg 217w, https:\/\/felix.ares.fm\/wp-content\/uploads\/2024\/03\/IMG20240215115831_Santuario_virgen_de_la_cabezaRE-min-213x300.jpg 213w\" sizes=\"auto, (max-width: 217px) 100vw, 217px\" \/><figcaption class=\"wp-element-caption\">Santuario Santa Mar\u00eda de la Cabeza<\/figcaption><\/figure>\n<\/div>\n\n\n<h3 class=\"wp-block-heading\">Titica gastrodrink<\/h3>\n\n\n\n<p>Como est\u00e1bamos cansados y no ten\u00edamos ganas de ir corriendo a ver cosas, decidimos sentarnos en una terraza y tomar algo. La terraza que vimos que nos gust\u00f3 fue la de Titika.<\/p>\n\n\n\n<figure class=\"wp-block-image size-full\"><img loading=\"lazy\" decoding=\"async\" width=\"640\" height=\"289\" src=\"https:\/\/felix.ares.fm\/wp-content\/uploads\/2024\/03\/IMG20240215120812_Bar_Titica-min.jpg\" alt=\"\" class=\"wp-image-14881\" srcset=\"https:\/\/felix.ares.fm\/wp-content\/uploads\/2024\/03\/IMG20240215120812_Bar_Titica-min.jpg 640w, https:\/\/felix.ares.fm\/wp-content\/uploads\/2024\/03\/IMG20240215120812_Bar_Titica-min-300x135.jpg 300w\" sizes=\"auto, (max-width: 640px) 100vw, 640px\" \/><figcaption class=\"wp-element-caption\">Bar Titika [1]<\/figcaption><\/figure>\n\n\n\n<figure class=\"wp-block-image size-full\"><img loading=\"lazy\" decoding=\"async\" width=\"639\" height=\"480\" src=\"https:\/\/felix.ares.fm\/wp-content\/uploads\/2024\/03\/IMG20240215120818_bar_titika-min.jpg\" alt=\"\" class=\"wp-image-14882\" srcset=\"https:\/\/felix.ares.fm\/wp-content\/uploads\/2024\/03\/IMG20240215120818_bar_titika-min.jpg 639w, https:\/\/felix.ares.fm\/wp-content\/uploads\/2024\/03\/IMG20240215120818_bar_titika-min-300x225.jpg 300w\" sizes=\"auto, (max-width: 639px) 100vw, 639px\" \/><figcaption class=\"wp-element-caption\">Gastrobar Titika.<\/figcaption><\/figure>\n\n\n\n<figure class=\"wp-block-image size-full\"><img loading=\"lazy\" decoding=\"async\" width=\"639\" height=\"480\" src=\"https:\/\/felix.ares.fm\/wp-content\/uploads\/2024\/03\/IMG20240215120846_terraza_bar_titika-min.jpg\" alt=\"\" class=\"wp-image-14883\" srcset=\"https:\/\/felix.ares.fm\/wp-content\/uploads\/2024\/03\/IMG20240215120846_terraza_bar_titika-min.jpg 639w, https:\/\/felix.ares.fm\/wp-content\/uploads\/2024\/03\/IMG20240215120846_terraza_bar_titika-min-300x225.jpg 300w\" sizes=\"auto, (max-width: 639px) 100vw, 639px\" \/><figcaption class=\"wp-element-caption\">Terraza de Titika.<\/figcaption><\/figure>\n\n\n\n<p>Observen que al fondo de Titika est\u00e1 el santuario de Santa Mar\u00eda de la Cabeza.<\/p>\n\n\n<div class=\"wp-block-image\">\n<figure class=\"aligncenter size-full\"><img loading=\"lazy\" decoding=\"async\" width=\"360\" height=\"480\" src=\"https:\/\/felix.ares.fm\/wp-content\/uploads\/2024\/03\/IMG20240215120849-min.jpg\" alt=\"\" class=\"wp-image-14884\" srcset=\"https:\/\/felix.ares.fm\/wp-content\/uploads\/2024\/03\/IMG20240215120849-min.jpg 360w, https:\/\/felix.ares.fm\/wp-content\/uploads\/2024\/03\/IMG20240215120849-min-225x300.jpg 225w\" sizes=\"auto, (max-width: 360px) 100vw, 360px\" \/><figcaption class=\"wp-element-caption\">Desde la terraza de Titika se ve muy bien el Santuario de Santa Mar\u00eda de la Cabeza.<\/figcaption><\/figure>\n<\/div>\n\n\n<p>Pedimos un par de vinos blancos.<\/p>\n\n\n<div class=\"wp-block-image\">\n<figure class=\"aligncenter size-full\"><img loading=\"lazy\" decoding=\"async\" width=\"360\" height=\"480\" src=\"https:\/\/felix.ares.fm\/wp-content\/uploads\/2024\/03\/IMG20240215121018_bar_titica-min.jpg\" alt=\"\" class=\"wp-image-14885\" srcset=\"https:\/\/felix.ares.fm\/wp-content\/uploads\/2024\/03\/IMG20240215121018_bar_titica-min.jpg 360w, https:\/\/felix.ares.fm\/wp-content\/uploads\/2024\/03\/IMG20240215121018_bar_titica-min-225x300.jpg 225w\" sizes=\"auto, (max-width: 360px) 100vw, 360px\" \/><figcaption class=\"wp-element-caption\">Vino blanco. Fue un verdejo de Rueda.<\/figcaption><\/figure>\n<\/div>\n\n\n<p>Nos pusieron aceitunas y gambas.<\/p>\n\n\n\n<figure class=\"wp-block-gallery has-nested-images columns-default is-cropped wp-block-gallery-1 is-layout-flex wp-block-gallery-is-layout-flex\">\n<figure class=\"wp-block-image size-large\"><img loading=\"lazy\" decoding=\"async\" width=\"360\" height=\"480\" data-id=\"14886\" src=\"https:\/\/felix.ares.fm\/wp-content\/uploads\/2024\/03\/IMG20240215121023-min.jpg\" alt=\"\" class=\"wp-image-14886\" srcset=\"https:\/\/felix.ares.fm\/wp-content\/uploads\/2024\/03\/IMG20240215121023-min.jpg 360w, https:\/\/felix.ares.fm\/wp-content\/uploads\/2024\/03\/IMG20240215121023-min-225x300.jpg 225w\" sizes=\"auto, (max-width: 360px) 100vw, 360px\" \/><figcaption class=\"wp-element-caption\">Aceitunas<\/figcaption><\/figure>\n\n\n\n<figure class=\"wp-block-image size-large\"><img loading=\"lazy\" decoding=\"async\" width=\"360\" height=\"480\" data-id=\"14887\" src=\"https:\/\/felix.ares.fm\/wp-content\/uploads\/2024\/03\/IMG20240215121043-min.jpg\" alt=\"\" class=\"wp-image-14887\" srcset=\"https:\/\/felix.ares.fm\/wp-content\/uploads\/2024\/03\/IMG20240215121043-min.jpg 360w, https:\/\/felix.ares.fm\/wp-content\/uploads\/2024\/03\/IMG20240215121043-min-225x300.jpg 225w\" sizes=\"auto, (max-width: 360px) 100vw, 360px\" \/><figcaption class=\"wp-element-caption\">Gambas como tapita.<\/figcaption><\/figure>\n<\/figure>\n\n\n\n<p>El interior de Titika est\u00e1 muy bien. <\/p>\n\n\n\n<figure class=\"wp-block-image size-full\"><img loading=\"lazy\" decoding=\"async\" width=\"640\" height=\"480\" src=\"https:\/\/felix.ares.fm\/wp-content\/uploads\/2024\/03\/0IMG_5650_bar_titika_motril-min.jpg\" alt=\"\" class=\"wp-image-14888\" srcset=\"https:\/\/felix.ares.fm\/wp-content\/uploads\/2024\/03\/0IMG_5650_bar_titika_motril-min.jpg 640w, https:\/\/felix.ares.fm\/wp-content\/uploads\/2024\/03\/0IMG_5650_bar_titika_motril-min-300x225.jpg 300w\" sizes=\"auto, (max-width: 640px) 100vw, 640px\" \/><figcaption class=\"wp-element-caption\">Interior de Titika.<\/figcaption><\/figure>\n\n\n\n<figure class=\"wp-block-image size-full\"><img loading=\"lazy\" decoding=\"async\" width=\"640\" height=\"480\" src=\"https:\/\/felix.ares.fm\/wp-content\/uploads\/2024\/03\/0IMG_5651_bar_titika_motril-min.jpg\" alt=\"\" class=\"wp-image-14889\" srcset=\"https:\/\/felix.ares.fm\/wp-content\/uploads\/2024\/03\/0IMG_5651_bar_titika_motril-min.jpg 640w, https:\/\/felix.ares.fm\/wp-content\/uploads\/2024\/03\/0IMG_5651_bar_titika_motril-min-300x225.jpg 300w\" sizes=\"auto, (max-width: 640px) 100vw, 640px\" \/><figcaption class=\"wp-element-caption\">Las mesas del interior de Titika.<\/figcaption><\/figure>\n\n\n\n<figure class=\"wp-block-image size-full\"><img loading=\"lazy\" decoding=\"async\" width=\"640\" height=\"480\" src=\"https:\/\/felix.ares.fm\/wp-content\/uploads\/2024\/03\/0IMG_5652_bar_titika_motril-min.jpg\" alt=\"\" class=\"wp-image-14890\" srcset=\"https:\/\/felix.ares.fm\/wp-content\/uploads\/2024\/03\/0IMG_5652_bar_titika_motril-min.jpg 640w, https:\/\/felix.ares.fm\/wp-content\/uploads\/2024\/03\/0IMG_5652_bar_titika_motril-min-300x225.jpg 300w\" sizes=\"auto, (max-width: 640px) 100vw, 640px\" \/><figcaption class=\"wp-element-caption\">Detalle decoraci\u00f3n de Titika.<\/figcaption><\/figure>\n\n\n\n<p>En cuanto al precio, lo mejor es mostrarles la factura.<\/p>\n\n\n<div class=\"wp-block-image\">\n<figure class=\"aligncenter size-full\"><img loading=\"lazy\" decoding=\"async\" width=\"217\" height=\"480\" src=\"https:\/\/felix.ares.fm\/wp-content\/uploads\/2024\/03\/IMG20240215125019_factura_titika-min.jpg\" alt=\"\" class=\"wp-image-14891\" srcset=\"https:\/\/felix.ares.fm\/wp-content\/uploads\/2024\/03\/IMG20240215125019_factura_titika-min.jpg 217w, https:\/\/felix.ares.fm\/wp-content\/uploads\/2024\/03\/IMG20240215125019_factura_titika-min-136x300.jpg 136w\" sizes=\"auto, (max-width: 217px) 100vw, 217px\" \/><figcaption class=\"wp-element-caption\">Dos copas de vino blanco Verdejo de Rueda: 7\u20ac<\/figcaption><\/figure>\n<\/div>\n\n\n<h4 class=\"wp-block-heading\">Ubicaci\u00f3n<\/h4>\n\n\n\n<p>Calle de Alonso Terron, 3 &#8211; Motril<\/p>\n\n\n\n<h3 class=\"wp-block-heading\">Caf\u00e9 bar Mario<\/h3>\n\n\n\n<p>Titika nos pareci\u00f3 muy bien, pero lo de \u00abgastrodrink\u00bb nos hizo pensar en que era un sitio especial y quisimos ir a un bar m\u00e1s popular. A diez minutos andando encontramos el Bar Mario [2]<\/p>\n\n\n\n<figure class=\"wp-block-image size-full\"><img loading=\"lazy\" decoding=\"async\" width=\"639\" height=\"480\" src=\"https:\/\/felix.ares.fm\/wp-content\/uploads\/2024\/03\/IMG20240215130857-min.jpg\" alt=\"\" class=\"wp-image-14894\" srcset=\"https:\/\/felix.ares.fm\/wp-content\/uploads\/2024\/03\/IMG20240215130857-min.jpg 639w, https:\/\/felix.ares.fm\/wp-content\/uploads\/2024\/03\/IMG20240215130857-min-300x225.jpg 300w\" sizes=\"auto, (max-width: 639px) 100vw, 639px\" \/><figcaption class=\"wp-element-caption\">Cafeter\u00eda cervecer\u00eda Mario.<\/figcaption><\/figure>\n\n\n<div class=\"wp-block-image\">\n<figure class=\"aligncenter size-full\"><img loading=\"lazy\" decoding=\"async\" width=\"360\" height=\"480\" src=\"https:\/\/felix.ares.fm\/wp-content\/uploads\/2024\/03\/IMG20240215131308-min.jpg\" alt=\"\" class=\"wp-image-14895\" srcset=\"https:\/\/felix.ares.fm\/wp-content\/uploads\/2024\/03\/IMG20240215131308-min.jpg 360w, https:\/\/felix.ares.fm\/wp-content\/uploads\/2024\/03\/IMG20240215131308-min-225x300.jpg 225w\" sizes=\"auto, (max-width: 360px) 100vw, 360px\" \/><figcaption class=\"wp-element-caption\">Pedimos dos vinos blancos verdejo. Nos los sirvieron con una tapitas de patatas con pimientos, probablemente se trate de patatas a lo pobre [3.<\/figcaption><\/figure>\n<\/div>\n\n<div class=\"wp-block-image\">\n<figure class=\"aligncenter size-full\"><img loading=\"lazy\" decoding=\"async\" width=\"492\" height=\"480\" src=\"https:\/\/felix.ares.fm\/wp-content\/uploads\/2024\/03\/0IMG20240215131318_01RE-min.jpg\" alt=\"\" class=\"wp-image-14896\" srcset=\"https:\/\/felix.ares.fm\/wp-content\/uploads\/2024\/03\/0IMG20240215131318_01RE-min.jpg 492w, https:\/\/felix.ares.fm\/wp-content\/uploads\/2024\/03\/0IMG20240215131318_01RE-min-300x293.jpg 300w\" sizes=\"auto, (max-width: 492px) 100vw, 492px\" \/><figcaption class=\"wp-element-caption\">Detalle de la tapa de \u00bfpatatas a lo pobre?<\/figcaption><\/figure>\n<\/div>\n\n\n<h4 class=\"wp-block-heading\">Ubicaci\u00f3n<\/h4>\n\n\n\n<p>Avenida Salobre\u00f1a 27<\/p>\n\n\n\n<h3 class=\"wp-block-heading\">Vuelta al hotel Salobre\u00f1a Suite<\/h3>\n\n\n\n<p>Por el camino, al salir de Motril, vimos una fuente con el escudo de Motril en grande.<\/p>\n\n\n<div class=\"wp-block-image\">\n<figure class=\"aligncenter size-full\"><img loading=\"lazy\" decoding=\"async\" width=\"360\" height=\"480\" src=\"https:\/\/felix.ares.fm\/wp-content\/uploads\/2024\/03\/IMG20240215130531_fuente_escudo_motril-min.jpg\" alt=\"\" class=\"wp-image-14897\" srcset=\"https:\/\/felix.ares.fm\/wp-content\/uploads\/2024\/03\/IMG20240215130531_fuente_escudo_motril-min.jpg 360w, https:\/\/felix.ares.fm\/wp-content\/uploads\/2024\/03\/IMG20240215130531_fuente_escudo_motril-min-225x300.jpg 225w\" sizes=\"auto, (max-width: 360px) 100vw, 360px\" \/><figcaption class=\"wp-element-caption\">Fuente del escudo de motril.<\/figcaption><\/figure>\n<\/div>\n\n<div class=\"wp-block-image\">\n<figure class=\"aligncenter size-full\"><img loading=\"lazy\" decoding=\"async\" width=\"213\" height=\"480\" src=\"https:\/\/felix.ares.fm\/wp-content\/uploads\/2024\/03\/0IMG20240215133112_fuente_escudo_motril.jpg\" alt=\"\" class=\"wp-image-14898\" srcset=\"https:\/\/felix.ares.fm\/wp-content\/uploads\/2024\/03\/0IMG20240215133112_fuente_escudo_motril.jpg 213w, https:\/\/felix.ares.fm\/wp-content\/uploads\/2024\/03\/0IMG20240215133112_fuente_escudo_motril-133x300.jpg 133w\" sizes=\"auto, (max-width: 213px) 100vw, 213px\" \/><figcaption class=\"wp-element-caption\">Detalle del escudo<\/figcaption><\/figure>\n<\/div>\n\n\n<hr class=\"wp-block-separator has-alpha-channel-opacity\"\/>\n\n\n\n<h3 class=\"wp-block-heading\">Bibliograf\u00eda<\/h3>\n\n\n\n<p id=\"miguelmoreno\">[1] Bar Titika en Tripadvisor. <a href=\"https:\/\/www.tripadvisor.es\/Restaurant_Review-g608990-d14940260-Reviews-Titika_Gastrodrink-Motril_Province_of_Granada_Andalucia.html\" target=\"_blank\" rel=\"noreferrer noopener\">https:\/\/www.tripadvisor.es\/Restaurant_Review-g608990-d14940260-Reviews-Titika_Gastrodrink-Motril_Province_of_Granada_Andalucia.html<\/a><\/p>\n\n\n\n<p>[2] Caf\u00e9 Bar Mario. despistecafe.<a href=\"https:\/\/despistecafe.es\/cafeteria\/cafe-bar-mario\/\" target=\"_blank\" rel=\"noreferrer noopener\"> https:\/\/despistecafe.es\/cafeteria\/cafe-bar-mario\/<\/a><\/p>\n\n\n\n<p>[3] danzadefogones. Entrada: <em>patatas a lo pobre<\/em>.  <a href=\"https:\/\/danzadefogones.com\/patatas-a-lo-pobre\/\" target=\"_blank\" rel=\"noreferrer noopener\"> https:\/\/danzadefogones.com\/patatas-a-lo-pobre\/<\/a><\/p>\n\n\n\n<h3 class=\"wp-block-heading\"><strong>Nota sobre fotos<\/strong><\/h3>\n\n\n\n<p>Las fotos que se han utilizado, han sido realizadas por F\u00e9lix Ares y \u00c1lvaro Ares y las licenciamos como Creative Commons . Attribution 4.0. International CC by 4.0. Puede usarlas, pero deben dar cr\u00e9dito a los autores y que se han sacado de la p\u00e1gina https:\/\/felix.ares.fm<\/p>\n\n\n<div class=\"wp-block-image\">\n<figure class=\"aligncenter\"><a href=\"https:\/\/creativecommons.org\/licenses\/by\/4.0\/\"><img decoding=\"async\" src=\"https:\/\/i.creativecommons.org\/l\/by\/4.0\/88x31.png\" alt=\"Creative Commons License\"\/><\/a><\/figure>\n<\/div>\n\n\n<p class=\"has-text-align-center\">_ _ _<\/p>\n\n\n\n<p>NOTA: ya saben ustedes que el Spam est\u00e1 a la orden del d\u00eda. Si pusiera mi direcci\u00f3n de correo electr\u00f3nico en forma visible, mi buz\u00f3n se llenar\u00eda de basura. Si quieren ponerse en contacto conmigo, pueden hacerlo en esta direcci\u00f3n, que pienso est\u00e1 suficientemente dif\u00edcil para los robots.<\/p>\n\n\n\n<p> <\/p>\n\n\n<div class=\"wp-block-image\">\n<figure class=\"aligncenter size-large is-resized\"><img loading=\"lazy\" decoding=\"async\" width=\"703\" height=\"499\" src=\"http:\/\/felix.ares.fm\/wp-content\/uploads\/2016\/02\/tapas.ares_.fm_.2.jpg\" alt=\"\" class=\"wp-image-7476\" style=\"width:256px;height:182px\" srcset=\"https:\/\/felix.ares.fm\/wp-content\/uploads\/2016\/02\/tapas.ares_.fm_.2.jpg 703w, https:\/\/felix.ares.fm\/wp-content\/uploads\/2016\/02\/tapas.ares_.fm_.2-300x213.jpg 300w\" sizes=\"auto, (max-width: 703px) 100vw, 703px\" \/><\/figure>\n<\/div>\n\n\n<p><\/p>\n","protected":false},"excerpt":{"rendered":"<p>17 de marzo de 2024 El d\u00eda 13 de febrero salimos de Fuengirola hacia Salobre\u00f1a (Granada) donde celebrar\u00edamos San Valent\u00edn. Volver\u00edamos a Fuengirola el d\u00eda 15. La excursi\u00f3n fue muy bien organizada por Viajes Alcaraz. Hoy es el d\u00eda 15, el siguiente a San Valent\u00edn. Tras visitar la f\u00e1brica de ron Montero, fuimos a Motril, &hellip; <a href=\"https:\/\/felix.ares.fm\/?p=14873\" class=\"more-link\">Seguir leyendo <span class=\"screen-reader-text\">Excursi\u00f3n del 13 al 15 de febrero para celebrar San Valent\u00edn. (10): Visita a Motril, Granada.<\/span> <span class=\"meta-nav\">&rarr;<\/span><\/a><\/p>\n","protected":false},"author":1,"featured_media":0,"comment_status":"closed","ping_status":"open","sticky":false,"template":"","format":"standard","meta":{"footnotes":""},"categories":[257,422,328,1538,1505],"tags":[1545,1543,1544],"class_list":["post-14873","post","type-post","status-publish","format-standard","hentry","category-bar-2","category-granada","category-hotel","category-motril","category-salobrena","tag-cafeteria-bar-mario","tag-convento-santa-maria-de-la-cabeza","tag-titika-gastrobar"],"_links":{"self":[{"href":"https:\/\/felix.ares.fm\/index.php?rest_route=\/wp\/v2\/posts\/14873","targetHints":{"allow":["GET"]}}],"collection":[{"href":"https:\/\/felix.ares.fm\/index.php?rest_route=\/wp\/v2\/posts"}],"about":[{"href":"https:\/\/felix.ares.fm\/index.php?rest_route=\/wp\/v2\/types\/post"}],"author":[{"embeddable":true,"href":"https:\/\/felix.ares.fm\/index.php?rest_route=\/wp\/v2\/users\/1"}],"replies":[{"embeddable":true,"href":"https:\/\/felix.ares.fm\/index.php?rest_route=%2Fwp%2Fv2%2Fcomments&post=14873"}],"version-history":[{"count":6,"href":"https:\/\/felix.ares.fm\/index.php?rest_route=\/wp\/v2\/posts\/14873\/revisions"}],"predecessor-version":[{"id":14925,"href":"https:\/\/felix.ares.fm\/index.php?rest_route=\/wp\/v2\/posts\/14873\/revisions\/14925"}],"wp:attachment":[{"href":"https:\/\/felix.ares.fm\/index.php?rest_route=%2Fwp%2Fv2%2Fmedia&parent=14873"}],"wp:term":[{"taxonomy":"category","embeddable":true,"href":"https:\/\/felix.ares.fm\/index.php?rest_route=%2Fwp%2Fv2%2Fcategories&post=14873"},{"taxonomy":"post_tag","embeddable":true,"href":"https:\/\/felix.ares.fm\/index.php?rest_route=%2Fwp%2Fv2%2Ftags&post=14873"}],"curies":[{"name":"wp","href":"https:\/\/api.w.org\/{rel}","templated":true}]}}