{"id":1485,"date":"2012-07-09T09:31:14","date_gmt":"2012-07-09T07:31:14","guid":{"rendered":"http:\/\/felix.ares.fm\/?p=1485"},"modified":"2012-07-14T07:49:53","modified_gmt":"2012-07-14T05:49:53","slug":"coast-point-tapa-cana-130-e-menu-del-dia-8-e","status":"publish","type":"post","link":"https:\/\/felix.ares.fm\/?p=1485","title":{"rendered":"Coast Point. Tapa + ca\u00f1a 1,30 \u20ac. Men\u00fa del d\u00eda 8 \u20ac"},"content":{"rendered":"<p>25 de junio de 2012<\/p>\n<p>Hemos tenido un accidente y hemos perdido las fotos referentes a este bar restaurante, no obstante queremos hacer una rese\u00f1a de \u00e9l.<\/p>\n<figure id=\"attachment_1489\" aria-describedby=\"caption-attachment-1489\" style=\"width: 300px\" class=\"wp-caption aligncenter\"><a href=\"http:\/\/felix.ares.fm\/wp-content\/uploads\/2012\/07\/1_portada.jpg\"><img loading=\"lazy\" decoding=\"async\" class=\"size-medium wp-image-1489\" title=\"Letrero del bar restaurante Coast Point. Una de las pocas fotos que se han librado del accidente.\" src=\"http:\/\/felix.ares.fm\/wp-content\/uploads\/2012\/07\/1_portada-300x200.jpg\" alt=\"Letrero del bar restaurante Coast Point. Una de las pocas fotos que se han librado del accidente.\" width=\"300\" height=\"200\" srcset=\"https:\/\/felix.ares.fm\/wp-content\/uploads\/2012\/07\/1_portada-300x200.jpg 300w, https:\/\/felix.ares.fm\/wp-content\/uploads\/2012\/07\/1_portada.jpg 363w\" sizes=\"auto, (max-width: 300px) 100vw, 300px\" \/><\/a><figcaption id=\"caption-attachment-1489\" class=\"wp-caption-text\">Letrero del bar restaurante Coast Point. Una de las pocas fotos que se han librado del accidente.<\/figcaption><\/figure>\n<p>El reclamo es que la tapa + la ca\u00f1a cuesta 1,30 \u20ac. Lo probamos y la ca\u00f1a es de tama\u00f1o normal y la tapa tambi\u00e9n y muy buena.<\/p>\n<p>Ya que est\u00e1bamos all\u00ed y era tarde decidimos comer el men\u00fa del d\u00eda en la terraza que da a la playa de Torreblanca.<\/p>\n<figure id=\"attachment_1605\" aria-describedby=\"caption-attachment-1605\" style=\"width: 300px\" class=\"wp-caption aligncenter\"><a href=\"http:\/\/felix.ares.fm\/wp-content\/uploads\/2012\/07\/3.jpg\"><img loading=\"lazy\" decoding=\"async\" class=\"size-medium wp-image-1605\" title=\"\u00bfEs a esta torre blanca a la que debe el nombre la playa de Torreblanca? Observen que al lado est\u00e1 uno de los doce toros de Osborne que hay por Espa\u00f1a\" src=\"http:\/\/felix.ares.fm\/wp-content\/uploads\/2012\/07\/3-300x199.jpg\" alt=\"\u00bfEs a esta torre blanca a la que debe el nombre la playa de Torreblanca? Observen que al lado est\u00e1 uno de los doce toros de Osborne que hay por Espa\u00f1a\" width=\"300\" height=\"199\" srcset=\"https:\/\/felix.ares.fm\/wp-content\/uploads\/2012\/07\/3-300x199.jpg 300w, https:\/\/felix.ares.fm\/wp-content\/uploads\/2012\/07\/3.jpg 311w\" sizes=\"auto, (max-width: 300px) 100vw, 300px\" \/><\/a><figcaption id=\"caption-attachment-1605\" class=\"wp-caption-text\">\u00bfEs a esta torre blanca a la que debe el nombre la playa de Torreblanca? Observen que al lado est\u00e1 uno de los doce toros de Osborne que hay por Espa\u00f1a<\/figcaption><\/figure>\n<p>La carta del men\u00fa tiene muchas cosas para elegir. Nosotros escogimos de primero un coctail de marisco, una ensalada y pasta bolo\u00f1esa. Todo ello muy bien presentadas y muy bien cocinadas.<\/p>\n<figure id=\"attachment_1604\" aria-describedby=\"caption-attachment-1604\" style=\"width: 311px\" class=\"wp-caption aligncenter\"><a href=\"http:\/\/felix.ares.fm\/wp-content\/uploads\/2012\/07\/22.jpg\"><img loading=\"lazy\" decoding=\"async\" class=\"size-full wp-image-1604\" title=\"Men\u00fa del d\u00eda de &quot;Coast Point&quot;\" src=\"http:\/\/felix.ares.fm\/wp-content\/uploads\/2012\/07\/22-e1342244378286.jpg\" alt=\"Men\u00fa del d\u00eda de &quot;Coast Point&quot;\" width=\"311\" height=\"467\" srcset=\"https:\/\/felix.ares.fm\/wp-content\/uploads\/2012\/07\/22-e1342244378286.jpg 311w, https:\/\/felix.ares.fm\/wp-content\/uploads\/2012\/07\/22-e1342244378286-199x300.jpg 199w\" sizes=\"auto, (max-width: 311px) 100vw, 311px\" \/><\/a><figcaption id=\"caption-attachment-1604\" class=\"wp-caption-text\">Men\u00fa del d\u00eda de &quot;Coast Point&quot;<\/figcaption><\/figure>\n<figure id=\"attachment_1490\" aria-describedby=\"caption-attachment-1490\" style=\"width: 300px\" class=\"wp-caption aligncenter\"><a href=\"http:\/\/felix.ares.fm\/wp-content\/uploads\/2012\/07\/13_nuestra_mesa.jpg\"><img loading=\"lazy\" decoding=\"async\" class=\"size-medium wp-image-1490\" title=\"Detalle de nuestra mesa\" src=\"http:\/\/felix.ares.fm\/wp-content\/uploads\/2012\/07\/13_nuestra_mesa-300x200.jpg\" alt=\"Detalle de nuestra mesa\" width=\"300\" height=\"200\" srcset=\"https:\/\/felix.ares.fm\/wp-content\/uploads\/2012\/07\/13_nuestra_mesa-300x200.jpg 300w, https:\/\/felix.ares.fm\/wp-content\/uploads\/2012\/07\/13_nuestra_mesa.jpg 363w\" sizes=\"auto, (max-width: 300px) 100vw, 300px\" \/><\/a><figcaption id=\"caption-attachment-1490\" class=\"wp-caption-text\">Detalle de nuestra mesa<\/figcaption><\/figure>\n<p>La camarera, de origen escoc\u00e9s, era muy amable y hablaba muy bien espa\u00f1ol.<\/p>\n<p>En general quedamos satisfechos, aunque el mantel de pl\u00e1stico transparente encima de las mesas no es lo que m\u00e1s ilusi\u00f3n nos hace.<\/p>\n<p>Los segundos platos y el postre tambi\u00e9n eran muy sabrosos, bien guisados y bien servidos.<\/p>\n<p>Por t\u00e9rmino medio nos gust\u00f3 y repetiremos. El d\u00eda que lo hagamos, pondremos las fotos que hoy se nos han perdido.<\/p>\n<p>Adem\u00e1s de la oferta de ca\u00f1as y tapas y de men\u00fas del d\u00eda, tambi\u00e9n disponen de un buen surtido de desayunos ingleses, cocteles con y sin alcohol, pitufos, bocadillos&#8230; Muy bien surtido.<\/p>\n<figure id=\"attachment_1491\" aria-describedby=\"caption-attachment-1491\" style=\"width: 300px\" class=\"wp-caption aligncenter\"><a href=\"http:\/\/felix.ares.fm\/wp-content\/uploads\/2012\/07\/9_detalle_carta_pitufos.jpg\"><img loading=\"lazy\" decoding=\"async\" class=\"size-medium wp-image-1491\" title=\"Detalle carta de pitufos. Entre 2 y 3,5 \u20ac\" src=\"http:\/\/felix.ares.fm\/wp-content\/uploads\/2012\/07\/9_detalle_carta_pitufos-300x200.jpg\" alt=\"Detalle carta de pitufos. Entre 2 y 3,5 \u20ac\" width=\"300\" height=\"200\" srcset=\"https:\/\/felix.ares.fm\/wp-content\/uploads\/2012\/07\/9_detalle_carta_pitufos-300x200.jpg 300w, https:\/\/felix.ares.fm\/wp-content\/uploads\/2012\/07\/9_detalle_carta_pitufos.jpg 363w\" sizes=\"auto, (max-width: 300px) 100vw, 300px\" \/><\/a><figcaption id=\"caption-attachment-1491\" class=\"wp-caption-text\">Detalle carta de pitufos. Entre 2 y 3,5 \u20ac<\/figcaption><\/figure>\n<p><strong>Ubicaci\u00f3n<\/strong><br \/>\nPaseo Mar\u00edtimo Rey de Espa\u00f1a. Enfrente de la plata de Torreblanca. Edificio Eucalipto 107.<br \/>\nTel\u00e9fono: 952 47 14 27<\/p>\n<figure id=\"attachment_1607\" aria-describedby=\"caption-attachment-1607\" style=\"width: 300px\" class=\"wp-caption aligncenter\"><a href=\"http:\/\/felix.ares.fm\/wp-content\/uploads\/2012\/07\/IMG_1342.jpg\"><img loading=\"lazy\" decoding=\"async\" class=\"size-medium wp-image-1607\" title=\"La torre blanca\" src=\"http:\/\/felix.ares.fm\/wp-content\/uploads\/2012\/07\/IMG_1342-300x199.jpg\" alt=\"La torre blanca\" width=\"300\" height=\"199\" srcset=\"https:\/\/felix.ares.fm\/wp-content\/uploads\/2012\/07\/IMG_1342-300x199.jpg 300w, https:\/\/felix.ares.fm\/wp-content\/uploads\/2012\/07\/IMG_1342.jpg 311w\" sizes=\"auto, (max-width: 300px) 100vw, 300px\" \/><\/a><figcaption id=\"caption-attachment-1607\" class=\"wp-caption-text\">La torre blanca<\/figcaption><\/figure>\n<p>Muy cerca del bar-restaurante MyFair del que hablamos en el posta anterior.<\/p>\n<p>&nbsp;<\/p>\n","protected":false},"excerpt":{"rendered":"<p>25 de junio de 2012 Hemos tenido un accidente y hemos perdido las fotos referentes a este bar restaurante, no obstante queremos hacer una rese\u00f1a de \u00e9l. El reclamo es que la tapa + la ca\u00f1a cuesta 1,30 \u20ac. Lo probamos y la ca\u00f1a es de tama\u00f1o normal y la tapa tambi\u00e9n y muy buena. &hellip; <a href=\"https:\/\/felix.ares.fm\/?p=1485\" class=\"more-link\">Seguir leyendo <span class=\"screen-reader-text\">Coast Point. Tapa + ca\u00f1a 1,30 \u20ac. Men\u00fa del d\u00eda 8 \u20ac<\/span> <span class=\"meta-nav\">&rarr;<\/span><\/a><\/p>\n","protected":false},"author":1,"featured_media":0,"comment_status":"closed","ping_status":"open","sticky":false,"template":"","format":"standard","meta":{"footnotes":""},"categories":[1],"tags":[600,20,3,598],"class_list":["post-1485","post","type-post","status-publish","format-standard","hentry","category-bares-y-restaurantes-en-fuengirola","tag-menu-del-dia","tag-ofertas-de-tapas-cana","tag-restaurante","tag-tapas"],"_links":{"self":[{"href":"https:\/\/felix.ares.fm\/index.php?rest_route=\/wp\/v2\/posts\/1485","targetHints":{"allow":["GET"]}}],"collection":[{"href":"https:\/\/felix.ares.fm\/index.php?rest_route=\/wp\/v2\/posts"}],"about":[{"href":"https:\/\/felix.ares.fm\/index.php?rest_route=\/wp\/v2\/types\/post"}],"author":[{"embeddable":true,"href":"https:\/\/felix.ares.fm\/index.php?rest_route=\/wp\/v2\/users\/1"}],"replies":[{"embeddable":true,"href":"https:\/\/felix.ares.fm\/index.php?rest_route=%2Fwp%2Fv2%2Fcomments&post=1485"}],"version-history":[{"count":0,"href":"https:\/\/felix.ares.fm\/index.php?rest_route=\/wp\/v2\/posts\/1485\/revisions"}],"wp:attachment":[{"href":"https:\/\/felix.ares.fm\/index.php?rest_route=%2Fwp%2Fv2%2Fmedia&parent=1485"}],"wp:term":[{"taxonomy":"category","embeddable":true,"href":"https:\/\/felix.ares.fm\/index.php?rest_route=%2Fwp%2Fv2%2Fcategories&post=1485"},{"taxonomy":"post_tag","embeddable":true,"href":"https:\/\/felix.ares.fm\/index.php?rest_route=%2Fwp%2Fv2%2Ftags&post=1485"}],"curies":[{"name":"wp","href":"https:\/\/api.w.org\/{rel}","templated":true}]}}