{"id":14832,"date":"2024-03-12T19:12:00","date_gmt":"2024-03-12T17:12:00","guid":{"rendered":"https:\/\/felix.ares.fm\/?p=14832"},"modified":"2024-03-20T06:25:01","modified_gmt":"2024-03-20T04:25:01","slug":"excursion-del-13-al-15-de-febrero-para-celebrar-san-valentin-9-desayuno-en-hotel-salobrena-suites-granada","status":"publish","type":"post","link":"https:\/\/felix.ares.fm\/?p=14832","title":{"rendered":"Excursi\u00f3n del 13 al 15 de febrero para celebrar San Valent\u00edn. (6): Desayuno en hotel \u00abSalobre\u00f1a suites\u00bb (Granada)"},"content":{"rendered":"\n<p><strong>16 de marzo de 2024<\/strong><\/p>\n\n\n\n<p><strong>El d\u00eda 13 de febrero salimos de Fuengirola hacia Salobre\u00f1a (Granada) donde celebrar\u00edamos San Valent\u00edn. Volver\u00edamos a Fuengirola el d\u00eda 15. La excursi\u00f3n fue muy bien organizada por Viajes Alcaraz.<\/strong><\/p>\n\n\n\n<p><strong>Ya era d\u00eda 14 de febrero. D\u00eda de San Valent\u00edn<\/strong>. El plan del d\u00eda era ir a visitar Almu\u00f1\u00e9car, comer, tiempo libre y por la noche la cena de San Valent\u00edn.<\/p>\n\n\n\n<p><strong>Primero el desayuno<\/strong>. Se trataba de un buf\u00e9 libre, con muchas cosas. Voy poniendo algunas sin ning\u00fan orden preestablecido (incluso hay fotos de m\u00e1s de un d\u00eda), pero nos permiten hacernos una idea de en qu\u00e9 consiste el desayuno de ese hotel.<\/p>\n\n\n\n<figure class=\"wp-block-image size-full\"><img loading=\"lazy\" decoding=\"async\" width=\"639\" height=\"480\" src=\"https:\/\/felix.ares.fm\/wp-content\/uploads\/2024\/03\/IMG20240214084902-min.jpg\" alt=\"\" class=\"wp-image-14835\" srcset=\"https:\/\/felix.ares.fm\/wp-content\/uploads\/2024\/03\/IMG20240214084902-min.jpg 639w, https:\/\/felix.ares.fm\/wp-content\/uploads\/2024\/03\/IMG20240214084902-min-300x225.jpg 300w\" sizes=\"auto, (max-width: 639px) 100vw, 639px\" \/><figcaption class=\"wp-element-caption\">Huevos duros, champi\u00f1ones, pl\u00e1tano frito,&#8230;<\/figcaption><\/figure>\n\n\n\n<figure class=\"wp-block-image size-full\"><img loading=\"lazy\" decoding=\"async\" width=\"639\" height=\"480\" src=\"https:\/\/felix.ares.fm\/wp-content\/uploads\/2024\/03\/IMG20240214084905-min.jpg\" alt=\"\" class=\"wp-image-14836\" srcset=\"https:\/\/felix.ares.fm\/wp-content\/uploads\/2024\/03\/IMG20240214084905-min.jpg 639w, https:\/\/felix.ares.fm\/wp-content\/uploads\/2024\/03\/IMG20240214084905-min-300x225.jpg 300w\" sizes=\"auto, (max-width: 639px) 100vw, 639px\" \/><figcaption class=\"wp-element-caption\">El pl\u00e1tano frito en m\u00e1s detalle.<\/figcaption><\/figure>\n\n\n\n<figure class=\"wp-block-image size-full\"><img loading=\"lazy\" decoding=\"async\" width=\"639\" height=\"480\" src=\"https:\/\/felix.ares.fm\/wp-content\/uploads\/2024\/03\/IMG20240214084920-min.jpg\" alt=\"\" class=\"wp-image-14837\" srcset=\"https:\/\/felix.ares.fm\/wp-content\/uploads\/2024\/03\/IMG20240214084920-min.jpg 639w, https:\/\/felix.ares.fm\/wp-content\/uploads\/2024\/03\/IMG20240214084920-min-300x225.jpg 300w\" sizes=\"auto, (max-width: 639px) 100vw, 639px\" \/><figcaption class=\"wp-element-caption\">Tomate a la izquierda, en primer plano mortadela con aceitunas, y m\u00e1s atr\u00e1s jam\u00f3n de York y al fondo jam\u00f3n serrano.<\/figcaption><\/figure>\n\n\n\n<figure class=\"wp-block-image size-full\"><img loading=\"lazy\" decoding=\"async\" width=\"639\" height=\"480\" src=\"https:\/\/felix.ares.fm\/wp-content\/uploads\/2024\/03\/IMG20240214084929-min.jpg\" alt=\"\" class=\"wp-image-14838\" srcset=\"https:\/\/felix.ares.fm\/wp-content\/uploads\/2024\/03\/IMG20240214084929-min.jpg 639w, https:\/\/felix.ares.fm\/wp-content\/uploads\/2024\/03\/IMG20240214084929-min-300x225.jpg 300w\" sizes=\"auto, (max-width: 639px) 100vw, 639px\" \/><figcaption class=\"wp-element-caption\">Aceite, az\u00facar, sal&#8230;<\/figcaption><\/figure>\n\n\n\n<figure class=\"wp-block-image size-full\"><img loading=\"lazy\" decoding=\"async\" width=\"639\" height=\"480\" src=\"https:\/\/felix.ares.fm\/wp-content\/uploads\/2024\/03\/IMG20240214084937-min.jpg\" alt=\"\" class=\"wp-image-14839\" srcset=\"https:\/\/felix.ares.fm\/wp-content\/uploads\/2024\/03\/IMG20240214084937-min.jpg 639w, https:\/\/felix.ares.fm\/wp-content\/uploads\/2024\/03\/IMG20240214084937-min-300x225.jpg 300w\" sizes=\"auto, (max-width: 639px) 100vw, 639px\" \/><figcaption class=\"wp-element-caption\">Puchero de avena caliente.<\/figcaption><\/figure>\n\n\n\n<figure class=\"wp-block-image size-full\"><img loading=\"lazy\" decoding=\"async\" width=\"639\" height=\"480\" src=\"https:\/\/felix.ares.fm\/wp-content\/uploads\/2024\/03\/IMG20240214092158-min.jpg\" alt=\"\" class=\"wp-image-14840\" srcset=\"https:\/\/felix.ares.fm\/wp-content\/uploads\/2024\/03\/IMG20240214092158-min.jpg 639w, https:\/\/felix.ares.fm\/wp-content\/uploads\/2024\/03\/IMG20240214092158-min-300x225.jpg 300w\" sizes=\"auto, (max-width: 639px) 100vw, 639px\" \/><figcaption class=\"wp-element-caption\">Frutas.<\/figcaption><\/figure>\n\n\n\n<figure class=\"wp-block-image size-full\"><img loading=\"lazy\" decoding=\"async\" width=\"639\" height=\"480\" src=\"https:\/\/felix.ares.fm\/wp-content\/uploads\/2024\/03\/IMG20240214084946-min.jpg\" alt=\"\" class=\"wp-image-14841\" srcset=\"https:\/\/felix.ares.fm\/wp-content\/uploads\/2024\/03\/IMG20240214084946-min.jpg 639w, https:\/\/felix.ares.fm\/wp-content\/uploads\/2024\/03\/IMG20240214084946-min-300x225.jpg 300w\" sizes=\"auto, (max-width: 639px) 100vw, 639px\" \/><figcaption class=\"wp-element-caption\">Tortilla de patatas y champi\u00f1ones.<\/figcaption><\/figure>\n\n\n\n<figure class=\"wp-block-image size-full\"><img loading=\"lazy\" decoding=\"async\" width=\"639\" height=\"480\" src=\"https:\/\/felix.ares.fm\/wp-content\/uploads\/2024\/03\/IMG20240214084953-min.jpg\" alt=\"\" class=\"wp-image-14842\" srcset=\"https:\/\/felix.ares.fm\/wp-content\/uploads\/2024\/03\/IMG20240214084953-min.jpg 639w, https:\/\/felix.ares.fm\/wp-content\/uploads\/2024\/03\/IMG20240214084953-min-300x225.jpg 300w\" sizes=\"auto, (max-width: 639px) 100vw, 639px\" \/><figcaption class=\"wp-element-caption\">Yogures, al fondo leche.<\/figcaption><\/figure>\n\n\n<div class=\"wp-block-image\">\n<figure class=\"aligncenter size-full\"><img loading=\"lazy\" decoding=\"async\" width=\"639\" height=\"480\" src=\"https:\/\/felix.ares.fm\/wp-content\/uploads\/2024\/03\/IMG20240214085000-min.jpg\" alt=\"\" class=\"wp-image-14843\" srcset=\"https:\/\/felix.ares.fm\/wp-content\/uploads\/2024\/03\/IMG20240214085000-min.jpg 639w, https:\/\/felix.ares.fm\/wp-content\/uploads\/2024\/03\/IMG20240214085000-min-300x225.jpg 300w\" sizes=\"auto, (max-width: 639px) 100vw, 639px\" \/><figcaption class=\"wp-element-caption\">Galletas, infusiones y diversos dulces.<\/figcaption><\/figure>\n<\/div>\n\n\n<figure class=\"wp-block-image size-full\"><img loading=\"lazy\" decoding=\"async\" width=\"639\" height=\"480\" src=\"https:\/\/felix.ares.fm\/wp-content\/uploads\/2024\/03\/IMG20240214092100-min.jpg\" alt=\"\" class=\"wp-image-14844\" srcset=\"https:\/\/felix.ares.fm\/wp-content\/uploads\/2024\/03\/IMG20240214092100-min.jpg 639w, https:\/\/felix.ares.fm\/wp-content\/uploads\/2024\/03\/IMG20240214092100-min-300x225.jpg 300w\" sizes=\"auto, (max-width: 639px) 100vw, 639px\" \/><figcaption class=\"wp-element-caption\">M\u00e1quinas de zumos y caf\u00e9.<\/figcaption><\/figure>\n\n\n\n<figure class=\"wp-block-image size-full\"><img loading=\"lazy\" decoding=\"async\" width=\"639\" height=\"480\" src=\"https:\/\/felix.ares.fm\/wp-content\/uploads\/2024\/03\/IMG20240214092201-min.jpg\" alt=\"\" class=\"wp-image-14845\" srcset=\"https:\/\/felix.ares.fm\/wp-content\/uploads\/2024\/03\/IMG20240214092201-min.jpg 639w, https:\/\/felix.ares.fm\/wp-content\/uploads\/2024\/03\/IMG20240214092201-min-300x225.jpg 300w\" sizes=\"auto, (max-width: 639px) 100vw, 639px\" \/><figcaption class=\"wp-element-caption\">Panes.<\/figcaption><\/figure>\n\n\n\n<figure class=\"wp-block-image size-full\"><img loading=\"lazy\" decoding=\"async\" width=\"639\" height=\"480\" src=\"https:\/\/felix.ares.fm\/wp-content\/uploads\/2024\/03\/IMG20240214092203-min.jpg\" alt=\"\" class=\"wp-image-14846\" srcset=\"https:\/\/felix.ares.fm\/wp-content\/uploads\/2024\/03\/IMG20240214092203-min.jpg 639w, https:\/\/felix.ares.fm\/wp-content\/uploads\/2024\/03\/IMG20240214092203-min-300x225.jpg 300w\" sizes=\"auto, (max-width: 639px) 100vw, 639px\" \/><figcaption class=\"wp-element-caption\">Tostadoras de pan.<\/figcaption><\/figure>\n\n\n\n<figure class=\"wp-block-image size-large\"><img loading=\"lazy\" decoding=\"async\" width=\"1024\" height=\"462\" src=\"https:\/\/felix.ares.fm\/wp-content\/uploads\/2024\/03\/IMG20240215084744_huevos_fritos-min-1024x462.jpg\" alt=\"\" class=\"wp-image-14847\" srcset=\"https:\/\/felix.ares.fm\/wp-content\/uploads\/2024\/03\/IMG20240215084744_huevos_fritos-min-1024x462.jpg 1024w, https:\/\/felix.ares.fm\/wp-content\/uploads\/2024\/03\/IMG20240215084744_huevos_fritos-min-300x135.jpg 300w, https:\/\/felix.ares.fm\/wp-content\/uploads\/2024\/03\/IMG20240215084744_huevos_fritos-min-768x347.jpg 768w, https:\/\/felix.ares.fm\/wp-content\/uploads\/2024\/03\/IMG20240215084744_huevos_fritos-min-1536x693.jpg 1536w, https:\/\/felix.ares.fm\/wp-content\/uploads\/2024\/03\/IMG20240215084744_huevos_fritos-min-2048x924.jpg 2048w\" sizes=\"auto, (max-width: 1024px) 100vw, 1024px\" \/><figcaption class=\"wp-element-caption\">Huevos fritos.<\/figcaption><\/figure>\n\n\n\n<figure class=\"wp-block-gallery has-nested-images columns-default is-cropped wp-block-gallery-1 is-layout-flex wp-block-gallery-is-layout-flex\">\n<figure class=\"wp-block-image size-large\"><img loading=\"lazy\" decoding=\"async\" width=\"217\" height=\"480\" data-id=\"14849\" src=\"https:\/\/felix.ares.fm\/wp-content\/uploads\/2024\/03\/IMG20240215090909_copas_botella_champan-min.jpg\" alt=\"\" class=\"wp-image-14849\" srcset=\"https:\/\/felix.ares.fm\/wp-content\/uploads\/2024\/03\/IMG20240215090909_copas_botella_champan-min.jpg 217w, https:\/\/felix.ares.fm\/wp-content\/uploads\/2024\/03\/IMG20240215090909_copas_botella_champan-min-136x300.jpg 136w\" sizes=\"auto, (max-width: 217px) 100vw, 217px\" \/><figcaption class=\"wp-element-caption\">Copas para cava.<\/figcaption><\/figure>\n\n\n\n<figure class=\"wp-block-image size-large\"><img loading=\"lazy\" decoding=\"async\" width=\"217\" height=\"480\" data-id=\"14848\" src=\"https:\/\/felix.ares.fm\/wp-content\/uploads\/2024\/03\/IMG20240215090914_botella_cava_champan-min.jpg\" alt=\"\" class=\"wp-image-14848\" srcset=\"https:\/\/felix.ares.fm\/wp-content\/uploads\/2024\/03\/IMG20240215090914_botella_cava_champan-min.jpg 217w, https:\/\/felix.ares.fm\/wp-content\/uploads\/2024\/03\/IMG20240215090914_botella_cava_champan-min-136x300.jpg 136w\" sizes=\"auto, (max-width: 217px) 100vw, 217px\" \/><figcaption class=\"wp-element-caption\">El cava rosado era el mismo que el de la cena de San Valent\u00edn (Castell d\u00d3rdal).<\/figcaption><\/figure>\n<\/figure>\n\n\n\n<p>Tras desayunar como todav\u00eda nos quedaba un poco de tiempo antes de ir al autob\u00fas, dimos un peque\u00f1o paseo por el jard\u00edn y me acerqu\u00e9 a la torre de vigilancia que hay all\u00ed mismo.<\/p>\n\n\n<div class=\"wp-block-image\">\n<figure class=\"aligncenter size-full\"><img loading=\"lazy\" decoding=\"async\" width=\"301\" height=\"480\" src=\"https:\/\/felix.ares.fm\/wp-content\/uploads\/2024\/03\/IMG20240214092249_la_torre_del_cambronRE-min.jpg\" alt=\"\" class=\"wp-image-14850\" srcset=\"https:\/\/felix.ares.fm\/wp-content\/uploads\/2024\/03\/IMG20240214092249_la_torre_del_cambronRE-min.jpg 301w, https:\/\/felix.ares.fm\/wp-content\/uploads\/2024\/03\/IMG20240214092249_la_torre_del_cambronRE-min-188x300.jpg 188w\" sizes=\"auto, (max-width: 301px) 100vw, 301px\" \/><figcaption class=\"wp-element-caption\">Torre del Cambr\u00f3n.<\/figcaption><\/figure>\n<\/div>\n\n\n<p>No sean ustedes mal pensados, no se trata de la pronunciaci\u00f3n antigua de otra palabra. El cambr\u00f3n es un arbusto que se da en la pen\u00ednsula Ib\u00e9rica. En Wikipedia podemos leer:<\/p>\n\n\n\n<blockquote class=\"wp-block-quote is-layout-flow wp-block-quote-is-layout-flow\">\n<p>La&nbsp;<strong>Torre del Cambr\u00f3n<\/strong>&nbsp;es una atalaya costera cil\u00edndrica de&nbsp;<a href=\"https:\/\/es.wikipedia.org\/wiki\/Reino_nazar%C3%AD_de_Granada\">\u00e9poca nazar\u00ed<\/a>&nbsp;situada en el t\u00e9rmino municipal de&nbsp;<a href=\"https:\/\/es.wikipedia.org\/wiki\/Salobre%C3%B1a\">Salobre\u00f1a<\/a>,&nbsp;<a href=\"https:\/\/es.wikipedia.org\/wiki\/Provincia_de_Granada\">provincia de Granada<\/a>&nbsp;(<a href=\"https:\/\/es.wikipedia.org\/wiki\/Andaluc%C3%ADa\">Andaluc\u00eda<\/a>,&nbsp;<a href=\"https:\/\/es.wikipedia.org\/wiki\/Espa%C3%B1a\">Espa\u00f1a<\/a>). Se ubica en un cerro de la ladera oriental del barranco del Cambr\u00f3n. En la actualidad se encuentra en los jardines del hotel Salobre\u00f1a.<sup><a href=\"https:\/\/es.wikipedia.org\/wiki\/Torre_del_Cambr%C3%B3n#cite_note-visorsigpac-1\">1<\/a><\/sup>\u200b<sup><a href=\"https:\/\/es.wikipedia.org\/wiki\/Torre_del_Cambr%C3%B3n#cite_note-iaph-2\">2<\/a><\/sup>\u200b Desde ella se domina la costa de&nbsp;<a href=\"https:\/\/es.wikipedia.org\/wiki\/Almu%C3%B1%C3%A9car\">Almu\u00f1\u00e9car<\/a>&nbsp;por la zona de&nbsp;<a href=\"https:\/\/es.wikipedia.org\/wiki\/Velilla_(playa)\">Velilla<\/a>&nbsp;y toda la vega del&nbsp;<a href=\"https:\/\/es.wikipedia.org\/wiki\/Guadalfeo\">Guadalfeo<\/a>, hasta el Pe\u00f1\u00f3n de Jol\u00facar en&nbsp;<a href=\"https:\/\/es.wikipedia.org\/wiki\/Torrenueva_Costa\">Torrenueva<\/a>.<sup><a href=\"https:\/\/es.wikipedia.org\/wiki\/Torre_del_Cambr%C3%B3n#cite_note-poblam-3\">3<\/a><\/sup>\u200b<\/p>\n<cite>Wikipedia. entrada torre del cambron [2]<\/cite><\/blockquote>\n\n\n\n<p><\/p>\n\n\n\n<p><br \/><\/p>\n\n\n\n<hr class=\"wp-block-separator has-alpha-channel-opacity\"\/>\n\n\n\n<h3 class=\"wp-block-heading\">Bibliograf\u00eda<\/h3>\n\n\n\n<p id=\"miguelmoreno\">[1] Web oficial del hotel Salobre\u00f1a suites.<a href=\"https:\/\/www.hotelsalobrena.es\/\" target=\"_blank\" rel=\"noreferrer noopener\"> https:\/\/www.hotelsalobrena.es\/<\/a><\/p>\n\n\n\n<p>[2] Wikipedia. Entrada Torre del cambr\u00f3n. <a href=\"https:\/\/es.wikipedia.org\/wiki\/Torre_del_Cambr%C3%B3n\" target=\"_blank\" rel=\"noreferrer noopener\">https:\/\/es.wikipedia.org\/wiki\/Torre_del_Cambr%C3%B3n<\/a> [consultado 18 de marzo]<\/p>\n\n\n\n<h3 class=\"wp-block-heading\"><strong>Nota sobre fotos<\/strong><\/h3>\n\n\n\n<p>Las fotos que se han utilizado, han sido realizadas por F\u00e9lix Ares y \u00c1lvaro Ares y las licenciamos como Creative Commons . Attribution 4.0. International CC by 4.0. Puede usarlas, pero deben dar cr\u00e9dito a los autores y que se han sacado de la p\u00e1gina https:\/\/felix.ares.fm<\/p>\n\n\n<div class=\"wp-block-image\">\n<figure class=\"aligncenter\"><a href=\"https:\/\/creativecommons.org\/licenses\/by\/4.0\/\"><img decoding=\"async\" src=\"https:\/\/i.creativecommons.org\/l\/by\/4.0\/88x31.png\" alt=\"Creative Commons License\"\/><\/a><\/figure>\n<\/div>\n\n\n<p class=\"has-text-align-center\">_ _ _<\/p>\n\n\n\n<p>NOTA: ya saben ustedes que el Spam est\u00e1 a la orden del d\u00eda. Si pusiera mi direcci\u00f3n de correo electr\u00f3nico en forma visible, mi buz\u00f3n se llenar\u00eda de basura. Si quieren ponerse en contacto conmigo, pueden hacerlo en esta direcci\u00f3n, que pienso est\u00e1 suficientemente dif\u00edcil para los robots.<\/p>\n\n\n\n<p> <\/p>\n\n\n<div class=\"wp-block-image\">\n<figure class=\"aligncenter size-large is-resized\"><img loading=\"lazy\" decoding=\"async\" width=\"703\" height=\"499\" src=\"http:\/\/felix.ares.fm\/wp-content\/uploads\/2016\/02\/tapas.ares_.fm_.2.jpg\" alt=\"\" class=\"wp-image-7476\" style=\"width:256px;height:182px\" srcset=\"https:\/\/felix.ares.fm\/wp-content\/uploads\/2016\/02\/tapas.ares_.fm_.2.jpg 703w, https:\/\/felix.ares.fm\/wp-content\/uploads\/2016\/02\/tapas.ares_.fm_.2-300x213.jpg 300w\" sizes=\"auto, (max-width: 703px) 100vw, 703px\" \/><\/figure>\n<\/div>\n\n\n<p><\/p>\n","protected":false},"excerpt":{"rendered":"<p>16 de marzo de 2024 El d\u00eda 13 de febrero salimos de Fuengirola hacia Salobre\u00f1a (Granada) donde celebrar\u00edamos San Valent\u00edn. Volver\u00edamos a Fuengirola el d\u00eda 15. La excursi\u00f3n fue muy bien organizada por Viajes Alcaraz. Ya era d\u00eda 14 de febrero. D\u00eda de San Valent\u00edn. El plan del d\u00eda era ir a visitar Almu\u00f1\u00e9car, comer, &hellip; <a href=\"https:\/\/felix.ares.fm\/?p=14832\" class=\"more-link\">Seguir leyendo <span class=\"screen-reader-text\">Excursi\u00f3n del 13 al 15 de febrero para celebrar San Valent\u00edn. (6): Desayuno en hotel \u00abSalobre\u00f1a suites\u00bb (Granada)<\/span> <span class=\"meta-nav\">&rarr;<\/span><\/a><\/p>\n","protected":false},"author":1,"featured_media":0,"comment_status":"closed","ping_status":"open","sticky":false,"template":"","format":"standard","meta":{"footnotes":""},"categories":[422,328,1505],"tags":[1541,1506,1542],"class_list":["post-14832","post","type-post","status-publish","format-standard","hentry","category-granada","category-hotel","category-salobrena","tag-desayuno-bufe","tag-hotel-salobrena-suites","tag-torre-del-cambron"],"_links":{"self":[{"href":"https:\/\/felix.ares.fm\/index.php?rest_route=\/wp\/v2\/posts\/14832","targetHints":{"allow":["GET"]}}],"collection":[{"href":"https:\/\/felix.ares.fm\/index.php?rest_route=\/wp\/v2\/posts"}],"about":[{"href":"https:\/\/felix.ares.fm\/index.php?rest_route=\/wp\/v2\/types\/post"}],"author":[{"embeddable":true,"href":"https:\/\/felix.ares.fm\/index.php?rest_route=\/wp\/v2\/users\/1"}],"replies":[{"embeddable":true,"href":"https:\/\/felix.ares.fm\/index.php?rest_route=%2Fwp%2Fv2%2Fcomments&post=14832"}],"version-history":[{"count":8,"href":"https:\/\/felix.ares.fm\/index.php?rest_route=\/wp\/v2\/posts\/14832\/revisions"}],"predecessor-version":[{"id":14929,"href":"https:\/\/felix.ares.fm\/index.php?rest_route=\/wp\/v2\/posts\/14832\/revisions\/14929"}],"wp:attachment":[{"href":"https:\/\/felix.ares.fm\/index.php?rest_route=%2Fwp%2Fv2%2Fmedia&parent=14832"}],"wp:term":[{"taxonomy":"category","embeddable":true,"href":"https:\/\/felix.ares.fm\/index.php?rest_route=%2Fwp%2Fv2%2Fcategories&post=14832"},{"taxonomy":"post_tag","embeddable":true,"href":"https:\/\/felix.ares.fm\/index.php?rest_route=%2Fwp%2Fv2%2Ftags&post=14832"}],"curies":[{"name":"wp","href":"https:\/\/api.w.org\/{rel}","templated":true}]}}