{"id":1459,"date":"2012-07-08T09:36:01","date_gmt":"2012-07-08T07:36:01","guid":{"rendered":"http:\/\/felix.ares.fm\/?p=1459"},"modified":"2012-07-21T19:53:01","modified_gmt":"2012-07-21T17:53:01","slug":"myfair-restaurant-tapa-cana-1e","status":"publish","type":"post","link":"https:\/\/felix.ares.fm\/?p=1459","title":{"rendered":"MyFair Restaurant: tapa + ca\u00f1a 1\u20ac"},"content":{"rendered":"<p>D\u00eda 25 de junio de 2012<\/p>\n<p>Est\u00e1bamos paseando cerca de Torreblanca, cerca de donde se ve el toro negro de Domeq, cuando nos llam\u00f3 la atenci\u00f3n la terraza de un bar, de aspecto muy normal, mesas y sillas blancas, sin mantel, en cuya pizarra se dec\u00eda que \u00abtapa m\u00e1s ca\u00f1a\u00bb 1 \u20ac. Nos pareci\u00f3 barato y preguntamos por la oferta. Un camarero muy amable nos dijo que la oferta era v\u00e1lida pero que la ca\u00f1a era un poco m\u00e1s peque\u00f1a que la est\u00e1ndar y que la tapa tambi\u00e9n era m\u00e1s peque\u00f1a. Agradecimos su sinceridad y, a pesar de todo, decidimos probarlo.<\/p>\n<figure id=\"attachment_1460\" aria-describedby=\"caption-attachment-1460\" style=\"width: 300px\" class=\"wp-caption aligncenter\"><a href=\"http:\/\/felix.ares.fm\/wp-content\/uploads\/2012\/07\/1_Myfair_restaurant.jpg\"><img loading=\"lazy\" decoding=\"async\" class=\"size-medium wp-image-1460\" title=\"Entrada al restaurante Myfair\" src=\"http:\/\/felix.ares.fm\/wp-content\/uploads\/2012\/07\/1_Myfair_restaurant-300x199.jpg\" alt=\"Entrada al restaurante Myfair\" width=\"300\" height=\"199\" srcset=\"https:\/\/felix.ares.fm\/wp-content\/uploads\/2012\/07\/1_Myfair_restaurant-300x199.jpg 300w, https:\/\/felix.ares.fm\/wp-content\/uploads\/2012\/07\/1_Myfair_restaurant.jpg 311w\" sizes=\"auto, (max-width: 300px) 100vw, 300px\" \/><\/a><figcaption id=\"caption-attachment-1460\" class=\"wp-caption-text\">Entrada al restaurante Myfair<\/figcaption><\/figure>\n<figure id=\"attachment_1461\" aria-describedby=\"caption-attachment-1461\" style=\"width: 300px\" class=\"wp-caption aligncenter\"><a href=\"http:\/\/felix.ares.fm\/wp-content\/uploads\/2012\/07\/2_terraza.jpg\"><img loading=\"lazy\" decoding=\"async\" class=\"size-medium wp-image-1461\" title=\"Detalle de la terraza. Mesas y sillas de pl\u00e1stico blancas. Sin ninguna pretensi\u00f3n, pero muy limpias\" src=\"http:\/\/felix.ares.fm\/wp-content\/uploads\/2012\/07\/2_terraza-300x199.jpg\" alt=\"Detalle de la terraza. Mesas y sillas de pl\u00e1stico blancas. Sin ninguna pretensi\u00f3n, pero muy limpias\" width=\"300\" height=\"199\" srcset=\"https:\/\/felix.ares.fm\/wp-content\/uploads\/2012\/07\/2_terraza-300x199.jpg 300w, https:\/\/felix.ares.fm\/wp-content\/uploads\/2012\/07\/2_terraza.jpg 311w\" sizes=\"auto, (max-width: 300px) 100vw, 300px\" \/><\/a><figcaption id=\"caption-attachment-1461\" class=\"wp-caption-text\">Detalle de la terraza. Mesas y sillas de pl\u00e1stico blancas. Sin ninguna pretensi\u00f3n, pero muy limpias<\/figcaption><\/figure>\n<figure id=\"attachment_1462\" aria-describedby=\"caption-attachment-1462\" style=\"width: 300px\" class=\"wp-caption aligncenter\"><a href=\"http:\/\/felix.ares.fm\/wp-content\/uploads\/2012\/07\/3_detalle_mesa.jpg\"><img loading=\"lazy\" decoding=\"async\" class=\"size-medium wp-image-1462\" title=\"Detalle de las mesas\" src=\"http:\/\/felix.ares.fm\/wp-content\/uploads\/2012\/07\/3_detalle_mesa-300x199.jpg\" alt=\"Detalle de las mesas\" width=\"300\" height=\"199\" srcset=\"https:\/\/felix.ares.fm\/wp-content\/uploads\/2012\/07\/3_detalle_mesa-300x199.jpg 300w, https:\/\/felix.ares.fm\/wp-content\/uploads\/2012\/07\/3_detalle_mesa.jpg 311w\" sizes=\"auto, (max-width: 300px) 100vw, 300px\" \/><\/a><figcaption id=\"caption-attachment-1462\" class=\"wp-caption-text\">Detalle de las mesas<\/figcaption><\/figure>\n<figure id=\"attachment_1463\" aria-describedby=\"caption-attachment-1463\" style=\"width: 199px\" class=\"wp-caption aligncenter\"><a href=\"http:\/\/felix.ares.fm\/wp-content\/uploads\/2012\/07\/4_oferta.jpg\"><img loading=\"lazy\" decoding=\"async\" class=\"size-medium wp-image-1463\" title=\"La Oferta en la pizarra: ca\u00f1a cerveza con tapa 1\u20ac\" src=\"http:\/\/felix.ares.fm\/wp-content\/uploads\/2012\/07\/4_oferta-e1341731862794-199x300.jpg\" alt=\"La Oferta en la pizarra: ca\u00f1a cerveza con tapa 1\u20ac\" width=\"199\" height=\"300\" srcset=\"https:\/\/felix.ares.fm\/wp-content\/uploads\/2012\/07\/4_oferta-e1341731862794-199x300.jpg 199w, https:\/\/felix.ares.fm\/wp-content\/uploads\/2012\/07\/4_oferta-e1341731862794.jpg 207w\" sizes=\"auto, (max-width: 199px) 100vw, 199px\" \/><\/a><figcaption id=\"caption-attachment-1463\" class=\"wp-caption-text\">La Oferta en la pizarra: ca\u00f1a cerveza con tapa 1\u20ac<\/figcaption><\/figure>\n<figure id=\"attachment_1464\" aria-describedby=\"caption-attachment-1464\" style=\"width: 199px\" class=\"wp-caption aligncenter\"><a href=\"http:\/\/felix.ares.fm\/wp-content\/uploads\/2012\/07\/5_pizarra_con_ofertas.jpg\"><img loading=\"lazy\" decoding=\"async\" class=\"size-medium wp-image-1464\" title=\"Otras tapas. Tortilla 1,5\u20ac; ensaladilla: 1,5\u20ac; pollo ajillo 1,5\u20ac,...\" src=\"http:\/\/felix.ares.fm\/wp-content\/uploads\/2012\/07\/5_pizarra_con_ofertas-e1341731936344-199x300.jpg\" alt=\"Otras tapas. Tortilla 1,5\u20ac; ensaladilla: 1,5\u20ac; pollo ajillo 1,5\u20ac,...\" width=\"199\" height=\"300\" srcset=\"https:\/\/felix.ares.fm\/wp-content\/uploads\/2012\/07\/5_pizarra_con_ofertas-e1341731936344-199x300.jpg 199w, https:\/\/felix.ares.fm\/wp-content\/uploads\/2012\/07\/5_pizarra_con_ofertas-e1341731936344.jpg 207w\" sizes=\"auto, (max-width: 199px) 100vw, 199px\" \/><\/a><figcaption id=\"caption-attachment-1464\" class=\"wp-caption-text\">Otras tapas. Tortilla 1,5\u20ac; ensaladilla: 1,5\u20ac; pollo ajillo 1,5\u20ac,...<\/figcaption><\/figure>\n<figure id=\"attachment_1465\" aria-describedby=\"caption-attachment-1465\" style=\"width: 300px\" class=\"wp-caption aligncenter\"><a href=\"http:\/\/felix.ares.fm\/wp-content\/uploads\/2012\/07\/6b.jpg\"><img loading=\"lazy\" decoding=\"async\" class=\"size-medium wp-image-1465\" title=\"M\u00e1s tapas: caracoles y pescaitos\" src=\"http:\/\/felix.ares.fm\/wp-content\/uploads\/2012\/07\/6b-300x199.jpg\" alt=\"M\u00e1s tapas: caracoles y pescaitos\" width=\"300\" height=\"199\" srcset=\"https:\/\/felix.ares.fm\/wp-content\/uploads\/2012\/07\/6b-300x199.jpg 300w, https:\/\/felix.ares.fm\/wp-content\/uploads\/2012\/07\/6b.jpg 311w\" sizes=\"auto, (max-width: 300px) 100vw, 300px\" \/><\/a><figcaption id=\"caption-attachment-1465\" class=\"wp-caption-text\">M\u00e1s tapas: caracoles y pesca\u00edtos<\/figcaption><\/figure>\n<figure id=\"attachment_1466\" aria-describedby=\"caption-attachment-1466\" style=\"width: 300px\" class=\"wp-caption aligncenter\"><a href=\"http:\/\/felix.ares.fm\/wp-content\/uploads\/2012\/07\/6c.jpg\"><img loading=\"lazy\" decoding=\"async\" class=\"size-medium wp-image-1466\" title=\"Fritura Malague\u00f1a 8,60\u20ac\" src=\"http:\/\/felix.ares.fm\/wp-content\/uploads\/2012\/07\/6c-300x199.jpg\" alt=\"Fritura Malague\u00f1a 8,60\u20ac\" width=\"300\" height=\"199\" srcset=\"https:\/\/felix.ares.fm\/wp-content\/uploads\/2012\/07\/6c-300x199.jpg 300w, https:\/\/felix.ares.fm\/wp-content\/uploads\/2012\/07\/6c.jpg 311w\" sizes=\"auto, (max-width: 300px) 100vw, 300px\" \/><\/a><figcaption id=\"caption-attachment-1466\" class=\"wp-caption-text\">Fritura Malague\u00f1a 8,80\u20ac<\/figcaption><\/figure>\n<figure id=\"attachment_1467\" aria-describedby=\"caption-attachment-1467\" style=\"width: 237px\" class=\"wp-caption aligncenter\"><a href=\"http:\/\/felix.ares.fm\/wp-content\/uploads\/2012\/07\/6d_recuadro.jpg\"><img loading=\"lazy\" decoding=\"async\" class=\"size-full wp-image-1467\" title=\"Otras tapas\" src=\"http:\/\/felix.ares.fm\/wp-content\/uploads\/2012\/07\/6d_recuadro.jpg\" alt=\"Otras tapas\" width=\"237\" height=\"106\" \/><\/a><figcaption id=\"caption-attachment-1467\" class=\"wp-caption-text\">Otras tapas<\/figcaption><\/figure>\n<figure id=\"attachment_1468\" aria-describedby=\"caption-attachment-1468\" style=\"width: 199px\" class=\"wp-caption aligncenter\"><a href=\"http:\/\/felix.ares.fm\/wp-content\/uploads\/2012\/07\/7_la_canna_de_la_oferta.jpg\"><img loading=\"lazy\" decoding=\"async\" class=\"size-medium wp-image-1468\" title=\"La ca\u00f1a de la oferta. Tal vez, como nos advirtieron, un poco peque\u00f1a\" src=\"http:\/\/felix.ares.fm\/wp-content\/uploads\/2012\/07\/7_la_canna_de_la_oferta-e1341732472607-199x300.jpg\" alt=\"La ca\u00f1a de la oferta. Tal vez, como nos advirtieron, un poco peque\u00f1a\" width=\"199\" height=\"300\" srcset=\"https:\/\/felix.ares.fm\/wp-content\/uploads\/2012\/07\/7_la_canna_de_la_oferta-e1341732472607-199x300.jpg 199w, https:\/\/felix.ares.fm\/wp-content\/uploads\/2012\/07\/7_la_canna_de_la_oferta-e1341732472607.jpg 207w\" sizes=\"auto, (max-width: 199px) 100vw, 199px\" \/><\/a><figcaption id=\"caption-attachment-1468\" class=\"wp-caption-text\">La ca\u00f1a de la oferta. Tal vez, como nos advirtieron, un poco peque\u00f1a<\/figcaption><\/figure>\n<p>La tapa que nos pusieron fu ensaladilla rusa que estaba muy rica.<\/p>\n<p><strong>Ubicaci\u00f3n<\/strong><\/p>\n<p>Paseo Mar\u00edtino Rey de Espa\u00f1a n\u00ba 110. En el edificio N\u00e1utico.<\/p>\n<p>En la llamada playa de Torreblanca<\/p>\n<figure id=\"attachment_1471\" aria-describedby=\"caption-attachment-1471\" style=\"width: 199px\" class=\"wp-caption aligncenter\"><a href=\"http:\/\/felix.ares.fm\/wp-content\/uploads\/2012\/07\/9_ubicacion.jpg\"><img loading=\"lazy\" decoding=\"async\" class=\"size-medium wp-image-1471\" title=\"En la Playa de Torreblanca\" src=\"http:\/\/felix.ares.fm\/wp-content\/uploads\/2012\/07\/9_ubicacion-e1341732751534-199x300.jpg\" alt=\"En la Playa de Torreblanca\" width=\"199\" height=\"300\" srcset=\"https:\/\/felix.ares.fm\/wp-content\/uploads\/2012\/07\/9_ubicacion-e1341732751534-199x300.jpg 199w, https:\/\/felix.ares.fm\/wp-content\/uploads\/2012\/07\/9_ubicacion-e1341732751534.jpg 207w\" sizes=\"auto, (max-width: 199px) 100vw, 199px\" \/><\/a><figcaption id=\"caption-attachment-1471\" class=\"wp-caption-text\">En la Playa de Torreblanca<\/figcaption><\/figure>\n<p>Enfrente de un chiringuito de playa que tiene este precioso cartel:<\/p>\n<figure id=\"attachment_1474\" aria-describedby=\"caption-attachment-1474\" style=\"width: 300px\" class=\"wp-caption aligncenter\"><a href=\"http:\/\/felix.ares.fm\/wp-content\/uploads\/2012\/07\/10_ubicacion.jpg\"><img loading=\"lazy\" decoding=\"async\" class=\"size-medium wp-image-1474\" title=\"Ubicaci\u00f3n. Enfrente de este precioso letrero\" src=\"http:\/\/felix.ares.fm\/wp-content\/uploads\/2012\/07\/10_ubicacion-300x199.jpg\" alt=\"Ubicaci\u00f3n. Enfrente de este precioso letrero\" width=\"300\" height=\"199\" srcset=\"https:\/\/felix.ares.fm\/wp-content\/uploads\/2012\/07\/10_ubicacion-300x199.jpg 300w, https:\/\/felix.ares.fm\/wp-content\/uploads\/2012\/07\/10_ubicacion.jpg 311w\" sizes=\"auto, (max-width: 300px) 100vw, 300px\" \/><\/a><figcaption id=\"caption-attachment-1474\" class=\"wp-caption-text\">Ubicaci\u00f3n. Enfrente de este precioso letrero<\/figcaption><\/figure>\n<figure id=\"attachment_1650\" aria-describedby=\"caption-attachment-1650\" style=\"width: 300px\" class=\"wp-caption aligncenter\"><a href=\"http:\/\/felix.ares.fm\/wp-content\/uploads\/2012\/07\/MayFair.jpg\"><img loading=\"lazy\" decoding=\"async\" class=\"size-medium wp-image-1650\" title=\"MayFair. Aspecto nocturno\" src=\"http:\/\/felix.ares.fm\/wp-content\/uploads\/2012\/07\/MayFair-300x199.jpg\" alt=\"MayFair. Aspecto nocturno\" width=\"300\" height=\"199\" srcset=\"https:\/\/felix.ares.fm\/wp-content\/uploads\/2012\/07\/MayFair-300x199.jpg 300w, https:\/\/felix.ares.fm\/wp-content\/uploads\/2012\/07\/MayFair.jpg 311w\" sizes=\"auto, (max-width: 300px) 100vw, 300px\" \/><\/a><figcaption id=\"caption-attachment-1650\" class=\"wp-caption-text\">MayFair. Aspecto nocturno<\/figcaption><\/figure>\n<p><strong>Nota sobre comentarios<\/strong>: Nos hemos visto obligados a cortar los comentarios porque recib\u00edamos miles de mensajes estereotipados &#8211;obviamente producidos por un robot&#8211; ofreci\u00e9ndonos mil tonter\u00edas que no ten\u00edan nada que ver con este blog. Si quieren contactar con nosotros pueden hacerlo a esta direcci\u00f3n, que se la damos como imagen para tratar de evitar que los robots nos fr\u00edan a tonter\u00edas:<\/p>\n<p><a href=\"http:\/\/felix.ares.fm\/wp-content\/uploads\/2012\/07\/emailTapas1.png\"><img loading=\"lazy\" decoding=\"async\" class=\"aligncenter size-medium wp-image-1711\" title=\"\" src=\"http:\/\/felix.ares.fm\/wp-content\/uploads\/2012\/07\/emailTapas1-300x138.png\" alt=\"\" width=\"300\" height=\"138\" srcset=\"https:\/\/felix.ares.fm\/wp-content\/uploads\/2012\/07\/emailTapas1-300x138.png 300w, https:\/\/felix.ares.fm\/wp-content\/uploads\/2012\/07\/emailTapas1.png 942w\" sizes=\"auto, (max-width: 300px) 100vw, 300px\" \/><\/a><\/p>\n<p>Las fotos las publicamos con licencia CC. Lo \u00fanico que pedimos es que se mencione que est\u00e1n tomadas de felix.ares.fm<\/p>\n<p>Si las quieren en m\u00e1s resoluci\u00f3n, no duden en ped\u00edrnoslas.<\/p>\n<p>&nbsp;<\/p>\n","protected":false},"excerpt":{"rendered":"<p>D\u00eda 25 de junio de 2012 Est\u00e1bamos paseando cerca de Torreblanca, cerca de donde se ve el toro negro de Domeq, cuando nos llam\u00f3 la atenci\u00f3n la terraza de un bar, de aspecto muy normal, mesas y sillas blancas, sin mantel, en cuya pizarra se dec\u00eda que \u00abtapa m\u00e1s ca\u00f1a\u00bb 1 \u20ac. Nos pareci\u00f3 barato &hellip; <a href=\"https:\/\/felix.ares.fm\/?p=1459\" class=\"more-link\">Seguir leyendo <span class=\"screen-reader-text\">MyFair Restaurant: tapa + ca\u00f1a 1\u20ac<\/span> <span class=\"meta-nav\">&rarr;<\/span><\/a><\/p>\n","protected":false},"author":1,"featured_media":0,"comment_status":"closed","ping_status":"open","sticky":false,"template":"","format":"standard","meta":{"footnotes":""},"categories":[1],"tags":[],"class_list":["post-1459","post","type-post","status-publish","format-standard","hentry","category-bares-y-restaurantes-en-fuengirola"],"_links":{"self":[{"href":"https:\/\/felix.ares.fm\/index.php?rest_route=\/wp\/v2\/posts\/1459","targetHints":{"allow":["GET"]}}],"collection":[{"href":"https:\/\/felix.ares.fm\/index.php?rest_route=\/wp\/v2\/posts"}],"about":[{"href":"https:\/\/felix.ares.fm\/index.php?rest_route=\/wp\/v2\/types\/post"}],"author":[{"embeddable":true,"href":"https:\/\/felix.ares.fm\/index.php?rest_route=\/wp\/v2\/users\/1"}],"replies":[{"embeddable":true,"href":"https:\/\/felix.ares.fm\/index.php?rest_route=%2Fwp%2Fv2%2Fcomments&post=1459"}],"version-history":[{"count":0,"href":"https:\/\/felix.ares.fm\/index.php?rest_route=\/wp\/v2\/posts\/1459\/revisions"}],"wp:attachment":[{"href":"https:\/\/felix.ares.fm\/index.php?rest_route=%2Fwp%2Fv2%2Fmedia&parent=1459"}],"wp:term":[{"taxonomy":"category","embeddable":true,"href":"https:\/\/felix.ares.fm\/index.php?rest_route=%2Fwp%2Fv2%2Fcategories&post=1459"},{"taxonomy":"post_tag","embeddable":true,"href":"https:\/\/felix.ares.fm\/index.php?rest_route=%2Fwp%2Fv2%2Ftags&post=1459"}],"curies":[{"name":"wp","href":"https:\/\/api.w.org\/{rel}","templated":true}]}}