{"id":14478,"date":"2024-03-05T06:44:23","date_gmt":"2024-03-05T04:44:23","guid":{"rendered":"https:\/\/felix.ares.fm\/?p=14478"},"modified":"2024-03-07T13:54:52","modified_gmt":"2024-03-07T11:54:52","slug":"excursion-del-13-al-15-de-febrero-para-celebrar-san-valentin-2-desayuno-en-hotel-al-andalus-nerja","status":"publish","type":"post","link":"https:\/\/felix.ares.fm\/?p=14478","title":{"rendered":"Fuego desde mi terraza (en Fuengirola o Mijas)"},"content":{"rendered":"\n<p><strong>7 de marzo de 2024<\/strong><\/p>\n\n\n\n<p>Me he asomado a mi terraza y he visto un fuego. Un humo negro y feo. Supongo que es en Mijas, pero no estoy seguro.<\/p>\n\n\n\n<p>Adjunto las fotos.<\/p>\n\n\n\n<figure class=\"wp-block-gallery has-nested-images columns-default is-cropped wp-block-gallery-1 is-layout-flex wp-block-gallery-is-layout-flex\">\n<figure class=\"wp-block-image size-large\"><img loading=\"lazy\" decoding=\"async\" width=\"217\" height=\"480\" data-id=\"14595\" src=\"https:\/\/felix.ares.fm\/wp-content\/uploads\/2024\/03\/IMG20240307124031-min.jpg\" alt=\"\" class=\"wp-image-14595\" srcset=\"https:\/\/felix.ares.fm\/wp-content\/uploads\/2024\/03\/IMG20240307124031-min.jpg 217w, https:\/\/felix.ares.fm\/wp-content\/uploads\/2024\/03\/IMG20240307124031-min-136x300.jpg 136w\" sizes=\"auto, (max-width: 217px) 100vw, 217px\" \/><\/figure>\n\n\n\n<figure class=\"wp-block-image size-large\"><img loading=\"lazy\" decoding=\"async\" width=\"217\" height=\"480\" data-id=\"14596\" src=\"https:\/\/felix.ares.fm\/wp-content\/uploads\/2024\/03\/IMG20240307124054-min.jpg\" alt=\"\" class=\"wp-image-14596\" srcset=\"https:\/\/felix.ares.fm\/wp-content\/uploads\/2024\/03\/IMG20240307124054-min.jpg 217w, https:\/\/felix.ares.fm\/wp-content\/uploads\/2024\/03\/IMG20240307124054-min-136x300.jpg 136w\" sizes=\"auto, (max-width: 217px) 100vw, 217px\" \/><\/figure>\n<\/figure>\n\n\n\n<figure class=\"wp-block-image size-full\"><img loading=\"lazy\" decoding=\"async\" width=\"640\" height=\"289\" src=\"https:\/\/felix.ares.fm\/wp-content\/uploads\/2024\/03\/IMG20240307124101-min.jpg\" alt=\"\" class=\"wp-image-14597\" srcset=\"https:\/\/felix.ares.fm\/wp-content\/uploads\/2024\/03\/IMG20240307124101-min.jpg 640w, https:\/\/felix.ares.fm\/wp-content\/uploads\/2024\/03\/IMG20240307124101-min-300x135.jpg 300w\" sizes=\"auto, (max-width: 640px) 100vw, 640px\" \/><\/figure>\n\n\n\n<figure class=\"wp-block-video\"><video height=\"480\" style=\"aspect-ratio: 270 \/ 480;\" width=\"270\" controls src=\"https:\/\/felix.ares.fm\/wp-content\/uploads\/2024\/03\/VID20240307124042.mp4\"><\/video><\/figure>\n\n\n\n<h3 class=\"wp-block-heading\">Bibliograf\u00eda<\/h3>\n\n\n\n<p><\/p>\n\n\n\n<h3 class=\"wp-block-heading\"><strong>Nota sobre fotos<\/strong><\/h3>\n\n\n\n<p>Las fotos que se han utilizado, han sido realizadas por F\u00e9lix Ares y \u00c1lvaro Ares y las licenciamos como Creative Commons . Attribution 4.0. International CC by 4.0. Puede usarlas, pero deben dar cr\u00e9dito a los autores y que se han sacado de la p\u00e1gina https:\/\/felix.ares.fm<\/p>\n\n\n<div class=\"wp-block-image\">\n<figure class=\"aligncenter\"><a href=\"https:\/\/creativecommons.org\/licenses\/by\/4.0\/\"><img decoding=\"async\" src=\"https:\/\/i.creativecommons.org\/l\/by\/4.0\/88x31.png\" alt=\"Creative Commons License\"\/><\/a><\/figure>\n<\/div>\n\n\n<p class=\"has-text-align-center\">_ _ _<\/p>\n\n\n\n<p>NOTA: ya saben ustedes que el Spam est\u00e1 a la orden del d\u00eda. Si pusiera mi direcci\u00f3n de correo electr\u00f3nico en forma visible, mi buz\u00f3n se llenar\u00eda de basura. Si quieren ponerse en contacto conmigo, pueden hacerlo en esta direcci\u00f3n, que pienso est\u00e1 suficientemente dif\u00edcil para los robots.<\/p>\n\n\n\n<p> <\/p>\n\n\n<div class=\"wp-block-image\">\n<figure class=\"aligncenter size-large is-resized\"><img loading=\"lazy\" decoding=\"async\" width=\"703\" height=\"499\" src=\"http:\/\/felix.ares.fm\/wp-content\/uploads\/2016\/02\/tapas.ares_.fm_.2.jpg\" alt=\"\" class=\"wp-image-7476\" style=\"width:256px;height:182px\" srcset=\"https:\/\/felix.ares.fm\/wp-content\/uploads\/2016\/02\/tapas.ares_.fm_.2.jpg 703w, https:\/\/felix.ares.fm\/wp-content\/uploads\/2016\/02\/tapas.ares_.fm_.2-300x213.jpg 300w\" sizes=\"auto, (max-width: 703px) 100vw, 703px\" \/><\/figure>\n<\/div>\n\n\n<p><\/p>\n","protected":false},"excerpt":{"rendered":"<p>7 de marzo de 2024 Me he asomado a mi terraza y he visto un fuego. Un humo negro y feo. Supongo que es en Mijas, pero no estoy seguro. Adjunto las fotos. Bibliograf\u00eda Nota sobre fotos Las fotos que se han utilizado, han sido realizadas por F\u00e9lix Ares y \u00c1lvaro Ares y las licenciamos &hellip; <a href=\"https:\/\/felix.ares.fm\/?p=14478\" class=\"more-link\">Seguir leyendo <span class=\"screen-reader-text\">Fuego desde mi terraza (en Fuengirola o Mijas)<\/span> <span class=\"meta-nav\">&rarr;<\/span><\/a><\/p>\n","protected":false},"author":1,"featured_media":0,"comment_status":"closed","ping_status":"open","sticky":false,"template":"","format":"standard","meta":{"footnotes":""},"categories":[24,238,1422],"tags":[125,1470,1471],"class_list":["post-14478","post","type-post","status-publish","format-standard","hentry","category-desayunos","category-nerja","category-restaurante","tag-desayuno","tag-hotel-al-andalus-nerja","tag-tostadas"],"_links":{"self":[{"href":"https:\/\/felix.ares.fm\/index.php?rest_route=\/wp\/v2\/posts\/14478","targetHints":{"allow":["GET"]}}],"collection":[{"href":"https:\/\/felix.ares.fm\/index.php?rest_route=\/wp\/v2\/posts"}],"about":[{"href":"https:\/\/felix.ares.fm\/index.php?rest_route=\/wp\/v2\/types\/post"}],"author":[{"embeddable":true,"href":"https:\/\/felix.ares.fm\/index.php?rest_route=\/wp\/v2\/users\/1"}],"replies":[{"embeddable":true,"href":"https:\/\/felix.ares.fm\/index.php?rest_route=%2Fwp%2Fv2%2Fcomments&post=14478"}],"version-history":[{"count":6,"href":"https:\/\/felix.ares.fm\/index.php?rest_route=\/wp\/v2\/posts\/14478\/revisions"}],"predecessor-version":[{"id":14599,"href":"https:\/\/felix.ares.fm\/index.php?rest_route=\/wp\/v2\/posts\/14478\/revisions\/14599"}],"wp:attachment":[{"href":"https:\/\/felix.ares.fm\/index.php?rest_route=%2Fwp%2Fv2%2Fmedia&parent=14478"}],"wp:term":[{"taxonomy":"category","embeddable":true,"href":"https:\/\/felix.ares.fm\/index.php?rest_route=%2Fwp%2Fv2%2Fcategories&post=14478"},{"taxonomy":"post_tag","embeddable":true,"href":"https:\/\/felix.ares.fm\/index.php?rest_route=%2Fwp%2Fv2%2Ftags&post=14478"}],"curies":[{"name":"wp","href":"https:\/\/api.w.org\/{rel}","templated":true}]}}