{"id":14442,"date":"2024-02-19T13:34:05","date_gmt":"2024-02-19T11:34:05","guid":{"rendered":"https:\/\/felix.ares.fm\/?p=14442"},"modified":"2024-02-19T13:34:05","modified_gmt":"2024-02-19T11:34:05","slug":"chiringuito-videra-fuengirola","status":"publish","type":"post","link":"https:\/\/felix.ares.fm\/?p=14442","title":{"rendered":"Chiringuito Videra, Fuengirola"},"content":{"rendered":"\n<p><strong>19 de febrero de 2024<\/strong><\/p>\n\n\n\n<p><strong>En el paseo mar\u00edtimo rey de Espa\u00f1a, hay un chiringuito que casi siempre tiene ofertas interesantes, por ejemplo, espeto de sardinas por 3\u20ac o media docena de ostras por 15\u20ac<\/strong><\/p>\n\n\n\n<p>Cuando paseamos por el paseo mar\u00edtimo el \u00abChiringuito Videra\u00bb, o \u00abRestaurante Videra\u00bb, es uno m\u00e1s de los muchos que hay, pero al acercarse y ver sus ofertas destaca por sus <strong>espetos de sardinas a 3\u20ac <\/strong>y la <strong>media docena de ostras por 15\u20ac<\/strong> (en realidad ellos dicen 14,95\u20ac, pero a m\u00ed <strong>eso me parece una tomadura de pelo<\/strong>, por eso, porque soy ingeniero, redondeo al entero m\u00e1s cercano: 15\u20ac).<\/p>\n\n\n<div class=\"wp-block-image\">\n<figure class=\"aligncenter size-full\"><img loading=\"lazy\" decoding=\"async\" width=\"640\" height=\"289\" src=\"https:\/\/felix.ares.fm\/wp-content\/uploads\/2024\/02\/0IMG20220702204601_fachada-min.jpg\" alt=\"\" class=\"wp-image-14443\" srcset=\"https:\/\/felix.ares.fm\/wp-content\/uploads\/2024\/02\/0IMG20220702204601_fachada-min.jpg 640w, https:\/\/felix.ares.fm\/wp-content\/uploads\/2024\/02\/0IMG20220702204601_fachada-min-300x135.jpg 300w\" sizes=\"auto, (max-width: 640px) 100vw, 640px\" \/><figcaption class=\"wp-element-caption\">Restaurante Videra el el paseo mar\u00edtimo Rey Juan Carlos al lado de la playa de los Boliches.<\/figcaption><\/figure>\n<\/div>\n\n\n<figure class=\"wp-block-image size-full\"><img loading=\"lazy\" decoding=\"async\" width=\"640\" height=\"289\" src=\"https:\/\/felix.ares.fm\/wp-content\/uploads\/2024\/02\/0IMG20230519060709_fachada-restaurante_videra-min.jpg\" alt=\"\" class=\"wp-image-14444\" srcset=\"https:\/\/felix.ares.fm\/wp-content\/uploads\/2024\/02\/0IMG20230519060709_fachada-restaurante_videra-min.jpg 640w, https:\/\/felix.ares.fm\/wp-content\/uploads\/2024\/02\/0IMG20230519060709_fachada-restaurante_videra-min-300x135.jpg 300w\" sizes=\"auto, (max-width: 640px) 100vw, 640px\" \/><figcaption class=\"wp-element-caption\">Otra vista del chiringuito en la que se ve el paseo mar\u00edtimo.<\/figcaption><\/figure>\n\n\n\n<h3 class=\"wp-block-heading\">Espetos de sardinas<\/h3>\n\n\n<div class=\"wp-block-image\">\n<figure class=\"aligncenter size-full\"><img loading=\"lazy\" decoding=\"async\" width=\"389\" height=\"275\" src=\"https:\/\/felix.ares.fm\/wp-content\/uploads\/2024\/02\/0IMG20240210210716_oferton_espeto_sardinas_3EPERSREBB-min.jpg\" alt=\"\" class=\"wp-image-14445\" srcset=\"https:\/\/felix.ares.fm\/wp-content\/uploads\/2024\/02\/0IMG20240210210716_oferton_espeto_sardinas_3EPERSREBB-min.jpg 389w, https:\/\/felix.ares.fm\/wp-content\/uploads\/2024\/02\/0IMG20240210210716_oferton_espeto_sardinas_3EPERSREBB-min-300x212.jpg 300w\" sizes=\"auto, (max-width: 389px) 100vw, 389px\" \/><figcaption class=\"wp-element-caption\">Ofert\u00f3n, espeto sardinas 3\u20ac. de 19 a 23 horas.<\/figcaption><\/figure>\n<\/div>\n\n\n<p>Ellos lo llaman ofert\u00f3n y creo que verdaderamente lo es. En otros chiringuitos del paseo mar\u00edtimo ofrecen el espeto de sardinas por 6 euros. <\/p>\n\n\n\n<p>Por ejemplo, en el a\u00f1o 2012, las ofertas en el paseo mar\u00edtimo hablaban de 6\u20ac el espeto: <a href=\"https:\/\/felix.ares.fm\/?p=2546\" target=\"_blank\" rel=\"noreferrer noopener\">https:\/\/felix.ares.fm\/?p=2546<\/a><\/p>\n\n\n\n<p>La pregunta que podr\u00edamos hacernos es \u00bflos espetos de 6\u20ac en el a\u00f1o 2012 son similares a los de 3\u20ac de 2024?<\/p>\n\n\n\n<p>Yo creo que s\u00ed, que las ofertas son similares, pero voy a dejar que sean ustedes los que comparen.<\/p>\n\n\n\n<figure class=\"wp-block-gallery has-nested-images columns-default is-cropped wp-block-gallery-1 is-layout-flex wp-block-gallery-is-layout-flex\">\n<figure class=\"wp-block-image size-large\"><img loading=\"lazy\" decoding=\"async\" width=\"768\" height=\"1024\" data-id=\"14447\" src=\"https:\/\/felix.ares.fm\/wp-content\/uploads\/2024\/02\/0IMG_20180618_200956-min-768x1024.jpg\" alt=\"\" class=\"wp-image-14447\" srcset=\"https:\/\/felix.ares.fm\/wp-content\/uploads\/2024\/02\/0IMG_20180618_200956-min-768x1024.jpg 768w, https:\/\/felix.ares.fm\/wp-content\/uploads\/2024\/02\/0IMG_20180618_200956-min-225x300.jpg 225w, https:\/\/felix.ares.fm\/wp-content\/uploads\/2024\/02\/0IMG_20180618_200956-min-1152x1536.jpg 1152w, https:\/\/felix.ares.fm\/wp-content\/uploads\/2024\/02\/0IMG_20180618_200956-min-1536x2048.jpg 1536w, https:\/\/felix.ares.fm\/wp-content\/uploads\/2024\/02\/0IMG_20180618_200956-min-scaled.jpg 1920w\" sizes=\"auto, (max-width: 768px) 100vw, 768px\" \/><figcaption class=\"wp-element-caption\">Espeto de 6\u20ac. 9 sardinas.<\/figcaption><\/figure>\n\n\n\n<figure class=\"wp-block-image size-large\"><img loading=\"lazy\" decoding=\"async\" width=\"639\" height=\"480\" data-id=\"14446\" src=\"https:\/\/felix.ares.fm\/wp-content\/uploads\/2024\/02\/IMG20240212195519_sardinas_de_espeto_en_plato-min.jpg\" alt=\"\" class=\"wp-image-14446\" srcset=\"https:\/\/felix.ares.fm\/wp-content\/uploads\/2024\/02\/IMG20240212195519_sardinas_de_espeto_en_plato-min.jpg 639w, https:\/\/felix.ares.fm\/wp-content\/uploads\/2024\/02\/IMG20240212195519_sardinas_de_espeto_en_plato-min-300x225.jpg 300w\" sizes=\"auto, (max-width: 639px) 100vw, 639px\" \/><figcaption class=\"wp-element-caption\">Espero oferta de 3\u20ac. 5 sardinas, pero m\u00e1s grandes.<\/figcaption><\/figure>\n<\/figure>\n\n\n\n<p>Acabo de darme cuenta de que estoy hablando de <strong>espetos <\/strong>sin explicar lo que son. Creo que todos los que hablamos espa\u00f1ol, m\u00e1s o menos, nos imaginamos que se trata de algo relacionado con una espada y probablemente pensemos que sean sardinas hechas a la brasa en una espada giratoria, algo parecido a lo de los pollos asados.<\/p>\n\n\n\n<p>Eso me imaginaba cuando llegu\u00e9 a Andaluc\u00eda, pero resulta que <strong>el tema de los espetos es un poco m\u00e1s complejo.<\/strong><\/p>\n\n\n\n<p>A ver si logro explicarlo. Usted, como me pasaba a mi, se imaginar\u00e1 algo similar a esto:<\/p>\n\n\n<div class=\"wp-block-image\">\n<figure class=\"aligncenter size-full\"><img loading=\"lazy\" decoding=\"async\" width=\"320\" height=\"480\" src=\"https:\/\/felix.ares.fm\/wp-content\/uploads\/2024\/02\/0Madrid_-_Fiestas_de_San_Isidro_-_Pollo_rostizado_-_20070515-59-min.jpg\" alt=\"\" class=\"wp-image-14449\" srcset=\"https:\/\/felix.ares.fm\/wp-content\/uploads\/2024\/02\/0Madrid_-_Fiestas_de_San_Isidro_-_Pollo_rostizado_-_20070515-59-min.jpg 320w, https:\/\/felix.ares.fm\/wp-content\/uploads\/2024\/02\/0Madrid_-_Fiestas_de_San_Isidro_-_Pollo_rostizado_-_20070515-59-min-200x300.jpg 200w\" sizes=\"auto, (max-width: 320px) 100vw, 320px\" \/><figcaption class=\"wp-element-caption\">Pollos asados en asador rotatorio.  Foto tomada por w:es:Usuario:Barcex &#8211; Tomada por w:es:Usuario:Barcex, CC BY-SA 3.0, https:\/\/commons.wikimedia.org\/w\/index.php?curid=2116611<\/figcaption><\/figure>\n<\/div>\n\n\n<p>Pero resulta que<strong> los espetos no se hacen as\u00ed<\/strong>, sino que el pincho que sujeta las sardinas no est\u00e1 horizontal sino vertical.<\/p>\n\n\n<div class=\"wp-block-image\">\n<figure class=\"aligncenter size-full\"><img loading=\"lazy\" decoding=\"async\" width=\"640\" height=\"289\" src=\"https:\/\/felix.ares.fm\/wp-content\/uploads\/2024\/02\/0IMG20240210210907_fuego_asando_espeto_sardinas-min.jpg\" alt=\"\" class=\"wp-image-14450\" srcset=\"https:\/\/felix.ares.fm\/wp-content\/uploads\/2024\/02\/0IMG20240210210907_fuego_asando_espeto_sardinas-min.jpg 640w, https:\/\/felix.ares.fm\/wp-content\/uploads\/2024\/02\/0IMG20240210210907_fuego_asando_espeto_sardinas-min-300x135.jpg 300w\" sizes=\"auto, (max-width: 640px) 100vw, 640px\" \/><figcaption class=\"wp-element-caption\">A la izquierda est\u00e1 el espeto. Un pincho vertical. A la derecha est\u00e1n las brasas del fuego.<\/figcaption><\/figure>\n<\/div>\n\n\n<p>Toda la disposici\u00f3n es fundamental para lograr un buen \u00abespeto\u00bb.<\/p>\n\n\n\n<p>Las brasas proporcionan el calor y el <strong>aroma <\/strong>de las maderas.<\/p>\n\n\n\n<p>Al estar en disposici\u00f3n vertical la grasa que desprenden las sardinas de arriba se va escurriendo a las de abajo y eso les da<strong> su sabor especial<\/strong>.<\/p>\n\n\n\n<p>Veamos unos detalles del espeto.<\/p>\n\n\n\n<figure class=\"wp-block-gallery has-nested-images columns-default is-cropped wp-block-gallery-2 is-layout-flex wp-block-gallery-is-layout-flex\">\n<figure class=\"wp-block-image size-large\"><img loading=\"lazy\" decoding=\"async\" width=\"217\" height=\"480\" data-id=\"14451\" src=\"https:\/\/felix.ares.fm\/wp-content\/uploads\/2024\/02\/0IMG20240210210918_espeto_sardinas_asadas-min.jpg\" alt=\"\" class=\"wp-image-14451\" srcset=\"https:\/\/felix.ares.fm\/wp-content\/uploads\/2024\/02\/0IMG20240210210918_espeto_sardinas_asadas-min.jpg 217w, https:\/\/felix.ares.fm\/wp-content\/uploads\/2024\/02\/0IMG20240210210918_espeto_sardinas_asadas-min-136x300.jpg 136w\" sizes=\"auto, (max-width: 217px) 100vw, 217px\" \/><figcaption class=\"wp-element-caption\">El espeto haci\u00e9ndose.<\/figcaption><\/figure>\n\n\n\n<figure class=\"wp-block-image size-large\"><img loading=\"lazy\" decoding=\"async\" width=\"217\" height=\"480\" data-id=\"14452\" src=\"https:\/\/felix.ares.fm\/wp-content\/uploads\/2024\/02\/0IMG20240210210929_etalle_sardinas_asadas_espeto-min.jpg\" alt=\"\" class=\"wp-image-14452\" srcset=\"https:\/\/felix.ares.fm\/wp-content\/uploads\/2024\/02\/0IMG20240210210929_etalle_sardinas_asadas_espeto-min.jpg 217w, https:\/\/felix.ares.fm\/wp-content\/uploads\/2024\/02\/0IMG20240210210929_etalle_sardinas_asadas_espeto-min-136x300.jpg 136w\" sizes=\"auto, (max-width: 217px) 100vw, 217px\" \/><figcaption class=\"wp-element-caption\">Detalles del espeto.<\/figcaption><\/figure>\n<\/figure>\n\n\n<div class=\"wp-block-image\">\n<figure class=\"aligncenter size-full\"><img loading=\"lazy\" decoding=\"async\" width=\"480\" height=\"403\" src=\"https:\/\/felix.ares.fm\/wp-content\/uploads\/2024\/02\/0icbppz5w-min.png\" alt=\"\" class=\"wp-image-14454\" srcset=\"https:\/\/felix.ares.fm\/wp-content\/uploads\/2024\/02\/0icbppz5w-min.png 480w, https:\/\/felix.ares.fm\/wp-content\/uploads\/2024\/02\/0icbppz5w-min-300x252.png 300w\" sizes=\"auto, (max-width: 480px) 100vw, 480px\" \/><figcaption class=\"wp-element-caption\">Un primer plano de la sardina asada.<\/figcaption><\/figure>\n<\/div>\n\n\n<p>El fuego tambi\u00e9n tiene su importancia. <\/p>\n\n\n<div class=\"wp-block-image\">\n<figure class=\"aligncenter size-full\"><img loading=\"lazy\" decoding=\"async\" width=\"640\" height=\"289\" src=\"https:\/\/felix.ares.fm\/wp-content\/uploads\/2024\/02\/0IMG20240210210911-fuego_pata-hacer_espetos-min.jpg\" alt=\"\" class=\"wp-image-14455\" srcset=\"https:\/\/felix.ares.fm\/wp-content\/uploads\/2024\/02\/0IMG20240210210911-fuego_pata-hacer_espetos-min.jpg 640w, https:\/\/felix.ares.fm\/wp-content\/uploads\/2024\/02\/0IMG20240210210911-fuego_pata-hacer_espetos-min-300x135.jpg 300w\" sizes=\"auto, (max-width: 640px) 100vw, 640px\" \/><figcaption class=\"wp-element-caption\">Se quema madera para que el humo d\u00e9 sabor a las sardinas.<\/figcaption><\/figure>\n<\/div>\n\n\n<p>De ese modo se consiguen unas sardinas <strong>deliciosas<\/strong>. Y las de 3\u20ac son igual de buenas que las de 6\u20ac.<\/p>\n\n\n\n<h3 class=\"wp-block-heading\">Ostras<\/h3>\n\n\n\n<p>Ya hemos visto el ofert\u00f3n de espetos. Realmente muy buenos.  Pero al principio les hab\u00eda dicho que hab\u00eda otra oferta, de ostras.<\/p>\n\n\n<div class=\"wp-block-image\">\n<figure class=\"aligncenter size-full\"><img loading=\"lazy\" decoding=\"async\" width=\"217\" height=\"480\" src=\"https:\/\/felix.ares.fm\/wp-content\/uploads\/2024\/02\/0IMG20240210210724_6_ostras_15E-min.jpg\" alt=\"\" class=\"wp-image-14457\" srcset=\"https:\/\/felix.ares.fm\/wp-content\/uploads\/2024\/02\/0IMG20240210210724_6_ostras_15E-min.jpg 217w, https:\/\/felix.ares.fm\/wp-content\/uploads\/2024\/02\/0IMG20240210210724_6_ostras_15E-min-136x300.jpg 136w\" sizes=\"auto, (max-width: 217px) 100vw, 217px\" \/><figcaption class=\"wp-element-caption\">Ostras 6 unidades 15\u20ac.<\/figcaption><\/figure>\n<\/div>\n\n\n<p>Insisto en que me perdonen por poner 15\u20ac y no la estupidez de 14,95\u20ac. Es probable que eso de poner los precios terminando en<strong> .9x <\/strong>se le ocurriera a alg\u00fan publicista estadounidense que gana mucha pasta, pero, perd\u00f3nenme ustedes, a m\u00ed me parece una estupidez y un intento de enga\u00f1arnos a los consumidores. <strong>Me parece incluso deshonesto<\/strong>.<\/p>\n\n\n<div class=\"wp-block-image\">\n<figure class=\"aligncenter size-full\"><img loading=\"lazy\" decoding=\"async\" width=\"639\" height=\"480\" src=\"https:\/\/felix.ares.fm\/wp-content\/uploads\/2024\/02\/0IMG20220527202746-min.jpg\" alt=\"\" class=\"wp-image-14458\" srcset=\"https:\/\/felix.ares.fm\/wp-content\/uploads\/2024\/02\/0IMG20220527202746-min.jpg 639w, https:\/\/felix.ares.fm\/wp-content\/uploads\/2024\/02\/0IMG20220527202746-min-300x225.jpg 300w\" sizes=\"auto, (max-width: 639px) 100vw, 639px\" \/><figcaption class=\"wp-element-caption\">Ostras, seis unidades 15\u20ac.<\/figcaption><\/figure>\n<\/div>\n\n\n<p>Para mi gusto estaban estupendas, en su punto.<\/p>\n\n\n\n<h3 class=\"wp-block-heading\">Pulpo a la gallega<\/h3>\n\n\n\n<p>Tienen muchas raciones, entre las que nosotros hemos probado est\u00e1 el pulpo a la gallega.<\/p>\n\n\n<div class=\"wp-block-image\">\n<figure class=\"aligncenter size-full\"><img loading=\"lazy\" decoding=\"async\" width=\"640\" height=\"289\" src=\"https:\/\/felix.ares.fm\/wp-content\/uploads\/2024\/02\/0IMG20220724212452-min.jpg\" alt=\"\" class=\"wp-image-14459\" srcset=\"https:\/\/felix.ares.fm\/wp-content\/uploads\/2024\/02\/0IMG20220724212452-min.jpg 640w, https:\/\/felix.ares.fm\/wp-content\/uploads\/2024\/02\/0IMG20220724212452-min-300x135.jpg 300w\" sizes=\"auto, (max-width: 640px) 100vw, 640px\" \/><figcaption class=\"wp-element-caption\">Pulpo a la gallega.<\/figcaption><\/figure>\n<\/div>\n\n\n<p>El pulpo estaba bueno, el problema, como ustedes mismos pueden ver, es la cantidad. Hay mucha patata (cachelo) y poco pulpo. No recuerdo el precio, lo siento.<\/p>\n\n\n\n<h3 class=\"wp-block-heading\">Puntillitas<\/h3>\n\n\n\n<p>Ya saben ustedes que en Andaluc\u00eda llaman puntillitas a los calamares peque\u00f1itos.<\/p>\n\n\n\n<figure class=\"wp-block-image size-full\"><img loading=\"lazy\" decoding=\"async\" width=\"640\" height=\"289\" src=\"https:\/\/felix.ares.fm\/wp-content\/uploads\/2024\/02\/IMG20220724212605-min.jpg\" alt=\"\" class=\"wp-image-14460\" srcset=\"https:\/\/felix.ares.fm\/wp-content\/uploads\/2024\/02\/IMG20220724212605-min.jpg 640w, https:\/\/felix.ares.fm\/wp-content\/uploads\/2024\/02\/IMG20220724212605-min-300x135.jpg 300w\" sizes=\"auto, (max-width: 640px) 100vw, 640px\" \/><figcaption class=\"wp-element-caption\">Puntillitas rebozadas.<\/figcaption><\/figure>\n\n\n\n<p>Estaban muy buenas, pero no recuerdo el precio.<\/p>\n\n\n\n<h3 class=\"wp-block-heading\">Coquinas<\/h3>\n\n\n\n<figure class=\"wp-block-image size-full\"><img loading=\"lazy\" decoding=\"async\" width=\"640\" height=\"289\" src=\"https:\/\/felix.ares.fm\/wp-content\/uploads\/2024\/02\/IMG20220724212608-min.jpg\" alt=\"\" class=\"wp-image-14461\" srcset=\"https:\/\/felix.ares.fm\/wp-content\/uploads\/2024\/02\/IMG20220724212608-min.jpg 640w, https:\/\/felix.ares.fm\/wp-content\/uploads\/2024\/02\/IMG20220724212608-min-300x135.jpg 300w\" sizes=\"auto, (max-width: 640px) 100vw, 640px\" \/><figcaption class=\"wp-element-caption\">Coquinas del chiringuito Videra.<\/figcaption><\/figure>\n\n\n\n<p>No recuerdo el precio de la raci\u00f3n de coquinas, pero estimo (es solo una estimaci\u00f3n) unos 12 \u20ac.<\/p>\n\n\n\n<h3 class=\"wp-block-heading\">Champ\u00e1n Mo\u00ebt &amp; Chandon<\/h3>\n\n\n\n<p>En este chiringuito ten\u00edan el champ\u00e1n de Mo\u00ebt &amp; Chandon. He de confesar que ten\u00eda antojo de ese champ\u00e1n por motivos sentimentales. Cuando acab\u00e9 la carrera de ingeniero superior de teleco, mi padre me regal\u00f3 una botella. Pero no me la beb\u00ed. Esper\u00e9 a algo mejor. Esper\u00e9 a terminar mi doctorado. Cuando lo termin\u00e9 fui a celebrarlo a Fuengirola (todav\u00eda no viv\u00eda all\u00ed) y me lo envi\u00e9 por correo certificado. Lleg\u00f3 la caja de madera en la que iba la botella, pero la botella no. Reclam\u00e9 a Correos y me dijeron que volviera a pedir otro paquete a quien me lo hab\u00eda enviado.<strong> Una respuesta indigna<\/strong>, pero contra la que<strong> no pod\u00eda recurrir porque la caja me lleg\u00f3, el contenido no.<\/strong><\/p>\n\n\n\n<p>En el chiringuito Videra pedimos Mo\u00ebt &amp; Chandon y nos lo trajeron:<\/p>\n\n\n<div class=\"wp-block-image\">\n<figure class=\"aligncenter size-full\"><img loading=\"lazy\" decoding=\"async\" width=\"354\" height=\"480\" src=\"https:\/\/felix.ares.fm\/wp-content\/uploads\/2024\/02\/0IMG20220724213852_moet_chandonPIX.jpg\" alt=\"\" class=\"wp-image-14463\" srcset=\"https:\/\/felix.ares.fm\/wp-content\/uploads\/2024\/02\/0IMG20220724213852_moet_chandonPIX.jpg 354w, https:\/\/felix.ares.fm\/wp-content\/uploads\/2024\/02\/0IMG20220724213852_moet_chandonPIX-221x300.jpg 221w\" sizes=\"auto, (max-width: 354px) 100vw, 354px\" \/><figcaption class=\"wp-element-caption\">Mi capricho: una botella de Mo\u00ebt &amp; Chandon.<\/figcaption><\/figure>\n<\/div>\n\n\n<p>Por la botella nos cobraron 60\u20ac. Por fin pude celebrar mi t\u00edtulo de doctor (en inform\u00e1tica).<\/p>\n\n\n\n<p><\/p>\n\n\n\n<h3 class=\"wp-block-heading\">Problemas con la tarjeta de cr\u00e9dito<\/h3>\n\n\n\n<p>A este chiringuito hemos ido varias veces. A la hora de pagar, en a\u00f1os anteriores, nos encontramos con este absurdo letrero.<\/p>\n\n\n<div class=\"wp-block-image\">\n<figure class=\"aligncenter size-full\"><img loading=\"lazy\" decoding=\"async\" width=\"640\" height=\"261\" src=\"https:\/\/felix.ares.fm\/wp-content\/uploads\/2024\/02\/0IMG20220702204700RE.jpg\" alt=\"\" class=\"wp-image-14464\" srcset=\"https:\/\/felix.ares.fm\/wp-content\/uploads\/2024\/02\/0IMG20220702204700RE.jpg 640w, https:\/\/felix.ares.fm\/wp-content\/uploads\/2024\/02\/0IMG20220702204700RE-300x122.jpg 300w\" sizes=\"auto, (max-width: 640px) 100vw, 640px\" \/><figcaption class=\"wp-element-caption\">No se aceptan pagos con tarjeta de cr\u00e9dito por problemas con el Wifi.<\/figcaption><\/figure>\n<\/div>\n\n\n<p>Obviamente, tener un letrero perfectamente impreso y que se repite d\u00eda tras d\u00eda con meses de diferencia significaba que<strong> NO LES DABA LA GANA ADMITIR TARJETAS DE CREDITO.<\/strong><\/p>\n\n\n\n<p>Un poco molesto se lo dije al camarero. Le dije algo as\u00ed <strong>\u00absi no quer\u00e9is admitir tarjetas de cr\u00e9dito decirlo, pero no pong\u00e1is el cuento del Wifi que no cuela<\/strong>\u00ab. El camarero siempre fue amable y comprensivo.<\/p>\n\n\n\n<p>Realmente, unos meses despu\u00e9s el mensaje era diferente y coherente: <strong>No admitimos tarjetas de cr\u00e9dito por debajo de 20\u20ac<\/strong>. \u00a1Vale! Eso es un mensaje coherente. No estoy de acuerdo con \u00e9l, pero es coherente.<\/p>\n\n\n\n<h3 class=\"wp-block-heading\">Atenci\u00f3n<\/h3>\n\n\n\n<p>En todo momento los camareros fueron profesionales y amables. Incluso cuando les hice ver lo absurdo de que semana tras semana estuviera el est\u00fapido cartel del Wifi me atendieron amablemente.<\/p>\n\n\n\n<p>\u00a1Sobresaliente para los camareros de Videra! (Un poco menos al que ideo la estupidez del Wifi).<\/p>\n\n\n\n<h3 class=\"wp-block-heading\">Ubicaci\u00f3n<\/h3>\n\n\n\n<p>Paseo mar\u00edtimo Rey de Espa\u00f1a 81 (Playa de los Boliches). Fuengirola<\/p>\n\n\n\n<p>Tel\u00e9fono: <a href=\"tel:+34 952 63 84 06\">+34 952 63 84 06<\/a><\/p>\n\n\n\n<p><\/p>\n\n\n\n<h3 class=\"wp-block-heading\">Resumiendo<\/h3>\n\n\n\n<p>Un buen sitio, bien situado, desde el que se ve el mar, al que volver\u00e9.<\/p>\n\n\n\n<hr class=\"wp-block-separator has-alpha-channel-opacity\"\/>\n\n\n\n<h3 class=\"wp-block-heading\">Bibliograf\u00eda<\/h3>\n\n\n\n<p>Chiringuito Videra TripAdvisor: <a href=\"https:\/\/www.tripadvisor.es\/Restaurant_Review-g315915-d1916699-Reviews-Chiringuito_Videra-Fuengirola_Costa_del_Sol_Province_of_Malaga_Andalucia.html\" target=\"_blank\" rel=\"noreferrer noopener\">https:\/\/www.tripadvisor.es\/Restaurant_Review-g315915-d1916699-Reviews-Chiringuito_Videra-Fuengirola_Costa_del_Sol_Province_of_Malaga_Andalucia.html<\/a><\/p>\n\n\n\n<hr class=\"wp-block-separator has-alpha-channel-opacity\"\/>\n\n\n\n<h3 class=\"wp-block-heading\"><strong>Nota sobre fotos<\/strong><\/h3>\n\n\n\n<p>Las fotos que se han utilizado, han sido realizadas por F\u00e9lix Ares y \u00c1lvaro Ares y las licenciamos como Creative Commons . Attribution 4.0. International CC by 4.0. Puede usarlas, pero deben dar cr\u00e9dito a los autores y que se han sacado de la p\u00e1gina https:\/\/felix.ares.fm<\/p>\n\n\n<div class=\"wp-block-image\">\n<figure class=\"aligncenter\"><a href=\"https:\/\/creativecommons.org\/licenses\/by\/4.0\/\"><img decoding=\"async\" src=\"https:\/\/i.creativecommons.org\/l\/by\/4.0\/88x31.png\" alt=\"Creative Commons License\"\/><\/a><\/figure>\n<\/div>\n\n\n<p class=\"has-text-align-center\">_ _ _<\/p>\n\n\n\n<p>NOTA: ya saben ustedes que el Spam est\u00e1 a la orden del d\u00eda. Si pusiera mi direcci\u00f3n de correo electr\u00f3nico en forma visible, mi buz\u00f3n se llenar\u00eda de basura. Si quieren ponerse en contacto conmigo, pueden hacerlo en esta direcci\u00f3n, que pienso est\u00e1 suficientemente dif\u00edcil para los robots.<\/p>\n\n\n\n<p> <\/p>\n\n\n<div class=\"wp-block-image\">\n<figure class=\"aligncenter size-large is-resized\"><img loading=\"lazy\" decoding=\"async\" width=\"703\" height=\"499\" src=\"http:\/\/felix.ares.fm\/wp-content\/uploads\/2016\/02\/tapas.ares_.fm_.2.jpg\" alt=\"\" class=\"wp-image-7476\" style=\"width:256px;height:182px\" srcset=\"https:\/\/felix.ares.fm\/wp-content\/uploads\/2016\/02\/tapas.ares_.fm_.2.jpg 703w, https:\/\/felix.ares.fm\/wp-content\/uploads\/2016\/02\/tapas.ares_.fm_.2-300x213.jpg 300w\" sizes=\"auto, (max-width: 703px) 100vw, 703px\" \/><\/figure>\n<\/div>\n\n\n<p><\/p>\n","protected":false},"excerpt":{"rendered":"<p>19 de febrero de 2024 En el paseo mar\u00edtimo rey de Espa\u00f1a, hay un chiringuito que casi siempre tiene ofertas interesantes, por ejemplo, espeto de sardinas por 3\u20ac o media docena de ostras por 15\u20ac Cuando paseamos por el paseo mar\u00edtimo el \u00abChiringuito Videra\u00bb, o \u00abRestaurante Videra\u00bb, es uno m\u00e1s de los muchos que hay, &hellip; <a href=\"https:\/\/felix.ares.fm\/?p=14442\" class=\"more-link\">Seguir leyendo <span class=\"screen-reader-text\">Chiringuito Videra, Fuengirola<\/span> <span class=\"meta-nav\">&rarr;<\/span><\/a><\/p>\n","protected":false},"author":1,"featured_media":0,"comment_status":"closed","ping_status":"open","sticky":false,"template":"","format":"standard","meta":{"footnotes":""},"categories":[797,1422,249],"tags":[1456,1457,1461,1458,1466,1467,1462,1460,1465,1464,1455,1463],"class_list":["post-14442","post","type-post","status-publish","format-standard","hentry","category-fuengirola","category-restaurante","category-restaurante-2","tag-chiringuito-videra","tag-espeto-de-sardinas-3e","tag-la-madera-al-arden-da-el-sabor-a-los-espetos","tag-media-docena-de-ostras-15e","tag-moet--chandon","tag-no-admitimos-tarjetas-de-credito-por-fallo-del-wifi","tag-ostras","tag-pollos-en-asador-rotatorio","tag-pulpo-a-feira","tag-pulpo-a-la-gallega","tag-restaurante-videra","tag-seis-ostras-15e"],"_links":{"self":[{"href":"https:\/\/felix.ares.fm\/index.php?rest_route=\/wp\/v2\/posts\/14442","targetHints":{"allow":["GET"]}}],"collection":[{"href":"https:\/\/felix.ares.fm\/index.php?rest_route=\/wp\/v2\/posts"}],"about":[{"href":"https:\/\/felix.ares.fm\/index.php?rest_route=\/wp\/v2\/types\/post"}],"author":[{"embeddable":true,"href":"https:\/\/felix.ares.fm\/index.php?rest_route=\/wp\/v2\/users\/1"}],"replies":[{"embeddable":true,"href":"https:\/\/felix.ares.fm\/index.php?rest_route=%2Fwp%2Fv2%2Fcomments&post=14442"}],"version-history":[{"count":3,"href":"https:\/\/felix.ares.fm\/index.php?rest_route=\/wp\/v2\/posts\/14442\/revisions"}],"predecessor-version":[{"id":14465,"href":"https:\/\/felix.ares.fm\/index.php?rest_route=\/wp\/v2\/posts\/14442\/revisions\/14465"}],"wp:attachment":[{"href":"https:\/\/felix.ares.fm\/index.php?rest_route=%2Fwp%2Fv2%2Fmedia&parent=14442"}],"wp:term":[{"taxonomy":"category","embeddable":true,"href":"https:\/\/felix.ares.fm\/index.php?rest_route=%2Fwp%2Fv2%2Fcategories&post=14442"},{"taxonomy":"post_tag","embeddable":true,"href":"https:\/\/felix.ares.fm\/index.php?rest_route=%2Fwp%2Fv2%2Ftags&post=14442"}],"curies":[{"name":"wp","href":"https:\/\/api.w.org\/{rel}","templated":true}]}}