{"id":14243,"date":"2023-12-28T00:52:00","date_gmt":"2023-12-27T22:52:00","guid":{"rendered":"https:\/\/felix.ares.fm\/?p=14243"},"modified":"2023-12-29T09:15:27","modified_gmt":"2023-12-29T07:15:27","slug":"restaurante-tapa-asiatica-fuengirola-los-boliches","status":"publish","type":"post","link":"https:\/\/felix.ares.fm\/?p=14243","title":{"rendered":"Villancicos."},"content":{"rendered":"\n<p><strong>28 de diciembre de 2023<\/strong><\/p>\n\n\n\n<p>Estos d\u00edas los villancicos son habituales en centros comerciales, en las radios y el otros muchos sitios. Reconozco que algunos me gustan, pero hay otros, muy populares,  que por un lado no los entiendo y, por otro, o\u00edrlos a todas horas se me puede llegar a hacer sumamente tedioso.<\/p>\n\n\n\n<p>Por ejemplo, no entiendo eso de que los peces beben y ben y vuelven a beber para ver a Dios nac\u00edo. \u00bfQu\u00e9 tiene que ver el beber con ver?<\/p>\n\n\n\n<p>Pero, tal como ya he dicho, algunos son sumamente interesantes y he querido profundizar en su origen. Lo primero que he hecho ha sido ver la definici\u00f3n que nos da la RAE de villancico.<\/p>\n\n\n\n<blockquote class=\"wp-block-quote is-layout-flow wp-block-quote-is-layout-flow\">\n<p><strong>VILLANCICO<\/strong><\/p>\n\n\n\n<p><strong>NOMBRE MASCULINO<\/strong><\/p>\n\n\n\n<ol class=\"wp-block-list\">\n<li>Canci\u00f3n popular, principalmente de asunto religioso, que se canta en Navidad.<\/li>\n\n\n\n<li>Canci\u00f3n popular breve que frecuentemente serv\u00eda de estribillo.<\/li>\n\n\n\n<li>TEOR\u00cdA LITERARIACierto g\u00e9nero de composici\u00f3n po\u00e9tica con estribillo.<\/li>\n<\/ol>\n<cite>RAE<\/cite><\/blockquote>\n\n\n\n<p>Lo primero que me ha llamado la atenci\u00f3n ha sido lo de \u00abcanci\u00f3n popular, principalmente, de asunto religioso\u00bb; es decir, que no todos ellos tratan de temas religiosos.<\/p>\n\n\n\n<p>En una p\u00e1gina del Gobierno de M\u00e9xico [1] he encontrado una explicaci\u00f3n interesante. <\/p>\n\n\n\n<blockquote class=\"wp-block-quote is-layout-flow wp-block-quote-is-layout-flow\">\n<p>Los villancicos reciben su nombre de las canciones de los villanos, la gente del pueblo<\/p>\n<cite>[1]<\/cite><\/blockquote>\n\n\n\n<p>Para m\u00ed, hoy en d\u00eda, la palabra villano significa una persona mala y malvada, pero no, los villancicos no eran las canciones que cantaban los malos, sino que se llamaba villanos a los que viv\u00edan en villas, es decir, a la gran mayor\u00eda de la poblaci\u00f3n que viv\u00eda de la agricultura. <\/p>\n\n\n\n<p>Se trata, por tanto de canciones populares.<\/p>\n\n\n\n<p>Siguiendo al Gobierno de M\u00e9xico en la obra citada [1] nos da datos interesantes:<\/p>\n\n\n\n<blockquote class=\"wp-block-quote is-layout-flow wp-block-quote-is-layout-flow\">\n<p>Hay diferentes versiones sobre la creaci\u00f3n de los villancicos, algunos dicen que el primero en componer m\u00fasica de este tipo fue el Marqu\u00e9s de Santillana, otros por su parte, afirman que los primeros villancicos fueron creados por los evangelizadores del siglo V.<\/p>\n<cite>[1]<\/cite><\/blockquote>\n\n\n\n<p>Que haya duda entre si el primero fue el Marqu\u00e9s de Santillana, o anteriormente, a los evangelizadores del siglo V, me hace pensar que lo m\u00e1s antiguo que voy a encontrar con facilidad ser\u00e1 lo del Marqu\u00e9s de Santilla. Lo busco.<\/p>\n\n\n\n<p>En YouTube he encontrado un texto recitado de una de las serranillas m\u00e1s famosas del Marqu\u00e9s de Santillana, la recuerdo de haberla aprendido en el colegio [S\u00ed todav\u00eda recuerdo parte de lo que me ense\u00f1aron en el cole].<\/p>\n\n\n\n<figure class=\"wp-block-embed is-type-video is-provider-youtube wp-block-embed-youtube wp-embed-aspect-4-3 wp-has-aspect-ratio\"><div class=\"wp-block-embed__wrapper\">\n<iframe loading=\"lazy\" title=\"Marqu\u00e9s de Santillana - Serranilla VI -  Mo\u00e7a tan fermosa\" width=\"604\" height=\"453\" src=\"https:\/\/www.youtube.com\/embed\/4KRtBuXLmTY?feature=oembed\" frameborder=\"0\" allow=\"accelerometer; autoplay; clipboard-write; encrypted-media; gyroscope; picture-in-picture; web-share\" referrerpolicy=\"strict-origin-when-cross-origin\" allowfullscreen><\/iframe>\n<\/div><\/figure>\n\n\n\n<p><\/p>\n\n\n\n<p>Este es el poema recitado, me falta la m\u00fasica.  Una brev\u00edsima investigaci\u00f3n me ha llevado a pensar (puedo equivocarme, soy completamente lego en este tema) que Jarchas, Cantigas y Villancicos, son composiciones muy pr\u00f3ximas. Todas son poemas\/canciones populares, es decir, que se cantan por los villanos. Las jarchas son origen de Al Andalus y se cantan en \u00e1rabe, hebreo o moz\u00e1rabe (el moz\u00e1rabe es el idioma romance del que deriva el espa\u00f1ol, el nombre de moz\u00e1rabe despista), las cantigas son galaico portuguesas, y los villancicos  son en el idioma de Castilla (se llaman cancioneros).<\/p>\n\n\n\n<p>He tratado de encontrar alg\u00fan ejemplo de c\u00f3mo sonaban estos cancioneros y he encontrado un v\u00eddeo de YouTube del grupo \u00abCantoria\u00bb, que nos interpreta varios ejemplos de los cancioneros de los siglos XV y XVII, por lo tanto, si no he entendido mal, esto podr\u00edamos llamarlos Villancicos.<\/p>\n\n\n\n<figure class=\"wp-block-embed is-type-video is-provider-youtube wp-block-embed-youtube wp-embed-aspect-16-9 wp-has-aspect-ratio\"><div class=\"wp-block-embed__wrapper\">\n<iframe loading=\"lazy\" title=\"Los cancioneros de los siglos XV y XVII | Cantor\u00eda\" width=\"604\" height=\"340\" src=\"https:\/\/www.youtube.com\/embed\/87X8sSI5IyQ?feature=oembed\" frameborder=\"0\" allow=\"accelerometer; autoplay; clipboard-write; encrypted-media; gyroscope; picture-in-picture; web-share\" referrerpolicy=\"strict-origin-when-cross-origin\" allowfullscreen><\/iframe>\n<\/div><\/figure>\n\n\n\n<p>Dado que las canciones \u00abvillanas\u00bb (villancicos) est\u00e1n tan pr\u00f3ximos a las jarchas y a las cantigas, me gustar\u00eda que escuchasen estos ejemplos.<\/p>\n\n\n\n<p>Primero de jarchas moz\u00e1rabes:<\/p>\n\n\n\n<figure class=\"wp-block-embed is-type-video is-provider-youtube wp-block-embed-youtube wp-embed-aspect-16-9 wp-has-aspect-ratio\"><div class=\"wp-block-embed__wrapper\">\n<iframe loading=\"lazy\" title=\"&quot;Tant`amare,tant\u00b4amare&quot;Jarcha moz\u00e1rabe\" width=\"604\" height=\"340\" src=\"https:\/\/www.youtube.com\/embed\/M4LnctmBVwQ?feature=oembed\" frameborder=\"0\" allow=\"accelerometer; autoplay; clipboard-write; encrypted-media; gyroscope; picture-in-picture; web-share\" referrerpolicy=\"strict-origin-when-cross-origin\" allowfullscreen><\/iframe>\n<\/div><figcaption class=\"wp-element-caption\">Jarcha moz\u00e1rabe.<\/figcaption><\/figure>\n\n\n\n<p>Gracias a que los jud\u00edos son los mejores conservadores de la tradici\u00f3n, podemos saber c\u00f3mo sonaba el espa\u00f1ol medieval, que ellos han conservado como sefarditas:<\/p>\n\n\n\n<figure class=\"wp-block-embed is-type-video is-provider-youtube wp-block-embed-youtube wp-embed-aspect-4-3 wp-has-aspect-ratio\"><div class=\"wp-block-embed__wrapper\">\n<iframe loading=\"lazy\" title=\"Jarcha moz\u00e1rabe\" width=\"604\" height=\"453\" src=\"https:\/\/www.youtube.com\/embed\/zDq-8BbLykc?feature=oembed\" frameborder=\"0\" allow=\"accelerometer; autoplay; clipboard-write; encrypted-media; gyroscope; picture-in-picture; web-share\" referrerpolicy=\"strict-origin-when-cross-origin\" allowfullscreen><\/iframe>\n<\/div><figcaption class=\"wp-element-caption\">Jarcha moz\u00e1rabe.<\/figcaption><\/figure>\n\n\n\n<p><br \/>Curiosamente, en esta canci\u00f3n, se a\u00fanan palabras \u00e1rabes, romances y hebreas.<br \/>No quiero acabar sin hacer una menci\u00f3n de las \u00abcantigas\u00bb. Desde hace m\u00e1s de cincuenta a\u00f1os, las cantigas de Mart\u00edn Codax me han ilusionado. En ellas he visto una mundo medieval distinto de los que me contaban (o distinto de lo que yo en mi ignorancia entend\u00eda).<br \/><br \/>Aqu\u00ed tenemos unas cantigas de amor. El recopilador es Martin Codax.<\/p>\n\n\n\n<figure class=\"wp-block-embed is-type-video is-provider-youtube wp-block-embed-youtube wp-embed-aspect-4-3 wp-has-aspect-ratio\"><div class=\"wp-block-embed__wrapper\">\n<iframe loading=\"lazy\" title=\"Cantigas De Amigo 1: Ondas Do Mar De Vigo\" width=\"604\" height=\"453\" src=\"https:\/\/www.youtube.com\/embed\/XhKzsQKCwww?list=PLi5aTa3VOKFwaN79Df7AbYmCqSqUSvc3k\" frameborder=\"0\" allow=\"accelerometer; autoplay; clipboard-write; encrypted-media; gyroscope; picture-in-picture; web-share\" referrerpolicy=\"strict-origin-when-cross-origin\" allowfullscreen><\/iframe>\n<\/div><figcaption class=\"wp-element-caption\">Ondas do mar do Vigo. Cantigas.<\/figcaption><\/figure>\n\n\n\n<p>No quiero terminar esta revisi\u00f3n de canciones villanas, sin mencionar a los jud\u00edos sefarditas que son los que mejor han conservado los textos y las m\u00fasicas medievales espa\u00f1olas.<\/p>\n\n\n\n<p>Les pongo un ejemplo de canci\u00f3n que cantaban los jud\u00edos en la Espa\u00f1a medieval y que conservan hasta hoy en d\u00eda.<\/p>\n\n\n\n<figure class=\"wp-block-embed is-type-video is-provider-youtube wp-block-embed-youtube wp-embed-aspect-16-9 wp-has-aspect-ratio\"><div class=\"wp-block-embed__wrapper\">\n<iframe loading=\"lazy\" title=\"Nani - Morenika Morenica Sephardic Ladino | \u05e0\u05d0\u05e0\u05d9 - \u05e9\u05d7\u05e8\u05d7\u05d5\u05e8\u05ea \u05dc\u05d0\u05d3\u05d9\u05e0\u05d5 \u05e1\u05e4\u05e8\u05d3\u05d9\" width=\"604\" height=\"340\" src=\"https:\/\/www.youtube.com\/embed\/4aKMxd7Zk0s?feature=oembed\" frameborder=\"0\" allow=\"accelerometer; autoplay; clipboard-write; encrypted-media; gyroscope; picture-in-picture; web-share\" referrerpolicy=\"strict-origin-when-cross-origin\" allowfullscreen><\/iframe>\n<\/div><figcaption class=\"wp-element-caption\">Morenica, m\u00fasica medieval sefard\u00ed.<\/figcaption><\/figure>\n\n\n\n<p>Algunas palabras ya no las entendemos, pero la mayor\u00eda s\u00ed. Me resulta sorprendente y maravilloso que seamos capaces de entender el espa\u00f1ol de hace seis siglos.<\/p>\n\n\n\n<p>En un viaje que hice ya hace muchos a\u00f1os a Estambul, me encontr\u00e9 con un grupo de sefarditas que estaban muy contentos, pues el gobierno espa\u00f1ol les daba el pasaporte espa\u00f1ol si ellos lo quer\u00edan.<\/p>\n\n\n\n<p>Una de las canciones de las que me hablaron fue esta:<\/p>\n\n\n\n<figure class=\"wp-block-embed is-type-video is-provider-youtube wp-block-embed-youtube wp-embed-aspect-16-9 wp-has-aspect-ratio\"><div class=\"wp-block-embed__wrapper\">\n<iframe loading=\"lazy\" title=\"A la una yo nac\u00ed. M\u00fasica Sefard\u00ed. Emilio Villalba &amp; Sephardica\" width=\"604\" height=\"340\" src=\"https:\/\/www.youtube.com\/embed\/clHsUvNWunM?feature=oembed\" frameborder=\"0\" allow=\"accelerometer; autoplay; clipboard-write; encrypted-media; gyroscope; picture-in-picture; web-share\" referrerpolicy=\"strict-origin-when-cross-origin\" allowfullscreen><\/iframe>\n<\/div><figcaption class=\"wp-element-caption\">A la una yo nac\u00ed. Canci\u00f3n sefard\u00ed.<\/figcaption><\/figure>\n\n\n\n<p>Todo esto lo cantaban los villanos, luego podr\u00edamos decir que son Villancicos<\/p>\n\n\n\n<p>L\u00f3gicamente lo \u00fanico que he hecho ha sido picar un poco en lo que son los villancicos y c\u00f3mo llegaron a la forma m\u00e1s habitual actual, donde casi exclusivamente hablan de temas religiosos.<\/p>\n\n\n\n<p>En el siglo XVII los villancicos llegaron a Hispanoam\u00e9rica (perm\u00edtanme que no use el invento franc\u00e9s, ligado a la Leyenda Negra, de Latinoam\u00e9rica) y all\u00ed, como no pod\u00eda ser de otro modo, se mezclaron y tuvieron influencias ind\u00edgenas y africanas. Cuando he dicho que no pod\u00eda ser de otro modo, me refiero a los territorios hispanos; obviamente no hay nada similar en la Norteam\u00e9rica anglo, porque all\u00ed los ind\u00edgenas no pintaban absolutamente nada. Los villancicos adquirieron muchas lenguas, instrumentos y ritmos. Fue tambi\u00e9n en esta \u00e9poca cuando los villancicos empezaron a asociarse con la Navidad, y se cantaban en las iglesias durante las misas del gallo (misa de la noche de Nochebuena) y los maitines. Los temas t\u00edpicos eran el nacimiento de Jes\u00fas, San Jos\u00e9, los Reyes Magos, los pastores y la estrella de Bel\u00e9n. [2]<\/p>\n\n\n\n<p>Aqu\u00ed unos ejemplos:<\/p>\n\n\n\n<figure class=\"wp-block-embed is-type-video is-provider-youtube wp-block-embed-youtube wp-embed-aspect-16-9 wp-has-aspect-ratio\"><div class=\"wp-block-embed__wrapper\">\n<iframe loading=\"lazy\" title=\"Seis villancicos latinoamericanos (por pa\u00edses) - Subt. espa\u00f1ol HD\" width=\"604\" height=\"340\" src=\"https:\/\/www.youtube.com\/embed\/LORUXW2LPj0?feature=oembed\" frameborder=\"0\" allow=\"accelerometer; autoplay; clipboard-write; encrypted-media; gyroscope; picture-in-picture; web-share\" referrerpolicy=\"strict-origin-when-cross-origin\" allowfullscreen><\/iframe>\n<\/div><figcaption class=\"wp-element-caption\">Seis villancicos hispanoamericanos.<\/figcaption><\/figure>\n\n\n\n<p>No pretendo haber sido exhaustivo, ni mucho menos. Tan solo he querido ver lo compleja que es la historia de estas canciones populares que solemos cantar en Navidad.<\/p>\n\n\n\n<p>Para terminar les dejo con estos villancicos Virreinales (que no coloniales):<\/p>\n\n\n\n<figure class=\"wp-block-embed is-type-video is-provider-youtube wp-block-embed-youtube wp-embed-aspect-16-9 wp-has-aspect-ratio\"><div class=\"wp-block-embed__wrapper\">\n<iframe loading=\"lazy\" title=\"Villancicos Virreinales Hispanoamericanos\" width=\"604\" height=\"340\" src=\"https:\/\/www.youtube.com\/embed\/3YhftTLLlXk?feature=oembed\" frameborder=\"0\" allow=\"accelerometer; autoplay; clipboard-write; encrypted-media; gyroscope; picture-in-picture; web-share\" referrerpolicy=\"strict-origin-when-cross-origin\" allowfullscreen><\/iframe>\n<\/div><\/figure>\n\n\n\n<hr class=\"wp-block-separator has-alpha-channel-opacity\"\/>\n\n\n\n<p> <strong>Bibliograf\u00eda<\/strong><\/p>\n\n\n\n<p>[1] Gobierno de M\u00e9xico. Entrada: <em>Villancicos, \u00bfcu\u00e1l es su origen?<\/em> <a href=\"https:\/\/www.gob.mx\/siap\/articulos\/villancicos-cual-es-su-origen\" target=\"_blank\" rel=\"noreferrer noopener\">https:\/\/www.gob.mx\/siap\/articulos\/villancicos-cual-es-su-origen<\/a><\/p>\n\n\n\n<p>[2] Sadurn\u00ed, J. M. <em>villancicos, las canciones t\u00edpicas de la Navidad<\/em>. National Geographic. 18 de diciembre de 2023. <a href=\"https:\/\/historia.nationalgeographic.com.es\/a\/origen-villancicos-alegres-canciones-navidad_15987\" target=\"_blank\" rel=\"noreferrer noopener\">https:\/\/historia.nationalgeographic.com.es\/a\/origen-villancicos-alegres-canciones-navidad_15987<\/a><\/p>\n\n\n\n<p><\/p>\n\n\n\n<hr class=\"wp-block-separator has-alpha-channel-opacity\"\/>\n\n\n\n<h3 class=\"wp-block-heading\"><strong>Nota sobre fotos<\/strong><\/h3>\n\n\n\n<p>Las fotos que se han utilizado, han sido realizadas por F\u00e9lix Ares y \u00c1lvaro Ares y las licenciamos como Creative Commons . Attribution 4.0. International CC by 4.0. Puede usarlas, pero deben dar cr\u00e9dito a los autores y que se han sacado de la p\u00e1gina https:\/\/felix.ares.fm<\/p>\n\n\n<div class=\"wp-block-image\">\n<figure class=\"aligncenter\"><a href=\"https:\/\/creativecommons.org\/licenses\/by\/4.0\/\"><img decoding=\"async\" src=\"https:\/\/i.creativecommons.org\/l\/by\/4.0\/88x31.png\" alt=\"Creative Commons License\"\/><\/a><\/figure>\n<\/div>\n\n\n<p class=\"has-text-align-center\">_ _ _<\/p>\n\n\n\n<p>NOTA: ya saben ustedes que el Spam est\u00e1 a la orden del d\u00eda. Si pusiera mi direcci\u00f3n de correo electr\u00f3nico en forma visible, mi buz\u00f3n se llenar\u00eda de basura. Si quieren ponerse en contacto conmigo, pueden hacerlo en esta direcci\u00f3n, que pienso est\u00e1 suficientemente dif\u00edcil para los robots.<\/p>\n\n\n\n<p> <\/p>\n\n\n<div class=\"wp-block-image\">\n<figure class=\"aligncenter size-large is-resized\"><img loading=\"lazy\" decoding=\"async\" width=\"703\" height=\"499\" src=\"http:\/\/felix.ares.fm\/wp-content\/uploads\/2016\/02\/tapas.ares_.fm_.2.jpg\" alt=\"\" class=\"wp-image-7476\" style=\"width:256px;height:182px\" srcset=\"https:\/\/felix.ares.fm\/wp-content\/uploads\/2016\/02\/tapas.ares_.fm_.2.jpg 703w, https:\/\/felix.ares.fm\/wp-content\/uploads\/2016\/02\/tapas.ares_.fm_.2-300x213.jpg 300w\" sizes=\"auto, (max-width: 703px) 100vw, 703px\" \/><\/figure>\n<\/div>\n\n\n<p><\/p>\n","protected":false},"excerpt":{"rendered":"<p>28 de diciembre de 2023 Estos d\u00edas los villancicos son habituales en centros comerciales, en las radios y el otros muchos sitios. Reconozco que algunos me gustan, pero hay otros, muy populares, que por un lado no los entiendo y, por otro, o\u00edrlos a todas horas se me puede llegar a hacer sumamente tedioso. Por &hellip; <a href=\"https:\/\/felix.ares.fm\/?p=14243\" class=\"more-link\">Seguir leyendo <span class=\"screen-reader-text\">Villancicos.<\/span> <span class=\"meta-nav\">&rarr;<\/span><\/a><\/p>\n","protected":false},"author":1,"featured_media":0,"comment_status":"closed","ping_status":"open","sticky":false,"template":"","format":"standard","meta":{"footnotes":""},"categories":[1372],"tags":[],"class_list":["post-14243","post","type-post","status-publish","format-standard","hentry","category-villancicos"],"_links":{"self":[{"href":"https:\/\/felix.ares.fm\/index.php?rest_route=\/wp\/v2\/posts\/14243","targetHints":{"allow":["GET"]}}],"collection":[{"href":"https:\/\/felix.ares.fm\/index.php?rest_route=\/wp\/v2\/posts"}],"about":[{"href":"https:\/\/felix.ares.fm\/index.php?rest_route=\/wp\/v2\/types\/post"}],"author":[{"embeddable":true,"href":"https:\/\/felix.ares.fm\/index.php?rest_route=\/wp\/v2\/users\/1"}],"replies":[{"embeddable":true,"href":"https:\/\/felix.ares.fm\/index.php?rest_route=%2Fwp%2Fv2%2Fcomments&post=14243"}],"version-history":[{"count":19,"href":"https:\/\/felix.ares.fm\/index.php?rest_route=\/wp\/v2\/posts\/14243\/revisions"}],"predecessor-version":[{"id":14280,"href":"https:\/\/felix.ares.fm\/index.php?rest_route=\/wp\/v2\/posts\/14243\/revisions\/14280"}],"wp:attachment":[{"href":"https:\/\/felix.ares.fm\/index.php?rest_route=%2Fwp%2Fv2%2Fmedia&parent=14243"}],"wp:term":[{"taxonomy":"category","embeddable":true,"href":"https:\/\/felix.ares.fm\/index.php?rest_route=%2Fwp%2Fv2%2Fcategories&post=14243"},{"taxonomy":"post_tag","embeddable":true,"href":"https:\/\/felix.ares.fm\/index.php?rest_route=%2Fwp%2Fv2%2Ftags&post=14243"}],"curies":[{"name":"wp","href":"https:\/\/api.w.org\/{rel}","templated":true}]}}