{"id":13757,"date":"2023-09-27T00:52:00","date_gmt":"2023-09-26T22:52:00","guid":{"rendered":"https:\/\/felix.ares.fm\/?p=13757"},"modified":"2023-09-28T21:09:47","modified_gmt":"2023-09-28T19:09:47","slug":"excursion-a-lorca-murcia-11-la-ultima-comida-en-el-hotel-lorenzo","status":"publish","type":"post","link":"https:\/\/felix.ares.fm\/?p=13757","title":{"rendered":"Cafeter\u00eda cervecer\u00eda Baguettin en Fuengirola."},"content":{"rendered":"\n<p><strong>27 de septiembre de 2023<\/strong><\/p>\n\n\n\n<p><strong>En el bar Baguettin con una ca\u00f1a o un vino te dan una tapita a elegir entre varias.<\/strong><\/p>\n\n\n\n<p>A mi me gusta acompa\u00f1ar las bebidas con una tapita. Por eso me encanta Madrid, Granada, Almer\u00eda, Ja\u00e9n, Vigo, Lugo, Santiago de Compostela&#8230;<\/p>\n\n\n\n<p>Las de Granada y Almer\u00eda son excelentes.<\/p>\n\n\n\n<p>En Fuengirola la costumbre de \u00abregalar\u00bb  no est\u00e1 muy extendida, por eso me ha gustado descubrir un bar que s\u00ed lo hace.<\/p>\n\n\n\n<p>Ped\u00ed un vino blanco y me dieron a elegir entre varias tapas. Me qued\u00e9 con lengua y boquerones.<\/p>\n\n\n\n<figure class=\"wp-block-image size-full\"><img loading=\"lazy\" decoding=\"async\" width=\"640\" height=\"289\" src=\"https:\/\/felix.ares.fm\/wp-content\/uploads\/2023\/09\/IMG20230922133024-minSC.jpg\" alt=\"\" class=\"wp-image-13775\" srcset=\"https:\/\/felix.ares.fm\/wp-content\/uploads\/2023\/09\/IMG20230922133024-minSC.jpg 640w, https:\/\/felix.ares.fm\/wp-content\/uploads\/2023\/09\/IMG20230922133024-minSC-300x135.jpg 300w\" sizes=\"auto, (max-width: 640px) 100vw, 640px\" \/><figcaption class=\"wp-element-caption\">Cafeter\u00eda cervecer\u00eda Baguettin. En el Camino de Coi\u00edn 27<\/figcaption><\/figure>\n\n\n\n<p>Aunque no se vea bien en la foto, a la izquierda hay una terreza.<\/p>\n\n\n<div class=\"wp-block-image\">\n<figure class=\"aligncenter size-full\"><img loading=\"lazy\" decoding=\"async\" width=\"640\" height=\"410\" src=\"https:\/\/felix.ares.fm\/wp-content\/uploads\/2023\/09\/0IMG20230928125910-min.jpg\" alt=\"\" class=\"wp-image-13794\" srcset=\"https:\/\/felix.ares.fm\/wp-content\/uploads\/2023\/09\/0IMG20230928125910-min.jpg 640w, https:\/\/felix.ares.fm\/wp-content\/uploads\/2023\/09\/0IMG20230928125910-min-300x192.jpg 300w\" sizes=\"auto, (max-width: 640px) 100vw, 640px\" \/><figcaption class=\"wp-element-caption\">A la izquierda la terraza.<\/figcaption><\/figure>\n<\/div>\n\n<div class=\"wp-block-image\">\n<figure class=\"aligncenter size-full\"><img loading=\"lazy\" decoding=\"async\" width=\"639\" height=\"480\" src=\"https:\/\/felix.ares.fm\/wp-content\/uploads\/2023\/09\/0IMG20230928130142SC-min.jpg\" alt=\"\" class=\"wp-image-13795\" srcset=\"https:\/\/felix.ares.fm\/wp-content\/uploads\/2023\/09\/0IMG20230928130142SC-min.jpg 639w, https:\/\/felix.ares.fm\/wp-content\/uploads\/2023\/09\/0IMG20230928130142SC-min-300x225.jpg 300w\" sizes=\"auto, (max-width: 639px) 100vw, 639px\" \/><figcaption class=\"wp-element-caption\">Interior,<\/figcaption><\/figure>\n<\/div>\n\n<div class=\"wp-block-image\">\n<figure class=\"aligncenter size-full\"><img loading=\"lazy\" decoding=\"async\" width=\"360\" height=\"480\" src=\"https:\/\/felix.ares.fm\/wp-content\/uploads\/2023\/09\/IMG20230928130001-min.jpg\" alt=\"\" class=\"wp-image-13796\" srcset=\"https:\/\/felix.ares.fm\/wp-content\/uploads\/2023\/09\/IMG20230928130001-min.jpg 360w, https:\/\/felix.ares.fm\/wp-content\/uploads\/2023\/09\/IMG20230928130001-min-225x300.jpg 225w\" sizes=\"auto, (max-width: 360px) 100vw, 360px\" \/><figcaption class=\"wp-element-caption\">Ofertas. A las de la pizarra habr\u00eda que a\u00f1adir que vino+tapa 2,20\u20ac<\/figcaption><\/figure>\n<\/div>\n\n<div class=\"wp-block-image\">\n<figure class=\"aligncenter size-full is-resized\"><img loading=\"lazy\" decoding=\"async\" src=\"https:\/\/felix.ares.fm\/wp-content\/uploads\/2023\/09\/IMG20230922132200-min.jpg\" alt=\"\" class=\"wp-image-13776\" style=\"width:360px;height:480px\" width=\"360\" height=\"480\" srcset=\"https:\/\/felix.ares.fm\/wp-content\/uploads\/2023\/09\/IMG20230922132200-min.jpg 360w, https:\/\/felix.ares.fm\/wp-content\/uploads\/2023\/09\/IMG20230922132200-min-225x300.jpg 225w\" sizes=\"auto, (max-width: 360px) 100vw, 360px\" \/><figcaption class=\"wp-element-caption\">Copa de vino blanco.<\/figcaption><\/figure>\n<\/div>\n\n<div class=\"wp-block-image\">\n<figure class=\"aligncenter size-full\"><img loading=\"lazy\" decoding=\"async\" width=\"360\" height=\"480\" src=\"https:\/\/felix.ares.fm\/wp-content\/uploads\/2023\/09\/IMG20230922132157-min.jpg\" alt=\"\" class=\"wp-image-13777\" srcset=\"https:\/\/felix.ares.fm\/wp-content\/uploads\/2023\/09\/IMG20230922132157-min.jpg 360w, https:\/\/felix.ares.fm\/wp-content\/uploads\/2023\/09\/IMG20230922132157-min-225x300.jpg 225w\" sizes=\"auto, (max-width: 360px) 100vw, 360px\" \/><figcaption class=\"wp-element-caption\">Tapita de boquerones fritos.<\/figcaption><\/figure>\n<\/div>\n\n<div class=\"wp-block-image\">\n<figure class=\"aligncenter size-full\"><img loading=\"lazy\" decoding=\"async\" width=\"360\" height=\"480\" src=\"https:\/\/felix.ares.fm\/wp-content\/uploads\/2023\/09\/IMG20230922132154-min.jpg\" alt=\"\" class=\"wp-image-13778\" srcset=\"https:\/\/felix.ares.fm\/wp-content\/uploads\/2023\/09\/IMG20230922132154-min.jpg 360w, https:\/\/felix.ares.fm\/wp-content\/uploads\/2023\/09\/IMG20230922132154-min-225x300.jpg 225w\" sizes=\"auto, (max-width: 360px) 100vw, 360px\" \/><figcaption class=\"wp-element-caption\">Lengua guisada.<\/figcaption><\/figure>\n<\/div>\n\n<div class=\"wp-block-image\">\n<figure class=\"aligncenter size-full\"><img loading=\"lazy\" decoding=\"async\" width=\"640\" height=\"289\" src=\"https:\/\/felix.ares.fm\/wp-content\/uploads\/2023\/09\/IMG20230928131239-min.jpg\" alt=\"\" class=\"wp-image-13797\" srcset=\"https:\/\/felix.ares.fm\/wp-content\/uploads\/2023\/09\/IMG20230928131239-min.jpg 640w, https:\/\/felix.ares.fm\/wp-content\/uploads\/2023\/09\/IMG20230928131239-min-300x135.jpg 300w\" sizes=\"auto, (max-width: 640px) 100vw, 640px\" \/><figcaption class=\"wp-element-caption\">Mollejas.<\/figcaption><\/figure>\n<\/div>\n\n\n<p><strong>Uicaci\u00f3n<\/strong><\/p>\n\n\n\n<p>Camino de Coin 27, Fuengirola.<\/p>\n\n\n\n<p><strong>Precio<\/strong><\/p>\n\n\n\n<p>La copa de vino blanco m\u00e1s la tapita: 2,20\u20ac.<\/p>\n\n\n\n<hr class=\"wp-block-separator has-alpha-channel-opacity\"\/>\n\n\n\n<h3 class=\"wp-block-heading\"><strong>Nota sobre fotos<\/strong><\/h3>\n\n\n\n<p>Las fotos que se han utilizado, han sido realizadas por F\u00e9lix Ares y \u00c1lvaro Ares y las licenciamos como Creative Commons . Attribution 4.0. International CC by 4.0. Puede usarlas, pero deben dar cr\u00e9dito a los autores y que se han sacado de la p\u00e1gina https:\/\/felix.ares.fm<\/p>\n\n\n<div class=\"wp-block-image\">\n<figure class=\"aligncenter\"><a href=\"https:\/\/creativecommons.org\/licenses\/by\/4.0\/\"><img decoding=\"async\" src=\"https:\/\/i.creativecommons.org\/l\/by\/4.0\/88x31.png\" alt=\"Creative Commons License\"\/><\/a><\/figure>\n<\/div>\n\n\n<p class=\"has-text-align-center\">_ _ _<\/p>\n\n\n\n<p>NOTA: ya saben ustedes que el Spam est\u00e1 a la orden del d\u00eda. Si pusiera mi direcci\u00f3n de correo electr\u00f3nico en forma visible, mi buz\u00f3n se llenar\u00eda de basura. Si quieren ponerse en contacto conmigo, pueden hacerlo en esta direcci\u00f3n, que pienso est\u00e1 suficientemente dif\u00edcil para los robots.<\/p>\n\n\n\n<p> <\/p>\n\n\n<div class=\"wp-block-image\">\n<figure class=\"aligncenter size-large is-resized\"><img loading=\"lazy\" decoding=\"async\" src=\"http:\/\/felix.ares.fm\/wp-content\/uploads\/2016\/02\/tapas.ares_.fm_.2.jpg\" alt=\"\" class=\"wp-image-7476\" style=\"width:256px;height:182px\" width=\"256\" height=\"182\" srcset=\"https:\/\/felix.ares.fm\/wp-content\/uploads\/2016\/02\/tapas.ares_.fm_.2.jpg 703w, https:\/\/felix.ares.fm\/wp-content\/uploads\/2016\/02\/tapas.ares_.fm_.2-300x213.jpg 300w\" sizes=\"auto, (max-width: 256px) 100vw, 256px\" \/><\/figure>\n<\/div>\n\n\n<p><\/p>\n","protected":false},"excerpt":{"rendered":"<p>27 de septiembre de 2023 En el bar Baguettin con una ca\u00f1a o un vino te dan una tapita a elegir entre varias. A mi me gusta acompa\u00f1ar las bebidas con una tapita. Por eso me encanta Madrid, Granada, Almer\u00eda, Ja\u00e9n, Vigo, Lugo, Santiago de Compostela&#8230; Las de Granada y Almer\u00eda son excelentes. En Fuengirola &hellip; <a href=\"https:\/\/felix.ares.fm\/?p=13757\" class=\"more-link\">Seguir leyendo <span class=\"screen-reader-text\">Cafeter\u00eda cervecer\u00eda Baguettin en Fuengirola.<\/span> <span class=\"meta-nav\">&rarr;<\/span><\/a><\/p>\n","protected":false},"author":1,"featured_media":0,"comment_status":"closed","ping_status":"open","sticky":false,"template":"","format":"standard","meta":{"footnotes":""},"categories":[257,142],"tags":[1201],"class_list":["post-13757","post","type-post","status-publish","format-standard","hentry","category-bar-2","category-cerveceria","tag-cafeteria-cerveceria-baguettin"],"_links":{"self":[{"href":"https:\/\/felix.ares.fm\/index.php?rest_route=\/wp\/v2\/posts\/13757","targetHints":{"allow":["GET"]}}],"collection":[{"href":"https:\/\/felix.ares.fm\/index.php?rest_route=\/wp\/v2\/posts"}],"about":[{"href":"https:\/\/felix.ares.fm\/index.php?rest_route=\/wp\/v2\/types\/post"}],"author":[{"embeddable":true,"href":"https:\/\/felix.ares.fm\/index.php?rest_route=\/wp\/v2\/users\/1"}],"replies":[{"embeddable":true,"href":"https:\/\/felix.ares.fm\/index.php?rest_route=%2Fwp%2Fv2%2Fcomments&post=13757"}],"version-history":[{"count":4,"href":"https:\/\/felix.ares.fm\/index.php?rest_route=\/wp\/v2\/posts\/13757\/revisions"}],"predecessor-version":[{"id":13798,"href":"https:\/\/felix.ares.fm\/index.php?rest_route=\/wp\/v2\/posts\/13757\/revisions\/13798"}],"wp:attachment":[{"href":"https:\/\/felix.ares.fm\/index.php?rest_route=%2Fwp%2Fv2%2Fmedia&parent=13757"}],"wp:term":[{"taxonomy":"category","embeddable":true,"href":"https:\/\/felix.ares.fm\/index.php?rest_route=%2Fwp%2Fv2%2Fcategories&post=13757"},{"taxonomy":"post_tag","embeddable":true,"href":"https:\/\/felix.ares.fm\/index.php?rest_route=%2Fwp%2Fv2%2Ftags&post=13757"}],"curies":[{"name":"wp","href":"https:\/\/api.w.org\/{rel}","templated":true}]}}