{"id":13731,"date":"2023-09-24T08:52:00","date_gmt":"2023-09-24T06:52:00","guid":{"rendered":"https:\/\/felix.ares.fm\/?p=13731"},"modified":"2023-09-25T21:09:33","modified_gmt":"2023-09-25T19:09:33","slug":"excursion-a-lorca-murcia-9-parada-tecnica-en-el-restaurante-el-romeral-de-baza-granada","status":"publish","type":"post","link":"https:\/\/felix.ares.fm\/?p=13731","title":{"rendered":"Excursi\u00f3n a Lorca (Murcia) (9).  Parada t\u00e9cnica en el restaurante \u00abEl Romeral\u00bb de Baza (Granada)."},"content":{"rendered":"\n<p><strong>25 de septiembre de 2023<\/strong><\/p>\n\n\n\n<p><strong>Los d\u00edas 8, 9 y 10 de septiembre fuimos de excursi\u00f3n a Lorca (Murcia) y sus alrededores. El viaje estaba organizado por la agencia de viajes Alcaraz. En la entrada anterior hablamos  de la visita  a V\u00e9lez Rubio. En esta entrada voy a hablar de una parada t\u00e9cnica en El Romeral de Baza (Granada)<\/strong><\/p>\n\n\n\n<p>Un poco antes de parar, Juan, que c\u00f3mo ya he dicho conoce todas las an\u00e9cdotas de much\u00edsimas partes, nos coment\u00f3 que en este lugar ten\u00edan una granja de avestruces y que, quiz\u00e1 podr\u00edamos verlos. Nada m\u00e1s bajarme me fui a la zona de la granja y all\u00ed vi varios burros, algunas ovejas, creo que alguna cabra, y muchos restos de almendras, pero de avestruces nada. Sin embargo al ver su carta, s\u00ed que ofrecen avestruz. [1]<\/p>\n\n\n\n<p>Adem\u00e1s de avestruz tambi\u00e9n ofrecen cordero \u00e1rabe, lechal de burgos y ternera blanca de \u00c1vila.<\/p>\n\n\n<div class=\"wp-block-image\">\n<figure class=\"aligncenter size-full\"><img loading=\"lazy\" decoding=\"async\" width=\"640\" height=\"289\" src=\"https:\/\/felix.ares.fm\/wp-content\/uploads\/2023\/09\/IMG20230910160028-min.jpg\" alt=\"\" class=\"wp-image-13733\" srcset=\"https:\/\/felix.ares.fm\/wp-content\/uploads\/2023\/09\/IMG20230910160028-min.jpg 640w, https:\/\/felix.ares.fm\/wp-content\/uploads\/2023\/09\/IMG20230910160028-min-300x135.jpg 300w\" sizes=\"auto, (max-width: 640px) 100vw, 640px\" \/><figcaption class=\"wp-element-caption\">Restaurante El Romeral<\/figcaption><\/figure>\n<\/div>\n\n<div class=\"wp-block-image\">\n<figure class=\"aligncenter size-full\"><img loading=\"lazy\" decoding=\"async\" width=\"640\" height=\"289\" src=\"https:\/\/felix.ares.fm\/wp-content\/uploads\/2023\/09\/IMG20230910155736-min.jpg\" alt=\"\" class=\"wp-image-13734\" srcset=\"https:\/\/felix.ares.fm\/wp-content\/uploads\/2023\/09\/IMG20230910155736-min.jpg 640w, https:\/\/felix.ares.fm\/wp-content\/uploads\/2023\/09\/IMG20230910155736-min-300x135.jpg 300w\" sizes=\"auto, (max-width: 640px) 100vw, 640px\" \/><figcaption class=\"wp-element-caption\">Burro en El Romeral<\/figcaption><\/figure>\n<\/div>\n\n<div class=\"wp-block-image\">\n<figure class=\"aligncenter size-full\"><img loading=\"lazy\" decoding=\"async\" width=\"525\" height=\"480\" src=\"https:\/\/felix.ares.fm\/wp-content\/uploads\/2023\/09\/0IMG20230910155830-min.jpg\" alt=\"\" class=\"wp-image-13735\" srcset=\"https:\/\/felix.ares.fm\/wp-content\/uploads\/2023\/09\/0IMG20230910155830-min.jpg 525w, https:\/\/felix.ares.fm\/wp-content\/uploads\/2023\/09\/0IMG20230910155830-min-300x274.jpg 300w\" sizes=\"auto, (max-width: 525px) 100vw, 525px\" \/><figcaption class=\"wp-element-caption\">Ovejas en El Romeral.<\/figcaption><\/figure>\n<\/div>\n\n<div class=\"wp-block-image\">\n<figure class=\"aligncenter size-full\"><img loading=\"lazy\" decoding=\"async\" width=\"640\" height=\"289\" src=\"https:\/\/felix.ares.fm\/wp-content\/uploads\/2023\/09\/IMG20230910155825-min.jpg\" alt=\"\" class=\"wp-image-13736\" srcset=\"https:\/\/felix.ares.fm\/wp-content\/uploads\/2023\/09\/IMG20230910155825-min.jpg 640w, https:\/\/felix.ares.fm\/wp-content\/uploads\/2023\/09\/IMG20230910155825-min-300x135.jpg 300w\" sizes=\"auto, (max-width: 640px) 100vw, 640px\" \/><figcaption class=\"wp-element-caption\">Restos de almendras en El Romeral.<\/figcaption><\/figure>\n<\/div>\n\n\n<p>Y no vi ning\u00fan avestruz. La carne de avestruz se considera carne roja, pero tiene mucha menos grasa (tan solo el 3%) que la de vaca (10,5%) o la de cerdo (15,2%). Tambi\u00e9n tiene mucho menos colesterol. [Datos sacados de 2]<\/p>\n\n\n\n<p>No s\u00e9 si ustedes han probado la carne de avestruz. Yo la he probado como un filete frito y me ha parecido bastante bueno.<\/p>\n\n\n\n<p>Adem\u00e1s de ser un restaurante, El Romeral, tambi\u00e9n es un bar:<\/p>\n\n\n<div class=\"wp-block-image\">\n<figure class=\"aligncenter size-full\"><img loading=\"lazy\" decoding=\"async\" width=\"639\" height=\"480\" src=\"https:\/\/felix.ares.fm\/wp-content\/uploads\/2023\/09\/0IMG20230910160118SC-min.jpg\" alt=\"\" class=\"wp-image-13738\" srcset=\"https:\/\/felix.ares.fm\/wp-content\/uploads\/2023\/09\/0IMG20230910160118SC-min.jpg 639w, https:\/\/felix.ares.fm\/wp-content\/uploads\/2023\/09\/0IMG20230910160118SC-min-300x225.jpg 300w\" sizes=\"auto, (max-width: 639px) 100vw, 639px\" \/><figcaption class=\"wp-element-caption\">Barra del bar de El Romeral.<\/figcaption><\/figure>\n<\/div>\n\n\n<p>Adem\u00e1s de bar tambi\u00e9n venden los productos t\u00edpicos de la zona.<\/p>\n\n\n<div class=\"wp-block-image\">\n<figure class=\"aligncenter size-full\"><img loading=\"lazy\" decoding=\"async\" width=\"640\" height=\"289\" src=\"https:\/\/felix.ares.fm\/wp-content\/uploads\/2023\/09\/IMG20230910161024-min.jpg\" alt=\"\" class=\"wp-image-13739\" srcset=\"https:\/\/felix.ares.fm\/wp-content\/uploads\/2023\/09\/IMG20230910161024-min.jpg 640w, https:\/\/felix.ares.fm\/wp-content\/uploads\/2023\/09\/IMG20230910161024-min-300x135.jpg 300w\" sizes=\"auto, (max-width: 640px) 100vw, 640px\" \/><figcaption class=\"wp-element-caption\">Embutidos.<\/figcaption><\/figure>\n<\/div>\n\n<div class=\"wp-block-image\">\n<figure class=\"aligncenter size-full\"><img loading=\"lazy\" decoding=\"async\" width=\"640\" height=\"289\" src=\"https:\/\/felix.ares.fm\/wp-content\/uploads\/2023\/09\/IMG20230910161025-min.jpg\" alt=\"\" class=\"wp-image-13740\" srcset=\"https:\/\/felix.ares.fm\/wp-content\/uploads\/2023\/09\/IMG20230910161025-min.jpg 640w, https:\/\/felix.ares.fm\/wp-content\/uploads\/2023\/09\/IMG20230910161025-min-300x135.jpg 300w\" sizes=\"auto, (max-width: 640px) 100vw, 640px\" \/><figcaption class=\"wp-element-caption\">Si no me confundo son morcillas.<\/figcaption><\/figure>\n<\/div>\n\n<div class=\"wp-block-image\">\n<figure class=\"aligncenter size-full\"><img loading=\"lazy\" decoding=\"async\" width=\"419\" height=\"246\" src=\"https:\/\/felix.ares.fm\/wp-content\/uploads\/2023\/09\/0IMG20230910161006-min.jpg\" alt=\"\" class=\"wp-image-13741\" srcset=\"https:\/\/felix.ares.fm\/wp-content\/uploads\/2023\/09\/0IMG20230910161006-min.jpg 419w, https:\/\/felix.ares.fm\/wp-content\/uploads\/2023\/09\/0IMG20230910161006-min-300x176.jpg 300w\" sizes=\"auto, (max-width: 419px) 100vw, 419px\" \/><figcaption class=\"wp-element-caption\">Varios embutidos.<\/figcaption><\/figure>\n<\/div>\n\n\n<figure class=\"wp-block-image size-full\"><img loading=\"lazy\" decoding=\"async\" width=\"639\" height=\"403\" src=\"https:\/\/felix.ares.fm\/wp-content\/uploads\/2023\/09\/0IMG20230910161436BC.jpg\" alt=\"\" class=\"wp-image-13742\" srcset=\"https:\/\/felix.ares.fm\/wp-content\/uploads\/2023\/09\/0IMG20230910161436BC.jpg 639w, https:\/\/felix.ares.fm\/wp-content\/uploads\/2023\/09\/0IMG20230910161436BC-300x189.jpg 300w\" sizes=\"auto, (max-width: 639px) 100vw, 639px\" \/><figcaption class=\"wp-element-caption\">La sugerencia de hoy en el restaurante era choto al ajillo por 16 euros. <\/figcaption><\/figure>\n\n\n\n<p>Dentro del bar hab\u00eda una anuncio de venta de almendros. Seg\u00fan nos acerc\u00e1bamos al restaurante pasamos por varias plantaciones con almendros.<\/p>\n\n\n<div class=\"wp-block-image\">\n<figure class=\"aligncenter size-full\"><img decoding=\"async\" src=\"https:\/\/felix.ares.fm\/wp-content\/uploads\/2023\/09\/0IMG20230910155120BC.jpg\" alt=\"\" class=\"wp-image-13743\"\/><figcaption class=\"wp-element-caption\">Creo que son almendros.<\/figcaption><\/figure>\n<\/div>\n\n\n<figure class=\"wp-block-image size-full\"><img loading=\"lazy\" decoding=\"async\" width=\"640\" height=\"289\" src=\"https:\/\/felix.ares.fm\/wp-content\/uploads\/2023\/09\/0IMG20230910155112BC.jpg\" alt=\"\" class=\"wp-image-13744\" srcset=\"https:\/\/felix.ares.fm\/wp-content\/uploads\/2023\/09\/0IMG20230910155112BC.jpg 640w, https:\/\/felix.ares.fm\/wp-content\/uploads\/2023\/09\/0IMG20230910155112BC-300x135.jpg 300w\" sizes=\"auto, (max-width: 640px) 100vw, 640px\" \/><figcaption class=\"wp-element-caption\">Creo que son almendros.<\/figcaption><\/figure>\n\n\n\n<figure class=\"wp-block-image size-full\"><img loading=\"lazy\" decoding=\"async\" width=\"640\" height=\"289\" src=\"https:\/\/felix.ares.fm\/wp-content\/uploads\/2023\/09\/0IMG20230910155120BC.jpg\" alt=\"\" class=\"wp-image-13745\" srcset=\"https:\/\/felix.ares.fm\/wp-content\/uploads\/2023\/09\/0IMG20230910155120BC.jpg 640w, https:\/\/felix.ares.fm\/wp-content\/uploads\/2023\/09\/0IMG20230910155120BC-300x135.jpg 300w\" sizes=\"auto, (max-width: 640px) 100vw, 640px\" \/><figcaption class=\"wp-element-caption\">\u00bfAlmendros?<\/figcaption><\/figure>\n\n\n<div class=\"wp-block-image\">\n<figure class=\"aligncenter size-full\"><img loading=\"lazy\" decoding=\"async\" width=\"640\" height=\"480\" src=\"https:\/\/felix.ares.fm\/wp-content\/uploads\/2023\/09\/IMG20230910161423.jpg\" alt=\"\" class=\"wp-image-13746\" srcset=\"https:\/\/felix.ares.fm\/wp-content\/uploads\/2023\/09\/IMG20230910161423.jpg 640w, https:\/\/felix.ares.fm\/wp-content\/uploads\/2023\/09\/IMG20230910161423-300x225.jpg 300w\" sizes=\"auto, (max-width: 640px) 100vw, 640px\" \/><figcaption class=\"wp-element-caption\">A la salida vimos que hab\u00eda unos bonitos geranios.<\/figcaption><\/figure>\n<\/div>\n\n\n<p>As\u00ed acab\u00f3 esta parada y continuamos el viaje.<\/p>\n\n\n\n<p><\/p>\n\n\n\n<hr class=\"wp-block-separator has-alpha-channel-opacity\"\/>\n\n\n\n<h3 class=\"wp-block-heading\">Bibliograf\u00eda y notas<\/h3>\n\n\n\n<p>[1] Buscorestaurantes. El Romeral. <a href=\"http:\/\/www.buscorestaurantes.com\/restaurante\/Restaurante-El-Romeral-105738-0\">Restaurante: Restaurante El Romeral | Baza (buscorestaurantes.com)<\/a><\/p>\n\n\n\n<p>[2] Wikipedia. Entrada <em>Carne de avestruz<\/em>. <a href=\"https:\/\/es.wikipedia.org\/wiki\/Carne_de_avestruz\">Carne de avestruz &#8211; Wikipedia, la enciclopedia libre<\/a><\/p>\n\n\n\n<p><strong>Nota sobre fotos<\/strong><\/p>\n\n\n\n<p>Las fotos que se han utilizado, han sido realizadas por F\u00e9lix Ares y \u00c1lvaro Ares y las licenciamos como Creative Commons . Attribution 4.0. International CC by 4.0. Puede usarlas, pero deben dar cr\u00e9dito a los autores y que se han sacado de la p\u00e1gina https:\/\/felix.ares.fm<\/p>\n\n\n<div class=\"wp-block-image\">\n<figure class=\"aligncenter\"><a href=\"https:\/\/creativecommons.org\/licenses\/by\/4.0\/\"><img decoding=\"async\" src=\"https:\/\/i.creativecommons.org\/l\/by\/4.0\/88x31.png\" alt=\"Creative Commons License\"\/><\/a><\/figure>\n<\/div>\n\n\n<p class=\"has-text-align-center\">_ _ _<\/p>\n\n\n\n<p>NOTA: ya saben ustedes que el Spam est\u00e1 a la orden del d\u00eda. Si pusiera mi direcci\u00f3n de correo electr\u00f3nico en forma visible, mi buz\u00f3n se llenar\u00eda de basura. Si quieren ponerse en contacto conmigo, pueden hacerlo en esta direcci\u00f3n, que pienso est\u00e1 suficientemente dif\u00edcil para los robots.<\/p>\n\n\n\n<p> <\/p>\n\n\n<div class=\"wp-block-image\">\n<figure class=\"aligncenter size-large is-resized\"><img loading=\"lazy\" decoding=\"async\" src=\"http:\/\/felix.ares.fm\/wp-content\/uploads\/2016\/02\/tapas.ares_.fm_.2.jpg\" alt=\"\" class=\"wp-image-7476\" style=\"width:256px;height:182px\" width=\"256\" height=\"182\" srcset=\"https:\/\/felix.ares.fm\/wp-content\/uploads\/2016\/02\/tapas.ares_.fm_.2.jpg 703w, https:\/\/felix.ares.fm\/wp-content\/uploads\/2016\/02\/tapas.ares_.fm_.2-300x213.jpg 300w\" sizes=\"auto, (max-width: 256px) 100vw, 256px\" \/><\/figure>\n<\/div>\n\n\n<p><\/p>\n","protected":false},"excerpt":{"rendered":"<p>25 de septiembre de 2023 Los d\u00edas 8, 9 y 10 de septiembre fuimos de excursi\u00f3n a Lorca (Murcia) y sus alrededores. El viaje estaba organizado por la agencia de viajes Alcaraz. En la entrada anterior hablamos de la visita a V\u00e9lez Rubio. En esta entrada voy a hablar de una parada t\u00e9cnica en El &hellip; <a href=\"https:\/\/felix.ares.fm\/?p=13731\" class=\"more-link\">Seguir leyendo <span class=\"screen-reader-text\">Excursi\u00f3n a Lorca (Murcia) (9).  Parada t\u00e9cnica en el restaurante \u00abEl Romeral\u00bb de Baza (Granada).<\/span> <span class=\"meta-nav\">&rarr;<\/span><\/a><\/p>\n","protected":false},"author":1,"featured_media":0,"comment_status":"closed","ping_status":"open","sticky":false,"template":"","format":"standard","meta":{"footnotes":""},"categories":[1121,422,1195],"tags":[],"class_list":["post-13731","post","type-post","status-publish","format-standard","hentry","category-baza","category-granada","category-restaurante-el-romeral"],"_links":{"self":[{"href":"https:\/\/felix.ares.fm\/index.php?rest_route=\/wp\/v2\/posts\/13731","targetHints":{"allow":["GET"]}}],"collection":[{"href":"https:\/\/felix.ares.fm\/index.php?rest_route=\/wp\/v2\/posts"}],"about":[{"href":"https:\/\/felix.ares.fm\/index.php?rest_route=\/wp\/v2\/types\/post"}],"author":[{"embeddable":true,"href":"https:\/\/felix.ares.fm\/index.php?rest_route=\/wp\/v2\/users\/1"}],"replies":[{"embeddable":true,"href":"https:\/\/felix.ares.fm\/index.php?rest_route=%2Fwp%2Fv2%2Fcomments&post=13731"}],"version-history":[{"count":3,"href":"https:\/\/felix.ares.fm\/index.php?rest_route=\/wp\/v2\/posts\/13731\/revisions"}],"predecessor-version":[{"id":13747,"href":"https:\/\/felix.ares.fm\/index.php?rest_route=\/wp\/v2\/posts\/13731\/revisions\/13747"}],"wp:attachment":[{"href":"https:\/\/felix.ares.fm\/index.php?rest_route=%2Fwp%2Fv2%2Fmedia&parent=13731"}],"wp:term":[{"taxonomy":"category","embeddable":true,"href":"https:\/\/felix.ares.fm\/index.php?rest_route=%2Fwp%2Fv2%2Fcategories&post=13731"},{"taxonomy":"post_tag","embeddable":true,"href":"https:\/\/felix.ares.fm\/index.php?rest_route=%2Fwp%2Fv2%2Ftags&post=13731"}],"curies":[{"name":"wp","href":"https:\/\/api.w.org\/{rel}","templated":true}]}}