{"id":1370,"date":"2012-06-28T13:23:39","date_gmt":"2012-06-28T11:23:39","guid":{"rendered":"http:\/\/felix.ares.fm\/?p=1370"},"modified":"2016-02-22T18:09:42","modified_gmt":"2016-02-22T16:09:42","slug":"taberna-el-bandolero-tapa-cana-130e","status":"publish","type":"post","link":"https:\/\/felix.ares.fm\/?p=1370","title":{"rendered":"Taberna \u00abEl Bandolero\u00bb. Tapa + ca\u00f1a 1,30\u20ac"},"content":{"rendered":"<p><strong>27 de junio de 2012<\/strong><\/p>\n<p>Antes de continuar creemos que ser\u00eda bueno se\u00f1alar que tenemos nuestras propias man\u00edas. Por ejemplo, si estuvi\u00e9ramos en \u00abArzac\u00bb de San Sebasti\u00e1n y nos pusieran una televisi\u00f3n de cuarenta-y-no-s\u00e9-cuantas-pulgadas para ver el partido de no-s\u00e9-qu\u00e9 saldr\u00edamos corriendo. Para nosotros, ir a un restaurante, tasca, taberna, bar&#8230; es la disculpa para charlar y socializar, si nos ponen una tele a todo volumen, o unos ni\u00f1os tocando la vuvuzela, salimos corriendo.<\/p>\n<p>Tampoco nos gustan los manteles de pl\u00e1stico. Reconocemos que son c\u00f3modos y limpios, pero no nos gustan. Preferimos los manteles de tela o la simple madera barnizada&#8230;<\/p>\n<p>Nos estamos yendo por los cerros de \u00dabeda&#8230;<\/p>\n<p>Muy cerca de la Plaza de la Hispanidad hay una \u00abTaberna\u00bb &#8211;de acuerdo con su propia denominaci\u00f3n&#8211; que nos ofrecen \u00abca\u00f1a+tapa\u00bb por 1,30 \u20ac. Fuimos a probar. Y, la verdad, es que el resultado nos satisfizo. La ca\u00f1a era de tama\u00f1o normal y las tapas muy ricas, bien guisadas y muy interesantes.<\/p>\n<p>La decoraci\u00f3n del local, que recuerda las tabernas de pueblo, es muy grata. Lo \u00fanico malo, las pu\u00f1eteras televisiones&#8230; \u00a1Qu\u00e9 pesadilla!<\/p>\n<figure id=\"attachment_1371\" aria-describedby=\"caption-attachment-1371\" style=\"width: 300px\" class=\"wp-caption aligncenter\"><a href=\"http:\/\/felix.ares.fm\/wp-content\/uploads\/2012\/06\/1b-taberna.jpg\"><img loading=\"lazy\" decoding=\"async\" class=\"size-medium wp-image-1371\" title=\"Taberna &quot;El Bandolero&quot;\" src=\"http:\/\/felix.ares.fm\/wp-content\/uploads\/2012\/06\/1b-taberna-300x200.jpg\" alt=\"Taberna &quot;El Bandolero&quot;\" width=\"300\" height=\"200\" srcset=\"https:\/\/felix.ares.fm\/wp-content\/uploads\/2012\/06\/1b-taberna-300x200.jpg 300w, https:\/\/felix.ares.fm\/wp-content\/uploads\/2012\/06\/1b-taberna.jpg 363w\" sizes=\"auto, (max-width: 300px) 100vw, 300px\" \/><\/a><figcaption id=\"caption-attachment-1371\" class=\"wp-caption-text\">Taberna \u00abEl Bandolero\u00bb<\/figcaption><\/figure>\n<figure id=\"attachment_1372\" aria-describedby=\"caption-attachment-1372\" style=\"width: 300px\" class=\"wp-caption aligncenter\"><a href=\"http:\/\/felix.ares.fm\/wp-content\/uploads\/2012\/06\/2-plaza-hispanidad.jpg\"><img loading=\"lazy\" decoding=\"async\" class=\"size-medium wp-image-1372\" title=\"&quot;El Bandolero&quot; est\u00e1 muy cerca de la Plaza de la Hispanidad. Esta es la plaza.\" src=\"http:\/\/felix.ares.fm\/wp-content\/uploads\/2012\/06\/2-plaza-hispanidad-300x200.jpg\" alt=\"&quot;El Bandolero&quot; est\u00e1 muy cerca de la Plaza de la Hispanidad. Esta es la plaza.\" width=\"300\" height=\"200\" srcset=\"https:\/\/felix.ares.fm\/wp-content\/uploads\/2012\/06\/2-plaza-hispanidad-300x200.jpg 300w, https:\/\/felix.ares.fm\/wp-content\/uploads\/2012\/06\/2-plaza-hispanidad.jpg 363w\" sizes=\"auto, (max-width: 300px) 100vw, 300px\" \/><\/a><figcaption id=\"caption-attachment-1372\" class=\"wp-caption-text\">\u00abEl Bandolero\u00bb est\u00e1 muy cerca de la Plaza de la Hispanidad. Esta es la plaza.<\/figcaption><\/figure>\n<figure id=\"attachment_1373\" aria-describedby=\"caption-attachment-1373\" style=\"width: 300px\" class=\"wp-caption aligncenter\"><a href=\"http:\/\/felix.ares.fm\/wp-content\/uploads\/2012\/06\/3-detalle-palaza-hispanidad.jpg\"><img loading=\"lazy\" decoding=\"async\" class=\"size-medium wp-image-1373\" title=\"Detalle Plaza Hispanidad\" src=\"http:\/\/felix.ares.fm\/wp-content\/uploads\/2012\/06\/3-detalle-palaza-hispanidad-300x200.jpg\" alt=\"Detalle Plaza Hispanidad\" width=\"300\" height=\"200\" srcset=\"https:\/\/felix.ares.fm\/wp-content\/uploads\/2012\/06\/3-detalle-palaza-hispanidad-300x200.jpg 300w, https:\/\/felix.ares.fm\/wp-content\/uploads\/2012\/06\/3-detalle-palaza-hispanidad.jpg 363w\" sizes=\"auto, (max-width: 300px) 100vw, 300px\" \/><\/a><figcaption id=\"caption-attachment-1373\" class=\"wp-caption-text\">Detalle Plaza Hispanidad<\/figcaption><\/figure>\n<figure id=\"attachment_1374\" aria-describedby=\"caption-attachment-1374\" style=\"width: 300px\" class=\"wp-caption aligncenter\"><a href=\"http:\/\/felix.ares.fm\/wp-content\/uploads\/2012\/06\/4-tapa-incuida-oferta.jpg\"><img loading=\"lazy\" decoding=\"async\" class=\"size-medium wp-image-1374\" title=\"Una de las tapas incluidas en la oferta de &quot;Ca\u00f1a + tapa&quot; 1,3 \u20ac. Se trata de huevos duros con mayonesa. \u00a1Estupendos!\" src=\"http:\/\/felix.ares.fm\/wp-content\/uploads\/2012\/06\/4-tapa-incuida-oferta-300x200.jpg\" alt=\"Una de las tapas incluidas en la oferta de &quot;Ca\u00f1a + tapa&quot; 1,3 \u20ac. Se trata de huevos duros con mayonesa. \u00a1Estupendos!\" width=\"300\" height=\"200\" srcset=\"https:\/\/felix.ares.fm\/wp-content\/uploads\/2012\/06\/4-tapa-incuida-oferta-300x200.jpg 300w, https:\/\/felix.ares.fm\/wp-content\/uploads\/2012\/06\/4-tapa-incuida-oferta.jpg 363w\" sizes=\"auto, (max-width: 300px) 100vw, 300px\" \/><\/a><figcaption id=\"caption-attachment-1374\" class=\"wp-caption-text\">Una de las tapas incluidas en la oferta de \u00abCa\u00f1a + tapa\u00bb 1,3 \u20ac. Se trata de huevos duros con mayonesa. \u00a1Estupendos!<\/figcaption><\/figure>\n<figure id=\"attachment_1375\" aria-describedby=\"caption-attachment-1375\" style=\"width: 300px\" class=\"wp-caption aligncenter\"><a href=\"http:\/\/felix.ares.fm\/wp-content\/uploads\/2012\/06\/56.jpg\"><img loading=\"lazy\" decoding=\"async\" class=\"size-medium wp-image-1375\" title=\"Ca\u00f1a y tapas\" src=\"http:\/\/felix.ares.fm\/wp-content\/uploads\/2012\/06\/56-300x200.jpg\" alt=\"Ca\u00f1a y tapas\" width=\"300\" height=\"200\" srcset=\"https:\/\/felix.ares.fm\/wp-content\/uploads\/2012\/06\/56-300x200.jpg 300w, https:\/\/felix.ares.fm\/wp-content\/uploads\/2012\/06\/56.jpg 363w\" sizes=\"auto, (max-width: 300px) 100vw, 300px\" \/><\/a><figcaption id=\"caption-attachment-1375\" class=\"wp-caption-text\">Ca\u00f1a y tapas<\/figcaption><\/figure>\n<figure id=\"attachment_1376\" aria-describedby=\"caption-attachment-1376\" style=\"width: 300px\" class=\"wp-caption aligncenter\"><a href=\"http:\/\/felix.ares.fm\/wp-content\/uploads\/2012\/06\/63.jpg\"><img loading=\"lazy\" decoding=\"async\" class=\"size-medium wp-image-1376\" title=\"Primer plano el huevo con mayonesa.\" src=\"http:\/\/felix.ares.fm\/wp-content\/uploads\/2012\/06\/63-300x200.jpg\" alt=\"Primer plano el huevo con mayonesa.\" width=\"300\" height=\"200\" srcset=\"https:\/\/felix.ares.fm\/wp-content\/uploads\/2012\/06\/63-300x200.jpg 300w, https:\/\/felix.ares.fm\/wp-content\/uploads\/2012\/06\/63.jpg 363w\" sizes=\"auto, (max-width: 300px) 100vw, 300px\" \/><\/a><figcaption id=\"caption-attachment-1376\" class=\"wp-caption-text\">Primer plano el huevo con mayonesa.<\/figcaption><\/figure>\n<figure id=\"attachment_1377\" aria-describedby=\"caption-attachment-1377\" style=\"width: 200px\" class=\"wp-caption aligncenter\"><a href=\"http:\/\/felix.ares.fm\/wp-content\/uploads\/2012\/06\/7-menu-tapas.jpg\"><img loading=\"lazy\" decoding=\"async\" class=\"size-medium wp-image-1377\" title=\"Men\u00fa de tapas. Todas las se\u00f1alas aqu\u00ed sirven para la oferta de 1,30 \u20ac\" src=\"http:\/\/felix.ares.fm\/wp-content\/uploads\/2012\/06\/7-menu-tapas-e1340881314465-200x300.jpg\" alt=\"Men\u00fa de tapas. Todas las se\u00f1alas aqu\u00ed sirven para la oferta de 1,30 \u20ac\" width=\"200\" height=\"300\" srcset=\"https:\/\/felix.ares.fm\/wp-content\/uploads\/2012\/06\/7-menu-tapas-e1340881314465-200x300.jpg 200w, https:\/\/felix.ares.fm\/wp-content\/uploads\/2012\/06\/7-menu-tapas-e1340881314465.jpg 242w\" sizes=\"auto, (max-width: 200px) 100vw, 200px\" \/><\/a><figcaption id=\"caption-attachment-1377\" class=\"wp-caption-text\">Men\u00fa de tapas. Todas las se\u00f1alas aqu\u00ed sirven para la oferta de 1,30 \u20ac<\/figcaption><\/figure>\n<figure id=\"attachment_1378\" aria-describedby=\"caption-attachment-1378\" style=\"width: 300px\" class=\"wp-caption aligncenter\"><a href=\"http:\/\/felix.ares.fm\/wp-content\/uploads\/2012\/06\/94.jpg\"><img loading=\"lazy\" decoding=\"async\" class=\"size-medium wp-image-1378\" title=\"Detalle de barra y bebidas\" src=\"http:\/\/felix.ares.fm\/wp-content\/uploads\/2012\/06\/94-300x200.jpg\" alt=\"Detalle de barra y bebidas\" width=\"300\" height=\"200\" srcset=\"https:\/\/felix.ares.fm\/wp-content\/uploads\/2012\/06\/94-300x200.jpg 300w, https:\/\/felix.ares.fm\/wp-content\/uploads\/2012\/06\/94.jpg 363w\" sizes=\"auto, (max-width: 300px) 100vw, 300px\" \/><\/a><figcaption id=\"caption-attachment-1378\" class=\"wp-caption-text\">Detalle de barra y bebidas<\/figcaption><\/figure>\n<figure id=\"attachment_1380\" aria-describedby=\"caption-attachment-1380\" style=\"width: 300px\" class=\"wp-caption aligncenter\"><a href=\"http:\/\/felix.ares.fm\/wp-content\/uploads\/2012\/06\/11-la-especialidad-de-la-casa.jpg\"><img loading=\"lazy\" decoding=\"async\" class=\"size-medium wp-image-1380\" title=\"La especialidad de la casa: lomo de orza hecho por ellos. \u00a1Riqu\u00edsimo!\" src=\"http:\/\/felix.ares.fm\/wp-content\/uploads\/2012\/06\/11-la-especialidad-de-la-casa-300x200.jpg\" alt=\"La especialidad de la casa: lomo de orza hecho por ellos. \u00a1Riqu\u00edsimo!\" width=\"300\" height=\"200\" srcset=\"https:\/\/felix.ares.fm\/wp-content\/uploads\/2012\/06\/11-la-especialidad-de-la-casa-300x200.jpg 300w, https:\/\/felix.ares.fm\/wp-content\/uploads\/2012\/06\/11-la-especialidad-de-la-casa.jpg 363w\" sizes=\"auto, (max-width: 300px) 100vw, 300px\" \/><\/a><figcaption id=\"caption-attachment-1380\" class=\"wp-caption-text\">La especialidad de la casa: lomo de orza hecho por ellos. \u00a1Riqu\u00edsimo!<\/figcaption><\/figure>\n<figure id=\"attachment_1381\" aria-describedby=\"caption-attachment-1381\" style=\"width: 200px\" class=\"wp-caption aligncenter\"><a href=\"http:\/\/felix.ares.fm\/wp-content\/uploads\/2012\/06\/IMG_1032.jpg\"><img loading=\"lazy\" decoding=\"async\" class=\"size-medium wp-image-1381\" title=\"Letrero de la oferta\" src=\"http:\/\/felix.ares.fm\/wp-content\/uploads\/2012\/06\/IMG_1032-e1340881571521-200x300.jpg\" alt=\"Letrero de la oferta\" width=\"200\" height=\"300\" srcset=\"https:\/\/felix.ares.fm\/wp-content\/uploads\/2012\/06\/IMG_1032-e1340881571521-200x300.jpg 200w, https:\/\/felix.ares.fm\/wp-content\/uploads\/2012\/06\/IMG_1032-e1340881571521.jpg 242w\" sizes=\"auto, (max-width: 200px) 100vw, 200px\" \/><\/a><figcaption id=\"caption-attachment-1381\" class=\"wp-caption-text\">Letrero de la oferta<\/figcaption><\/figure>\n<figure id=\"attachment_1382\" aria-describedby=\"caption-attachment-1382\" style=\"width: 200px\" class=\"wp-caption aligncenter\"><a href=\"http:\/\/felix.ares.fm\/wp-content\/uploads\/2012\/06\/153.jpg\"><img loading=\"lazy\" decoding=\"async\" class=\"size-medium wp-image-1382\" title=\"Otra oferta: Carabinero al ajillo 10 \u20ac\" src=\"http:\/\/felix.ares.fm\/wp-content\/uploads\/2012\/06\/153-e1340881664406-200x300.jpg\" alt=\"Otra oferta: Carabinero al ajillo 10 \u20ac\" width=\"200\" height=\"300\" srcset=\"https:\/\/felix.ares.fm\/wp-content\/uploads\/2012\/06\/153-e1340881664406-200x300.jpg 200w, https:\/\/felix.ares.fm\/wp-content\/uploads\/2012\/06\/153-e1340881664406.jpg 242w\" sizes=\"auto, (max-width: 200px) 100vw, 200px\" \/><\/a><figcaption id=\"caption-attachment-1382\" class=\"wp-caption-text\">Otra oferta: Carabinero al ajillo 10 \u20ac<\/figcaption><\/figure>\n<figure id=\"attachment_1383\" aria-describedby=\"caption-attachment-1383\" style=\"width: 300px\" class=\"wp-caption aligncenter\"><a href=\"http:\/\/felix.ares.fm\/wp-content\/uploads\/2012\/06\/16-calle.jpg\"><img loading=\"lazy\" decoding=\"async\" class=\"size-medium wp-image-1383\" title=\"La Taberna est\u00e1 en la calle Feria de San Isidro Labrador\" src=\"http:\/\/felix.ares.fm\/wp-content\/uploads\/2012\/06\/16-calle-300x200.jpg\" alt=\"La Taberna est\u00e1 en la calle Feria de San Isidro Labrador\" width=\"300\" height=\"200\" srcset=\"https:\/\/felix.ares.fm\/wp-content\/uploads\/2012\/06\/16-calle-300x200.jpg 300w, https:\/\/felix.ares.fm\/wp-content\/uploads\/2012\/06\/16-calle.jpg 363w\" sizes=\"auto, (max-width: 300px) 100vw, 300px\" \/><\/a><figcaption id=\"caption-attachment-1383\" class=\"wp-caption-text\">La Taberna est\u00e1 en la calle Feria de San Isidro Labrador<\/figcaption><\/figure>\n<figure id=\"attachment_1384\" aria-describedby=\"caption-attachment-1384\" style=\"width: 300px\" class=\"wp-caption aligncenter\"><a href=\"http:\/\/felix.ares.fm\/wp-content\/uploads\/2012\/06\/172.jpg\"><img loading=\"lazy\" decoding=\"async\" class=\"size-medium wp-image-1384\" title=\"Est\u00e1 al lado del local 3A4, del que ya hablaremos pues venden luces LED\" src=\"http:\/\/felix.ares.fm\/wp-content\/uploads\/2012\/06\/172-300x200.jpg\" alt=\"Est\u00e1 al lado del local 3A4, del que ya hablaremos pues venden luces LED\" width=\"300\" height=\"200\" srcset=\"https:\/\/felix.ares.fm\/wp-content\/uploads\/2012\/06\/172-300x200.jpg 300w, https:\/\/felix.ares.fm\/wp-content\/uploads\/2012\/06\/172.jpg 363w\" sizes=\"auto, (max-width: 300px) 100vw, 300px\" \/><\/a><figcaption id=\"caption-attachment-1384\" class=\"wp-caption-text\">Est\u00e1 al lado del local 3A4, del que ya hablaremos pues venden luces LED<\/figcaption><\/figure>\n<p>Al decirnos que est\u00e1 muy cerca de unja calle relacionada con la FERIA podemos deducir que est\u00e1 en las proximidades de la Feria de Fuengirola. Es cierto. Est\u00e1 muy cerca. Entre la plaza de la Feria (mercadillo) y la de la Hispanidad.<\/p>\n<figure id=\"attachment_1385\" aria-describedby=\"caption-attachment-1385\" style=\"width: 200px\" class=\"wp-caption aligncenter\"><a href=\"http:\/\/felix.ares.fm\/wp-content\/uploads\/2012\/06\/11-ecoracion.jpg\"><img loading=\"lazy\" decoding=\"async\" class=\"size-medium wp-image-1385\" title=\"La decoraci\u00f3n, para nuestro gusto, es muy agradable: t\u00edpica de taberna de pueblo.\" src=\"http:\/\/felix.ares.fm\/wp-content\/uploads\/2012\/06\/11-ecoracion-e1340881955134-200x300.jpg\" alt=\"La decoraci\u00f3n, para nuestro gusto, es muy agradable: t\u00edpica de taberna de pueblo.\" width=\"200\" height=\"300\" srcset=\"https:\/\/felix.ares.fm\/wp-content\/uploads\/2012\/06\/11-ecoracion-e1340881955134-200x300.jpg 200w, https:\/\/felix.ares.fm\/wp-content\/uploads\/2012\/06\/11-ecoracion-e1340881955134.jpg 242w\" sizes=\"auto, (max-width: 200px) 100vw, 200px\" \/><\/a><figcaption id=\"caption-attachment-1385\" class=\"wp-caption-text\">La decoraci\u00f3n, para nuestro gusto, es muy agradable: t\u00edpica de taberna de pueblo.<\/figcaption><\/figure>\n<p>Un sitio donde merece la pena tomarse una ca\u00f1a, o incluso un men\u00fa del d\u00eda.<\/p>\n<p>Si quieren contactar con nosotros pueden hacerlo en esta direcci\u00f3n:<\/p>\n<p><a href=\"http:\/\/felix.ares.fm\/wp-content\/uploads\/2012\/06\/emailTapas.png\"><img loading=\"lazy\" decoding=\"async\" class=\"aligncenter size-medium wp-image-1709\" title=\"emailTapas\" src=\"http:\/\/felix.ares.fm\/wp-content\/uploads\/2012\/06\/emailTapas-300x138.png\" alt=\"\" width=\"300\" height=\"138\" srcset=\"https:\/\/felix.ares.fm\/wp-content\/uploads\/2012\/06\/emailTapas-300x138.png 300w, https:\/\/felix.ares.fm\/wp-content\/uploads\/2012\/06\/emailTapas.png 942w\" sizes=\"auto, (max-width: 300px) 100vw, 300px\" \/><\/a><\/p>\n<p>&nbsp;<\/p>\n<p>&nbsp;<\/p>\n","protected":false},"excerpt":{"rendered":"<p>27 de junio de 2012 Antes de continuar creemos que ser\u00eda bueno se\u00f1alar que tenemos nuestras propias man\u00edas. Por ejemplo, si estuvi\u00e9ramos en \u00abArzac\u00bb de San Sebasti\u00e1n y nos pusieran una televisi\u00f3n de cuarenta-y-no-s\u00e9-cuantas-pulgadas para ver el partido de no-s\u00e9-qu\u00e9 saldr\u00edamos corriendo. Para nosotros, ir a un restaurante, tasca, taberna, bar&#8230; es la disculpa para &hellip; <a href=\"https:\/\/felix.ares.fm\/?p=1370\" class=\"more-link\">Seguir leyendo <span class=\"screen-reader-text\">Taberna \u00abEl Bandolero\u00bb. Tapa + ca\u00f1a 1,30\u20ac<\/span> <span class=\"meta-nav\">&rarr;<\/span><\/a><\/p>\n","protected":false},"author":1,"featured_media":0,"comment_status":"closed","ping_status":"open","sticky":false,"template":"","format":"standard","meta":{"footnotes":""},"categories":[354,1],"tags":[],"class_list":["post-1370","post","type-post","status-publish","format-standard","hentry","category-el-bandolero","category-bares-y-restaurantes-en-fuengirola"],"_links":{"self":[{"href":"https:\/\/felix.ares.fm\/index.php?rest_route=\/wp\/v2\/posts\/1370","targetHints":{"allow":["GET"]}}],"collection":[{"href":"https:\/\/felix.ares.fm\/index.php?rest_route=\/wp\/v2\/posts"}],"about":[{"href":"https:\/\/felix.ares.fm\/index.php?rest_route=\/wp\/v2\/types\/post"}],"author":[{"embeddable":true,"href":"https:\/\/felix.ares.fm\/index.php?rest_route=\/wp\/v2\/users\/1"}],"replies":[{"embeddable":true,"href":"https:\/\/felix.ares.fm\/index.php?rest_route=%2Fwp%2Fv2%2Fcomments&post=1370"}],"version-history":[{"count":0,"href":"https:\/\/felix.ares.fm\/index.php?rest_route=\/wp\/v2\/posts\/1370\/revisions"}],"wp:attachment":[{"href":"https:\/\/felix.ares.fm\/index.php?rest_route=%2Fwp%2Fv2%2Fmedia&parent=1370"}],"wp:term":[{"taxonomy":"category","embeddable":true,"href":"https:\/\/felix.ares.fm\/index.php?rest_route=%2Fwp%2Fv2%2Fcategories&post=1370"},{"taxonomy":"post_tag","embeddable":true,"href":"https:\/\/felix.ares.fm\/index.php?rest_route=%2Fwp%2Fv2%2Ftags&post=1370"}],"curies":[{"name":"wp","href":"https:\/\/api.w.org\/{rel}","templated":true}]}}