{"id":13667,"date":"2023-09-24T08:52:00","date_gmt":"2023-09-24T06:52:00","guid":{"rendered":"https:\/\/felix.ares.fm\/?p=13667"},"modified":"2023-09-25T16:36:22","modified_gmt":"2023-09-25T14:36:22","slug":"excursion-a-lorca-murcia-8-velez-rubio-almeria","status":"publish","type":"post","link":"https:\/\/felix.ares.fm\/?p=13667","title":{"rendered":"Excursi\u00f3n a Lorca (Murcia) (8). V\u00e9lez Rubio (Almer\u00eda)."},"content":{"rendered":"\n<p><strong>24 de septiembre de 2023<\/strong><\/p>\n\n\n\n<p><strong>Los d\u00edas 8, 9 y 10 de septiembre fuimos de excursi\u00f3n a Lorca (Murcia) y sus alrededores. El viaje estaba organizado por la agencia de viajes Alcaraz. En la entrada anterior hablamos  de la visita al castillo de V\u00e9lez Blanco, hoy hablamos de la visita a V\u00e9lez Rubio.<\/strong><\/p>\n\n\n\n<p>Quiz\u00e1, antes de adentrarnos en V\u00e9lez-Rubio convenga decir unas palabras sobre la comarca de \u00abLos V\u00e9lez\u00bb en la que est\u00e1n tanto Chirivel, donde est\u00e1 nuestro hotel (Lorenzo), como V\u00e9lez Blanco. En la entrada anterior ya dimos algunos datos sobre la comarca de \u00ablos V\u00e9lez\u00bb, pueden verlo aqu\u00ed: <a rel=\"noreferrer noopener\" href=\"https:\/\/es.wikipedia.org\/wiki\/Los_V%C3%A9lez\" target=\"_blank\">https:\/\/es.wikipedia.org\/wiki\/Los_V%C3%A9lez<\/a> [1]<\/p>\n\n\n\n<p>Tras visitar el castillo de V\u00e9lez-Blanco fuimos a ver V\u00e9lez-Rubio. Tan solo nos separan 6 km de distancia.<\/p>\n\n\n\n<figure class=\"wp-block-image size-full\"><img loading=\"lazy\" decoding=\"async\" width=\"563\" height=\"643\" src=\"https:\/\/felix.ares.fm\/wp-content\/uploads\/2023\/09\/image.png\" alt=\"\" class=\"wp-image-13669\" srcset=\"https:\/\/felix.ares.fm\/wp-content\/uploads\/2023\/09\/image.png 563w, https:\/\/felix.ares.fm\/wp-content\/uploads\/2023\/09\/image-263x300.png 263w\" sizes=\"auto, (max-width: 563px) 100vw, 563px\" \/><figcaption class=\"wp-element-caption\">Ruta desde V\u00e9lez-Blanco a V\u00e9lez rubio.<\/figcaption><\/figure>\n\n\n\n<p>En lo que vimos en V\u00e9lez Rubio hay dos partes claramente diferenciadas. La primera fue la iglesia de Nuestra Se\u00f1ora de la Encarnaci\u00f3n y la segunda el Museo  Comarcal Velezano Miguel Guirao.<\/p>\n\n\n\n<p>Tras un peque\u00f1o paseo por el pueblo vimos la torre de una iglesia que result\u00f3 ser la iglesia del Carmen, probablemente el edificio m\u00e1s antiguo de V\u00e9lez-Rubio.<\/p>\n\n\n<div class=\"wp-block-image\">\n<figure class=\"aligncenter size-full\"><img loading=\"lazy\" decoding=\"async\" width=\"217\" height=\"480\" src=\"https:\/\/felix.ares.fm\/wp-content\/uploads\/2023\/09\/IMG20230910120922-min.jpg\" alt=\"\" class=\"wp-image-13696\" srcset=\"https:\/\/felix.ares.fm\/wp-content\/uploads\/2023\/09\/IMG20230910120922-min.jpg 217w, https:\/\/felix.ares.fm\/wp-content\/uploads\/2023\/09\/IMG20230910120922-min-136x300.jpg 136w\" sizes=\"auto, (max-width: 217px) 100vw, 217px\" \/><figcaption class=\"wp-element-caption\">Iglesia del Carmen. Del primer tercio del siglo XVII. <\/figcaption><\/figure>\n<\/div>\n\n\n<p>Para muchos es el edificio m\u00e1s antiguo de V\u00e9lez-Rubio. Ver: <a rel=\"noreferrer noopener\" href=\"https:\/\/listadodeiglesias.com\/iglesia-del-carmen-velez-rubio\/\" target=\"_blank\">https:\/\/listadodeiglesias.com\/iglesia-del-carmen-velez-rubio\/<\/a> [2]<\/p>\n\n\n\n<p>Al lado de la iglesia, en esta foto, un poco antes de llegar a la torre, est\u00e1 el Museo Comarcal, del que hablaremos en la segunda parte de esta entrada.<\/p>\n\n\n\n<p>El gu\u00eda tambi\u00e9n nos se\u00f1al\u00f3 una casa historicista-modernista reconstruida en 1904.<\/p>\n\n\n<div class=\"wp-block-image\">\n<figure class=\"aligncenter size-full\"><img loading=\"lazy\" decoding=\"async\" width=\"216\" height=\"480\" src=\"https:\/\/felix.ares.fm\/wp-content\/uploads\/2023\/09\/IMG20230910113455SC-min.jpg\" alt=\"\" class=\"wp-image-13672\" srcset=\"https:\/\/felix.ares.fm\/wp-content\/uploads\/2023\/09\/IMG20230910113455SC-min.jpg 216w, https:\/\/felix.ares.fm\/wp-content\/uploads\/2023\/09\/IMG20230910113455SC-min-135x300.jpg 135w\" sizes=\"auto, (max-width: 216px) 100vw, 216px\" \/><figcaption class=\"wp-element-caption\">Casa historicista-modernista reconstruida. 1904.<\/figcaption><\/figure>\n<\/div>\n\n\n<p>A mi me ha entrado la duda de qu\u00e9 quiere decir historicista-modernista. Se lo he preguntado a Bing-ChatGPT y esta ha sido su respuesta:<\/p>\n\n\n\n<blockquote class=\"wp-block-quote is-layout-flow wp-block-quote-is-layout-flow\">\n<p>La corriente historicista-modernista es una tendencia arquitect\u00f3nica que se desarroll\u00f3 en Espa\u00f1a a finales del siglo XIX y principios del siglo XX. Esta corriente se caracteriza por la combinaci\u00f3n de elementos de la arquitectura hist\u00f3rica con elementos modernos. El historicismo se centraba en recuperar la arquitectura de tiempos pasados, mientras que el modernismo se enfocaba en la innovaci\u00f3n y la experimentaci\u00f3n. La corriente historicista-modernista se puede considerar como una respuesta a la necesidad de reconciliar estas dos tendencias aparentemente opuestas. En general, los edificios construidos en esta corriente son muy ornamentados y tienen una gran atenci\u00f3n al detalle. <a rel=\"noreferrer noopener\" href=\"https:\/\/es.wikipedia.org\/wiki\/Arquitectura_historicista\" target=\"_blank\">Algunos ejemplos notables de edificios construidos en esta corriente son el Palacio de la M\u00fasica Catalana en Barcelona y el Mercado Central de Valencia <\/a>.<\/p>\n<cite><a href=\"https:\/\/es.wikipedia.org\/wiki\/Arquitectura_historicista\">Arquitectura historicista &#8211; Wikipedia, la enciclopedia libre<\/a><\/cite><\/blockquote>\n\n\n\n<p>Poco despu\u00e9s lleg\u00e1bamos a la:<\/p>\n\n\n\n<h2 class=\"wp-block-heading\">Iglesia de Nuestra Se\u00f1ora de la Encarnaci\u00f3n<\/h2>\n\n\n\n<figure class=\"wp-block-gallery has-nested-images columns-default is-cropped wp-block-gallery-1 is-layout-flex wp-block-gallery-is-layout-flex\">\n<figure class=\"wp-block-image size-large\"><img loading=\"lazy\" decoding=\"async\" width=\"216\" height=\"480\" data-id=\"13674\" src=\"https:\/\/felix.ares.fm\/wp-content\/uploads\/2023\/09\/IMG20230910113826-min.jpg\" alt=\"\" class=\"wp-image-13674\" srcset=\"https:\/\/felix.ares.fm\/wp-content\/uploads\/2023\/09\/IMG20230910113826-min.jpg 216w, https:\/\/felix.ares.fm\/wp-content\/uploads\/2023\/09\/IMG20230910113826-min-135x300.jpg 135w\" sizes=\"auto, (max-width: 216px) 100vw, 216px\" \/><figcaption class=\"wp-element-caption\">Vista general.<\/figcaption><\/figure>\n\n\n\n<figure class=\"wp-block-image size-large\"><img loading=\"lazy\" decoding=\"async\" width=\"217\" height=\"480\" data-id=\"13675\" src=\"https:\/\/felix.ares.fm\/wp-content\/uploads\/2023\/09\/0IMG20230910113945-min.jpg\" alt=\"\" class=\"wp-image-13675\" srcset=\"https:\/\/felix.ares.fm\/wp-content\/uploads\/2023\/09\/0IMG20230910113945-min.jpg 217w, https:\/\/felix.ares.fm\/wp-content\/uploads\/2023\/09\/0IMG20230910113945-min-136x300.jpg 136w\" sizes=\"auto, (max-width: 217px) 100vw, 217px\" \/><figcaption class=\"wp-element-caption\">Detalle de la fachada principal.<\/figcaption><\/figure>\n\n\n\n<figure class=\"wp-block-image size-large\"><img loading=\"lazy\" decoding=\"async\" width=\"217\" height=\"480\" data-id=\"13676\" src=\"https:\/\/felix.ares.fm\/wp-content\/uploads\/2023\/09\/IMG20230910113929-min.jpg\" alt=\"\" class=\"wp-image-13676\" srcset=\"https:\/\/felix.ares.fm\/wp-content\/uploads\/2023\/09\/IMG20230910113929-min.jpg 217w, https:\/\/felix.ares.fm\/wp-content\/uploads\/2023\/09\/IMG20230910113929-min-136x300.jpg 136w\" sizes=\"auto, (max-width: 217px) 100vw, 217px\" \/><figcaption class=\"wp-element-caption\">Escudo en parte superior fachada.<\/figcaption><\/figure>\n<\/figure>\n\n\n\n<blockquote class=\"wp-block-quote is-layout-flow wp-block-quote-is-layout-flow\">\n<p>La<strong>&nbsp;Iglesia Parroquial de Nuestra Se\u00f1ora de la Encarnaci\u00f3n<\/strong>&nbsp;de&nbsp;<a rel=\"noreferrer noopener\" href=\"https:\/\/www.andalucia.org\/internal_redirect\/107\/\" target=\"_blank\">V\u00e9lez-Rubio<\/a>&nbsp;es un importante ejemplo arquitect\u00f3nico de la evoluci\u00f3n final del barroco al neocl\u00e1sico, donde predominan los elementos arquitect\u00f3nicos del barroco sobre cualquier otro detalle decorativo de \u00e9poca posterior. Se inicia su construcci\u00f3n el 25 de marzo 1754 sobre el solar del anterior templo de estilo mud\u00e9jar y bajo la advocaci\u00f3n de San Pedro, de principio del siglo XVI, que sufri\u00f3 importantes da\u00f1os en los terremotos de 1724 y 1751.<\/p>\n<cite>Andalucia.org. <a rel=\"noreferrer noopener\" href=\"https:\/\/www.andalucia.org\/es\/velez-rubio-turismo-cultural-iglesia-parroquial-de-nuestra-senora-de-la-encarnacion\" target=\"_blank\">https:\/\/www.andalucia.org\/es\/velez-rubio-turismo-cultural-iglesia-parroquial-de-nuestra-senora-de-la-encarnacion<\/a> [3]<\/cite><\/blockquote>\n\n\n\n<p>La iglesia tiene tres naves (planta basilical). <\/p>\n\n\n\n<figure class=\"wp-block-gallery has-nested-images columns-default is-cropped wp-block-gallery-2 is-layout-flex wp-block-gallery-is-layout-flex\">\n<figure class=\"wp-block-image size-large\"><img loading=\"lazy\" decoding=\"async\" width=\"216\" height=\"480\" data-id=\"13679\" src=\"https:\/\/felix.ares.fm\/wp-content\/uploads\/2023\/09\/0IMG20230910114506-min.jpg\" alt=\"\" class=\"wp-image-13679\" srcset=\"https:\/\/felix.ares.fm\/wp-content\/uploads\/2023\/09\/0IMG20230910114506-min.jpg 216w, https:\/\/felix.ares.fm\/wp-content\/uploads\/2023\/09\/0IMG20230910114506-min-135x300.jpg 135w\" sizes=\"auto, (max-width: 216px) 100vw, 216px\" \/><figcaption class=\"wp-element-caption\">Nave central.<\/figcaption><\/figure>\n\n\n\n<figure class=\"wp-block-image size-large\"><img loading=\"lazy\" decoding=\"async\" width=\"216\" height=\"480\" data-id=\"13677\" src=\"https:\/\/felix.ares.fm\/wp-content\/uploads\/2023\/09\/0IMG20230910114615-min.jpg\" alt=\"\" class=\"wp-image-13677\" srcset=\"https:\/\/felix.ares.fm\/wp-content\/uploads\/2023\/09\/0IMG20230910114615-min.jpg 216w, https:\/\/felix.ares.fm\/wp-content\/uploads\/2023\/09\/0IMG20230910114615-min-135x300.jpg 135w\" sizes=\"auto, (max-width: 216px) 100vw, 216px\" \/><figcaption class=\"wp-element-caption\">Nave lateral.<\/figcaption><\/figure>\n<\/figure>\n\n\n\n<figure class=\"wp-block-gallery has-nested-images columns-default is-cropped wp-block-gallery-3 is-layout-flex wp-block-gallery-is-layout-flex\">\n<figure class=\"wp-block-image size-large\"><img loading=\"lazy\" decoding=\"async\" width=\"216\" height=\"480\" data-id=\"13682\" src=\"https:\/\/felix.ares.fm\/wp-content\/uploads\/2023\/09\/0IMG20230910114826-min.jpg\" alt=\"\" class=\"wp-image-13682\" srcset=\"https:\/\/felix.ares.fm\/wp-content\/uploads\/2023\/09\/0IMG20230910114826-min.jpg 216w, https:\/\/felix.ares.fm\/wp-content\/uploads\/2023\/09\/0IMG20230910114826-min-135x300.jpg 135w\" sizes=\"auto, (max-width: 216px) 100vw, 216px\" \/><figcaption class=\"wp-element-caption\">Retablo altar mayor<\/figcaption><\/figure>\n\n\n\n<figure class=\"wp-block-image size-large\"><img loading=\"lazy\" decoding=\"async\" width=\"197\" height=\"436\" data-id=\"13680\" src=\"https:\/\/felix.ares.fm\/wp-content\/uploads\/2023\/09\/0IMG20230910114543GI-min.jpg\" alt=\"\" class=\"wp-image-13680\" srcset=\"https:\/\/felix.ares.fm\/wp-content\/uploads\/2023\/09\/0IMG20230910114543GI-min.jpg 197w, https:\/\/felix.ares.fm\/wp-content\/uploads\/2023\/09\/0IMG20230910114543GI-min-136x300.jpg 136w\" sizes=\"auto, (max-width: 197px) 100vw, 197px\" \/><figcaption class=\"wp-element-caption\">Detalle del retablo<\/figcaption><\/figure>\n\n\n\n<figure class=\"wp-block-image size-full\"><img loading=\"lazy\" decoding=\"async\" width=\"217\" height=\"480\" data-id=\"13683\" src=\"https:\/\/felix.ares.fm\/wp-content\/uploads\/2023\/09\/0IMG20230910114900-min.jpg\" alt=\"\" class=\"wp-image-13683\" srcset=\"https:\/\/felix.ares.fm\/wp-content\/uploads\/2023\/09\/0IMG20230910114900-min.jpg 217w, https:\/\/felix.ares.fm\/wp-content\/uploads\/2023\/09\/0IMG20230910114900-min-136x300.jpg 136w\" sizes=\"auto, (max-width: 217px) 100vw, 217px\" \/><figcaption class=\"wp-element-caption\">Detalle parte superior retablo.<\/figcaption><\/figure>\n<\/figure>\n\n\n\n<p>El gu\u00eda nos cont\u00f3 que ese retablo, en madera sin dorar, no gustaba mucho, que la mayor parte de la gente echaba en falta el dorado de otros retablos barrocos. Personalmente lo prefiero as\u00ed, los doraditos del barroco siempre me han parecido sumamente cargantes, pero, claro, cada uno tiene sus gustos. Por ejemplo, los rayos de la foto de la derecha, as\u00ed, en madera, me parecen un tallado extraordinario. Si estuvieran dorados podr\u00eda pensarse que hab\u00edas sido hechos a trozos, despu\u00e9s pegados y dorados para que no se vieran las zonas pegadas, pero as\u00ed, con madera desnuda, eso es mucho m\u00e1s dif\u00edcil.<\/p>\n\n\n<div class=\"wp-block-image\">\n<figure class=\"aligncenter size-full\"><img loading=\"lazy\" decoding=\"async\" width=\"186\" height=\"259\" src=\"https:\/\/felix.ares.fm\/wp-content\/uploads\/2023\/09\/0IMG20230910114557GI-min.jpg\" alt=\"\" class=\"wp-image-13684\"\/><figcaption class=\"wp-element-caption\">\u00d3rgano.<\/figcaption><\/figure>\n<\/div>\n\n\n<figure class=\"wp-block-gallery has-nested-images columns-default is-cropped wp-block-gallery-4 is-layout-flex wp-block-gallery-is-layout-flex\">\n<figure class=\"wp-block-image size-large\"><img loading=\"lazy\" decoding=\"async\" width=\"217\" height=\"480\" data-id=\"13687\" src=\"https:\/\/felix.ares.fm\/wp-content\/uploads\/2023\/09\/IMG_20230910_115131-min.jpg\" alt=\"\" class=\"wp-image-13687\" srcset=\"https:\/\/felix.ares.fm\/wp-content\/uploads\/2023\/09\/IMG_20230910_115131-min.jpg 217w, https:\/\/felix.ares.fm\/wp-content\/uploads\/2023\/09\/IMG_20230910_115131-min-136x300.jpg 136w\" sizes=\"auto, (max-width: 217px) 100vw, 217px\" \/><figcaption class=\"wp-element-caption\">Virgen del Rosario<\/figcaption><\/figure>\n\n\n\n<figure class=\"wp-block-image size-large\"><img loading=\"lazy\" decoding=\"async\" width=\"217\" height=\"480\" data-id=\"13685\" src=\"https:\/\/felix.ares.fm\/wp-content\/uploads\/2023\/09\/IMG20230910114644-min.jpg\" alt=\"\" class=\"wp-image-13685\" srcset=\"https:\/\/felix.ares.fm\/wp-content\/uploads\/2023\/09\/IMG20230910114644-min.jpg 217w, https:\/\/felix.ares.fm\/wp-content\/uploads\/2023\/09\/IMG20230910114644-min-136x300.jpg 136w\" sizes=\"auto, (max-width: 217px) 100vw, 217px\" \/><\/figure>\n\n\n\n<figure class=\"wp-block-image size-large\"><img loading=\"lazy\" decoding=\"async\" width=\"217\" height=\"480\" data-id=\"13686\" src=\"https:\/\/felix.ares.fm\/wp-content\/uploads\/2023\/09\/IMG20230910114656-min.jpg\" alt=\"\" class=\"wp-image-13686\" srcset=\"https:\/\/felix.ares.fm\/wp-content\/uploads\/2023\/09\/IMG20230910114656-min.jpg 217w, https:\/\/felix.ares.fm\/wp-content\/uploads\/2023\/09\/IMG20230910114656-min-136x300.jpg 136w\" sizes=\"auto, (max-width: 217px) 100vw, 217px\" \/><figcaption class=\"wp-element-caption\">Velas votivas.<\/figcaption><\/figure>\n<\/figure>\n\n\n<div class=\"wp-block-image\">\n<figure class=\"aligncenter size-full\"><img loading=\"lazy\" decoding=\"async\" width=\"640\" height=\"289\" src=\"https:\/\/felix.ares.fm\/wp-content\/uploads\/2023\/09\/IMG20230910115035-min.jpg\" alt=\"\" class=\"wp-image-13688\" srcset=\"https:\/\/felix.ares.fm\/wp-content\/uploads\/2023\/09\/IMG20230910115035-min.jpg 640w, https:\/\/felix.ares.fm\/wp-content\/uploads\/2023\/09\/IMG20230910115035-min-300x135.jpg 300w\" sizes=\"auto, (max-width: 640px) 100vw, 640px\" \/><figcaption class=\"wp-element-caption\">Vista de la nave central y de las dos laterales. Desde el altar hacia atr\u00e1s.<\/figcaption><\/figure>\n<\/div>\n\n<div class=\"wp-block-image\">\n<figure class=\"aligncenter size-full\"><img loading=\"lazy\" decoding=\"async\" width=\"640\" height=\"289\" src=\"https:\/\/felix.ares.fm\/wp-content\/uploads\/2023\/09\/IMG20230910115037-min.jpg\" alt=\"\" class=\"wp-image-13689\" srcset=\"https:\/\/felix.ares.fm\/wp-content\/uploads\/2023\/09\/IMG20230910115037-min.jpg 640w, https:\/\/felix.ares.fm\/wp-content\/uploads\/2023\/09\/IMG20230910115037-min-300x135.jpg 300w\" sizes=\"auto, (max-width: 640px) 100vw, 640px\" \/><figcaption class=\"wp-element-caption\">Detalle de la parte superior de la nave central.<\/figcaption><\/figure>\n<\/div>\n\n<div class=\"wp-block-image\">\n<figure class=\"aligncenter size-full\"><img loading=\"lazy\" decoding=\"async\" width=\"640\" height=\"289\" src=\"https:\/\/felix.ares.fm\/wp-content\/uploads\/2023\/09\/IMG20230910115039-min.jpg\" alt=\"\" class=\"wp-image-13690\" srcset=\"https:\/\/felix.ares.fm\/wp-content\/uploads\/2023\/09\/IMG20230910115039-min.jpg 640w, https:\/\/felix.ares.fm\/wp-content\/uploads\/2023\/09\/IMG20230910115039-min-300x135.jpg 300w\" sizes=\"auto, (max-width: 640px) 100vw, 640px\" \/><figcaption class=\"wp-element-caption\">C\u00fapula.<\/figcaption><\/figure>\n<\/div>\n\n<div class=\"wp-block-image\">\n<figure class=\"aligncenter size-full\"><img loading=\"lazy\" decoding=\"async\" width=\"145\" height=\"228\" src=\"https:\/\/felix.ares.fm\/wp-content\/uploads\/2023\/09\/0IMG20230910115214REGI-min.jpg\" alt=\"\" class=\"wp-image-13691\"\/><figcaption class=\"wp-element-caption\">Tambi\u00e9n hay vidrieras decoradas.<\/figcaption><\/figure>\n<\/div>\n\n<div class=\"wp-block-image\">\n<figure class=\"aligncenter size-full\"><img loading=\"lazy\" decoding=\"async\" width=\"640\" height=\"289\" src=\"https:\/\/felix.ares.fm\/wp-content\/uploads\/2023\/09\/IMG20230910115401-min.jpg\" alt=\"\" class=\"wp-image-13692\" srcset=\"https:\/\/felix.ares.fm\/wp-content\/uploads\/2023\/09\/IMG20230910115401-min.jpg 640w, https:\/\/felix.ares.fm\/wp-content\/uploads\/2023\/09\/IMG20230910115401-min-300x135.jpg 300w\" sizes=\"auto, (max-width: 640px) 100vw, 640px\" \/><figcaption class=\"wp-element-caption\">Cristo yacente.<\/figcaption><\/figure>\n<\/div>\n\n<div class=\"wp-block-image\">\n<figure class=\"aligncenter size-full\"><img loading=\"lazy\" decoding=\"async\" width=\"217\" height=\"480\" src=\"https:\/\/felix.ares.fm\/wp-content\/uploads\/2023\/09\/IMG20230910115536-min.jpg\" alt=\"\" class=\"wp-image-13693\" srcset=\"https:\/\/felix.ares.fm\/wp-content\/uploads\/2023\/09\/IMG20230910115536-min.jpg 217w, https:\/\/felix.ares.fm\/wp-content\/uploads\/2023\/09\/IMG20230910115536-min-136x300.jpg 136w\" sizes=\"auto, (max-width: 217px) 100vw, 217px\" \/><figcaption class=\"wp-element-caption\">Me ha encantado la expresi\u00f3n de esta virgen.<\/figcaption><\/figure>\n<\/div>\n\n<div class=\"wp-block-image\">\n<figure class=\"aligncenter size-full\"><img loading=\"lazy\" decoding=\"async\" width=\"217\" height=\"480\" src=\"https:\/\/felix.ares.fm\/wp-content\/uploads\/2023\/09\/IMG20230910115701-min.jpg\" alt=\"\" class=\"wp-image-13694\" srcset=\"https:\/\/felix.ares.fm\/wp-content\/uploads\/2023\/09\/IMG20230910115701-min.jpg 217w, https:\/\/felix.ares.fm\/wp-content\/uploads\/2023\/09\/IMG20230910115701-min-136x300.jpg 136w\" sizes=\"auto, (max-width: 217px) 100vw, 217px\" \/><figcaption class=\"wp-element-caption\">Virgen de la esperanza. Es una obra del escultor murciano Antonio Carri\u00f3n Valverde. Y fue procesionada por primera vez en 1956.<\/figcaption><\/figure>\n<\/div>\n\n\n<h3 class=\"wp-block-heading\">Museo comarcal velezano Miguel Guirao<\/h3>\n\n\n\n<blockquote class=\"wp-block-quote is-layout-flow wp-block-quote-is-layout-flow\">\n<p>El <strong>Museo Comarcal Velezano Miguel Guirao<\/strong> es un museo situado en el municipio de <a href=\"https:\/\/es.wikipedia.org\/wiki\/V%C3%A9lez-Rubio\">V\u00e9lez-Rubio<\/a>, en la <a href=\"https:\/\/es.wikipedia.org\/wiki\/Provincia_de_Almer%C3%ADa\">provincia de Almer\u00eda<\/a>, <a href=\"https:\/\/es.wikipedia.org\/wiki\/Espa%C3%B1a\">Espa\u00f1a<\/a>.<\/p>\n\n\n\n<p>El museo fue creado por el ayuntamiento de V\u00e9lez-Rubio a partir de una iniciativa de Miguel Guirao P\u00e9rez y su familia, que el 22 de noviembre de 1991 formalizan la donaci\u00f3n al ayuntamiento de la colecci\u00f3n <a href=\"https:\/\/es.wikipedia.org\/wiki\/Arqueolog%C3%ADa\">arqueol\u00f3gica<\/a>, <a href=\"https:\/\/es.wikipedia.org\/wiki\/Paleontolog%C3%ADa\">paleontol\u00f3gica<\/a> y <a href=\"https:\/\/es.wikipedia.org\/wiki\/Etnolog%C3%ADa\">etnol\u00f3gica<\/a>, iniciada en los a\u00f1os 50 por el profesor Miguel Guirao Gea y continuada por su familia, con el compromiso del ayuntamiento de crear un centro para su exposici\u00f3n p\u00fablica. El d\u00eda 5 de diciembre de 1991 el ayuntamiento reunido en sesi\u00f3n plenaria aprueba por unanimidad la creaci\u00f3n del museo. Para su gesti\u00f3n se crea la Fundaci\u00f3n Cultural Velezana Guirao Pi\u00f1eyro.<\/p>\n<cite>Wikipedia. entrada Museo Comarcal Velezano Miguel Guirao. <a href=\"https:\/\/es.wikipedia.org\/wiki\/Museo_Comarcal_Velezano_Miguel_Guirao\" target=\"_blank\" rel=\"noreferrer noopener\">https:\/\/es.wikipedia.org\/wiki\/Museo_Comarcal_Velezano_Miguel_Guirao<\/a> [4]<\/cite><\/blockquote>\n\n\n\n<p>Exactamente al lado de iglesia del Carmen est\u00e1 la entrada al museo.<\/p>\n\n\n\n<figure class=\"wp-block-image size-full\"><img loading=\"lazy\" decoding=\"async\" width=\"597\" height=\"270\" src=\"https:\/\/felix.ares.fm\/wp-content\/uploads\/2023\/09\/IMG20230910121008GISC-min-1.jpg\" alt=\"\" class=\"wp-image-13698\" srcset=\"https:\/\/felix.ares.fm\/wp-content\/uploads\/2023\/09\/IMG20230910121008GISC-min-1.jpg 597w, https:\/\/felix.ares.fm\/wp-content\/uploads\/2023\/09\/IMG20230910121008GISC-min-1-300x136.jpg 300w\" sizes=\"auto, (max-width: 597px) 100vw, 597px\" \/><figcaption class=\"wp-element-caption\">Entrada al museo comarcal (sobre la comarca de Los V\u00e9lez).<\/figcaption><\/figure>\n\n\n\n<p>El museo es muy variado hay colecciones de prehistoria, del mundo ib\u00e9rico, romano, musulm\u00e1n y medieval. Tambi\u00e9n hay una secci\u00f3n de etnograf\u00eda con los aparatos y costumbres de la comarca.<\/p>\n\n\n\n<p>Como ya he dicho en otra entrada, tratar de mostrar aunque sea brevemente el contenido de un museo es una labor ingente, que supera mis capacidades. As\u00ed que, c\u00f3mo otras veces, picotear\u00e9 un poco de aqu\u00ed y de all\u00e1, para tratar de dar una idea de las cosas que pueden verse en el museo y, sobre todo, para animarles a ir a verlo. \u00a1Merece la pena!<\/p>\n\n\n\n<p>El museo est\u00e1 ubicado en un antiguo Hospital Real que se construy\u00f3 en 1765 [5].<\/p>\n\n\n<div class=\"wp-block-image\">\n<figure class=\"aligncenter size-full\"><img loading=\"lazy\" decoding=\"async\" width=\"640\" height=\"289\" src=\"https:\/\/felix.ares.fm\/wp-content\/uploads\/2023\/09\/IMG20230910121256SC-min.jpg\" alt=\"\" class=\"wp-image-13701\" srcset=\"https:\/\/felix.ares.fm\/wp-content\/uploads\/2023\/09\/IMG20230910121256SC-min.jpg 640w, https:\/\/felix.ares.fm\/wp-content\/uploads\/2023\/09\/IMG20230910121256SC-min-300x135.jpg 300w\" sizes=\"auto, (max-width: 640px) 100vw, 640px\" \/><figcaption class=\"wp-element-caption\">Patio interior del museo. Planta baja.<\/figcaption><\/figure>\n<\/div>\n\n<div class=\"wp-block-image\">\n<figure class=\"aligncenter size-full\"><img loading=\"lazy\" decoding=\"async\" width=\"640\" height=\"289\" src=\"https:\/\/felix.ares.fm\/wp-content\/uploads\/2023\/09\/IMG20230910121303-min.jpg\" alt=\"\" class=\"wp-image-13702\" srcset=\"https:\/\/felix.ares.fm\/wp-content\/uploads\/2023\/09\/IMG20230910121303-min.jpg 640w, https:\/\/felix.ares.fm\/wp-content\/uploads\/2023\/09\/IMG20230910121303-min-300x135.jpg 300w\" sizes=\"auto, (max-width: 640px) 100vw, 640px\" \/><figcaption class=\"wp-element-caption\">Patio interior del museo. Primera planta.<\/figcaption><\/figure>\n<\/div>\n\n<div class=\"wp-block-image\">\n<figure class=\"aligncenter size-full\"><img loading=\"lazy\" decoding=\"async\" width=\"640\" height=\"289\" src=\"https:\/\/felix.ares.fm\/wp-content\/uploads\/2023\/09\/IMG20230910121506-min.jpg\" alt=\"\" class=\"wp-image-13703\" srcset=\"https:\/\/felix.ares.fm\/wp-content\/uploads\/2023\/09\/IMG20230910121506-min.jpg 640w, https:\/\/felix.ares.fm\/wp-content\/uploads\/2023\/09\/IMG20230910121506-min-300x135.jpg 300w\" sizes=\"auto, (max-width: 640px) 100vw, 640px\" \/><figcaption class=\"wp-element-caption\">Diversos materiales geol\u00f3gicos. Observen en el centro el gran cristal de yeso especular, que era muy apreciado por los romanos para las ventanas, pues deja pasar la luz.<\/figcaption><\/figure>\n<\/div>\n\n<div class=\"wp-block-image\">\n<figure class=\"aligncenter size-full\"><img loading=\"lazy\" decoding=\"async\" width=\"640\" height=\"289\" src=\"https:\/\/felix.ares.fm\/wp-content\/uploads\/2023\/09\/IMG20230910121557-min.jpg\" alt=\"\" class=\"wp-image-13704\" srcset=\"https:\/\/felix.ares.fm\/wp-content\/uploads\/2023\/09\/IMG20230910121557-min.jpg 640w, https:\/\/felix.ares.fm\/wp-content\/uploads\/2023\/09\/IMG20230910121557-min-300x135.jpg 300w\" sizes=\"auto, (max-width: 640px) 100vw, 640px\" \/><figcaption class=\"wp-element-caption\">Hueso de mamut.<\/figcaption><\/figure>\n<\/div>\n\n<div class=\"wp-block-image\">\n<figure class=\"aligncenter size-full\"><img loading=\"lazy\" decoding=\"async\" width=\"640\" height=\"289\" src=\"https:\/\/felix.ares.fm\/wp-content\/uploads\/2023\/09\/IMG20230910121641-min.jpg\" alt=\"\" class=\"wp-image-13705\" srcset=\"https:\/\/felix.ares.fm\/wp-content\/uploads\/2023\/09\/IMG20230910121641-min.jpg 640w, https:\/\/felix.ares.fm\/wp-content\/uploads\/2023\/09\/IMG20230910121641-min-300x135.jpg 300w\" sizes=\"auto, (max-width: 640px) 100vw, 640px\" \/><figcaption class=\"wp-element-caption\">En el centro molar de elefante. El enorme tama\u00f1o del molar nos hace darnos cuenta de lo enorme que es la boca del elefante.<\/figcaption><\/figure>\n<\/div>\n\n<div class=\"wp-block-image\">\n<figure class=\"aligncenter size-full\"><img loading=\"lazy\" decoding=\"async\" width=\"217\" height=\"480\" src=\"https:\/\/felix.ares.fm\/wp-content\/uploads\/2023\/09\/IMG20230910121647-min.jpg\" alt=\"\" class=\"wp-image-13706\" srcset=\"https:\/\/felix.ares.fm\/wp-content\/uploads\/2023\/09\/IMG20230910121647-min.jpg 217w, https:\/\/felix.ares.fm\/wp-content\/uploads\/2023\/09\/IMG20230910121647-min-136x300.jpg 136w\" sizes=\"auto, (max-width: 217px) 100vw, 217px\" \/><figcaption class=\"wp-element-caption\">Ammonites.<\/figcaption><\/figure>\n<\/div>\n\n\n<p>Recordemos que los ammonites se extinguieron con los dinosaurios. Hoy queda un animal parecido que es el nautilus. Aunque parece un caracol, se parece m\u00e1s a un calamar.<\/p>\n\n\n\n<p>Tambi\u00e9n hay una interesante colecci\u00f3n de cr\u00e1neos de la familia homo.<\/p>\n\n\n\n<figure class=\"wp-block-gallery has-nested-images columns-default is-cropped wp-block-gallery-5 is-layout-flex wp-block-gallery-is-layout-flex\">\n<figure class=\"wp-block-image size-large\"><img loading=\"lazy\" decoding=\"async\" width=\"217\" height=\"480\" data-id=\"13707\" src=\"https:\/\/felix.ares.fm\/wp-content\/uploads\/2023\/09\/IMG20230910121729-min.jpg\" alt=\"\" class=\"wp-image-13707\" srcset=\"https:\/\/felix.ares.fm\/wp-content\/uploads\/2023\/09\/IMG20230910121729-min.jpg 217w, https:\/\/felix.ares.fm\/wp-content\/uploads\/2023\/09\/IMG20230910121729-min-136x300.jpg 136w\" sizes=\"auto, (max-width: 217px) 100vw, 217px\" \/><figcaption class=\"wp-element-caption\"><em>Homo erectus pekinensis<\/em><\/figcaption><\/figure>\n\n\n\n<figure class=\"wp-block-image size-large\"><img loading=\"lazy\" decoding=\"async\" width=\"217\" height=\"480\" data-id=\"13708\" src=\"https:\/\/felix.ares.fm\/wp-content\/uploads\/2023\/09\/IMG20230910121733-min.jpg\" alt=\"\" class=\"wp-image-13708\" srcset=\"https:\/\/felix.ares.fm\/wp-content\/uploads\/2023\/09\/IMG20230910121733-min.jpg 217w, https:\/\/felix.ares.fm\/wp-content\/uploads\/2023\/09\/IMG20230910121733-min-136x300.jpg 136w\" sizes=\"auto, (max-width: 217px) 100vw, 217px\" \/><figcaption class=\"wp-element-caption\"><em>Homo neandetalensis<\/em>.<\/figcaption><\/figure>\n<\/figure>\n\n\n<div class=\"wp-block-image\">\n<figure class=\"aligncenter size-full\"><img loading=\"lazy\" decoding=\"async\" width=\"640\" height=\"289\" src=\"https:\/\/felix.ares.fm\/wp-content\/uploads\/2023\/09\/IMG20230910121841-min.jpg\" alt=\"\" class=\"wp-image-13709\" srcset=\"https:\/\/felix.ares.fm\/wp-content\/uploads\/2023\/09\/IMG20230910121841-min.jpg 640w, https:\/\/felix.ares.fm\/wp-content\/uploads\/2023\/09\/IMG20230910121841-min-300x135.jpg 300w\" sizes=\"auto, (max-width: 640px) 100vw, 640px\" \/><figcaption class=\"wp-element-caption\">Diversos \u00fatiles de piedra.<\/figcaption><\/figure>\n<\/div>\n\n\n<p>Entre las muchas herramientas de piedra destaca esta bifaz (tallada por las dos caras):<\/p>\n\n\n<div class=\"wp-block-image\">\n<figure class=\"aligncenter size-full\"><img loading=\"lazy\" decoding=\"async\" width=\"640\" height=\"289\" src=\"https:\/\/felix.ares.fm\/wp-content\/uploads\/2023\/09\/IMG20230910121845-min.jpg\" alt=\"\" class=\"wp-image-13710\" srcset=\"https:\/\/felix.ares.fm\/wp-content\/uploads\/2023\/09\/IMG20230910121845-min.jpg 640w, https:\/\/felix.ares.fm\/wp-content\/uploads\/2023\/09\/IMG20230910121845-min-300x135.jpg 300w\" sizes=\"auto, (max-width: 640px) 100vw, 640px\" \/><\/figure>\n<\/div>\n\n<div class=\"wp-block-image\">\n<figure class=\"aligncenter size-full\"><img loading=\"lazy\" decoding=\"async\" width=\"640\" height=\"289\" src=\"https:\/\/felix.ares.fm\/wp-content\/uploads\/2023\/09\/IMG20230910121854-min.jpg\" alt=\"\" class=\"wp-image-13711\" srcset=\"https:\/\/felix.ares.fm\/wp-content\/uploads\/2023\/09\/IMG20230910121854-min.jpg 640w, https:\/\/felix.ares.fm\/wp-content\/uploads\/2023\/09\/IMG20230910121854-min-300x135.jpg 300w\" sizes=\"auto, (max-width: 640px) 100vw, 640px\" \/><figcaption class=\"wp-element-caption\">Tambi\u00e9n hay herramientas hechas de hueso.<\/figcaption><\/figure>\n<\/div>\n\n\n<p>No todo son herramientas, tambi\u00e9n hay elementos decorativos, como por ejemplo estos collares.<\/p>\n\n\n<div class=\"wp-block-image\">\n<figure class=\"aligncenter size-full\"><img loading=\"lazy\" decoding=\"async\" width=\"640\" height=\"289\" src=\"https:\/\/felix.ares.fm\/wp-content\/uploads\/2023\/09\/IMG20230910122024-min.jpg\" alt=\"\" class=\"wp-image-13712\" srcset=\"https:\/\/felix.ares.fm\/wp-content\/uploads\/2023\/09\/IMG20230910122024-min.jpg 640w, https:\/\/felix.ares.fm\/wp-content\/uploads\/2023\/09\/IMG20230910122024-min-300x135.jpg 300w\" sizes=\"auto, (max-width: 640px) 100vw, 640px\" \/><figcaption class=\"wp-element-caption\">Collares.<\/figcaption><\/figure>\n<\/div>\n\n\n<p>Hay una interesante sala dedicada al mundo ib\u00e9rico, pero me la voy a saltar para tocar la de la Hispania romana.<\/p>\n\n\n<div class=\"wp-block-image\">\n<figure class=\"aligncenter size-full\"><img loading=\"lazy\" decoding=\"async\" width=\"640\" height=\"289\" src=\"https:\/\/felix.ares.fm\/wp-content\/uploads\/2023\/09\/IMG20230910122151-min.jpg\" alt=\"\" class=\"wp-image-13713\" srcset=\"https:\/\/felix.ares.fm\/wp-content\/uploads\/2023\/09\/IMG20230910122151-min.jpg 640w, https:\/\/felix.ares.fm\/wp-content\/uploads\/2023\/09\/IMG20230910122151-min-300x135.jpg 300w\" sizes=\"auto, (max-width: 640px) 100vw, 640px\" \/><\/figure>\n<\/div>\n\n\n<figure class=\"wp-block-gallery has-nested-images columns-default is-cropped wp-block-gallery-6 is-layout-flex wp-block-gallery-is-layout-flex\">\n<figure class=\"wp-block-image size-large\"><img loading=\"lazy\" decoding=\"async\" width=\"217\" height=\"480\" data-id=\"13714\" src=\"https:\/\/felix.ares.fm\/wp-content\/uploads\/2023\/09\/IMG20230910122158-min.jpg\" alt=\"\" class=\"wp-image-13714\" srcset=\"https:\/\/felix.ares.fm\/wp-content\/uploads\/2023\/09\/IMG20230910122158-min.jpg 217w, https:\/\/felix.ares.fm\/wp-content\/uploads\/2023\/09\/IMG20230910122158-min-136x300.jpg 136w\" sizes=\"auto, (max-width: 217px) 100vw, 217px\" \/><figcaption class=\"wp-element-caption\">\u00c1nforas.<\/figcaption><\/figure>\n\n\n\n<figure class=\"wp-block-image size-large\"><img loading=\"lazy\" decoding=\"async\" width=\"217\" height=\"480\" data-id=\"13715\" src=\"https:\/\/felix.ares.fm\/wp-content\/uploads\/2023\/09\/IMG20230910122229-min.jpg\" alt=\"\" class=\"wp-image-13715\" srcset=\"https:\/\/felix.ares.fm\/wp-content\/uploads\/2023\/09\/IMG20230910122229-min.jpg 217w, https:\/\/felix.ares.fm\/wp-content\/uploads\/2023\/09\/IMG20230910122229-min-136x300.jpg 136w\" sizes=\"auto, (max-width: 217px) 100vw, 217px\" \/><figcaption class=\"wp-element-caption\">Mosaico<\/figcaption><\/figure>\n\n\n\n<figure class=\"wp-block-image size-large\"><img loading=\"lazy\" decoding=\"async\" width=\"217\" height=\"480\" data-id=\"13716\" src=\"https:\/\/felix.ares.fm\/wp-content\/uploads\/2023\/09\/IMG20230910122232-min.jpg\" alt=\"\" class=\"wp-image-13716\" srcset=\"https:\/\/felix.ares.fm\/wp-content\/uploads\/2023\/09\/IMG20230910122232-min.jpg 217w, https:\/\/felix.ares.fm\/wp-content\/uploads\/2023\/09\/IMG20230910122232-min-136x300.jpg 136w\" sizes=\"auto, (max-width: 217px) 100vw, 217px\" \/><figcaption class=\"wp-element-caption\">Alfa y Omega<\/figcaption><\/figure>\n<\/figure>\n\n\n\n<p>Pegando un enorme salto nos vamos a ver un modo de hacer cer\u00e1mica que se impuso a partir del siglo XV. Se llama t\u00e9cnica de cuenca y arista.<\/p>\n\n\n<div class=\"wp-block-image\">\n<figure class=\"aligncenter size-full\"><img loading=\"lazy\" decoding=\"async\" width=\"640\" height=\"289\" src=\"https:\/\/felix.ares.fm\/wp-content\/uploads\/2023\/09\/IMG20230910122333-min.jpg\" alt=\"\" class=\"wp-image-13717\" srcset=\"https:\/\/felix.ares.fm\/wp-content\/uploads\/2023\/09\/IMG20230910122333-min.jpg 640w, https:\/\/felix.ares.fm\/wp-content\/uploads\/2023\/09\/IMG20230910122333-min-300x135.jpg 300w\" sizes=\"auto, (max-width: 640px) 100vw, 640px\" \/><figcaption class=\"wp-element-caption\">Azulejos hechos con la t\u00e9cnica de cuenca y arista.<\/figcaption><\/figure>\n<\/div>\n\n\n<blockquote class=\"wp-block-quote is-layout-flow wp-block-quote-is-layout-flow\">\n<p><strong>Azulejo de cuenca y arista<\/strong>, <strong>cuenca o arista<\/strong> o simplemente <strong>azulejo de arista<\/strong>, se denomina a una t\u00e9cnica decorativa en <a href=\"https:\/\/es.wikipedia.org\/wiki\/Alfarer%C3%ADa\">alfarer\u00eda<\/a> y <a href=\"https:\/\/es.wikipedia.org\/wiki\/Cer%C3%A1mica\">cer\u00e1mica<\/a> que consiste en la utilizaci\u00f3n de un molde que se aplica sobre la superficie cer\u00e1mica cruda y blanda, previamente al proceso de decoraci\u00f3n.<sup><a href=\"https:\/\/es.wikipedia.org\/wiki\/Azulejo_de_cuenca_y_arista#cite_note-FOOTNOTEFat\u00e1s_y_Borr\u00e1s199397-1\">1<\/a><\/sup>\u200b El molde deja un relieve en el <a href=\"https:\/\/es.wikipedia.org\/wiki\/Barro\">barro<\/a> que se aprovecha para aplicar los colores que forman el motivo decorativo, de esta forma se facilita el proceso de aplicar el color y se evita que se mezclen los pigmentos. Este procedimiento se utiliza desde el siglo xv y sustituy\u00f3 en gran parte a la t\u00e9cnica denominada \u2018<a href=\"https:\/\/es.wikipedia.org\/wiki\/Cer%C3%A1mica_de_cuerda_seca\">cuerda seca<\/a>\u2019,<sup><a href=\"https:\/\/es.wikipedia.org\/wiki\/Azulejo_de_cuenca_y_arista#cite_note-FOOTNOTECaro_Bellido200884-2\">2<\/a><\/sup>\u200b que requer\u00eda m\u00e1s tiempo para obtener la decoraci\u00f3n final de la pieza.<\/p>\n<cite>wikipedia. entrada azulejo de cuenca y arista. [6]<\/cite><\/blockquote>\n\n\n\n<p>Incluso hay una peque\u00f1a colecci\u00f3n de piezas precolombinas.<\/p>\n\n\n<div class=\"wp-block-image\">\n<figure class=\"aligncenter size-full\"><img loading=\"lazy\" decoding=\"async\" width=\"217\" height=\"480\" src=\"https:\/\/felix.ares.fm\/wp-content\/uploads\/2023\/09\/IMG20230910122405-min.jpg\" alt=\"\" class=\"wp-image-13718\" srcset=\"https:\/\/felix.ares.fm\/wp-content\/uploads\/2023\/09\/IMG20230910122405-min.jpg 217w, https:\/\/felix.ares.fm\/wp-content\/uploads\/2023\/09\/IMG20230910122405-min-136x300.jpg 136w\" sizes=\"auto, (max-width: 217px) 100vw, 217px\" \/><figcaption class=\"wp-element-caption\">Pieza de la Am\u00e9rica precolombina.<\/figcaption><\/figure>\n<\/div>\n\n\n<p>Tambi\u00e9n hay una peque\u00f1a colecci\u00f3n de objetos que no hace mucho eran cotidianos.<\/p>\n\n\n\n<figure class=\"wp-block-gallery has-nested-images columns-default is-cropped wp-block-gallery-7 is-layout-flex wp-block-gallery-is-layout-flex\">\n<figure class=\"wp-block-image size-large\"><img loading=\"lazy\" decoding=\"async\" width=\"217\" height=\"480\" data-id=\"13719\" src=\"https:\/\/felix.ares.fm\/wp-content\/uploads\/2023\/09\/IMG20230910122650-min.jpg\" alt=\"\" class=\"wp-image-13719\" srcset=\"https:\/\/felix.ares.fm\/wp-content\/uploads\/2023\/09\/IMG20230910122650-min.jpg 217w, https:\/\/felix.ares.fm\/wp-content\/uploads\/2023\/09\/IMG20230910122650-min-136x300.jpg 136w\" sizes=\"auto, (max-width: 217px) 100vw, 217px\" \/><figcaption class=\"wp-element-caption\">Tabla de lavar.<\/figcaption><\/figure>\n\n\n\n<figure class=\"wp-block-image size-large\"><img loading=\"lazy\" decoding=\"async\" width=\"216\" height=\"480\" data-id=\"13720\" src=\"https:\/\/felix.ares.fm\/wp-content\/uploads\/2023\/09\/IMG20230910122815-min.jpg\" alt=\"\" class=\"wp-image-13720\" srcset=\"https:\/\/felix.ares.fm\/wp-content\/uploads\/2023\/09\/IMG20230910122815-min.jpg 216w, https:\/\/felix.ares.fm\/wp-content\/uploads\/2023\/09\/IMG20230910122815-min-135x300.jpg 135w\" sizes=\"auto, (max-width: 216px) 100vw, 216px\" \/><figcaption class=\"wp-element-caption\">Trilla.<\/figcaption><\/figure>\n<\/figure>\n\n\n<div class=\"wp-block-image\">\n<figure class=\"aligncenter size-full\"><img loading=\"lazy\" decoding=\"async\" width=\"640\" height=\"289\" src=\"https:\/\/felix.ares.fm\/wp-content\/uploads\/2023\/09\/IMG20230910122858-min.jpg\" alt=\"\" class=\"wp-image-13721\" srcset=\"https:\/\/felix.ares.fm\/wp-content\/uploads\/2023\/09\/IMG20230910122858-min.jpg 640w, https:\/\/felix.ares.fm\/wp-content\/uploads\/2023\/09\/IMG20230910122858-min-300x135.jpg 300w\" sizes=\"auto, (max-width: 640px) 100vw, 640px\" \/><figcaption class=\"wp-element-caption\">Telar.<\/figcaption><\/figure>\n<\/div>\n\n\n<p>Se ha reproducido c\u00f3mo era un aula en una escuela.<\/p>\n\n\n<div class=\"wp-block-image\">\n<figure class=\"aligncenter size-full\"><img loading=\"lazy\" decoding=\"async\" width=\"216\" height=\"480\" src=\"https:\/\/felix.ares.fm\/wp-content\/uploads\/2023\/09\/IMG20230910123207-min.jpg\" alt=\"\" class=\"wp-image-13722\" srcset=\"https:\/\/felix.ares.fm\/wp-content\/uploads\/2023\/09\/IMG20230910123207-min.jpg 216w, https:\/\/felix.ares.fm\/wp-content\/uploads\/2023\/09\/IMG20230910123207-min-135x300.jpg 135w\" sizes=\"auto, (max-width: 216px) 100vw, 216px\" \/><figcaption class=\"wp-element-caption\">Pupitres de una escuela.<\/figcaption><\/figure>\n<\/div>\n\n\n<p>En unos pupitres muy similares a estos fue en los que yo aprend\u00ed a leer y la tabla de multiplicar.<\/p>\n\n\n\n<p>No hemos terminado de ver el museo ni mucho menos. Pero creo que con estas fotos podr\u00e1n hacerse una idea de lo que se puede ver.<\/p>\n\n\n\n<p><strong>Ubicaci\u00f3n<\/strong><\/p>\n\n\n\n<p>Calle Carrera del Carmen 29 (V\u00e9lez Rubio).<\/p>\n\n\n\n<p>Tlfno: 950 411 343<\/p>\n\n\n\n<p>Horario: Martes a viernes de 9.00 a 14.00 \/ S\u00e1bados de 9.00 a 14.00 y de 17.00 a 19.00 \/ Domingos de 9.00 a 14.00 \/ Lunes cerrado<\/p>\n\n\n\n<p>Hay ascensor para subir a las plantas superiores.<\/p>\n\n\n\n<p>No recuerdo el precio de la entrada. Pero s\u00e9 que era poco. He visto que en el a\u00f1o 2018 era de 1\u20ac. Supongo que hoy lo habr\u00e1n subido un poco, pero no creo que sea mucho.<\/p>\n\n\n\n<figure class=\"wp-block-gallery has-nested-images columns-default is-cropped wp-block-gallery-8 is-layout-flex wp-block-gallery-is-layout-flex\">\n<figure class=\"wp-block-image size-large\"><img loading=\"lazy\" decoding=\"async\" width=\"217\" height=\"480\" data-id=\"13723\" src=\"https:\/\/felix.ares.fm\/wp-content\/uploads\/2023\/09\/IMG20230910124201-min.jpg\" alt=\"\" class=\"wp-image-13723\" srcset=\"https:\/\/felix.ares.fm\/wp-content\/uploads\/2023\/09\/IMG20230910124201-min.jpg 217w, https:\/\/felix.ares.fm\/wp-content\/uploads\/2023\/09\/IMG20230910124201-min-136x300.jpg 136w\" sizes=\"auto, (max-width: 217px) 100vw, 217px\" \/><figcaption class=\"wp-element-caption\">Fuente homenaje a la iglesia de la Encarnaci\u00f3n<\/figcaption><\/figure>\n\n\n\n<figure class=\"wp-block-image size-large\"><img loading=\"lazy\" decoding=\"async\" width=\"217\" height=\"480\" data-id=\"13727\" src=\"https:\/\/felix.ares.fm\/wp-content\/uploads\/2023\/09\/IMG20230910125530-min.jpg\" alt=\"\" class=\"wp-image-13727\" srcset=\"https:\/\/felix.ares.fm\/wp-content\/uploads\/2023\/09\/IMG20230910125530-min.jpg 217w, https:\/\/felix.ares.fm\/wp-content\/uploads\/2023\/09\/IMG20230910125530-min-136x300.jpg 136w\" sizes=\"auto, (max-width: 217px) 100vw, 217px\" \/><figcaption class=\"wp-element-caption\">Fuente. Al fondo la iglesia de la Encarnaci\u00f3n.<\/figcaption><\/figure>\n<\/figure>\n\n\n\n<p>En esa misma plaza est\u00e1 la figura del Indalo que se ha convertido en el s\u00edmbolo de Almer\u00eda. Las figuras de Indalo aparecieron en la <a href=\"https:\/\/www.guiarepsol.com\/es\/viajar\/vamos-de-excursion\/cueva-letreros-velez-blanco-almeria\/\">Cueva de los Letreros<\/a> [7], que est\u00e1 en V\u00e9lez Blanco. En el mapa de arriba aparece el lugar d\u00f3nde est\u00e1 la cueva. <\/p>\n\n\n<div class=\"wp-block-image\">\n<figure class=\"aligncenter size-full\"><img loading=\"lazy\" decoding=\"async\" width=\"217\" height=\"480\" src=\"https:\/\/felix.ares.fm\/wp-content\/uploads\/2023\/09\/IMG20230910125547-min-1.jpg\" alt=\"\" class=\"wp-image-13728\" srcset=\"https:\/\/felix.ares.fm\/wp-content\/uploads\/2023\/09\/IMG20230910125547-min-1.jpg 217w, https:\/\/felix.ares.fm\/wp-content\/uploads\/2023\/09\/IMG20230910125547-min-1-136x300.jpg 136w\" sizes=\"auto, (max-width: 217px) 100vw, 217px\" \/><figcaption class=\"wp-element-caption\">Indalo.<\/figcaption><\/figure>\n<\/div>\n\n\n<hr class=\"wp-block-separator has-alpha-channel-opacity\"\/>\n\n\n\n<p><strong>Bar D&#8217;Ca\u00f1as<\/strong><\/p>\n\n\n\n<p>Al salir del museo est\u00e1bamos un poco sedientos y quisimos tomar algo antes de ir de nuevo al hotel Lorenzo a comer. Como era domingo estaba casi todo cerrado. \u00c9l \u00fanico bar abierto que encontramos fue en esta plaza, donde hay una fuente con una escultura de hierro con reloj, obra de un artista local y que es un homenaje a la iglesia de la Encarnaci\u00f3n. Se instal\u00f3 en 2010.<\/p>\n\n\n\n<p>Un poco a la izquierda, en la Avenida de Andaluc\u00eda 80 encontramos la \u00fanica cafeter\u00eda abierta: el bar D&#8217;Ca\u00f1as.<\/p>\n\n\n\n<figure class=\"wp-block-gallery has-nested-images columns-default is-cropped wp-block-gallery-9 is-layout-flex wp-block-gallery-is-layout-flex\">\n<figure class=\"wp-block-image size-full\"><img loading=\"lazy\" decoding=\"async\" width=\"360\" height=\"480\" data-id=\"13726\" src=\"https:\/\/felix.ares.fm\/wp-content\/uploads\/2023\/09\/IMG20230910124748SC-min.jpg\" alt=\"\" class=\"wp-image-13726\" srcset=\"https:\/\/felix.ares.fm\/wp-content\/uploads\/2023\/09\/IMG20230910124748SC-min.jpg 360w, https:\/\/felix.ares.fm\/wp-content\/uploads\/2023\/09\/IMG20230910124748SC-min-225x300.jpg 225w\" sizes=\"auto, (max-width: 360px) 100vw, 360px\" \/><figcaption class=\"wp-element-caption\">Barra del bar D&#8217;Ca\u00f1as<\/figcaption><\/figure>\n\n\n\n<figure class=\"wp-block-image size-large\"><img loading=\"lazy\" decoding=\"async\" width=\"360\" height=\"480\" data-id=\"13725\" src=\"https:\/\/felix.ares.fm\/wp-content\/uploads\/2023\/09\/IMG20230910125013-min.jpg\" alt=\"\" class=\"wp-image-13725\" srcset=\"https:\/\/felix.ares.fm\/wp-content\/uploads\/2023\/09\/IMG20230910125013-min.jpg 360w, https:\/\/felix.ares.fm\/wp-content\/uploads\/2023\/09\/IMG20230910125013-min-225x300.jpg 225w\" sizes=\"auto, (max-width: 360px) 100vw, 360px\" \/><\/figure>\n<\/figure>\n\n\n\n<hr class=\"wp-block-separator has-alpha-channel-opacity\"\/>\n\n\n\n<h3 class=\"wp-block-heading\">Bibliograf\u00eda y notas<\/h3>\n\n\n\n<p>[1] Wikipedia. Entrada Los V\u00e9lez. <a rel=\"noreferrer noopener\" href=\"https:\/\/es.wikipedia.org\/wiki\/Los_V%C3%A9lez\" target=\"_blank\">https:\/\/es.wikipedia.org\/wiki\/Los_V%C3%A9lez<\/a><\/p>\n\n\n\n<p>[2] Listado de iglesias en Espa\u00f1a. Iglesia del Carmen de V\u00e9lez Rubio. <a href=\"https:\/\/listadodeiglesias.com\/iglesia-del-carmen-velez-rubio\/\" target=\"_blank\" rel=\"noreferrer noopener\">https:\/\/listadodeiglesias.com\/iglesia-del-carmen-velez-rubio\/<\/a><\/p>\n\n\n\n<p>[3] Andalucia.org.<em> Iglesia parroquial Nuestra Se\u00f1ora de la Encarnaci\u00f3n<\/em>. <a rel=\"noreferrer noopener\" href=\"https:\/\/www.andalucia.org\/es\/velez-rubio-turismo-cultural-iglesia-parroquial-de-nuestra-senora-de-la-encarnacion\" target=\"_blank\">https:\/\/www.andalucia.org\/es\/velez-rubio-turismo-cultural-iglesia-parroquial-de-nuestra-senora-de-la-encarnacion<\/a><\/p>\n\n\n\n<p>[4] Wikipedia. Entrada Museo Comarcal Velezano Miguel Guirao. <a href=\"https:\/\/es.wikipedia.org\/wiki\/Museo_Comarcal_Velezano_Miguel_Guirao\">HTTPS:\/\/ES.WIKIPEDIA.ORG\/WIKI\/MUSEO_COMARCAL_VELEZANO_MIGUEL_GUIRAO<\/a><\/p>\n\n\n\n<p>[5] V\u00e9lez Rubio. MUSEO HISTORIA DEL EDIFICIO Y DEL MUSEO. <a href=\"https:\/\/www.dipalme.org\/Servicios\/cmsdipro\/index.nsf\/informacion.xsp?p=VelezR&amp;documentId=C6FA98A507DD5FA0C125897B004BE93B\" target=\"_blank\" rel=\"noreferrer noopener\">https:\/\/www.dipalme.org\/Servicios\/cmsdipro\/index.nsf\/informacion.xsp?p=VelezR&amp;documentId=C6FA98A507DD5FA0C125897B004BE93B<\/a><\/p>\n\n\n\n<p>[6] Wikipedia. Entrada <em>Azulejo de cuenca y arista<\/em>. <a href=\"https:\/\/es.wikipedia.org\/wiki\/Azulejo_de_cuenca_y_arista\" target=\"_blank\" rel=\"noreferrer noopener\">https:\/\/es.wikipedia.org\/wiki\/Azulejo_de_cuenca_y_arista<\/a><\/p>\n\n\n\n<p>[7] Gu\u00eda Repsol. <em>Donde naci\u00f3 la leyenda del Indalo<\/em>. <a href=\"https:\/\/www.guiarepsol.com\/es\/viajar\/vamos-de-excursion\/cueva-letreros-velez-blanco-almeria\/\" target=\"_blank\" rel=\"noreferrer noopener\">https:\/\/www.guiarepsol.com\/es\/viajar\/vamos-de-excursion\/cueva-letreros-velez-blanco-almeria\/<\/a><\/p>\n\n\n\n<p><strong>Nota sobre fotos<\/strong><\/p>\n\n\n\n<p>Las fotos que se han utilizado, han sido realizadas por F\u00e9lix Ares y \u00c1lvaro Ares y las licenciamos como Creative Commons . Attribution 4.0. International CC by 4.0. Puede usarlas, pero deben dar cr\u00e9dito a los autores y que se han sacado de la p\u00e1gina https:\/\/felix.ares.fm<\/p>\n\n\n<div class=\"wp-block-image\">\n<figure class=\"aligncenter\"><a href=\"https:\/\/creativecommons.org\/licenses\/by\/4.0\/\"><img decoding=\"async\" src=\"https:\/\/i.creativecommons.org\/l\/by\/4.0\/88x31.png\" alt=\"Creative Commons License\"\/><\/a><\/figure>\n<\/div>\n\n\n<p class=\"has-text-align-center\">_ _ _<\/p>\n\n\n\n<p>NOTA: ya saben ustedes que el Spam est\u00e1 a la orden del d\u00eda. Si pusiera mi direcci\u00f3n de correo electr\u00f3nico en forma visible, mi buz\u00f3n se llenar\u00eda de basura. Si quieren ponerse en contacto conmigo, pueden hacerlo en esta direcci\u00f3n, que pienso est\u00e1 suficientemente dif\u00edcil para los robots.<\/p>\n\n\n\n<p> <\/p>\n\n\n<div class=\"wp-block-image\">\n<figure class=\"aligncenter size-large is-resized\"><img loading=\"lazy\" decoding=\"async\" src=\"http:\/\/felix.ares.fm\/wp-content\/uploads\/2016\/02\/tapas.ares_.fm_.2.jpg\" alt=\"\" class=\"wp-image-7476\" style=\"width:256px;height:182px\" width=\"256\" height=\"182\" srcset=\"https:\/\/felix.ares.fm\/wp-content\/uploads\/2016\/02\/tapas.ares_.fm_.2.jpg 703w, https:\/\/felix.ares.fm\/wp-content\/uploads\/2016\/02\/tapas.ares_.fm_.2-300x213.jpg 300w\" sizes=\"auto, (max-width: 256px) 100vw, 256px\" \/><\/figure>\n<\/div>\n\n\n<p><\/p>\n","protected":false},"excerpt":{"rendered":"<p>24 de septiembre de 2023 Los d\u00edas 8, 9 y 10 de septiembre fuimos de excursi\u00f3n a Lorca (Murcia) y sus alrededores. El viaje estaba organizado por la agencia de viajes Alcaraz. En la entrada anterior hablamos de la visita al castillo de V\u00e9lez Blanco, hoy hablamos de la visita a V\u00e9lez Rubio. Quiz\u00e1, antes &hellip; <a href=\"https:\/\/felix.ares.fm\/?p=13667\" class=\"more-link\">Seguir leyendo <span class=\"screen-reader-text\">Excursi\u00f3n a Lorca (Murcia) (8). V\u00e9lez Rubio (Almer\u00eda).<\/span> <span class=\"meta-nav\">&rarr;<\/span><\/a><\/p>\n","protected":false},"author":1,"featured_media":0,"comment_status":"closed","ping_status":"open","sticky":false,"template":"","format":"standard","meta":{"footnotes":""},"categories":[1161,1170,1173,1169],"tags":[1184,1194,1186,1183,1193,1176,1187,1182,1181,1179,1180,1177,1172,1171,1192,1185,1174,1188,1190,1189,1191,1178],"class_list":["post-13667","post","type-post","status-publish","format-standard","hentry","category-almeria","category-iglesia-de-nuestra-senora-de-la-encarnacion","category-museo-comarcal","category-velez-rubio","tag-anforas-romanas","tag-bar-dcanas","tag-ceramica-con-la-tecnica-de-cuenca-y-arista","tag-collar-decorativo","tag-cueva-de-los-letreros","tag-edificio-historicista-modernista","tag-figuras-precolombinas","tag-herramientas-de-hueso","tag-herramientas-de-piedra","tag-homo-erectus","tag-homo-nendertalensis","tag-hospital-real","tag-iglesia-del-carmen","tag-iglesia-e-nuestra-senora-de-la-encarnacion","tag-indalo","tag-mosaicos-hispano-romanos","tag-museo-comarcal","tag-tabla-de-lavar","tag-telar","tag-trilla","tag-un-aula","tag-yeso-especular"],"_links":{"self":[{"href":"https:\/\/felix.ares.fm\/index.php?rest_route=\/wp\/v2\/posts\/13667","targetHints":{"allow":["GET"]}}],"collection":[{"href":"https:\/\/felix.ares.fm\/index.php?rest_route=\/wp\/v2\/posts"}],"about":[{"href":"https:\/\/felix.ares.fm\/index.php?rest_route=\/wp\/v2\/types\/post"}],"author":[{"embeddable":true,"href":"https:\/\/felix.ares.fm\/index.php?rest_route=\/wp\/v2\/users\/1"}],"replies":[{"embeddable":true,"href":"https:\/\/felix.ares.fm\/index.php?rest_route=%2Fwp%2Fv2%2Fcomments&post=13667"}],"version-history":[{"count":7,"href":"https:\/\/felix.ares.fm\/index.php?rest_route=\/wp\/v2\/posts\/13667\/revisions"}],"predecessor-version":[{"id":13730,"href":"https:\/\/felix.ares.fm\/index.php?rest_route=\/wp\/v2\/posts\/13667\/revisions\/13730"}],"wp:attachment":[{"href":"https:\/\/felix.ares.fm\/index.php?rest_route=%2Fwp%2Fv2%2Fmedia&parent=13667"}],"wp:term":[{"taxonomy":"category","embeddable":true,"href":"https:\/\/felix.ares.fm\/index.php?rest_route=%2Fwp%2Fv2%2Fcategories&post=13667"},{"taxonomy":"post_tag","embeddable":true,"href":"https:\/\/felix.ares.fm\/index.php?rest_route=%2Fwp%2Fv2%2Ftags&post=13667"}],"curies":[{"name":"wp","href":"https:\/\/api.w.org\/{rel}","templated":true}]}}