{"id":13630,"date":"2023-09-23T08:52:00","date_gmt":"2023-09-23T06:52:00","guid":{"rendered":"https:\/\/felix.ares.fm\/?p=13630"},"modified":"2023-09-23T10:31:59","modified_gmt":"2023-09-23T08:31:59","slug":"excursion-a-lorca-murcia-7-castillo-de-velez-blanco-almeria","status":"publish","type":"post","link":"https:\/\/felix.ares.fm\/?p=13630","title":{"rendered":"Excursi\u00f3n a Lorca (Murcia) (7). Castillo de V\u00e9lez Blanco (Almer\u00eda)."},"content":{"rendered":"\n<p><strong>23 de septiembre de 2023<\/strong><\/p>\n\n\n\n<p><strong>Los d\u00edas 8, 9 y 10 de septiembre fuimos de excursi\u00f3n a Lorca (Murcia) y sus alrededores. El viaje estaba organizado por la agencia de viajes Alcaraz. En la entrada anterior hablamos la visita a Castril en esta hablaremos de la visita al castillo de V\u00e9lez Blanco.<\/strong><\/p>\n\n\n<div class=\"wp-block-image\">\n<figure class=\"aligncenter size-full\"><img loading=\"lazy\" decoding=\"async\" width=\"571\" height=\"285\" src=\"https:\/\/felix.ares.fm\/wp-content\/uploads\/2023\/09\/ruta-lorenzo-velez-blanco.png\" alt=\"\" class=\"wp-image-13631\" srcset=\"https:\/\/felix.ares.fm\/wp-content\/uploads\/2023\/09\/ruta-lorenzo-velez-blanco.png 571w, https:\/\/felix.ares.fm\/wp-content\/uploads\/2023\/09\/ruta-lorenzo-velez-blanco-300x150.png 300w\" sizes=\"auto, (max-width: 571px) 100vw, 571px\" \/><figcaption class=\"wp-element-caption\">Ruta desde Hotel Restaurante Lorenzo a V\u00e9lez-Blanco. Mapa gentileza de Google maps.<\/figcaption><\/figure>\n<\/div>\n\n\n<p>Quiz\u00e1, antes de adentrarnos en el imponente castillo de V\u00e9lez-Blanco, convenga decir unas palabras sobre la comarca de \u00abLos V\u00e9lez\u00bb en la que est\u00e1n tanto Chirivel, donde est\u00e1 nuestro hotel (Lorenzo), como V\u00e9lez-Blanco y V\u00e9lez-Rubio.<\/p>\n\n\n\n<blockquote class=\"wp-block-quote is-layout-flow wp-block-quote-is-layout-flow\">\n<p><strong>Los V\u00e9lez<\/strong> es una <a href=\"https:\/\/es.wikipedia.org\/wiki\/Comarca\">comarca<\/a> <a href=\"https:\/\/es.wikipedia.org\/wiki\/Espa%C3%B1a\">espa\u00f1ola<\/a> situada en la parte septentrional de la <a href=\"https:\/\/es.wikipedia.org\/wiki\/Provincia_de_Almer%C3%ADa\">provincia de Almer\u00eda<\/a>.<sup><a href=\"https:\/\/es.wikipedia.org\/wiki\/Los_V%C3%A9lez#cite_note-2\">2<\/a><\/sup>\u200b<sup><a href=\"https:\/\/es.wikipedia.org\/wiki\/Los_V%C3%A9lez#cite_note-lv-3\">3<\/a><\/sup>\u200b Este territorio limita con las comarcas almerienses del <a href=\"https:\/\/es.wikipedia.org\/wiki\/Levante_Almeriense\">Levante<\/a> al sureste y el <a href=\"https:\/\/es.wikipedia.org\/wiki\/Valle_del_Almanzora\">Valle del Almanzora<\/a> al sur; con las comarcas <a href=\"https:\/\/es.wikipedia.org\/wiki\/Provincia_de_Granada\">granadinas<\/a> de <a href=\"https:\/\/es.wikipedia.org\/wiki\/Comarca_de_Baza\">Baza<\/a> al suroeste y <a href=\"https:\/\/es.wikipedia.org\/wiki\/Comarca_de_Hu%C3%A9scar\">Hu\u00e9scar<\/a> al oeste; as\u00ed como con las <a href=\"https:\/\/es.wikipedia.org\/wiki\/Regi%C3%B3n_de_Murcia\">murcianas<\/a> del <a href=\"https:\/\/es.wikipedia.org\/wiki\/Comarca_del_Noroeste\">Noroeste<\/a> al norte y el <a href=\"https:\/\/es.wikipedia.org\/wiki\/Alto_Guadalent%C3%ADn\">Alto Guadalent\u00edn<\/a> al este.<\/p>\n\n\n\n<p>Est\u00e1 formada por cuatro <a href=\"https:\/\/es.wikipedia.org\/wiki\/Municipio_(Espa%C3%B1a)\">municipios<\/a>,<sup><a href=\"https:\/\/es.wikipedia.org\/wiki\/Los_V%C3%A9lez#cite_note-lv-3\">3<\/a><\/sup>\u200b de los cuales el m\u00e1s poblado es <a href=\"https:\/\/es.wikipedia.org\/wiki\/V%C3%A9lez-Rubio\">V\u00e9lez-Rubio<\/a>, y el m\u00e1s extenso <a href=\"https:\/\/es.wikipedia.org\/wiki\/V%C3%A9lez-Blanco\">V\u00e9lez-Blanco<\/a>, que es a su vez el segundo m\u00e1s grande de toda la provincia; por el contrario, el municipio con menor n\u00famero de habitantes es <a href=\"https:\/\/es.wikipedia.org\/wiki\/Mar%C3%ADa_(Almer%C3%ADa)\">Mar\u00eda<\/a>, y el de menor superficie <a href=\"https:\/\/es.wikipedia.org\/wiki\/Chirivel\">Chirivel<\/a>. Su capital tradicional e hist\u00f3rica es la villa de <a href=\"https:\/\/es.wikipedia.org\/wiki\/V%C3%A9lez-Rubio\">V\u00e9lez-Rubio<\/a>.<\/p>\n\n\n\n<p>Como el resto de las <a href=\"https:\/\/es.wikipedia.org\/wiki\/Anexo:Comarcas_de_la_provincia_de_Almer%C3%ADa\">comarcas almerienses<\/a>, solo est\u00e1 reconocida a nivel geogr\u00e1fico pero no a nivel pol\u00edtico.<\/p>\n<cite>https:\/\/es.wikipedia.org\/wiki\/Los_V%C3%A9lez [1]<\/cite><\/blockquote>\n\n\n\n<p>Seg\u00fan nos acerc\u00e1bamos a los municipios de V\u00e9lez-Rubio y de V\u00e9lez-Blanco (est\u00e1n muy cerca) nos encontramos con una monta\u00f1a que parec\u00eda un molar. Juan nos dijo que se trataba del monte conocido como la muela. La raz\u00f3n de llamarse as\u00ed es bastante obvia.<\/p>\n\n\n\n<figure class=\"wp-block-image size-full\"><img loading=\"lazy\" decoding=\"async\" width=\"640\" height=\"358\" src=\"https:\/\/felix.ares.fm\/wp-content\/uploads\/2023\/09\/0IMG20230910100842BC2RE-min.jpg\" alt=\"\" class=\"wp-image-13634\" srcset=\"https:\/\/felix.ares.fm\/wp-content\/uploads\/2023\/09\/0IMG20230910100842BC2RE-min.jpg 640w, https:\/\/felix.ares.fm\/wp-content\/uploads\/2023\/09\/0IMG20230910100842BC2RE-min-300x168.jpg 300w\" sizes=\"auto, (max-width: 640px) 100vw, 640px\" \/><figcaption class=\"wp-element-caption\">Monta\u00f1a conocida como \u00abLa Muela\u00bb de Montalviche (1.554 m de altura). En el t\u00e9rmino municipal de V\u00e9lez-Blanco.<\/figcaption><\/figure>\n\n\n\n<p>Al llegar a V\u00e9lez-Rubio un cartel en la carretera nos indicaba c\u00f3mo llegar a V\u00e9lez-Blanco, que es a donde \u00edbamos y algo que me sorprendi\u00f3 fue la se\u00f1al en violeta: <strong>Arte rupestre<\/strong>. <strong>Patrimonio Mundial<\/strong>. No fuimos a ver ese arte rupestre, lo cual nos da una buena disculpa para volver a esta zona.<\/p>\n\n\n\n<figure class=\"wp-block-image size-full\"><img loading=\"lazy\" decoding=\"async\" width=\"640\" height=\"289\" src=\"https:\/\/felix.ares.fm\/wp-content\/uploads\/2023\/09\/0IMG20230910100159BC-min.jpg\" alt=\"\" class=\"wp-image-13635\" srcset=\"https:\/\/felix.ares.fm\/wp-content\/uploads\/2023\/09\/0IMG20230910100159BC-min.jpg 640w, https:\/\/felix.ares.fm\/wp-content\/uploads\/2023\/09\/0IMG20230910100159BC-min-300x135.jpg 300w\" sizes=\"auto, (max-width: 640px) 100vw, 640px\" \/><\/figure>\n\n\n\n<p>Desde el autob\u00fas, a lo lejos, podemos ver el Castillo que vamos a visitar, el de V\u00e9lez-Blanco. Desde el bus la imagen es imponente.<\/p>\n\n\n\n<figure class=\"wp-block-image size-full\"><img loading=\"lazy\" decoding=\"async\" width=\"640\" height=\"289\" src=\"https:\/\/felix.ares.fm\/wp-content\/uploads\/2023\/09\/0IMG20230910100913GIBC-min.jpg\" alt=\"\" class=\"wp-image-13636\" srcset=\"https:\/\/felix.ares.fm\/wp-content\/uploads\/2023\/09\/0IMG20230910100913GIBC-min.jpg 640w, https:\/\/felix.ares.fm\/wp-content\/uploads\/2023\/09\/0IMG20230910100913GIBC-min-300x135.jpg 300w\" sizes=\"auto, (max-width: 640px) 100vw, 640px\" \/><figcaption class=\"wp-element-caption\">Castillo de V\u00e9lez-Blanco.<\/figcaption><\/figure>\n\n\n\n<blockquote class=\"wp-block-quote is-layout-flow wp-block-quote-is-layout-flow\">\n<p>El <strong>castillo de V\u00e9lez-Blanco<\/strong> est\u00e1 situado en el <a href=\"https:\/\/es.wikipedia.org\/wiki\/Municipio\">municipio<\/a> <a href=\"https:\/\/es.wikipedia.org\/wiki\/Espa%C3%B1a\">espa\u00f1ol<\/a> de <a href=\"https:\/\/es.wikipedia.org\/wiki\/V%C3%A9lez-Blanco\">V\u00e9lez-Blanco<\/a>, en la <a href=\"https:\/\/es.wikipedia.org\/wiki\/Provincia_de_Almer%C3%ADa\">provincia de Almer\u00eda<\/a>, <a href=\"https:\/\/es.wikipedia.org\/wiki\/Andaluc%C3%ADa\">Andaluc\u00eda<\/a> y es un ejemplo emblem\u00e1tico de la <a href=\"https:\/\/es.wikipedia.org\/wiki\/Arquitectura\">arquitectura<\/a> del <a href=\"https:\/\/es.wikipedia.org\/wiki\/Renacimiento_Espa%C3%B1ol\">Renacimiento Espa\u00f1ol<\/a>, conjugando el aspecto <a href=\"https:\/\/es.wikipedia.org\/wiki\/Militar\">militar<\/a> con el <a href=\"https:\/\/es.wikipedia.org\/wiki\/Palacio\">palaciego<\/a>.<\/p>\n\n\n\n<p>Actualmente, est\u00e1 considerado como <a href=\"https:\/\/es.wikipedia.org\/wiki\/BIC\">BIC<\/a> (<a href=\"https:\/\/es.wikipedia.org\/wiki\/BIC\">Bien de Inter\u00e9s Cultural<\/a>) y fue declarado <a href=\"https:\/\/es.wikipedia.org\/wiki\/Anexo:Lista_de_los_monumentos_hist%C3%B3rico-art%C3%ADsticos_de_Espa%C3%B1a_declarados_en_1931\">Monumento hist\u00f3rico-art\u00edstico<\/a> perteneciente al Tesoro Art\u00edstico Nacional mediante decreto de 3 de junio de 1931.<sup><a href=\"https:\/\/es.wikipedia.org\/wiki\/Castillo_de_V%C3%A9lez-Blanco#cite_note-1\">1<\/a><\/sup>\u200b<\/p>\n<cite>https:\/\/es.wikipedia.org\/wiki\/Castillo_de_V%C3%A9lez-Blanco [2]<\/cite><\/blockquote>\n\n\n\n<p>A la entrada del castillo hab\u00eda un \u00abletrero\u00bb informativo que me sorprendi\u00f3 enormemente.<\/p>\n\n\n<div class=\"wp-block-image\">\n<figure class=\"aligncenter size-full\"><img loading=\"lazy\" decoding=\"async\" width=\"217\" height=\"480\" src=\"https:\/\/felix.ares.fm\/wp-content\/uploads\/2023\/09\/IMG20230910101511-min.jpg\" alt=\"\" class=\"wp-image-13637\" srcset=\"https:\/\/felix.ares.fm\/wp-content\/uploads\/2023\/09\/IMG20230910101511-min.jpg 217w, https:\/\/felix.ares.fm\/wp-content\/uploads\/2023\/09\/IMG20230910101511-min-136x300.jpg 136w\" sizes=\"auto, (max-width: 217px) 100vw, 217px\" \/><figcaption class=\"wp-element-caption\">Sorprendente cartel a la entrada del castillo de V\u00e9lez-Blanco. Es impresionante la cantidad de informaci\u00f3n que da (modo ir\u00f3nico).<\/figcaption><\/figure>\n<\/div>\n\n<div class=\"wp-block-image\">\n<figure class=\"aligncenter size-full\"><img loading=\"lazy\" decoding=\"async\" width=\"640\" height=\"289\" src=\"https:\/\/felix.ares.fm\/wp-content\/uploads\/2023\/09\/IMG20230910101642-min.jpg\" alt=\"\" class=\"wp-image-13638\" srcset=\"https:\/\/felix.ares.fm\/wp-content\/uploads\/2023\/09\/IMG20230910101642-min.jpg 640w, https:\/\/felix.ares.fm\/wp-content\/uploads\/2023\/09\/IMG20230910101642-min-300x135.jpg 300w\" sizes=\"auto, (max-width: 640px) 100vw, 640px\" \/><figcaption class=\"wp-element-caption\">Nuestro grupo llega al castillo con el gu\u00eda.<\/figcaption><\/figure>\n<\/div>\n\n<div class=\"wp-block-image\">\n<figure class=\"aligncenter size-full\"><img loading=\"lazy\" decoding=\"async\" width=\"640\" height=\"289\" src=\"https:\/\/felix.ares.fm\/wp-content\/uploads\/2023\/09\/IMG20230910101724SC-min.jpg\" alt=\"\" class=\"wp-image-13639\" srcset=\"https:\/\/felix.ares.fm\/wp-content\/uploads\/2023\/09\/IMG20230910101724SC-min.jpg 640w, https:\/\/felix.ares.fm\/wp-content\/uploads\/2023\/09\/IMG20230910101724SC-min-300x135.jpg 300w\" sizes=\"auto, (max-width: 640px) 100vw, 640px\" \/><figcaption class=\"wp-element-caption\">Entrada al castillo de V\u00e9lez-Blanco.<\/figcaption><\/figure>\n<\/div>\n\n<div class=\"wp-block-image\">\n<figure class=\"aligncenter size-full\"><img loading=\"lazy\" decoding=\"async\" width=\"640\" height=\"289\" src=\"https:\/\/felix.ares.fm\/wp-content\/uploads\/2023\/09\/IMG20230910101727-min.jpg\" alt=\"\" class=\"wp-image-13640\" srcset=\"https:\/\/felix.ares.fm\/wp-content\/uploads\/2023\/09\/IMG20230910101727-min.jpg 640w, https:\/\/felix.ares.fm\/wp-content\/uploads\/2023\/09\/IMG20230910101727-min-300x135.jpg 300w\" sizes=\"auto, (max-width: 640px) 100vw, 640px\" \/><figcaption class=\"wp-element-caption\">Castillo de V\u00e9lez-Blanco.<\/figcaption><\/figure>\n<\/div>\n\n<div class=\"wp-block-image\">\n<figure class=\"aligncenter size-full\"><img loading=\"lazy\" decoding=\"async\" width=\"640\" height=\"289\" src=\"https:\/\/felix.ares.fm\/wp-content\/uploads\/2023\/09\/IMG_20230910_102515-min.jpg\" alt=\"\" class=\"wp-image-13641\" srcset=\"https:\/\/felix.ares.fm\/wp-content\/uploads\/2023\/09\/IMG_20230910_102515-min.jpg 640w, https:\/\/felix.ares.fm\/wp-content\/uploads\/2023\/09\/IMG_20230910_102515-min-300x135.jpg 300w\" sizes=\"auto, (max-width: 640px) 100vw, 640px\" \/><figcaption class=\"wp-element-caption\">Torre el homenaje.<\/figcaption><\/figure>\n<\/div>\n\n\n<p>Donde he puesto una flecha, el gu\u00eda nos dijo que hab\u00eda una especie de puente de madera que era otra protecci\u00f3n de seguridad. En caso de asedio quitaban las maderas y as\u00ed se separaban las dos partes del castillo, dejando a la zona de la familia protegida. Cuando estemos arriba volveremos a ver esas maderas.<\/p>\n\n\n\n<figure class=\"wp-block-image size-full\"><img loading=\"lazy\" decoding=\"async\" width=\"640\" height=\"289\" src=\"https:\/\/felix.ares.fm\/wp-content\/uploads\/2023\/09\/IMG20230910102307flecha-min-1.jpg\" alt=\"\" class=\"wp-image-13642\" srcset=\"https:\/\/felix.ares.fm\/wp-content\/uploads\/2023\/09\/IMG20230910102307flecha-min-1.jpg 640w, https:\/\/felix.ares.fm\/wp-content\/uploads\/2023\/09\/IMG20230910102307flecha-min-1-300x135.jpg 300w\" sizes=\"auto, (max-width: 640px) 100vw, 640px\" \/><figcaption class=\"wp-element-caption\">Donde est\u00e1 la flecha hay unas maderas, que al quitarlas separan la zona izquierda de la derecha del castillo. Era un procedimiento de defensa.<\/figcaption><\/figure>\n\n\n<div class=\"wp-block-image\">\n<figure class=\"aligncenter size-full\"><img loading=\"lazy\" decoding=\"async\" width=\"640\" height=\"289\" src=\"https:\/\/felix.ares.fm\/wp-content\/uploads\/2023\/09\/IMG20230910102409-min.jpg\" alt=\"\" class=\"wp-image-13643\" srcset=\"https:\/\/felix.ares.fm\/wp-content\/uploads\/2023\/09\/IMG20230910102409-min.jpg 640w, https:\/\/felix.ares.fm\/wp-content\/uploads\/2023\/09\/IMG20230910102409-min-300x135.jpg 300w\" sizes=\"auto, (max-width: 640px) 100vw, 640px\" \/><figcaption class=\"wp-element-caption\">Con el zum he logrado que se vean las maderas.<\/figcaption><\/figure>\n<\/div>\n\n\n<figure class=\"wp-block-gallery has-nested-images columns-default is-cropped wp-block-gallery-1 is-layout-flex wp-block-gallery-is-layout-flex\">\n<figure class=\"wp-block-image size-large\"><img loading=\"lazy\" decoding=\"async\" width=\"217\" height=\"480\" data-id=\"13645\" src=\"https:\/\/felix.ares.fm\/wp-content\/uploads\/2023\/09\/IMG20230910102640-min.jpg\" alt=\"\" class=\"wp-image-13645\" srcset=\"https:\/\/felix.ares.fm\/wp-content\/uploads\/2023\/09\/IMG20230910102640-min.jpg 217w, https:\/\/felix.ares.fm\/wp-content\/uploads\/2023\/09\/IMG20230910102640-min-136x300.jpg 136w\" sizes=\"auto, (max-width: 217px) 100vw, 217px\" \/><figcaption class=\"wp-element-caption\">Escudos familiares en la fachada.<\/figcaption><\/figure>\n\n\n\n<figure class=\"wp-block-image size-large\"><img loading=\"lazy\" decoding=\"async\" width=\"217\" height=\"480\" data-id=\"13644\" src=\"https:\/\/felix.ares.fm\/wp-content\/uploads\/2023\/09\/IMG20230910102744-min.jpg\" alt=\"\" class=\"wp-image-13644\" srcset=\"https:\/\/felix.ares.fm\/wp-content\/uploads\/2023\/09\/IMG20230910102744-min.jpg 217w, https:\/\/felix.ares.fm\/wp-content\/uploads\/2023\/09\/IMG20230910102744-min-136x300.jpg 136w\" sizes=\"auto, (max-width: 217px) 100vw, 217px\" \/><\/figure>\n<\/figure>\n\n\n<div class=\"wp-block-image\">\n<figure class=\"aligncenter size-full\"><img loading=\"lazy\" decoding=\"async\" width=\"640\" height=\"289\" src=\"https:\/\/felix.ares.fm\/wp-content\/uploads\/2023\/09\/IMG20230910103022-min.jpg\" alt=\"\" class=\"wp-image-13646\" srcset=\"https:\/\/felix.ares.fm\/wp-content\/uploads\/2023\/09\/IMG20230910103022-min.jpg 640w, https:\/\/felix.ares.fm\/wp-content\/uploads\/2023\/09\/IMG20230910103022-min-300x135.jpg 300w\" sizes=\"auto, (max-width: 640px) 100vw, 640px\" \/><figcaption class=\"wp-element-caption\">Entrada al castillo.<\/figcaption><\/figure>\n<\/div>\n\n\n<figure class=\"wp-block-gallery has-nested-images columns-default is-cropped wp-block-gallery-2 is-layout-flex wp-block-gallery-is-layout-flex\">\n<figure class=\"wp-block-image size-large\"><img loading=\"lazy\" decoding=\"async\" width=\"216\" height=\"480\" data-id=\"13647\" src=\"https:\/\/felix.ares.fm\/wp-content\/uploads\/2023\/09\/IMG20230910103246-min.jpg\" alt=\"\" class=\"wp-image-13647\" srcset=\"https:\/\/felix.ares.fm\/wp-content\/uploads\/2023\/09\/IMG20230910103246-min.jpg 216w, https:\/\/felix.ares.fm\/wp-content\/uploads\/2023\/09\/IMG20230910103246-min-135x300.jpg 135w\" sizes=\"auto, (max-width: 216px) 100vw, 216px\" \/><figcaption class=\"wp-element-caption\">Entrada al castillo <\/figcaption><\/figure>\n\n\n\n<figure class=\"wp-block-image size-large\"><img loading=\"lazy\" decoding=\"async\" width=\"217\" height=\"480\" data-id=\"13648\" src=\"https:\/\/felix.ares.fm\/wp-content\/uploads\/2023\/09\/IMG20230910103302-min.jpg\" alt=\"\" class=\"wp-image-13648\" srcset=\"https:\/\/felix.ares.fm\/wp-content\/uploads\/2023\/09\/IMG20230910103302-min.jpg 217w, https:\/\/felix.ares.fm\/wp-content\/uploads\/2023\/09\/IMG20230910103302-min-136x300.jpg 136w\" sizes=\"auto, (max-width: 217px) 100vw, 217px\" \/><figcaption class=\"wp-element-caption\">Detalle de las luces<\/figcaption><\/figure>\n\n\n\n<figure class=\"wp-block-image size-large\"><img loading=\"lazy\" decoding=\"async\" width=\"217\" height=\"480\" data-id=\"13649\" src=\"https:\/\/felix.ares.fm\/wp-content\/uploads\/2023\/09\/IMG20230910103305-min.jpg\" alt=\"\" class=\"wp-image-13649\" srcset=\"https:\/\/felix.ares.fm\/wp-content\/uploads\/2023\/09\/IMG20230910103305-min.jpg 217w, https:\/\/felix.ares.fm\/wp-content\/uploads\/2023\/09\/IMG20230910103305-min-136x300.jpg 136w\" sizes=\"auto, (max-width: 217px) 100vw, 217px\" \/><figcaption class=\"wp-element-caption\">Detalle luces.<\/figcaption><\/figure>\n<\/figure>\n\n\n\n<figure class=\"wp-block-gallery has-nested-images columns-default is-cropped wp-block-gallery-3 is-layout-flex wp-block-gallery-is-layout-flex\">\n<figure class=\"wp-block-image size-large\"><img loading=\"lazy\" decoding=\"async\" width=\"217\" height=\"480\" data-id=\"13650\" src=\"https:\/\/felix.ares.fm\/wp-content\/uploads\/2023\/09\/IMG20230910103512-min.jpg\" alt=\"\" class=\"wp-image-13650\" srcset=\"https:\/\/felix.ares.fm\/wp-content\/uploads\/2023\/09\/IMG20230910103512-min.jpg 217w, https:\/\/felix.ares.fm\/wp-content\/uploads\/2023\/09\/IMG20230910103512-min-136x300.jpg 136w\" sizes=\"auto, (max-width: 217px) 100vw, 217px\" \/><figcaption class=\"wp-element-caption\">Escudo de los V\u00e9lez.<\/figcaption><\/figure>\n\n\n\n<figure class=\"wp-block-image size-large\"><img loading=\"lazy\" decoding=\"async\" width=\"217\" height=\"480\" data-id=\"13651\" src=\"https:\/\/felix.ares.fm\/wp-content\/uploads\/2023\/09\/IMG20230910103526-min.jpg\" alt=\"\" class=\"wp-image-13651\" srcset=\"https:\/\/felix.ares.fm\/wp-content\/uploads\/2023\/09\/IMG20230910103526-min.jpg 217w, https:\/\/felix.ares.fm\/wp-content\/uploads\/2023\/09\/IMG20230910103526-min-136x300.jpg 136w\" sizes=\"auto, (max-width: 217px) 100vw, 217px\" \/><figcaption class=\"wp-element-caption\">Curiosa g\u00e1rgola de un patio interior.<\/figcaption><\/figure>\n<\/figure>\n\n\n<div class=\"wp-block-image\">\n<figure class=\"aligncenter size-full\"><img loading=\"lazy\" decoding=\"async\" width=\"217\" height=\"480\" src=\"https:\/\/felix.ares.fm\/wp-content\/uploads\/2023\/09\/IMG20230910104236-min.jpg\" alt=\"\" class=\"wp-image-13652\" srcset=\"https:\/\/felix.ares.fm\/wp-content\/uploads\/2023\/09\/IMG20230910104236-min.jpg 217w, https:\/\/felix.ares.fm\/wp-content\/uploads\/2023\/09\/IMG20230910104236-min-136x300.jpg 136w\" sizes=\"auto, (max-width: 217px) 100vw, 217px\" \/><figcaption class=\"wp-element-caption\">Vistas desde el interior del castillo.<\/figcaption><\/figure>\n<\/div>\n\n<div class=\"wp-block-image\">\n<figure class=\"aligncenter size-full\"><img loading=\"lazy\" decoding=\"async\" width=\"640\" height=\"289\" src=\"https:\/\/felix.ares.fm\/wp-content\/uploads\/2023\/09\/IMG20230910104244-min.jpg\" alt=\"\" class=\"wp-image-13654\" srcset=\"https:\/\/felix.ares.fm\/wp-content\/uploads\/2023\/09\/IMG20230910104244-min.jpg 640w, https:\/\/felix.ares.fm\/wp-content\/uploads\/2023\/09\/IMG20230910104244-min-300x135.jpg 300w\" sizes=\"auto, (max-width: 640px) 100vw, 640px\" \/><figcaption class=\"wp-element-caption\">La muela vista desde el castillo.<\/figcaption><\/figure>\n<\/div>\n\n<div class=\"wp-block-image\">\n<figure class=\"aligncenter size-full\"><img loading=\"lazy\" decoding=\"async\" width=\"640\" height=\"289\" src=\"https:\/\/felix.ares.fm\/wp-content\/uploads\/2023\/09\/IMG20230910104318-min.jpg\" alt=\"\" class=\"wp-image-13655\" srcset=\"https:\/\/felix.ares.fm\/wp-content\/uploads\/2023\/09\/IMG20230910104318-min.jpg 640w, https:\/\/felix.ares.fm\/wp-content\/uploads\/2023\/09\/IMG20230910104318-min-300x135.jpg 300w\" sizes=\"auto, (max-width: 640px) 100vw, 640px\" \/><figcaption class=\"wp-element-caption\">Aspecto del interior del castillo.<\/figcaption><\/figure>\n<\/div>\n\n\n<figure class=\"wp-block-gallery has-nested-images columns-default is-cropped wp-block-gallery-4 is-layout-flex wp-block-gallery-is-layout-flex\">\n<figure class=\"wp-block-image size-large\"><img loading=\"lazy\" decoding=\"async\" width=\"217\" height=\"480\" data-id=\"13656\" src=\"https:\/\/felix.ares.fm\/wp-content\/uploads\/2023\/09\/IMG20230910104342-min.jpg\" alt=\"\" class=\"wp-image-13656\" srcset=\"https:\/\/felix.ares.fm\/wp-content\/uploads\/2023\/09\/IMG20230910104342-min.jpg 217w, https:\/\/felix.ares.fm\/wp-content\/uploads\/2023\/09\/IMG20230910104342-min-136x300.jpg 136w\" sizes=\"auto, (max-width: 217px) 100vw, 217px\" \/><figcaption class=\"wp-element-caption\">Vistas desde el interior<\/figcaption><\/figure>\n\n\n\n<figure class=\"wp-block-image size-large\"><img loading=\"lazy\" decoding=\"async\" width=\"217\" height=\"480\" data-id=\"13658\" src=\"https:\/\/felix.ares.fm\/wp-content\/uploads\/2023\/09\/IMG20230910104740-min.jpg\" alt=\"\" class=\"wp-image-13658\" srcset=\"https:\/\/felix.ares.fm\/wp-content\/uploads\/2023\/09\/IMG20230910104740-min.jpg 217w, https:\/\/felix.ares.fm\/wp-content\/uploads\/2023\/09\/IMG20230910104740-min-136x300.jpg 136w\" sizes=\"auto, (max-width: 217px) 100vw, 217px\" \/><figcaption class=\"wp-element-caption\">Al fondo La Muela.<\/figcaption><\/figure>\n\n\n\n<figure class=\"wp-block-image size-large\"><img loading=\"lazy\" decoding=\"async\" width=\"217\" height=\"480\" data-id=\"13657\" src=\"https:\/\/felix.ares.fm\/wp-content\/uploads\/2023\/09\/IMG20230910104759-min.jpg\" alt=\"\" class=\"wp-image-13657\" srcset=\"https:\/\/felix.ares.fm\/wp-content\/uploads\/2023\/09\/IMG20230910104759-min.jpg 217w, https:\/\/felix.ares.fm\/wp-content\/uploads\/2023\/09\/IMG20230910104759-min-136x300.jpg 136w\" sizes=\"auto, (max-width: 217px) 100vw, 217px\" \/><\/figure>\n<\/figure>\n\n\n<div class=\"wp-block-image\">\n<figure class=\"aligncenter size-full\"><img loading=\"lazy\" decoding=\"async\" width=\"640\" height=\"289\" src=\"https:\/\/felix.ares.fm\/wp-content\/uploads\/2023\/09\/IMG20230910104921-min.jpg\" alt=\"\" class=\"wp-image-13659\" srcset=\"https:\/\/felix.ares.fm\/wp-content\/uploads\/2023\/09\/IMG20230910104921-min.jpg 640w, https:\/\/felix.ares.fm\/wp-content\/uploads\/2023\/09\/IMG20230910104921-min-300x135.jpg 300w\" sizes=\"auto, (max-width: 640px) 100vw, 640px\" \/><figcaption class=\"wp-element-caption\">Las maderas que ve\u00edamos desde abajo, que serv\u00edan para dejar incomunicados los edificios, ahora vistas desde arriba.<\/figcaption><\/figure>\n<\/div>\n\n<div class=\"wp-block-image\">\n<figure class=\"aligncenter size-full\"><img loading=\"lazy\" decoding=\"async\" width=\"639\" height=\"480\" src=\"https:\/\/felix.ares.fm\/wp-content\/uploads\/2023\/09\/IMG20230910105221-min.jpg\" alt=\"\" class=\"wp-image-13660\" srcset=\"https:\/\/felix.ares.fm\/wp-content\/uploads\/2023\/09\/IMG20230910105221-min.jpg 639w, https:\/\/felix.ares.fm\/wp-content\/uploads\/2023\/09\/IMG20230910105221-min-300x225.jpg 300w\" sizes=\"auto, (max-width: 639px) 100vw, 639px\" \/><figcaption class=\"wp-element-caption\">Las preciosas vistas de las que disfrutaban desde el castillo.<\/figcaption><\/figure>\n<\/div>\n\n\n<figure class=\"wp-block-gallery has-nested-images columns-default is-cropped wp-block-gallery-5 is-layout-flex wp-block-gallery-is-layout-flex\">\n<figure class=\"wp-block-image size-large\"><img loading=\"lazy\" decoding=\"async\" width=\"360\" height=\"480\" data-id=\"13662\" src=\"https:\/\/felix.ares.fm\/wp-content\/uploads\/2023\/09\/IMG20230910105736-min.jpg\" alt=\"\" class=\"wp-image-13662\" srcset=\"https:\/\/felix.ares.fm\/wp-content\/uploads\/2023\/09\/IMG20230910105736-min.jpg 360w, https:\/\/felix.ares.fm\/wp-content\/uploads\/2023\/09\/IMG20230910105736-min-225x300.jpg 225w\" sizes=\"auto, (max-width: 360px) 100vw, 360px\" \/><figcaption class=\"wp-element-caption\">Detalle de la puerta.<\/figcaption><\/figure>\n\n\n\n<figure class=\"wp-block-image size-large\"><img loading=\"lazy\" decoding=\"async\" width=\"360\" height=\"480\" data-id=\"13661\" src=\"https:\/\/felix.ares.fm\/wp-content\/uploads\/2023\/09\/IMG20230910105741-min.jpg\" alt=\"\" class=\"wp-image-13661\" srcset=\"https:\/\/felix.ares.fm\/wp-content\/uploads\/2023\/09\/IMG20230910105741-min.jpg 360w, https:\/\/felix.ares.fm\/wp-content\/uploads\/2023\/09\/IMG20230910105741-min-225x300.jpg 225w\" sizes=\"auto, (max-width: 360px) 100vw, 360px\" \/><\/figure>\n<\/figure>\n\n\n\n<p>Voy a acabar aqu\u00ed, pero el gu\u00eda nos cont\u00f3 infinidad de an\u00e9cdotas sobre lo ocurrido con este castillo-palacio. Por ejemplo, que gran parte de su ornamentaci\u00f3n fue comprada y llevada a Estados Unidos y Francia&#8230; y muchas cosas m\u00e1s.<\/p>\n\n\n\n<p>Por ejemplo, parte del patio del castillo est\u00e1 hoy en el Museo Metropolitano de Nueva York.<\/p>\n\n\n\n<p>No tengo fotos m\u00edas de ese patio, por eso recurro a Wikimedia, de donde obtengo esta foto:<\/p>\n\n\n<div class=\"wp-block-image\">\n<figure class=\"aligncenter size-full\"><img loading=\"lazy\" decoding=\"async\" width=\"640\" height=\"480\" src=\"https:\/\/felix.ares.fm\/wp-content\/uploads\/2023\/09\/0Met_patio_from_the_castle_of_velez_blanco_01-min.jpeg\" alt=\"\" class=\"wp-image-13663\" srcset=\"https:\/\/felix.ares.fm\/wp-content\/uploads\/2023\/09\/0Met_patio_from_the_castle_of_velez_blanco_01-min.jpeg 640w, https:\/\/felix.ares.fm\/wp-content\/uploads\/2023\/09\/0Met_patio_from_the_castle_of_velez_blanco_01-min-300x225.jpeg 300w\" sizes=\"auto, (max-width: 640px) 100vw, 640px\" \/><figcaption class=\"wp-element-caption\">De I, Sailko, CC BY-SA 3.0, https:\/\/commons.wikimedia.org\/w\/index.php?curid=11769579. Gracias a I. Sailko por permitirnos usar esta foto.<\/figcaption><\/figure>\n<\/div>\n\n\n<p>Me gust\u00f3 mucho el gu\u00eda. Nos dio datos muy interesantes sin volverse empalagoso. Ni que decir tiene que vimos muchas cosas y que es sumamente dif\u00edcil poner unas cuantas fotos y que uno se quede satisfecho. Mi consejo es el de siempre. Espero que estas fotos le ayuden a entender qu\u00e9 es lo que pueden ver, pero, sin duda, lo mejor es que vayan y lo experimenten por ustedes mismos.<\/p>\n\n\n\n<p>En Youtube podemos ver un documental sobre la venta del Castillo:<\/p>\n\n\n\n<figure class=\"wp-block-embed is-type-video is-provider-youtube wp-block-embed-youtube wp-embed-aspect-16-9 wp-has-aspect-ratio\"><div class=\"wp-block-embed__wrapper\">\n<iframe loading=\"lazy\" title=\"Historia de un expolio CASTILLO DE V\u00c9LEZ-BLANCO\" width=\"604\" height=\"340\" src=\"https:\/\/www.youtube.com\/embed\/c6IJhWdoMNQ?feature=oembed\" frameborder=\"0\" allow=\"accelerometer; autoplay; clipboard-write; encrypted-media; gyroscope; picture-in-picture; web-share\" referrerpolicy=\"strict-origin-when-cross-origin\" allowfullscreen><\/iframe>\n<\/div><figcaption class=\"wp-element-caption\">Historia de un expolio.<\/figcaption><\/figure>\n\n\n\n<p>En cuanto a lo de expolio quisiera que pens\u00e1semos en su \u00e9poca, en su momento. Pensar con los par\u00e1metros de hoy lo que sucedi\u00f3 hace siglos siempre es distorsionador. Es una pena que los estadounidense y franceses se llevaran partes del Castillo. Pero tambi\u00e9n es cierto que, entonces, no apreci\u00e1bamos las antig\u00fcedades como hoy. As\u00ed que no debemos juzgar con los ojos de hoy a lo hecho hace mucho tiempo. Es una pena, pero, en mi opini\u00f3n, fue legal. \u00a1Y debemos admitirlo!<\/p>\n\n\n\n<hr class=\"wp-block-separator has-alpha-channel-opacity\"\/>\n\n\n\n<h3 class=\"wp-block-heading\">Bibliograf\u00eda y notas<\/h3>\n\n\n\n<p>[1] Wikipedia. Entrada Los V\u00e9lez. <a href=\"https:\/\/es.wikipedia.org\/wiki\/Los_V%C3%A9lez\" target=\"_blank\" rel=\"noreferrer noopener\">https:\/\/es.wikipedia.org\/wiki\/Los_V%C3%A9lez<\/a><\/p>\n\n\n\n<p>[2] Wikipedia. Entrada Castillo de V\u00e9lez-Blanco. <a href=\"https:\/\/es.wikipedia.org\/wiki\/Castillo_de_V%C3%A9lez-Blanc\">https:\/\/es.wikipedia.org\/wiki\/Castillo_de_V%C3%A9lez-Blanc<\/a>o<\/p>\n\n\n\n<p><strong>Nota sobre fotos<\/strong><\/p>\n\n\n\n<p>Las fotos que se han utilizado, han sido realizadas por F\u00e9lix Ares y \u00c1lvaro Ares y las licenciamos como Creative Commons . Attribution 4.0. International CC by 4.0. Puede usarlas, pero deben dar cr\u00e9dito a los autores y que se han sacado de la p\u00e1gina https:\/\/felix.ares.fm<\/p>\n\n\n<div class=\"wp-block-image\">\n<figure class=\"aligncenter\"><a href=\"https:\/\/creativecommons.org\/licenses\/by\/4.0\/\"><img decoding=\"async\" src=\"https:\/\/i.creativecommons.org\/l\/by\/4.0\/88x31.png\" alt=\"Creative Commons License\"\/><\/a><\/figure>\n<\/div>\n\n\n<p class=\"has-text-align-center\">_ _ _<\/p>\n\n\n\n<p>NOTA: ya saben ustedes que el Spam est\u00e1 a la orden del d\u00eda. Si pusiera mi direcci\u00f3n de correo electr\u00f3nico en forma visible, mi buz\u00f3n se llenar\u00eda de basura. Si quieren ponerse en contacto conmigo, pueden hacerlo en esta direcci\u00f3n, que pienso est\u00e1 suficientemente dif\u00edcil para los robots.<\/p>\n\n\n\n<p> <\/p>\n\n\n<div class=\"wp-block-image\">\n<figure class=\"aligncenter size-large is-resized\"><img loading=\"lazy\" decoding=\"async\" src=\"http:\/\/felix.ares.fm\/wp-content\/uploads\/2016\/02\/tapas.ares_.fm_.2.jpg\" alt=\"\" class=\"wp-image-7476\" style=\"width:256px;height:182px\" width=\"256\" height=\"182\" srcset=\"https:\/\/felix.ares.fm\/wp-content\/uploads\/2016\/02\/tapas.ares_.fm_.2.jpg 703w, https:\/\/felix.ares.fm\/wp-content\/uploads\/2016\/02\/tapas.ares_.fm_.2-300x213.jpg 300w\" sizes=\"auto, (max-width: 256px) 100vw, 256px\" \/><\/figure>\n<\/div>\n\n\n<p><\/p>\n","protected":false},"excerpt":{"rendered":"<p>23 de septiembre de 2023 Los d\u00edas 8, 9 y 10 de septiembre fuimos de excursi\u00f3n a Lorca (Murcia) y sus alrededores. El viaje estaba organizado por la agencia de viajes Alcaraz. En la entrada anterior hablamos la visita a Castril en esta hablaremos de la visita al castillo de V\u00e9lez Blanco. Quiz\u00e1, antes de &hellip; <a href=\"https:\/\/felix.ares.fm\/?p=13630\" class=\"more-link\">Seguir leyendo <span class=\"screen-reader-text\">Excursi\u00f3n a Lorca (Murcia) (7). Castillo de V\u00e9lez Blanco (Almer\u00eda).<\/span> <span class=\"meta-nav\">&rarr;<\/span><\/a><\/p>\n","protected":false},"author":1,"featured_media":0,"comment_status":"closed","ping_status":"open","sticky":false,"template":"","format":"standard","meta":{"footnotes":""},"categories":[1161,1163,1162],"tags":[1167,1166,1164,1168],"class_list":["post-13630","post","type-post","status-publish","format-standard","hentry","category-almeria","category-castillo-velez-blanco","category-velez-blanco","tag-castillo-de-velez-blanco","tag-la-muela","tag-los-velez","tag-partes-se-llevaron-a-museo-metropolitano-de-nueva-york"],"_links":{"self":[{"href":"https:\/\/felix.ares.fm\/index.php?rest_route=\/wp\/v2\/posts\/13630","targetHints":{"allow":["GET"]}}],"collection":[{"href":"https:\/\/felix.ares.fm\/index.php?rest_route=\/wp\/v2\/posts"}],"about":[{"href":"https:\/\/felix.ares.fm\/index.php?rest_route=\/wp\/v2\/types\/post"}],"author":[{"embeddable":true,"href":"https:\/\/felix.ares.fm\/index.php?rest_route=\/wp\/v2\/users\/1"}],"replies":[{"embeddable":true,"href":"https:\/\/felix.ares.fm\/index.php?rest_route=%2Fwp%2Fv2%2Fcomments&post=13630"}],"version-history":[{"count":5,"href":"https:\/\/felix.ares.fm\/index.php?rest_route=\/wp\/v2\/posts\/13630\/revisions"}],"predecessor-version":[{"id":13666,"href":"https:\/\/felix.ares.fm\/index.php?rest_route=\/wp\/v2\/posts\/13630\/revisions\/13666"}],"wp:attachment":[{"href":"https:\/\/felix.ares.fm\/index.php?rest_route=%2Fwp%2Fv2%2Fmedia&parent=13630"}],"wp:term":[{"taxonomy":"category","embeddable":true,"href":"https:\/\/felix.ares.fm\/index.php?rest_route=%2Fwp%2Fv2%2Fcategories&post=13630"},{"taxonomy":"post_tag","embeddable":true,"href":"https:\/\/felix.ares.fm\/index.php?rest_route=%2Fwp%2Fv2%2Ftags&post=13630"}],"curies":[{"name":"wp","href":"https:\/\/api.w.org\/{rel}","templated":true}]}}