{"id":13327,"date":"2022-12-21T17:47:00","date_gmt":"2022-12-21T15:47:00","guid":{"rendered":"https:\/\/felix.ares.fm\/?p=13327"},"modified":"2022-12-22T07:52:03","modified_gmt":"2022-12-22T05:52:03","slug":"aroma-a-mora","status":"publish","type":"post","link":"https:\/\/felix.ares.fm\/?p=13327","title":{"rendered":"Aroma a mora"},"content":{"rendered":"\n<p><strong>21 de diciembre de 2022<\/strong><\/p>\n\n\n\n<p><strong>Se me acaba de ocurrir un pal\u00edndromo: <em>aroma a mora<\/em>. Una frase que se lee exactamente igual de izquierda a derecha que de derecha a izquierda. He pensado hacer una entrada sobre ello, pero me faltaba alguna imagen. Cuento c\u00f3mo las he conseguido<\/strong>.<\/p>\n\n\n\n<p>Hace muy poco tiempo que ha salido una nueva inteligencia artificial (IA) a la que han llamado <a href=\"https:\/\/stablediffusionweb.com\/#demo\">Stable diffusion<\/a>, que permite obtener dibujos, simplemente pidi\u00e9ndose en lenguaje natural.<\/p>\n\n\n\n<p>Le he pedido una planta con moras y este es el resultado:<\/p>\n\n\n\n<figure class=\"wp-block-image size-full\"><img loading=\"lazy\" decoding=\"async\" width=\"768\" height=\"768\" src=\"https:\/\/felix.ares.fm\/wp-content\/uploads\/2022\/12\/mora.jpg\" alt=\"\" class=\"wp-image-13328\" srcset=\"https:\/\/felix.ares.fm\/wp-content\/uploads\/2022\/12\/mora.jpg 768w, https:\/\/felix.ares.fm\/wp-content\/uploads\/2022\/12\/mora-300x300.jpg 300w, https:\/\/felix.ares.fm\/wp-content\/uploads\/2022\/12\/mora-150x150.jpg 150w\" sizes=\"auto, (max-width: 768px) 100vw, 768px\" \/><figcaption>Mora<\/figcaption><\/figure>\n\n\n\n<p>El dibujo de la mora me ha parecido excelente, pero todav\u00eda he querido redondearlo un poco m\u00e1s, y he pedido que haya una persona oliendo las moras, para dar esa sensaci\u00f3n de aroma. Y me ha creado esto:<\/p>\n\n\n\n<figure class=\"wp-block-image size-full\"><img loading=\"lazy\" decoding=\"async\" width=\"768\" height=\"768\" src=\"https:\/\/felix.ares.fm\/wp-content\/uploads\/2022\/12\/mora2.jpg\" alt=\"\" class=\"wp-image-13329\" srcset=\"https:\/\/felix.ares.fm\/wp-content\/uploads\/2022\/12\/mora2.jpg 768w, https:\/\/felix.ares.fm\/wp-content\/uploads\/2022\/12\/mora2-300x300.jpg 300w, https:\/\/felix.ares.fm\/wp-content\/uploads\/2022\/12\/mora2-150x150.jpg 150w\" sizes=\"auto, (max-width: 768px) 100vw, 768px\" \/><figcaption>Aroma a mora.<\/figcaption><\/figure>\n\n\n\n<p>Realmente <em>stable diffusion<\/em> ha entendido, lo que le ped\u00eda, pero, me hubiera gustado mucho m\u00e1s que la persona que huele fuera una ni\u00f1a. Se lo he pedido y el resultado ha sido:<\/p>\n\n\n\n<figure class=\"wp-block-image size-full\"><img loading=\"lazy\" decoding=\"async\" width=\"768\" height=\"768\" src=\"https:\/\/felix.ares.fm\/wp-content\/uploads\/2022\/12\/mora3.jpg\" alt=\"\" class=\"wp-image-13330\" srcset=\"https:\/\/felix.ares.fm\/wp-content\/uploads\/2022\/12\/mora3.jpg 768w, https:\/\/felix.ares.fm\/wp-content\/uploads\/2022\/12\/mora3-300x300.jpg 300w, https:\/\/felix.ares.fm\/wp-content\/uploads\/2022\/12\/mora3-150x150.jpg 150w\" sizes=\"auto, (max-width: 768px) 100vw, 768px\" \/><figcaption>Ni\u00f1a oliendo aroma a mora.<\/figcaption><\/figure>\n\n\n\n<p>Los dibujos que ha obtenido son casi fotograf\u00edas. He querido que fuera menos fotogr\u00e1fico, m\u00e1s con un estilo impresionista, y el resultado ha sido este:<\/p>\n\n\n\n<figure class=\"wp-block-image size-full\"><img loading=\"lazy\" decoding=\"async\" width=\"768\" height=\"768\" src=\"https:\/\/felix.ares.fm\/wp-content\/uploads\/2022\/12\/mora4.jpg\" alt=\"\" class=\"wp-image-13331\" srcset=\"https:\/\/felix.ares.fm\/wp-content\/uploads\/2022\/12\/mora4.jpg 768w, https:\/\/felix.ares.fm\/wp-content\/uploads\/2022\/12\/mora4-300x300.jpg 300w, https:\/\/felix.ares.fm\/wp-content\/uploads\/2022\/12\/mora4-150x150.jpg 150w\" sizes=\"auto, (max-width: 768px) 100vw, 768px\" \/><figcaption>Ni\u00f1a oliendo el aroma a mora.<\/figcaption><\/figure>\n\n\n\n<p>He repetido con un estilo m\u00e1s realista y el resultado ha sido:<\/p>\n\n\n\n<figure class=\"wp-block-image size-full\"><img loading=\"lazy\" decoding=\"async\" width=\"768\" height=\"768\" src=\"https:\/\/felix.ares.fm\/wp-content\/uploads\/2022\/12\/mora5.jpg\" alt=\"\" class=\"wp-image-13332\" srcset=\"https:\/\/felix.ares.fm\/wp-content\/uploads\/2022\/12\/mora5.jpg 768w, https:\/\/felix.ares.fm\/wp-content\/uploads\/2022\/12\/mora5-300x300.jpg 300w, https:\/\/felix.ares.fm\/wp-content\/uploads\/2022\/12\/mora5-150x150.jpg 150w\" sizes=\"auto, (max-width: 768px) 100vw, 768px\" \/><figcaption>Joven oliendo el aroma a mora.<\/figcaption><\/figure>\n\n\n\n<p>A m\u00ed los resultados me han dejado sumamente sorprendido. Se ven defectos. Pero si tenemos en cuenta que esta es la primera versi\u00f3n del producto, los resultados que podamos conseguir con las siguientes versiones pueden ser extraordinarios.<\/p>\n\n\n\n<p>El programa que lo hace es una red neuronal que ha aprendido a pintar con aprendizaje profundo.<\/p>\n\n\n\n<p>Podr\u00eda tirarme horas jugando con esta red neuronal. Os presento una \u00faltima imagen:<\/p>\n\n\n\n<figure class=\"wp-block-image size-full\"><img loading=\"lazy\" decoding=\"async\" width=\"768\" height=\"768\" src=\"https:\/\/felix.ares.fm\/wp-content\/uploads\/2022\/12\/mora6.jpg\" alt=\"\" class=\"wp-image-13333\" srcset=\"https:\/\/felix.ares.fm\/wp-content\/uploads\/2022\/12\/mora6.jpg 768w, https:\/\/felix.ares.fm\/wp-content\/uploads\/2022\/12\/mora6-300x300.jpg 300w, https:\/\/felix.ares.fm\/wp-content\/uploads\/2022\/12\/mora6-150x150.jpg 150w\" sizes=\"auto, (max-width: 768px) 100vw, 768px\" \/><figcaption>Ni\u00f1a oliendo el aroma de las moras.<\/figcaption><\/figure>\n\n\n\n<p><\/p>\n\n\n\n<p><strong>Nota sobre fotos<\/strong>:<\/p>\n\n\n\n<p>Las fotos que se han utilizado, han sido realizadas por F\u00e9lix Ares y \u00c1lvaro Ares y las licenciamos como Creative Commons . Attribution 4.0. International CC by 4.0. Puede usarlas, pero deben dar cr\u00e9dito a los autores y que se han sacado de la p\u00e1gina https:\/\/felix.ares.fm<\/p>\n\n\n<div class=\"wp-block-image\">\n<figure class=\"aligncenter\"><a href=\"https:\/\/creativecommons.org\/licenses\/by\/4.0\/\"><img decoding=\"async\" src=\"https:\/\/i.creativecommons.org\/l\/by\/4.0\/88x31.png\" alt=\"Creative Commons License\"\/><\/a><\/figure>\n<\/div>\n\n\n<p class=\"has-text-align-center\">_ _ _<\/p>\n\n\n\n<p>NOTA: ya saben ustedes que el Spam est\u00e1 a la orden del d\u00eda. Si pusiera mi direcci\u00f3n de correo electr\u00f3nico en forma visible, mi buz\u00f3n se llenar\u00eda de basura. Si quieren ponerse en contacto conmigo, pueden hacerlo en esta direcci\u00f3n, que pienso est\u00e1 suficientemente dif\u00edcil para los robots.<\/p>\n\n\n\n<p> <\/p>\n\n\n<div class=\"wp-block-image\">\n<figure class=\"aligncenter size-large is-resized\"><img loading=\"lazy\" decoding=\"async\" src=\"http:\/\/felix.ares.fm\/wp-content\/uploads\/2016\/02\/tapas.ares_.fm_.2.jpg\" alt=\"\" class=\"wp-image-7476\" width=\"256\" height=\"182\" srcset=\"https:\/\/felix.ares.fm\/wp-content\/uploads\/2016\/02\/tapas.ares_.fm_.2.jpg 703w, https:\/\/felix.ares.fm\/wp-content\/uploads\/2016\/02\/tapas.ares_.fm_.2-300x213.jpg 300w\" sizes=\"auto, (max-width: 256px) 100vw, 256px\" \/><\/figure>\n<\/div>\n\n\n<p><\/p>\n","protected":false},"excerpt":{"rendered":"<p>21 de diciembre de 2022 Se me acaba de ocurrir un pal\u00edndromo: aroma a mora. Una frase que se lee exactamente igual de izquierda a derecha que de derecha a izquierda. He pensado hacer una entrada sobre ello, pero me faltaba alguna imagen. Cuento c\u00f3mo las he conseguido. Hace muy poco tiempo que ha salido &hellip; <a href=\"https:\/\/felix.ares.fm\/?p=13327\" class=\"more-link\">Seguir leyendo <span class=\"screen-reader-text\">Aroma a mora<\/span> <span class=\"meta-nav\">&rarr;<\/span><\/a><\/p>\n","protected":false},"author":1,"featured_media":0,"comment_status":"closed","ping_status":"open","sticky":false,"template":"","format":"standard","meta":{"footnotes":""},"categories":[1069,1070],"tags":[1074,1073,1071,1072],"class_list":["post-13327","post","type-post","status-publish","format-standard","hentry","category-palindromo","category-redes-neuronales","tag-imagenes-creadas-por-inteligencia-artificial","tag-inteligencia-artificial","tag-palindromo","tag-redes-neuronales"],"_links":{"self":[{"href":"https:\/\/felix.ares.fm\/index.php?rest_route=\/wp\/v2\/posts\/13327","targetHints":{"allow":["GET"]}}],"collection":[{"href":"https:\/\/felix.ares.fm\/index.php?rest_route=\/wp\/v2\/posts"}],"about":[{"href":"https:\/\/felix.ares.fm\/index.php?rest_route=\/wp\/v2\/types\/post"}],"author":[{"embeddable":true,"href":"https:\/\/felix.ares.fm\/index.php?rest_route=\/wp\/v2\/users\/1"}],"replies":[{"embeddable":true,"href":"https:\/\/felix.ares.fm\/index.php?rest_route=%2Fwp%2Fv2%2Fcomments&post=13327"}],"version-history":[{"count":2,"href":"https:\/\/felix.ares.fm\/index.php?rest_route=\/wp\/v2\/posts\/13327\/revisions"}],"predecessor-version":[{"id":13336,"href":"https:\/\/felix.ares.fm\/index.php?rest_route=\/wp\/v2\/posts\/13327\/revisions\/13336"}],"wp:attachment":[{"href":"https:\/\/felix.ares.fm\/index.php?rest_route=%2Fwp%2Fv2%2Fmedia&parent=13327"}],"wp:term":[{"taxonomy":"category","embeddable":true,"href":"https:\/\/felix.ares.fm\/index.php?rest_route=%2Fwp%2Fv2%2Fcategories&post=13327"},{"taxonomy":"post_tag","embeddable":true,"href":"https:\/\/felix.ares.fm\/index.php?rest_route=%2Fwp%2Fv2%2Ftags&post=13327"}],"curies":[{"name":"wp","href":"https:\/\/api.w.org\/{rel}","templated":true}]}}