{"id":13322,"date":"2022-08-11T05:47:00","date_gmt":"2022-08-11T03:47:00","guid":{"rendered":"https:\/\/felix.ares.fm\/?p=13322"},"modified":"2022-09-03T18:25:25","modified_gmt":"2022-09-03T16:25:25","slug":"nuevos-estudios-sobre-huellas-dactilares-y-genetica","status":"publish","type":"post","link":"https:\/\/felix.ares.fm\/?p=13322","title":{"rendered":"Nuevos estudios sobre huellas dactilares y gen\u00e9tica"},"content":{"rendered":"\n<p><strong>3 de septiembre de 2022<\/strong><\/p>\n\n\n\n<p><strong>Recientes estudios parecen demostrar que la forma de las huellas dactilares est\u00e1n relacionadas con los genes implicados en el desarrollo de los miembros (manos y piernas) y no con los del desarrollo de la piel, como se pensaba hasta ahora.<\/strong><\/p>\n\n\n\n<p>Las huellas digitales son \u00fanicas para cada individuo. Incluso entre los gemelos univitelinos \u2014gemelos id\u00e9nticos\u2014, las huellas son distintas. Se sabe muy poco sobre los mecanismos que producen su diversidad. Un art\u00edculo en la revista \u00abCell\u00bb del 6 de enero, cuyo primer autor es Jinxi Li, de la Universidad Fudan de Shangh\u00e1i, arroja un poco de luz, y los resultados, al menos para m\u00ed, han sido sorprendentes. Es l\u00f3gico pensar que las formas de las huellas tengan que ver con los genes que controlan el desarrollo de la piel, pero parece que no es ese el caso.<\/p>\n\n\n\n<p>Analizando las huellas digitales de m\u00e1s de veintitr\u00e9s mil personas han llegado a la conclusi\u00f3n de que los genes que m\u00e1s influyen en su forma son los mismos que definen el tama\u00f1o de las manos y de los dedos. Es decir, la forma de las huellas est\u00e1 muy relacionada con el tama\u00f1o de los dedos y de las manos. Por ejemplo, los hombres que tienen huellas dactilares en forma de espiral en los dos dedos me\u00f1iques tienden a tener dichos dedos m\u00e1s largos que la media y la longitud de su palma ser menor.<\/p>\n\n\n\n<figure class=\"wp-block-gallery has-nested-images columns-default is-cropped wp-block-gallery-1 is-layout-flex wp-block-gallery-is-layout-flex\">\n<figure class=\"wp-block-image size-large\"><img loading=\"lazy\" decoding=\"async\" width=\"256\" height=\"297\" data-id=\"13324\" src=\"https:\/\/felix.ares.fm\/wp-content\/uploads\/2022\/09\/Huella_pulgar_derecho_Fca_Rojas-1.jpg\" alt=\"\" class=\"wp-image-13324\"\/><\/figure>\n<\/figure>\n\n\n\n<p><em>Huella del pulgar derecho de\u00a0<a href=\"https:\/\/es.wikipedia.org\/wiki\/Francisca_Rojas\">Francisca Rojas<\/a>, primera persona identificada como asesina por sus huellas dactilares. De Desconocido &#8211; Archivos p\u00fablicos de la Polic\u00eda de la Provincia de Buenos Aires, Dominio p\u00fablico, <a href=\"https:\/\/commons.wikimedia.org\/w\/index.php?curid=1352271\">https:\/\/commons.wikimedia.org\/w\/index.php?curid=1352271<\/a><\/em><\/p>\n\n\n\n<p>Tambi\u00e9n han encontrado una d\u00e9bil correlaci\u00f3n entre la propensi\u00f3n a ciertas enfermedades y las formas de sus huellas digitales. Por ejemplo, y esto debe tomarse con todas las precauciones posibles, nadie debe alarmarse, es un primer estudio sin confirmar, los que tienen huellas en la forma que los expertos llaman verticilo son m\u00e1s propensos a padecer leucemia.<\/p>\n\n\n\n<p><strong>Nota<\/strong>: Cuando decimos que Francisca Rojas fue la primera persona cuya culpabilidad se demostr\u00f3 por las huellas dactilares, quiz\u00e1 debiera haber a\u00f1adido que \u00abdel mundo moderno\u00bb. Nos consta que las antiguas civilizaciones de Babilonia y Persia ya sab\u00edan que las huellas eran \u00fanicas y las utilizaban para demostrar la autenticidad de los documentos escritos en tablillas de barro, que se firmaban con la huella de toda la mano derecha. Probablemente, esto implique que alguna vez se us\u00f3 para descubrir a alg\u00fan falsificador, aunque no tengamos referencias. En la antigua civilizaci\u00f3n China, en la <a href=\"https:\/\/es.wikipedia.org\/wiki\/Dinast%C3%ADa_Qin\">dinast\u00eda Quin<\/a> &#8211;del 221 al 203 antes de nuestra era&#8211;, se usaron las huellas dactilares para descubrir ladrones (ver bibliograf\u00eda 3).<\/p>\n\n\n\n<p><strong>Bibliograf\u00eda<\/strong>: 1) P\u00e1gina de la universidad de Fudan, sobre este tema: <a href=\"https:\/\/www.fudan.edu.cn\/en\/2022\/0108\/c344a129842\/page.htm\">https:\/\/www.fudan.edu.cn\/en\/2022\/0108\/c344a129842\/page.htm<\/a><\/p>\n\n\n\n<p>2) Art\u00edculo de la revista Cell: <a href=\"https:\/\/www.cell.com\/cell\/fulltext\/S0092-8674(21)01446-X\">https:\/\/www.cell.com\/cell\/fulltext\/S0092-8674(21)01446-X<\/a><\/p>\n\n\n\n<p>3) <a href=\"https:\/\/www.ojp.gov\/pdffiles1\/nij\/250972.pdf\">https:\/\/www.ojp.gov\/pdffiles1\/nij\/250972.pdf<\/a><\/p>\n\n\n\n<p><strong>Nota sobre fotos<\/strong>:<\/p>\n\n\n\n<p>Las fotos que se han utilizado, han sido realizadas por F\u00e9lix Ares y \u00c1lvaro Ares y las licenciamos como Creative Commons . Attribution 4.0. International CC by 4.0. Puede usarlas, pero deben dar cr\u00e9dito a los autores y que se han sacado de la p\u00e1gina https:\/\/felix.ares.fm<\/p>\n\n\n<div class=\"wp-block-image\">\n<figure class=\"aligncenter\"><a href=\"https:\/\/creativecommons.org\/licenses\/by\/4.0\/\"><img decoding=\"async\" src=\"https:\/\/i.creativecommons.org\/l\/by\/4.0\/88x31.png\" alt=\"Creative Commons License\"\/><\/a><\/figure>\n<\/div>\n\n\n<p class=\"has-text-align-center\">_ _ _<\/p>\n\n\n\n<p>NOTA: ya saben ustedes que el Spam est\u00e1 a la orden del d\u00eda. Si pusiera mi direcci\u00f3n de correo electr\u00f3nico en forma visible, mi buz\u00f3n se llenar\u00eda de basura. Si quieren ponerse en contacto conmigo, pueden hacerlo en esta direcci\u00f3n, que pienso est\u00e1 suficientemente dif\u00edcil para los robots.<\/p>\n\n\n\n<p> <\/p>\n\n\n<div class=\"wp-block-image\">\n<figure class=\"aligncenter size-large is-resized\"><img loading=\"lazy\" decoding=\"async\" src=\"http:\/\/felix.ares.fm\/wp-content\/uploads\/2016\/02\/tapas.ares_.fm_.2.jpg\" alt=\"\" class=\"wp-image-7476\" width=\"256\" height=\"182\" srcset=\"https:\/\/felix.ares.fm\/wp-content\/uploads\/2016\/02\/tapas.ares_.fm_.2.jpg 703w, https:\/\/felix.ares.fm\/wp-content\/uploads\/2016\/02\/tapas.ares_.fm_.2-300x213.jpg 300w\" sizes=\"auto, (max-width: 256px) 100vw, 256px\" \/><\/figure>\n<\/div>\n\n\n<p><\/p>\n","protected":false},"excerpt":{"rendered":"<p>3 de septiembre de 2022 Recientes estudios parecen demostrar que la forma de las huellas dactilares est\u00e1n relacionadas con los genes implicados en el desarrollo de los miembros (manos y piernas) y no con los del desarrollo de la piel, como se pensaba hasta ahora. Las huellas digitales son \u00fanicas para cada individuo. Incluso entre &hellip; <a href=\"https:\/\/felix.ares.fm\/?p=13322\" class=\"more-link\">Seguir leyendo <span class=\"screen-reader-text\">Nuevos estudios sobre huellas dactilares y gen\u00e9tica<\/span> <span class=\"meta-nav\">&rarr;<\/span><\/a><\/p>\n","protected":false},"author":1,"featured_media":0,"comment_status":"closed","ping_status":"open","sticky":false,"template":"","format":"standard","meta":{"footnotes":""},"categories":[1068],"tags":[1065,1066,1067],"class_list":["post-13322","post","type-post","status-publish","format-standard","hentry","category-huellas-dactilares","tag-luna-llena-de-agosto","tag-superluna-de-agosto","tag-superluna-del-esturion"],"_links":{"self":[{"href":"https:\/\/felix.ares.fm\/index.php?rest_route=\/wp\/v2\/posts\/13322","targetHints":{"allow":["GET"]}}],"collection":[{"href":"https:\/\/felix.ares.fm\/index.php?rest_route=\/wp\/v2\/posts"}],"about":[{"href":"https:\/\/felix.ares.fm\/index.php?rest_route=\/wp\/v2\/types\/post"}],"author":[{"embeddable":true,"href":"https:\/\/felix.ares.fm\/index.php?rest_route=\/wp\/v2\/users\/1"}],"replies":[{"embeddable":true,"href":"https:\/\/felix.ares.fm\/index.php?rest_route=%2Fwp%2Fv2%2Fcomments&post=13322"}],"version-history":[{"count":1,"href":"https:\/\/felix.ares.fm\/index.php?rest_route=\/wp\/v2\/posts\/13322\/revisions"}],"predecessor-version":[{"id":13325,"href":"https:\/\/felix.ares.fm\/index.php?rest_route=\/wp\/v2\/posts\/13322\/revisions\/13325"}],"wp:attachment":[{"href":"https:\/\/felix.ares.fm\/index.php?rest_route=%2Fwp%2Fv2%2Fmedia&parent=13322"}],"wp:term":[{"taxonomy":"category","embeddable":true,"href":"https:\/\/felix.ares.fm\/index.php?rest_route=%2Fwp%2Fv2%2Fcategories&post=13322"},{"taxonomy":"post_tag","embeddable":true,"href":"https:\/\/felix.ares.fm\/index.php?rest_route=%2Fwp%2Fv2%2Ftags&post=13322"}],"curies":[{"name":"wp","href":"https:\/\/api.w.org\/{rel}","templated":true}]}}