{"id":13315,"date":"2022-08-11T05:47:00","date_gmt":"2022-08-11T03:47:00","guid":{"rendered":"https:\/\/felix.ares.fm\/?p=13315"},"modified":"2022-08-11T06:47:40","modified_gmt":"2022-08-11T04:47:40","slug":"superluna-del-esturion","status":"publish","type":"post","link":"https:\/\/felix.ares.fm\/?p=13315","title":{"rendered":"Superluna del esturi\u00f3n"},"content":{"rendered":"\n<p><strong>11 de agosto de 2022<\/strong><\/p>\n\n\n\n<p><strong>Las noches del 11 y 12 de agoto podr\u00e1 verse una superluna. Se llama as\u00ed a la luna llena cuando esta ocurre cerca de su perigeo, es decir, el punto m\u00e1s cercano de la Luna a la Tierra.<\/strong><\/p>\n\n\n\n<p>La Luna describe una \u00f3rbita el\u00edptica respecto a la Tierra, por lo tanto, unas veces estar\u00e1 m\u00e1s cerca y otras m\u00e1s lejos.<\/p>\n\n\n\n<figure class=\"wp-block-image size-large\"><img loading=\"lazy\" decoding=\"async\" width=\"1024\" height=\"648\" src=\"https:\/\/felix.ares.fm\/wp-content\/uploads\/2022\/08\/Apogee_PSF-1024x648.png\" alt=\"\" class=\"wp-image-13316\" srcset=\"https:\/\/felix.ares.fm\/wp-content\/uploads\/2022\/08\/Apogee_PSF-1024x648.png 1024w, https:\/\/felix.ares.fm\/wp-content\/uploads\/2022\/08\/Apogee_PSF-300x190.png 300w, https:\/\/felix.ares.fm\/wp-content\/uploads\/2022\/08\/Apogee_PSF-768x486.png 768w, https:\/\/felix.ares.fm\/wp-content\/uploads\/2022\/08\/Apogee_PSF.png 1500w\" sizes=\"auto, (max-width: 1024px) 100vw, 1024px\" \/><figcaption>\u00d3rbita lunar. De Pearson Scott Foresman &#8211; Esta imagen ha sido extra\u00edda del archivo, Dominio p\u00fablico, https:\/\/commons.wikimedia.org\/w\/index.php?curid=2572065<\/figcaption><\/figure>\n\n\n\n<p>La distancia m\u00e1s corta del centro de la Tierra a la Luna ocurre cuando la Tierra es el punto 3 y la Luna es el 2. En ese caso, la distancia es de 356.000 km y se llama perigeo. Cuando la Luna est\u00e1 en el punto 1, la distancia al centro de la Tierra es de 406.700 km y se llama apogeo.<\/p>\n\n\n\n<p>L\u00f3gicamente, cuando la Luna est\u00e1 m\u00e1s cerca, se ve de mayor tama\u00f1o y luce un poco m\u00e1s. <\/p>\n\n\n\n<p>La Luna cuando m\u00e1s luz nos da es cuando es luna llena. Si, adem\u00e1s, la luna llena coincide con un punto de su \u00f3rbita cercano al perigeo, entonces hablamos de superluna. Hay varias a lo largo del a\u00f1o. En este a\u00f1o (2022) la de agosto ser\u00e1 la \u00faltima superluna.<\/p>\n\n\n\n<p>Desde hace unas d\u00e9cadas, y no s\u00e9 muy bien el porqu\u00e9, a las lunas llenas, se les da el nombre que utilizaban algunos pueblos ind\u00edgenas de Norteam\u00e9rica. En este caso, la llamaban \u00abLuna del esturi\u00f3n\u00bb, debido a que coincid\u00eda, m\u00e1s o menos, con la temporada alta de pesca del esturi\u00f3n. Esta se realizaba por la noche, por lo que la luna llena era una gran aliada para que pudieran detectar a los peces en r\u00edos y lagos. Que quede claro que hay otras tradiciones y pueblos que tambi\u00e9n dan nombre propio a las lunas llenas de ciertas temporadas, pero se ha puesto de moda usar los nombres de algunos pueblos ind\u00edgenas de Norteam\u00e9rica. La luna llena de agosto, tambi\u00e9n ha recibido los nombres de  luna del ma\u00edz verde, luna del grano y luna roja por el tono rojizo que suele tener en verano cuado hay brumas.<\/p>\n\n\n\n<p>El caso es que esta noche me he levantado y he sacado una foto de la luna del esturi\u00f3n. Dado que he usado el teleobjetivo no hay mucha diferencia con otras lunas llenas, pero esta es la foto.<\/p>\n\n\n<div class=\"wp-block-image\">\n<figure class=\"aligncenter size-full\"><img loading=\"lazy\" decoding=\"async\" width=\"423\" height=\"480\" src=\"https:\/\/felix.ares.fm\/wp-content\/uploads\/2022\/08\/luna_del_esturion-min.jpg\" alt=\"\" class=\"wp-image-13319\" srcset=\"https:\/\/felix.ares.fm\/wp-content\/uploads\/2022\/08\/luna_del_esturion-min.jpg 423w, https:\/\/felix.ares.fm\/wp-content\/uploads\/2022\/08\/luna_del_esturion-min-264x300.jpg 264w\" sizes=\"auto, (max-width: 423px) 100vw, 423px\" \/><figcaption>Superluna del esturi\u00f3n, vista desde Fuengirola.<\/figcaption><\/figure>\n<\/div>\n\n\n<p><strong>Bibliograf\u00eda<\/strong>: Curiosidades de la luna llena. <a href=\"https:\/\/meteosabi.es\/astronomia\/4\/curiosidades-de-la-luna-llena#:~:text=Luna%20de%20mayo%3A%20Luna%20de,llam%C3%B3%20la%20Luna%20de%20plantaci%C3%B3n.\">Meteosabi<\/a>. (Tiempo en Sabi\u00f1anigo)<\/p>\n\n\n\n<p><strong>Nota sobre fotos<\/strong>:<\/p>\n\n\n\n<p>Las fotos que se han utilizado, han sido realizadas por F\u00e9lix Ares y \u00c1lvaro Ares y las licenciamos como Creative Commons . Attribution 4.0. International CC by 4.0. Puede usarlas, pero deben dar cr\u00e9dito a los autores y que se han sacado de la p\u00e1gina https:\/\/felix.ares.fm<\/p>\n\n\n<div class=\"wp-block-image\">\n<figure class=\"aligncenter\"><a href=\"https:\/\/creativecommons.org\/licenses\/by\/4.0\/\"><img decoding=\"async\" src=\"https:\/\/i.creativecommons.org\/l\/by\/4.0\/88x31.png\" alt=\"Creative Commons License\"\/><\/a><\/figure>\n<\/div>\n\n\n<p class=\"has-text-align-center\">_ _ _<\/p>\n\n\n\n<p>NOTA: ya saben ustedes que el Spam est\u00e1 a la orden del d\u00eda. Si pusiera mi direcci\u00f3n de correo electr\u00f3nico en forma visible, mi buz\u00f3n se llenar\u00eda de basura. Si quieren ponerse en contacto conmigo, pueden hacerlo en esta direcci\u00f3n, que pienso est\u00e1 suficientemente dif\u00edcil para los robots.<\/p>\n\n\n\n<p> <\/p>\n\n\n<div class=\"wp-block-image\">\n<figure class=\"aligncenter size-large is-resized\"><img loading=\"lazy\" decoding=\"async\" src=\"http:\/\/felix.ares.fm\/wp-content\/uploads\/2016\/02\/tapas.ares_.fm_.2.jpg\" alt=\"\" class=\"wp-image-7476\" width=\"256\" height=\"182\" srcset=\"https:\/\/felix.ares.fm\/wp-content\/uploads\/2016\/02\/tapas.ares_.fm_.2.jpg 703w, https:\/\/felix.ares.fm\/wp-content\/uploads\/2016\/02\/tapas.ares_.fm_.2-300x213.jpg 300w\" sizes=\"auto, (max-width: 256px) 100vw, 256px\" \/><\/figure>\n<\/div>\n\n\n<p><\/p>\n","protected":false},"excerpt":{"rendered":"<p>11 de agosto de 2022 Las noches del 11 y 12 de agoto podr\u00e1 verse una superluna. Se llama as\u00ed a la luna llena cuando esta ocurre cerca de su perigeo, es decir, el punto m\u00e1s cercano de la Luna a la Tierra. La Luna describe una \u00f3rbita el\u00edptica respecto a la Tierra, por lo &hellip; <a href=\"https:\/\/felix.ares.fm\/?p=13315\" class=\"more-link\">Seguir leyendo <span class=\"screen-reader-text\">Superluna del esturi\u00f3n<\/span> <span class=\"meta-nav\">&rarr;<\/span><\/a><\/p>\n","protected":false},"author":1,"featured_media":0,"comment_status":"closed","ping_status":"open","sticky":false,"template":"","format":"standard","meta":{"footnotes":""},"categories":[268],"tags":[1065,1066,1067],"class_list":["post-13315","post","type-post","status-publish","format-standard","hentry","category-luna","tag-luna-llena-de-agosto","tag-superluna-de-agosto","tag-superluna-del-esturion"],"_links":{"self":[{"href":"https:\/\/felix.ares.fm\/index.php?rest_route=\/wp\/v2\/posts\/13315","targetHints":{"allow":["GET"]}}],"collection":[{"href":"https:\/\/felix.ares.fm\/index.php?rest_route=\/wp\/v2\/posts"}],"about":[{"href":"https:\/\/felix.ares.fm\/index.php?rest_route=\/wp\/v2\/types\/post"}],"author":[{"embeddable":true,"href":"https:\/\/felix.ares.fm\/index.php?rest_route=\/wp\/v2\/users\/1"}],"replies":[{"embeddable":true,"href":"https:\/\/felix.ares.fm\/index.php?rest_route=%2Fwp%2Fv2%2Fcomments&post=13315"}],"version-history":[{"count":3,"href":"https:\/\/felix.ares.fm\/index.php?rest_route=\/wp\/v2\/posts\/13315\/revisions"}],"predecessor-version":[{"id":13320,"href":"https:\/\/felix.ares.fm\/index.php?rest_route=\/wp\/v2\/posts\/13315\/revisions\/13320"}],"wp:attachment":[{"href":"https:\/\/felix.ares.fm\/index.php?rest_route=%2Fwp%2Fv2%2Fmedia&parent=13315"}],"wp:term":[{"taxonomy":"category","embeddable":true,"href":"https:\/\/felix.ares.fm\/index.php?rest_route=%2Fwp%2Fv2%2Fcategories&post=13315"},{"taxonomy":"post_tag","embeddable":true,"href":"https:\/\/felix.ares.fm\/index.php?rest_route=%2Fwp%2Fv2%2Ftags&post=13315"}],"curies":[{"name":"wp","href":"https:\/\/api.w.org\/{rel}","templated":true}]}}