{"id":12732,"date":"2022-04-23T12:02:00","date_gmt":"2022-04-23T10:02:00","guid":{"rendered":"https:\/\/felix.ares.fm\/?p=12732"},"modified":"2022-05-07T07:21:50","modified_gmt":"2022-05-07T05:21:50","slug":"excursion-a-pinar-de-granada-4-almuerzo-en-restaurante-el-castillo","status":"publish","type":"post","link":"https:\/\/felix.ares.fm\/?p=12732","title":{"rendered":"Excursi\u00f3n a Pi\u00f1ar de Granada (5):  Almuerzo en restaurante \u00abEl Castillo\u00bb"},"content":{"rendered":"\n<p><strong>23 de abril de 2022<\/strong><\/p>\n\n\n\n<p><strong>El d\u00eda 23 de abril fuimos de excursi\u00f3n al pueblo de Pi\u00f1ar en Granada. All\u00ed se sit\u00faa la Cueva de las Ventanas que vimos en la entrada (post) anterior. Tras la visita ya era la hora del almuerzo y fuimos al restaurante \u00abEl Castillo\u00bb<\/strong><\/p>\n\n\n\n<p>En varios sitios del pueblo hay se\u00f1ales que nos indican la ubicaci\u00f3n del \u00abRestaurante Granja Escuela El Castillo\u00bb.<\/p>\n\n\n\n<figure class=\"wp-block-gallery has-nested-images columns-default is-cropped wp-block-gallery-1 is-layout-flex wp-block-gallery-is-layout-flex\">\n<figure class=\"wp-block-image size-large\"><img loading=\"lazy\" decoding=\"async\" width=\"640\" height=\"289\" data-id=\"12735\" src=\"https:\/\/felix.ares.fm\/wp-content\/uploads\/2022\/05\/IMG20220423130254-min.jpg\" alt=\"\" class=\"wp-image-12735\" srcset=\"https:\/\/felix.ares.fm\/wp-content\/uploads\/2022\/05\/IMG20220423130254-min.jpg 640w, https:\/\/felix.ares.fm\/wp-content\/uploads\/2022\/05\/IMG20220423130254-min-300x135.jpg 300w\" sizes=\"auto, (max-width: 640px) 100vw, 640px\" \/><\/figure>\n\n\n\n<figure class=\"wp-block-image size-large\"><img loading=\"lazy\" decoding=\"async\" width=\"639\" height=\"480\" data-id=\"12736\" src=\"https:\/\/felix.ares.fm\/wp-content\/uploads\/2022\/05\/IMG20220423153946-min.jpg\" alt=\"\" class=\"wp-image-12736\" srcset=\"https:\/\/felix.ares.fm\/wp-content\/uploads\/2022\/05\/IMG20220423153946-min.jpg 639w, https:\/\/felix.ares.fm\/wp-content\/uploads\/2022\/05\/IMG20220423153946-min-300x225.jpg 300w\" sizes=\"auto, (max-width: 639px) 100vw, 639px\" \/><\/figure>\n\n\n\n<figure class=\"wp-block-image size-large\"><img loading=\"lazy\" decoding=\"async\" width=\"639\" height=\"480\" data-id=\"12737\" src=\"https:\/\/felix.ares.fm\/wp-content\/uploads\/2022\/05\/IMG20220423163428-min.jpg\" alt=\"\" class=\"wp-image-12737\" srcset=\"https:\/\/felix.ares.fm\/wp-content\/uploads\/2022\/05\/IMG20220423163428-min.jpg 639w, https:\/\/felix.ares.fm\/wp-content\/uploads\/2022\/05\/IMG20220423163428-min-300x225.jpg 300w\" sizes=\"auto, (max-width: 639px) 100vw, 639px\" \/><\/figure>\n\n\n\n<figure class=\"wp-block-image size-large\"><img loading=\"lazy\" decoding=\"async\" width=\"639\" height=\"480\" data-id=\"12738\" src=\"https:\/\/felix.ares.fm\/wp-content\/uploads\/2022\/05\/IMG20220423163446-min.jpg\" alt=\"\" class=\"wp-image-12738\" srcset=\"https:\/\/felix.ares.fm\/wp-content\/uploads\/2022\/05\/IMG20220423163446-min.jpg 639w, https:\/\/felix.ares.fm\/wp-content\/uploads\/2022\/05\/IMG20220423163446-min-300x225.jpg 300w\" sizes=\"auto, (max-width: 639px) 100vw, 639px\" \/><\/figure>\n<\/figure>\n\n\n\n<figure class=\"wp-block-image size-full\"><img loading=\"lazy\" decoding=\"async\" width=\"639\" height=\"480\" src=\"https:\/\/felix.ares.fm\/wp-content\/uploads\/2022\/05\/IMG20220423131048-min.jpg\" alt=\"\" class=\"wp-image-12753\" srcset=\"https:\/\/felix.ares.fm\/wp-content\/uploads\/2022\/05\/IMG20220423131048-min.jpg 639w, https:\/\/felix.ares.fm\/wp-content\/uploads\/2022\/05\/IMG20220423131048-min-300x225.jpg 300w\" sizes=\"auto, (max-width: 639px) 100vw, 639px\" \/><\/figure>\n\n\n\n<p><\/p>\n\n\n\n<hr class=\"wp-block-separator\"\/>\n\n\n\n<p>Con tantos indicadores no tuvimos ning\u00fan problema en llegar al restaurante. All\u00ed todas las mesas para nuestro grupo estaban preparadas.<\/p>\n\n\n\n<figure class=\"wp-block-image size-full\"><img loading=\"lazy\" decoding=\"async\" width=\"639\" height=\"480\" src=\"https:\/\/felix.ares.fm\/wp-content\/uploads\/2022\/05\/IMG20220423131314-min.jpg\" alt=\"\" class=\"wp-image-12744\" srcset=\"https:\/\/felix.ares.fm\/wp-content\/uploads\/2022\/05\/IMG20220423131314-min.jpg 639w, https:\/\/felix.ares.fm\/wp-content\/uploads\/2022\/05\/IMG20220423131314-min-300x225.jpg 300w\" sizes=\"auto, (max-width: 639px) 100vw, 639px\" \/><\/figure>\n\n\n\n<p><\/p>\n\n\n\n<figure class=\"wp-block-image size-full\"><img loading=\"lazy\" decoding=\"async\" width=\"639\" height=\"480\" src=\"https:\/\/felix.ares.fm\/wp-content\/uploads\/2022\/05\/IMG20220423131243-min.jpg\" alt=\"\" class=\"wp-image-12748\" srcset=\"https:\/\/felix.ares.fm\/wp-content\/uploads\/2022\/05\/IMG20220423131243-min.jpg 639w, https:\/\/felix.ares.fm\/wp-content\/uploads\/2022\/05\/IMG20220423131243-min-300x225.jpg 300w\" sizes=\"auto, (max-width: 639px) 100vw, 639px\" \/><\/figure>\n\n\n\n<hr class=\"wp-block-separator\"\/>\n\n\n\n<p>Llegamos un poco antes de la hora que ten\u00edamos acordada con el restaurante, as\u00ed que ten\u00edamos tiempo de tomar un aperitivo. Yo ped\u00ed un vino de la tierra.<\/p>\n\n\n\n<figure class=\"wp-block-image size-full\"><img loading=\"lazy\" decoding=\"async\" width=\"639\" height=\"480\" src=\"https:\/\/felix.ares.fm\/wp-content\/uploads\/2022\/05\/IMG20220423131919-min.jpg\" alt=\"\" class=\"wp-image-12745\" srcset=\"https:\/\/felix.ares.fm\/wp-content\/uploads\/2022\/05\/IMG20220423131919-min.jpg 639w, https:\/\/felix.ares.fm\/wp-content\/uploads\/2022\/05\/IMG20220423131919-min-300x225.jpg 300w\" sizes=\"auto, (max-width: 639px) 100vw, 639px\" \/><figcaption>Barra para pedir el aperitivo.<\/figcaption><\/figure>\n\n\n\n<p> Me lo pusieron y, como es tradicional en Granada, lo acompa\u00f1aron con una tapa. Me dieron migas. No soy experto en migas, pero s\u00ed s\u00e9 que algunas no las he podido tragar por lo secas que estaban. Por suerte, si est\u00e1n bien hechas es un plato delicioso. En este caso, estaban muy bien hechas y resultaron deliciosas. \u00a1L\u00e1stima, mi r\u00e9gimen que se ha ido por la borda!<\/p>\n\n\n\n<figure class=\"wp-block-image size-full\"><img loading=\"lazy\" decoding=\"async\" width=\"639\" height=\"480\" src=\"https:\/\/felix.ares.fm\/wp-content\/uploads\/2022\/05\/IMG20220423133338-min.jpg\" alt=\"\" class=\"wp-image-12739\" srcset=\"https:\/\/felix.ares.fm\/wp-content\/uploads\/2022\/05\/IMG20220423133338-min.jpg 639w, https:\/\/felix.ares.fm\/wp-content\/uploads\/2022\/05\/IMG20220423133338-min-300x225.jpg 300w\" sizes=\"auto, (max-width: 639px) 100vw, 639px\" \/><figcaption>Migas como aperitivo al pedir un vino tinto de la tierra.<\/figcaption><\/figure>\n\n\n\n<p>Antes de llegar al primer plato nos sirvieron un aperitivo con productos de la tierra: chorizo, morcilla, salchichas.<\/p>\n\n\n\n<figure class=\"wp-block-image size-full\"><img loading=\"lazy\" decoding=\"async\" width=\"639\" height=\"480\" src=\"https:\/\/felix.ares.fm\/wp-content\/uploads\/2022\/05\/IMG20220423140605-min.jpg\" alt=\"\" class=\"wp-image-12742\" srcset=\"https:\/\/felix.ares.fm\/wp-content\/uploads\/2022\/05\/IMG20220423140605-min.jpg 639w, https:\/\/felix.ares.fm\/wp-content\/uploads\/2022\/05\/IMG20220423140605-min-300x225.jpg 300w\" sizes=\"auto, (max-width: 639px) 100vw, 639px\" \/><figcaption>Un aperitivo para ir abriendo el apetito.<\/figcaption><\/figure>\n\n\n\n<figure class=\"wp-block-image size-full\"><img loading=\"lazy\" decoding=\"async\" width=\"639\" height=\"480\" src=\"https:\/\/felix.ares.fm\/wp-content\/uploads\/2022\/05\/IMG20220423144225_sc-min.jpg\" alt=\"\" class=\"wp-image-12751\" srcset=\"https:\/\/felix.ares.fm\/wp-content\/uploads\/2022\/05\/IMG20220423144225_sc-min.jpg 639w, https:\/\/felix.ares.fm\/wp-content\/uploads\/2022\/05\/IMG20220423144225_sc-min-300x225.jpg 300w\" sizes=\"auto, (max-width: 639px) 100vw, 639px\" \/><figcaption>Los camareros en su espalda llevan un anuncio de la Cueva de las Ventanas. Da la sensaci\u00f3n de que todo el pueblo act\u00faa de modo coordinado para dar a conocer sus lugares de inter\u00e9s. En el restaurante se anuncian las cuevas, en las cuevas el restaurante, etc. No me parece mal, todo lo contrario, es una excelente forma de promocionar el pueblo todos al un\u00edsono. Quiz\u00e1 el punto discordante sea la prohibici\u00f3n de sacar fotos en la Cueva de las Ventanas. Estoy seguro, aunque sin pruebas fehacientes, de que si dejasen sacar fotos, las redes sociales se inundar\u00edan de las mismas y ser\u00edan una excelente publicidad gratuita. Pero yo no soy quien para juzgar.<\/figcaption><\/figure>\n\n\n\n<p>En la mesa ya estaba preparada la bebida: vino tinto y gaseosa de lim\u00f3n, aunque quien quiso pudo pedir otra cosa, por ejemplo, cerveza Alhambra.<\/p>\n\n\n\n<figure class=\"wp-block-gallery has-nested-images columns-default is-cropped wp-block-gallery-2 is-layout-flex wp-block-gallery-is-layout-flex\">\n<figure class=\"wp-block-image size-large\"><img loading=\"lazy\" decoding=\"async\" width=\"360\" height=\"480\" data-id=\"12746\" src=\"https:\/\/felix.ares.fm\/wp-content\/uploads\/2022\/05\/IMG20220423134126-min.jpg\" alt=\"\" class=\"wp-image-12746\" srcset=\"https:\/\/felix.ares.fm\/wp-content\/uploads\/2022\/05\/IMG20220423134126-min.jpg 360w, https:\/\/felix.ares.fm\/wp-content\/uploads\/2022\/05\/IMG20220423134126-min-225x300.jpg 225w\" sizes=\"auto, (max-width: 360px) 100vw, 360px\" \/><\/figure>\n\n\n\n<figure class=\"wp-block-image size-large\"><img loading=\"lazy\" decoding=\"async\" width=\"360\" height=\"480\" data-id=\"12747\" src=\"https:\/\/felix.ares.fm\/wp-content\/uploads\/2022\/05\/IMG20220423134133-min.jpg\" alt=\"\" class=\"wp-image-12747\" srcset=\"https:\/\/felix.ares.fm\/wp-content\/uploads\/2022\/05\/IMG20220423134133-min.jpg 360w, https:\/\/felix.ares.fm\/wp-content\/uploads\/2022\/05\/IMG20220423134133-min-225x300.jpg 225w\" sizes=\"auto, (max-width: 360px) 100vw, 360px\" \/><\/figure>\n<\/figure>\n\n\n\n<p>Como primer plato nos pusieron una sopa de picadillo, con trocitos de pan, de jam\u00f3n de york, etc.<\/p>\n\n\n\n<div class=\"wp-block-image\"><figure class=\"aligncenter size-full\"><img loading=\"lazy\" decoding=\"async\" width=\"360\" height=\"480\" src=\"https:\/\/felix.ares.fm\/wp-content\/uploads\/2022\/05\/IMG20220423134743-min.jpg\" alt=\"\" class=\"wp-image-12740\" srcset=\"https:\/\/felix.ares.fm\/wp-content\/uploads\/2022\/05\/IMG20220423134743-min.jpg 360w, https:\/\/felix.ares.fm\/wp-content\/uploads\/2022\/05\/IMG20220423134743-min-225x300.jpg 225w\" sizes=\"auto, (max-width: 360px) 100vw, 360px\" \/><figcaption>Primer plato: sopa de picadillo.<\/figcaption><\/figure><\/div>\n\n\n\n<p>La sopa nos la pusieron de un modo que hac\u00eda tiempo que yo no ve\u00eda: nos dejaron el perol en mitad de la mesa, con su cuchar\u00f3n para que nosotros nos sirvi\u00e9ramos a nuestro gusto.  Nos servimos varias veces y todav\u00eda sobr\u00f3.<\/p>\n\n\n\n<p>El segundo plato era un filete a la plancha con guarnici\u00f3n de patatas:<\/p>\n\n\n\n<figure class=\"wp-block-image size-full\"><img loading=\"lazy\" decoding=\"async\" width=\"639\" height=\"480\" src=\"https:\/\/felix.ares.fm\/wp-content\/uploads\/2022\/05\/IMG20220423142851-min.jpg\" alt=\"\" class=\"wp-image-12741\" srcset=\"https:\/\/felix.ares.fm\/wp-content\/uploads\/2022\/05\/IMG20220423142851-min.jpg 639w, https:\/\/felix.ares.fm\/wp-content\/uploads\/2022\/05\/IMG20220423142851-min-300x225.jpg 300w\" sizes=\"auto, (max-width: 639px) 100vw, 639px\" \/><figcaption>Filete con guarnici\u00f3n de patatas, el brillo de las patatas me recuerda el de algunas estalactitas de cuevas h\u00famedas.<\/figcaption><\/figure>\n\n\n\n<p>De postre nos pusieron una copa industrial de helado.<\/p>\n\n\n\n<div class=\"wp-block-image\"><figure class=\"aligncenter size-full\"><img loading=\"lazy\" decoding=\"async\" width=\"217\" height=\"480\" src=\"https:\/\/felix.ares.fm\/wp-content\/uploads\/2022\/05\/IMG20220423151159-min.jpg\" alt=\"\" class=\"wp-image-12743\" srcset=\"https:\/\/felix.ares.fm\/wp-content\/uploads\/2022\/05\/IMG20220423151159-min.jpg 217w, https:\/\/felix.ares.fm\/wp-content\/uploads\/2022\/05\/IMG20220423151159-min-136x300.jpg 136w\" sizes=\"auto, (max-width: 217px) 100vw, 217px\" \/><figcaption>Helado de postre.<\/figcaption><\/figure><\/div>\n\n\n\n<p>El restaurante nos ofrece una exhibici\u00f3n sobre aves rapaces. <\/p>\n\n\n\n<figure class=\"wp-block-image size-full\"><img loading=\"lazy\" decoding=\"async\" width=\"639\" height=\"480\" src=\"https:\/\/felix.ares.fm\/wp-content\/uploads\/2022\/05\/IMG20220423131930-min.jpg\" alt=\"\" class=\"wp-image-12749\" srcset=\"https:\/\/felix.ares.fm\/wp-content\/uploads\/2022\/05\/IMG20220423131930-min.jpg 639w, https:\/\/felix.ares.fm\/wp-content\/uploads\/2022\/05\/IMG20220423131930-min-300x225.jpg 300w\" sizes=\"auto, (max-width: 639px) 100vw, 639px\" \/><\/figure>\n\n\n\n<figure class=\"wp-block-image size-full\"><img loading=\"lazy\" decoding=\"async\" width=\"639\" height=\"480\" src=\"https:\/\/felix.ares.fm\/wp-content\/uploads\/2022\/05\/IMG20220423131936-min.jpg\" alt=\"\" class=\"wp-image-12750\" srcset=\"https:\/\/felix.ares.fm\/wp-content\/uploads\/2022\/05\/IMG20220423131936-min.jpg 639w, https:\/\/felix.ares.fm\/wp-content\/uploads\/2022\/05\/IMG20220423131936-min-300x225.jpg 300w\" sizes=\"auto, (max-width: 639px) 100vw, 639px\" \/><\/figure>\n\n\n\n<p>Terminamos de comer y nos fuimos a ver la exhibici\u00f3n de aves rapaces, pero esa es la historia de la siguiente entrada.<\/p>\n\n\n\n<p>A la entrada el restaurante, hay varias cosas interesantes, una de ellas es la reproducci\u00f3n de una choza con techo de paja, del paleol\u00edtico:<\/p>\n\n\n\n<figure class=\"wp-block-image size-full\"><img loading=\"lazy\" decoding=\"async\" width=\"639\" height=\"480\" src=\"https:\/\/felix.ares.fm\/wp-content\/uploads\/2022\/05\/IMG20220423130944-min.jpg\" alt=\"\" class=\"wp-image-12752\" srcset=\"https:\/\/felix.ares.fm\/wp-content\/uploads\/2022\/05\/IMG20220423130944-min.jpg 639w, https:\/\/felix.ares.fm\/wp-content\/uploads\/2022\/05\/IMG20220423130944-min-300x225.jpg 300w\" sizes=\"auto, (max-width: 639px) 100vw, 639px\" \/><\/figure>\n\n\n\n<hr class=\"wp-block-separator\"\/>\n\n\n\n<p>Otra de las cosas interesante a la entrada del restaurante son sus flores. Les muestro una de sus macetas:<\/p>\n\n\n\n<figure class=\"wp-block-image size-full\"><img loading=\"lazy\" decoding=\"async\" width=\"639\" height=\"480\" src=\"https:\/\/felix.ares.fm\/wp-content\/uploads\/2022\/05\/IMG20220423131142-min.jpg\" alt=\"\" class=\"wp-image-12756\" srcset=\"https:\/\/felix.ares.fm\/wp-content\/uploads\/2022\/05\/IMG20220423131142-min.jpg 639w, https:\/\/felix.ares.fm\/wp-content\/uploads\/2022\/05\/IMG20220423131142-min-300x225.jpg 300w\" sizes=\"auto, (max-width: 639px) 100vw, 639px\" \/><figcaption>Maceta a la entrada del restaurante.<\/figcaption><\/figure>\n\n\n\n<hr class=\"wp-block-separator\"\/>\n\n\n\n<p><strong>Nota sobre organizador<\/strong>: Nosotros fuimos desde Fuengirola en un viaje organizado por Elisa, de los Boliches. El viaje result\u00f3 muy agradable.<\/p>\n\n\n\n<p><strong>Nota sobre fotos<\/strong><\/p>\n\n\n\n<p>Las fotos que se han utilizado, han sido realizadas por F\u00e9lix Ares y \u00c1lvaro Ares y las licenciamos como Creative Commons . Attribution 4.0. International CC by 4.0. Puede usarlas, pero deben dar cr\u00e9dito a los autores y que se han sacado de la p\u00e1gina https:\/\/felix.ares.fm<\/p>\n\n\n\n<div class=\"wp-block-image\"><figure class=\"aligncenter\"><a href=\"https:\/\/creativecommons.org\/licenses\/by\/4.0\/\"><img decoding=\"async\" src=\"https:\/\/i.creativecommons.org\/l\/by\/4.0\/88x31.png\" alt=\"Creative Commons License\"\/><\/a><\/figure><\/div>\n\n\n\n<p class=\"has-text-align-center\">_ _ _<\/p>\n\n\n\n<p>NOTA: ya saben ustedes que el Spam est\u00e1 a la orden del d\u00eda. Si pusiera me direcci\u00f3n de correo electr\u00f3nico en forma visible, mi buz\u00f3n se llenar\u00eda de basura. Si quieren ponerse en contacto conmigo, pueden hacerlo en esta direcci\u00f3n, que pienso est\u00e1 suficientemente dif\u00edcil para los robots.<\/p>\n\n\n\n<p> <\/p>\n\n\n\n<div class=\"wp-block-image\"><figure class=\"aligncenter size-large is-resized\"><img loading=\"lazy\" decoding=\"async\" src=\"http:\/\/felix.ares.fm\/wp-content\/uploads\/2016\/02\/tapas.ares_.fm_.2.jpg\" alt=\"\" class=\"wp-image-7476\" width=\"256\" height=\"182\" srcset=\"https:\/\/felix.ares.fm\/wp-content\/uploads\/2016\/02\/tapas.ares_.fm_.2.jpg 703w, https:\/\/felix.ares.fm\/wp-content\/uploads\/2016\/02\/tapas.ares_.fm_.2-300x213.jpg 300w\" sizes=\"auto, (max-width: 256px) 100vw, 256px\" \/><\/figure><\/div>\n\n\n\n<p><\/p>\n","protected":false},"excerpt":{"rendered":"<p>23 de abril de 2022 El d\u00eda 23 de abril fuimos de excursi\u00f3n al pueblo de Pi\u00f1ar en Granada. All\u00ed se sit\u00faa la Cueva de las Ventanas que vimos en la entrada (post) anterior. Tras la visita ya era la hora del almuerzo y fuimos al restaurante \u00abEl Castillo\u00bb En varios sitios del pueblo hay &hellip; <a href=\"https:\/\/felix.ares.fm\/?p=12732\" class=\"more-link\">Seguir leyendo <span class=\"screen-reader-text\">Excursi\u00f3n a Pi\u00f1ar de Granada (5):  Almuerzo en restaurante \u00abEl Castillo\u00bb<\/span> <span class=\"meta-nav\">&rarr;<\/span><\/a><\/p>\n","protected":false},"author":1,"featured_media":0,"comment_status":"closed","ping_status":"open","sticky":false,"template":"","format":"standard","meta":{"footnotes":""},"categories":[422,1041],"tags":[1039,1038,1042],"class_list":["post-12732","post","type-post","status-publish","format-standard","hentry","category-granada","category-pinar","tag-cueva-de-las-ventanas-neolitico","tag-pinar-granada","tag-restaurante-granja-escuela-el-castillo"],"_links":{"self":[{"href":"https:\/\/felix.ares.fm\/index.php?rest_route=\/wp\/v2\/posts\/12732","targetHints":{"allow":["GET"]}}],"collection":[{"href":"https:\/\/felix.ares.fm\/index.php?rest_route=\/wp\/v2\/posts"}],"about":[{"href":"https:\/\/felix.ares.fm\/index.php?rest_route=\/wp\/v2\/types\/post"}],"author":[{"embeddable":true,"href":"https:\/\/felix.ares.fm\/index.php?rest_route=\/wp\/v2\/users\/1"}],"replies":[{"embeddable":true,"href":"https:\/\/felix.ares.fm\/index.php?rest_route=%2Fwp%2Fv2%2Fcomments&post=12732"}],"version-history":[{"count":7,"href":"https:\/\/felix.ares.fm\/index.php?rest_route=\/wp\/v2\/posts\/12732\/revisions"}],"predecessor-version":[{"id":12796,"href":"https:\/\/felix.ares.fm\/index.php?rest_route=\/wp\/v2\/posts\/12732\/revisions\/12796"}],"wp:attachment":[{"href":"https:\/\/felix.ares.fm\/index.php?rest_route=%2Fwp%2Fv2%2Fmedia&parent=12732"}],"wp:term":[{"taxonomy":"category","embeddable":true,"href":"https:\/\/felix.ares.fm\/index.php?rest_route=%2Fwp%2Fv2%2Fcategories&post=12732"},{"taxonomy":"post_tag","embeddable":true,"href":"https:\/\/felix.ares.fm\/index.php?rest_route=%2Fwp%2Fv2%2Ftags&post=12732"}],"curies":[{"name":"wp","href":"https:\/\/api.w.org\/{rel}","templated":true}]}}