{"id":12695,"date":"2022-04-23T12:01:00","date_gmt":"2022-04-23T10:01:00","guid":{"rendered":"https:\/\/felix.ares.fm\/?p=12695"},"modified":"2022-05-07T07:21:13","modified_gmt":"2022-05-07T05:21:13","slug":"excursion-a-pinar-de-granada-3-cueva-de-las-ventanas","status":"publish","type":"post","link":"https:\/\/felix.ares.fm\/?p=12695","title":{"rendered":"Excursi\u00f3n a Pi\u00f1ar de Granada (4):  Cueva de las ventanas."},"content":{"rendered":"\n<p><strong>23 de abril de 2022<\/strong><\/p>\n\n\n\n<p><strong>El d\u00eda 23 de abril fuimos de excursi\u00f3n al pueblo de Pi\u00f1ar en Granada. La Cueva de las ventanas est\u00e1n la parte alta del pueblo, pero no se accede a ella directamente, sino que hay un centro de recepci\u00f3n donde se compran las entradas y donde se coge un \u00abtren\u00bb tur\u00edstico que te lleva hasta las cuevas. En esta entrada veremos la subida y bajada hasta la cueva. No hemos podido poner ninguna foto del interior de la cueva porque est\u00e1 prohibido obtener im\u00e1genes.<\/strong><\/p>\n\n\n\n<h2 class=\"wp-block-heading\">El tren tur\u00edstico<\/h2>\n\n\n\n<p>El \u00abtren\u00bb que nos lleva hasta la entrada de la Cueva, se coge al lado del Centro de Interpretaci\u00f3n de la Cueva de las Ventanas.<\/p>\n\n\n\n<figure class=\"wp-block-image size-full\"><img loading=\"lazy\" decoding=\"async\" width=\"640\" height=\"289\" src=\"https:\/\/felix.ares.fm\/wp-content\/uploads\/2022\/05\/IMG20220423130154_lugar_de_recogida_del_tren_turistico-min.jpg\" alt=\"\" class=\"wp-image-12698\" srcset=\"https:\/\/felix.ares.fm\/wp-content\/uploads\/2022\/05\/IMG20220423130154_lugar_de_recogida_del_tren_turistico-min.jpg 640w, https:\/\/felix.ares.fm\/wp-content\/uploads\/2022\/05\/IMG20220423130154_lugar_de_recogida_del_tren_turistico-min-300x135.jpg 300w\" sizes=\"auto, (max-width: 640px) 100vw, 640px\" \/><figcaption>Lugar donde se coge el tren tur\u00edstico.<\/figcaption><\/figure>\n\n\n\n<figure class=\"wp-block-image size-full is-resized\"><img loading=\"lazy\" decoding=\"async\" src=\"https:\/\/felix.ares.fm\/wp-content\/uploads\/2022\/05\/tren-min.jpg\" alt=\"\" class=\"wp-image-12724\" width=\"634\" height=\"476\" srcset=\"https:\/\/felix.ares.fm\/wp-content\/uploads\/2022\/05\/tren-min.jpg 639w, https:\/\/felix.ares.fm\/wp-content\/uploads\/2022\/05\/tren-min-300x225.jpg 300w\" sizes=\"auto, (max-width: 634px) 100vw, 634px\" \/><figcaption>Tren tur\u00edstico que te sube hasta la Cueva y luego te baja.<\/figcaption><\/figure>\n\n\n\n<h2 class=\"wp-block-heading\">Almendros a lo largo del camino<\/h2>\n\n\n\n<p>A lo largo del camino se ven muchas flores amarillas entre las cuales, a veces, hay amapolas rojas. Las flores amarillas no s\u00e9 lo que son, mirando en<em> Google Lens<\/em> me dice que son <em>Brassica napus<\/em>, pero no lo aseguro. Tambi\u00e9n hay muchos \u00e1rboles que tienen frutos. Se trata de almendros con sus almendras.<\/p>\n\n\n\n<figure class=\"wp-block-gallery has-nested-images columns-default is-cropped wp-block-gallery-1 is-layout-flex wp-block-gallery-is-layout-flex\">\n<figure class=\"wp-block-image size-large\"><img loading=\"lazy\" decoding=\"async\" width=\"639\" height=\"480\" data-id=\"12701\" src=\"https:\/\/felix.ares.fm\/wp-content\/uploads\/2022\/05\/IMG20220423122517_bajando_de_la_cueva_en_el_tren-min2.jpg\" alt=\"\" class=\"wp-image-12701\" srcset=\"https:\/\/felix.ares.fm\/wp-content\/uploads\/2022\/05\/IMG20220423122517_bajando_de_la_cueva_en_el_tren-min2.jpg 639w, https:\/\/felix.ares.fm\/wp-content\/uploads\/2022\/05\/IMG20220423122517_bajando_de_la_cueva_en_el_tren-min2-300x225.jpg 300w\" sizes=\"auto, (max-width: 639px) 100vw, 639px\" \/><\/figure>\n\n\n\n<figure class=\"wp-block-image size-large\"><img loading=\"lazy\" decoding=\"async\" width=\"640\" height=\"405\" data-id=\"12700\" src=\"https:\/\/felix.ares.fm\/wp-content\/uploads\/2022\/05\/IMG20220423122527_abajo_el_pueblo-min.jpg\" alt=\"\" class=\"wp-image-12700\" srcset=\"https:\/\/felix.ares.fm\/wp-content\/uploads\/2022\/05\/IMG20220423122527_abajo_el_pueblo-min.jpg 640w, https:\/\/felix.ares.fm\/wp-content\/uploads\/2022\/05\/IMG20220423122527_abajo_el_pueblo-min-300x190.jpg 300w\" sizes=\"auto, (max-width: 640px) 100vw, 640px\" \/><figcaption>Abajo el pueblo.<\/figcaption><\/figure>\n<\/figure>\n\n\n\n<figure class=\"wp-block-gallery has-nested-images columns-default is-cropped wp-block-gallery-2 is-layout-flex wp-block-gallery-is-layout-flex\">\n<figure class=\"wp-block-image size-large\"><img loading=\"lazy\" decoding=\"async\" width=\"639\" height=\"480\" data-id=\"12704\" src=\"https:\/\/felix.ares.fm\/wp-content\/uploads\/2022\/05\/IMG20220423122148-min.jpg\" alt=\"\" class=\"wp-image-12704\" srcset=\"https:\/\/felix.ares.fm\/wp-content\/uploads\/2022\/05\/IMG20220423122148-min.jpg 639w, https:\/\/felix.ares.fm\/wp-content\/uploads\/2022\/05\/IMG20220423122148-min-300x225.jpg 300w\" sizes=\"auto, (max-width: 639px) 100vw, 639px\" \/><figcaption>Almendros<\/figcaption><\/figure>\n\n\n\n<figure class=\"wp-block-image size-large\"><img loading=\"lazy\" decoding=\"async\" width=\"639\" height=\"480\" data-id=\"12703\" src=\"https:\/\/felix.ares.fm\/wp-content\/uploads\/2022\/05\/IMG20220423122151-min.jpg\" alt=\"\" class=\"wp-image-12703\" srcset=\"https:\/\/felix.ares.fm\/wp-content\/uploads\/2022\/05\/IMG20220423122151-min.jpg 639w, https:\/\/felix.ares.fm\/wp-content\/uploads\/2022\/05\/IMG20220423122151-min-300x225.jpg 300w\" sizes=\"auto, (max-width: 639px) 100vw, 639px\" \/><figcaption>Almendros<\/figcaption><\/figure>\n\n\n\n<figure class=\"wp-block-image size-large\"><img loading=\"lazy\" decoding=\"async\" width=\"639\" height=\"480\" data-id=\"12706\" src=\"https:\/\/felix.ares.fm\/wp-content\/uploads\/2022\/05\/IMG20220423122215-min.jpg\" alt=\"\" class=\"wp-image-12706\" srcset=\"https:\/\/felix.ares.fm\/wp-content\/uploads\/2022\/05\/IMG20220423122215-min.jpg 639w, https:\/\/felix.ares.fm\/wp-content\/uploads\/2022\/05\/IMG20220423122215-min-300x225.jpg 300w\" sizes=\"auto, (max-width: 639px) 100vw, 639px\" \/><figcaption>Almendros<\/figcaption><\/figure>\n\n\n\n<figure class=\"wp-block-image size-large\"><img loading=\"lazy\" decoding=\"async\" width=\"639\" height=\"480\" data-id=\"12707\" src=\"https:\/\/felix.ares.fm\/wp-content\/uploads\/2022\/05\/IMG20220423122331_almendros_bajando_en_el_tren-min.jpg\" alt=\"\" class=\"wp-image-12707\" srcset=\"https:\/\/felix.ares.fm\/wp-content\/uploads\/2022\/05\/IMG20220423122331_almendros_bajando_en_el_tren-min.jpg 639w, https:\/\/felix.ares.fm\/wp-content\/uploads\/2022\/05\/IMG20220423122331_almendros_bajando_en_el_tren-min-300x225.jpg 300w\" sizes=\"auto, (max-width: 639px) 100vw, 639px\" \/><figcaption>Almendros<\/figcaption><\/figure>\n\n\n\n<figure class=\"wp-block-image size-large\"><img loading=\"lazy\" decoding=\"async\" width=\"639\" height=\"480\" data-id=\"12705\" src=\"https:\/\/felix.ares.fm\/wp-content\/uploads\/2022\/05\/IMG20220423122331-min.jpg\" alt=\"\" class=\"wp-image-12705\" srcset=\"https:\/\/felix.ares.fm\/wp-content\/uploads\/2022\/05\/IMG20220423122331-min.jpg 639w, https:\/\/felix.ares.fm\/wp-content\/uploads\/2022\/05\/IMG20220423122331-min-300x225.jpg 300w\" sizes=\"auto, (max-width: 639px) 100vw, 639px\" \/><figcaption>Almendros<\/figcaption><\/figure>\n<\/figure>\n\n\n\n<p>En los \u00e1rboles se ven unas manchas oscuras: son las almendras. Por ello no nos resulta familiar que en la gastronom\u00eda de la zona abundes platos con almendras. Por ejemplo, tienen fama las manitas de cerdo con salsa de almendras.<\/p>\n\n\n\n<figure class=\"wp-block-image size-large\"><img loading=\"lazy\" decoding=\"async\" width=\"1024\" height=\"830\" src=\"https:\/\/felix.ares.fm\/wp-content\/uploads\/2022\/05\/IMG20220423122452_los_frutos_son_almendras_detalle-1024x830.jpg\" alt=\"\" class=\"wp-image-12709\" srcset=\"https:\/\/felix.ares.fm\/wp-content\/uploads\/2022\/05\/IMG20220423122452_los_frutos_son_almendras_detalle-1024x830.jpg 1024w, https:\/\/felix.ares.fm\/wp-content\/uploads\/2022\/05\/IMG20220423122452_los_frutos_son_almendras_detalle-300x243.jpg 300w, https:\/\/felix.ares.fm\/wp-content\/uploads\/2022\/05\/IMG20220423122452_los_frutos_son_almendras_detalle-768x622.jpg 768w, https:\/\/felix.ares.fm\/wp-content\/uploads\/2022\/05\/IMG20220423122452_los_frutos_son_almendras_detalle-1536x1245.jpg 1536w, https:\/\/felix.ares.fm\/wp-content\/uploads\/2022\/05\/IMG20220423122452_los_frutos_son_almendras_detalle-2048x1659.jpg 2048w\" sizes=\"auto, (max-width: 1024px) 100vw, 1024px\" \/><figcaption>Almendras en la rama.<\/figcaption><\/figure>\n\n\n\n<h2 class=\"wp-block-heading\">La Cueva de las Ventanas<\/h2>\n\n\n\n<p>As\u00ed llegamos a la entrada de la Cueva:<\/p>\n\n\n\n<figure class=\"wp-block-image size-full\"><img loading=\"lazy\" decoding=\"async\" width=\"639\" height=\"480\" src=\"https:\/\/felix.ares.fm\/wp-content\/uploads\/2022\/05\/IMG20220423110545.jpg\" alt=\"\" class=\"wp-image-12710\" srcset=\"https:\/\/felix.ares.fm\/wp-content\/uploads\/2022\/05\/IMG20220423110545.jpg 639w, https:\/\/felix.ares.fm\/wp-content\/uploads\/2022\/05\/IMG20220423110545-300x225.jpg 300w\" sizes=\"auto, (max-width: 639px) 100vw, 639px\" \/><figcaption>Entrada a la Cueva<\/figcaption><\/figure>\n\n\n\n<p>En el caminito que va desde el anuncio hasta la boca de la cueva, hay representaciones de animales que viv\u00edan aqu\u00ed durante el Neol\u00edtico y la Edad de Hierro.<\/p>\n\n\n\n<figure class=\"wp-block-gallery has-nested-images columns-default is-cropped wp-block-gallery-3 is-layout-flex wp-block-gallery-is-layout-flex\">\n<figure class=\"wp-block-image size-large\"><img loading=\"lazy\" decoding=\"async\" width=\"639\" height=\"480\" data-id=\"12711\" src=\"https:\/\/felix.ares.fm\/wp-content\/uploads\/2022\/05\/IMG20220423110554.jpg\" alt=\"\" class=\"wp-image-12711\" srcset=\"https:\/\/felix.ares.fm\/wp-content\/uploads\/2022\/05\/IMG20220423110554.jpg 639w, https:\/\/felix.ares.fm\/wp-content\/uploads\/2022\/05\/IMG20220423110554-300x225.jpg 300w\" sizes=\"auto, (max-width: 639px) 100vw, 639px\" \/><figcaption>Jabal\u00ed<\/figcaption><\/figure>\n\n\n\n<figure class=\"wp-block-image size-large\"><img loading=\"lazy\" decoding=\"async\" width=\"639\" height=\"480\" data-id=\"12712\" src=\"https:\/\/felix.ares.fm\/wp-content\/uploads\/2022\/05\/IMG20220423110650.jpg\" alt=\"\" class=\"wp-image-12712\" srcset=\"https:\/\/felix.ares.fm\/wp-content\/uploads\/2022\/05\/IMG20220423110650.jpg 639w, https:\/\/felix.ares.fm\/wp-content\/uploads\/2022\/05\/IMG20220423110650-300x225.jpg 300w\" sizes=\"auto, (max-width: 639px) 100vw, 639px\" \/><figcaption>Rinoceronte<\/figcaption><\/figure>\n<\/figure>\n\n\n\n<p>En ese camino hay unas cuantas flores interesantes:<\/p>\n\n\n\n<figure class=\"wp-block-gallery has-nested-images columns-default is-cropped wp-block-gallery-4 is-layout-flex wp-block-gallery-is-layout-flex\">\n<figure class=\"wp-block-image size-large\"><img loading=\"lazy\" decoding=\"async\" width=\"640\" height=\"480\" data-id=\"12715\" src=\"https:\/\/felix.ares.fm\/wp-content\/uploads\/2022\/05\/IMG20220423110638-1.jpg\" alt=\"\" class=\"wp-image-12715\" srcset=\"https:\/\/felix.ares.fm\/wp-content\/uploads\/2022\/05\/IMG20220423110638-1.jpg 640w, https:\/\/felix.ares.fm\/wp-content\/uploads\/2022\/05\/IMG20220423110638-1-300x225.jpg 300w\" sizes=\"auto, (max-width: 640px) 100vw, 640px\" \/><\/figure>\n\n\n\n<figure class=\"wp-block-image size-large\"><img loading=\"lazy\" decoding=\"async\" width=\"639\" height=\"480\" data-id=\"12714\" src=\"https:\/\/felix.ares.fm\/wp-content\/uploads\/2022\/05\/IMG20220423121002.jpg\" alt=\"\" class=\"wp-image-12714\" srcset=\"https:\/\/felix.ares.fm\/wp-content\/uploads\/2022\/05\/IMG20220423121002.jpg 639w, https:\/\/felix.ares.fm\/wp-content\/uploads\/2022\/05\/IMG20220423121002-300x225.jpg 300w\" sizes=\"auto, (max-width: 639px) 100vw, 639px\" \/><\/figure>\n\n\n\n<figure class=\"wp-block-image size-large\"><img loading=\"lazy\" decoding=\"async\" width=\"640\" height=\"480\" data-id=\"12716\" src=\"https:\/\/felix.ares.fm\/wp-content\/uploads\/2022\/05\/IMG20220423121458.jpg\" alt=\"\" class=\"wp-image-12716\" srcset=\"https:\/\/felix.ares.fm\/wp-content\/uploads\/2022\/05\/IMG20220423121458.jpg 640w, https:\/\/felix.ares.fm\/wp-content\/uploads\/2022\/05\/IMG20220423121458-300x225.jpg 300w\" sizes=\"auto, (max-width: 640px) 100vw, 640px\" \/><\/figure>\n<\/figure>\n\n\n\n<p>Debajo de la puerta hay unas construcciones en piedra que son los servicios, la tienda de fotos, una fuente y una tienda.<\/p>\n\n\n\n<figure class=\"wp-block-gallery has-nested-images columns-default is-cropped wp-block-gallery-5 is-layout-flex wp-block-gallery-is-layout-flex\">\n<figure class=\"wp-block-image size-large\"><img loading=\"lazy\" decoding=\"async\" width=\"639\" height=\"480\" data-id=\"12718\" src=\"https:\/\/felix.ares.fm\/wp-content\/uploads\/2022\/05\/IMG20220423110706.jpg\" alt=\"\" class=\"wp-image-12718\" srcset=\"https:\/\/felix.ares.fm\/wp-content\/uploads\/2022\/05\/IMG20220423110706.jpg 639w, https:\/\/felix.ares.fm\/wp-content\/uploads\/2022\/05\/IMG20220423110706-300x225.jpg 300w\" sizes=\"auto, (max-width: 639px) 100vw, 639px\" \/><\/figure>\n\n\n\n<figure class=\"wp-block-image size-large\"><img loading=\"lazy\" decoding=\"async\" width=\"360\" height=\"480\" data-id=\"12719\" src=\"https:\/\/felix.ares.fm\/wp-content\/uploads\/2022\/05\/IMG20220423120833.jpg\" alt=\"\" class=\"wp-image-12719\" srcset=\"https:\/\/felix.ares.fm\/wp-content\/uploads\/2022\/05\/IMG20220423120833.jpg 360w, https:\/\/felix.ares.fm\/wp-content\/uploads\/2022\/05\/IMG20220423120833-225x300.jpg 225w\" sizes=\"auto, (max-width: 360px) 100vw, 360px\" \/><\/figure>\n<\/figure>\n\n\n\n<figure class=\"wp-block-gallery has-nested-images columns-default is-cropped wp-block-gallery-6 is-layout-flex wp-block-gallery-is-layout-flex\">\n<figure class=\"wp-block-image size-large\"><img loading=\"lazy\" decoding=\"async\" width=\"639\" height=\"480\" data-id=\"12720\" src=\"https:\/\/felix.ares.fm\/wp-content\/uploads\/2022\/05\/IMG20220423110720-1.jpg\" alt=\"\" class=\"wp-image-12720\" srcset=\"https:\/\/felix.ares.fm\/wp-content\/uploads\/2022\/05\/IMG20220423110720-1.jpg 639w, https:\/\/felix.ares.fm\/wp-content\/uploads\/2022\/05\/IMG20220423110720-1-300x225.jpg 300w\" sizes=\"auto, (max-width: 639px) 100vw, 639px\" \/><\/figure>\n\n\n\n<figure class=\"wp-block-image size-large\"><img loading=\"lazy\" decoding=\"async\" width=\"360\" height=\"480\" data-id=\"12721\" src=\"https:\/\/felix.ares.fm\/wp-content\/uploads\/2022\/05\/IMG20220423120654.jpg\" alt=\"\" class=\"wp-image-12721\" srcset=\"https:\/\/felix.ares.fm\/wp-content\/uploads\/2022\/05\/IMG20220423120654.jpg 360w, https:\/\/felix.ares.fm\/wp-content\/uploads\/2022\/05\/IMG20220423120654-225x300.jpg 225w\" sizes=\"auto, (max-width: 360px) 100vw, 360px\" \/><\/figure>\n<\/figure>\n\n\n\n<p>Por fin entramos y all\u00ed nos espera un gu\u00eda, que result\u00f3 ser muy bueno. Lo primero que nos dijo es que no se pod\u00edan sacar im\u00e1genes porque los derechos los han vendido. As\u00ed que no pude sacar ninguna foto del interior. Lo siento.<\/p>\n\n\n\n<h2 class=\"wp-block-heading\">Cueva de las Ventanas<\/h2>\n\n\n\n<p> Para que ustedes vean el aspecto que tiene he recurrido a la enciclopedia Wikipedia y all\u00ed, en el apartado <a href=\"https:\/\/es.wikipedia.org\/wiki\/Cueva_de_las_Ventanas\">Cueva de las Ventanas<\/a>. he encontrado esta foto, con licencia Creative Commons, que nos permite hacernos una idea de c\u00f3mo es:<\/p>\n\n\n\n<figure class=\"wp-block-image size-large\"><img loading=\"lazy\" decoding=\"async\" width=\"678\" height=\"1024\" src=\"https:\/\/felix.ares.fm\/wp-content\/uploads\/2022\/05\/Cueva_de_las_Ventanas-min-678x1024.jpg\" alt=\"\" class=\"wp-image-12727\" srcset=\"https:\/\/felix.ares.fm\/wp-content\/uploads\/2022\/05\/Cueva_de_las_Ventanas-min-678x1024.jpg 678w, https:\/\/felix.ares.fm\/wp-content\/uploads\/2022\/05\/Cueva_de_las_Ventanas-min-199x300.jpg 199w, https:\/\/felix.ares.fm\/wp-content\/uploads\/2022\/05\/Cueva_de_las_Ventanas-min-768x1160.jpg 768w, https:\/\/felix.ares.fm\/wp-content\/uploads\/2022\/05\/Cueva_de_las_Ventanas-min.jpg 800w\" sizes=\"auto, (max-width: 678px) 100vw, 678px\" \/><figcaption>Foto de la Cueva de las Ventanas. El fot\u00f3grafo es Toni Baz\u00e1n, aunque yo he disminuido la resoluci\u00f3n para que ocupe menos. El autor la ha licenciado como <a rel=\"noreferrer noopener\" href=\"https:\/\/creativecommons.org\/licenses\/by-sa\/4.0\" target=\"_blank\">CC BY-SA 4.0<\/a>. Desde aqu\u00ed quiero darle las gracias por la gentileza al dejarnos usar su imagen. Yo la he obtenido de Wikipedia.<\/figcaption><\/figure>\n\n\n\n<p>La cueva est\u00e1 en un macizo calizo. Se encuentra en la<a href=\"https:\/\/es.wikipedia.org\/wiki\/Sierra_Arana\"> sierra de Arana<\/a> (Granada). La piedra caliza ha sufrido una serie de modificaciones fundamentalmente por el paso del agua a trav\u00e9s de la roca lo que produce su disoluci\u00f3n (<a href=\"https:\/\/geologiauapiv.blogspot.com\/2012\/12\/procesos-karsticos.html#:~:text=PROCESO%20KARSTICO%20Definici%C3%B3n.-%20Conjunto%20de%20formas%20de%20alteraci%C3%B3n,la%20disoluci%C3%B3n%20de%20la%20roca%20por%20el%20agua.\">Proceso K\u00e1rstico<\/a>). El agua, con mucho mineral disuelto es capaz de crear estalactitas, estalagmitas, coladas y columnas. De todo ello hay en esta cueva, que fue declarada Bien de Inter\u00e9s Cultural en noviembre de 2001.<\/p>\n\n\n\n<p>La cueva tiene un camino de aproximadamente 1200 metros. Y la altura m\u00e1xima que presentan las cavidades es de 38 m; es decir, un tama\u00f1o muy respetable.<\/p>\n\n\n\n<p>En la cueva, adem\u00e1s de haberla habilitado con pasarelas para que sea accesible al p\u00fablico, incluso a personas con sillas de ruedas, tambi\u00e9n han creado un peque\u00f1o museo <em>in situ<\/em>, que contiene reproducci\u00f3n de utensilios que usaban los prehist\u00f3ricos que habitaban aquellas cuevas: telares, herramientas, animales de los que cazaban, e incluso se han reproducido varias personas en sus labores cotidianas dentro de la cueva.<\/p>\n\n\n\n<p>Las visitas siempre son guiadas y en nuestro caso, el gu\u00eda fue excepcional. Un gran profesional. En otras ocasiones hacen talleres, por ejemplo, para hacer herramientas cortantes con piedra de s\u00edlex. Nosotros no tuvimos esa suerte.<\/p>\n\n\n\n<p>En general la visita me gust\u00f3, pero tengo un problema y es que he sido espele\u00f3logo, lo que me ha permitido ver cuevas muy h\u00famedas. En ellas las estalactitas y estalagmitas est\u00e1n cubiertas de agua, lo que le da un brillo excepcional. Tambi\u00e9n hace que el andar entre ellas sea peligroso pues son muy resbaladizas, pero la belleza est\u00e9tica es insuperable. En el caso de la Cueva de las Ventanas, tiene algo de agua, y todos sus elementos siguen creciendo, pero la mayor\u00eda est\u00e1 muy seca, lo que le da un color blanco mate. Es bonito, pero muy lejos de los destellos de las cuevas muy h\u00famedas.<\/p>\n\n\n\n<p>Simplemente para que vean un ejemplo, aqu\u00ed abajo pongo una foto de una cueva en las cercan\u00edas de LLanes, Asturias. Observen como el agua le da un brillo especial a todo ello.<\/p>\n\n\n\n<figure class=\"wp-block-image size-full\"><img loading=\"lazy\" decoding=\"async\" width=\"640\" height=\"361\" src=\"https:\/\/felix.ares.fm\/wp-content\/uploads\/2022\/05\/Vallina_Estalactitas_banderolas_helictitas-min.jpg\" alt=\"\" class=\"wp-image-12728\" srcset=\"https:\/\/felix.ares.fm\/wp-content\/uploads\/2022\/05\/Vallina_Estalactitas_banderolas_helictitas-min.jpg 640w, https:\/\/felix.ares.fm\/wp-content\/uploads\/2022\/05\/Vallina_Estalactitas_banderolas_helictitas-min-300x169.jpg 300w\" sizes=\"auto, (max-width: 640px) 100vw, 640px\" \/><figcaption>Una cueva cerca de Llanes, Asturias. Observen como la humedad le da un brillo muy especial. La foto es de Nachosan y la ha licenciado con <a rel=\"noreferrer noopener\" href=\"https:\/\/creativecommons.org\/licenses\/by-sa\/3.0\" target=\"_blank\">CC BY-SA 3.0<\/a>. Yo la obtenido de Wikipedia.<\/figcaption><\/figure>\n\n\n\n<p>Las <a href=\"https:\/\/es.wikipedia.org\/wiki\/Estalactita#:~:text=Una%20estalactita%20es%20un%20espeleotema%20que%20cuelga%20del,continuos%20por%20el%20agua%20que%20se%20filtra%2C%20etc.\">estalactitas <\/a>son las que cuelgan del techo y que muchas veces tiene forma de car\u00e1mbano. Las <a href=\"https:\/\/es.wikipedia.org\/wiki\/Estalagmita\">estalagmitas <\/a>son las partes que est\u00e1n debajo de las estalactitas, se forman por las gotas que se desprenden de la punta de ellas, por lo que suelen tener un di\u00e1metro mucho mayor y su longitud es menor, aunque no siempre. <\/p>\n\n\n\n<p>La estalactita va creciendo hacia abajo, la estalagmita hacia arriba y, a veces, con el tiempo, llegan a juntarse y en ese cao se llama una <a href=\"https:\/\/es.wikipedia.org\/wiki\/Columna_(espeleolog\u00eda)\">columna<\/a>. Otras veces el crecimiento tiene se hace de a lo largo de las paredes y en ese caso se llaman <a href=\"https:\/\/es.wikipedia.org\/wiki\/Colada_(espeleolog\u00eda)\">coladas<\/a>, que, a veces, toman formas fascinantes.<\/p>\n\n\n\n<p>Con estas definiciones no hemos acabado todas las posibilidades. Hay muchas m\u00e1s, pero estas son las principales.<\/p>\n\n\n\n<p><strong>Nota sobre organizador<\/strong>: Nosotros fuimos desde Fuengirola en un viaje organizado por Elisa, de los Boliches. El viaje result\u00f3 muy agradable-<\/p>\n\n\n\n<p><strong>Nota sobre fotos<\/strong><\/p>\n\n\n\n<p>Las fotos que se han utilizado, han sido realizadas por F\u00e9lix Ares y \u00c1lvaro Ares y las licenciamos como Creative Commons . Attribution 4.0. International CC by 4.0. Puede usarlas, pero deben dar cr\u00e9dito a los autores y que se han sacado de la p\u00e1gina https:\/\/felix.ares.fm<\/p>\n\n\n\n<div class=\"wp-block-image\"><figure class=\"aligncenter\"><a href=\"https:\/\/creativecommons.org\/licenses\/by\/4.0\/\"><img decoding=\"async\" src=\"https:\/\/i.creativecommons.org\/l\/by\/4.0\/88x31.png\" alt=\"Creative Commons License\"\/><\/a><\/figure><\/div>\n\n\n\n<p class=\"has-text-align-center\">_ _ _<\/p>\n\n\n\n<p>NOTA: ya saben ustedes que el Spam est\u00e1 a la orden del d\u00eda. Si pusiera me direcci\u00f3n de correo electr\u00f3nico en forma visible, mi buz\u00f3n se llenar\u00eda de basura. Si quieren ponerse en contacto conmigo, pueden hacerlo en esta direcci\u00f3n, que pienso est\u00e1 suficientemente dif\u00edcil para los robots.<\/p>\n\n\n\n<p> <\/p>\n\n\n\n<div class=\"wp-block-image\"><figure class=\"aligncenter size-large is-resized\"><img loading=\"lazy\" decoding=\"async\" src=\"http:\/\/felix.ares.fm\/wp-content\/uploads\/2016\/02\/tapas.ares_.fm_.2.jpg\" alt=\"\" class=\"wp-image-7476\" width=\"256\" height=\"182\" srcset=\"https:\/\/felix.ares.fm\/wp-content\/uploads\/2016\/02\/tapas.ares_.fm_.2.jpg 703w, https:\/\/felix.ares.fm\/wp-content\/uploads\/2016\/02\/tapas.ares_.fm_.2-300x213.jpg 300w\" sizes=\"auto, (max-width: 256px) 100vw, 256px\" \/><\/figure><\/div>\n\n\n\n<p><\/p>\n","protected":false},"excerpt":{"rendered":"<p>23 de abril de 2022 El d\u00eda 23 de abril fuimos de excursi\u00f3n al pueblo de Pi\u00f1ar en Granada. La Cueva de las ventanas est\u00e1n la parte alta del pueblo, pero no se accede a ella directamente, sino que hay un centro de recepci\u00f3n donde se compran las entradas y donde se coge un \u00abtren\u00bb &hellip; <a href=\"https:\/\/felix.ares.fm\/?p=12695\" class=\"more-link\">Seguir leyendo <span class=\"screen-reader-text\">Excursi\u00f3n a Pi\u00f1ar de Granada (4):  Cueva de las ventanas.<\/span> <span class=\"meta-nav\">&rarr;<\/span><\/a><\/p>\n","protected":false},"author":1,"featured_media":0,"comment_status":"closed","ping_status":"open","sticky":false,"template":"","format":"standard","meta":{"footnotes":""},"categories":[422,1041],"tags":[1039,1040,1038],"class_list":["post-12695","post","type-post","status-publish","format-standard","hentry","category-granada","category-pinar","tag-cueva-de-las-ventanas-neolitico","tag-edad-del-hierro","tag-pinar-granada"],"_links":{"self":[{"href":"https:\/\/felix.ares.fm\/index.php?rest_route=\/wp\/v2\/posts\/12695","targetHints":{"allow":["GET"]}}],"collection":[{"href":"https:\/\/felix.ares.fm\/index.php?rest_route=\/wp\/v2\/posts"}],"about":[{"href":"https:\/\/felix.ares.fm\/index.php?rest_route=\/wp\/v2\/types\/post"}],"author":[{"embeddable":true,"href":"https:\/\/felix.ares.fm\/index.php?rest_route=\/wp\/v2\/users\/1"}],"replies":[{"embeddable":true,"href":"https:\/\/felix.ares.fm\/index.php?rest_route=%2Fwp%2Fv2%2Fcomments&post=12695"}],"version-history":[{"count":13,"href":"https:\/\/felix.ares.fm\/index.php?rest_route=\/wp\/v2\/posts\/12695\/revisions"}],"predecessor-version":[{"id":12795,"href":"https:\/\/felix.ares.fm\/index.php?rest_route=\/wp\/v2\/posts\/12695\/revisions\/12795"}],"wp:attachment":[{"href":"https:\/\/felix.ares.fm\/index.php?rest_route=%2Fwp%2Fv2%2Fmedia&parent=12695"}],"wp:term":[{"taxonomy":"category","embeddable":true,"href":"https:\/\/felix.ares.fm\/index.php?rest_route=%2Fwp%2Fv2%2Fcategories&post=12695"},{"taxonomy":"post_tag","embeddable":true,"href":"https:\/\/felix.ares.fm\/index.php?rest_route=%2Fwp%2Fv2%2Ftags&post=12695"}],"curies":[{"name":"wp","href":"https:\/\/api.w.org\/{rel}","templated":true}]}}