{"id":12674,"date":"2022-04-23T11:42:00","date_gmt":"2022-04-23T09:42:00","guid":{"rendered":"https:\/\/felix.ares.fm\/?p=12674"},"modified":"2022-05-07T07:20:42","modified_gmt":"2022-05-07T05:20:42","slug":"excursion-a-pinar-de-granada-2-centro-de-recepcion-cueva-de-las-ventanas","status":"publish","type":"post","link":"https:\/\/felix.ares.fm\/?p=12674","title":{"rendered":"Excursi\u00f3n a Pi\u00f1ar de Granada (2): Centro de recepci\u00f3n Cueva de las Ventanas."},"content":{"rendered":"\n<p><strong>23 de abril de 2022<\/strong><\/p>\n\n\n\n<p><strong>El d\u00eda 23 de abril  fuimos de excursi\u00f3n al pueblo de Pi\u00f1ar en Granada. La cueva de las ventanas est\u00e1n la parte alta del pueblo, pero no se accede a ella directamente, sino que hay un centro de recepci\u00f3n donde se compran las entradas y donde se coge un \u00abtren\u00bb tur\u00edstico que te lleva hasta las cuevas. All\u00ed mismo hay un interesante museo con piezas del neol\u00edtico y de la edad de hierro.<\/strong><\/p>\n\n\n\n<p>Llegamos al pueblo de Pi\u00f1ar cuando llov\u00eda. Desde el autob\u00fas intente sacar el castillo, que estaba encima de nosotros, pero mi tel\u00e9fono se empe\u00f1\u00f3 en fotografiar las gotas de lluvia en vez de la fortaleza. \u00a1Man\u00edas de los tel\u00e9fonos!<\/p>\n\n\n\n<figure class=\"wp-block-image size-full\"><img loading=\"lazy\" decoding=\"async\" width=\"639\" height=\"480\" src=\"https:\/\/felix.ares.fm\/wp-content\/uploads\/2022\/05\/IMG20220423163948-min.jpg\" alt=\"\" class=\"wp-image-12691\" srcset=\"https:\/\/felix.ares.fm\/wp-content\/uploads\/2022\/05\/IMG20220423163948-min.jpg 639w, https:\/\/felix.ares.fm\/wp-content\/uploads\/2022\/05\/IMG20220423163948-min-300x225.jpg 300w\" sizes=\"auto, (max-width: 639px) 100vw, 639px\" \/><figcaption>Llegamos cunado llov\u00eda.<\/figcaption><\/figure>\n\n\n\n<p><\/p>\n\n\n\n<p>La Cueva de las Ventanas est\u00e1 cerca del castillo. Para llegar a ella hay que hacer un buen tramo a pie cuesta arriba. Es dif\u00edcil para personas como yo que ya tenemos algunos a\u00f1os y algunos achaques, pero, por suerte, hay un \u00abtren chuch\u00fa\u00bb que te sube hasta la cueva.<\/p>\n\n\n\n<p>As\u00ed que lo primero que hay que hacer es ir al \u00abCentro de Interpretaci\u00f3n de la Cueva de las Ventanas\u00bb, para adquirir las entradas y esperar al \u00abtren\u00bb.<\/p>\n\n\n\n<p>All\u00ed, en el Centro de Interpretaci\u00f3n, hay un peque\u00f1o museo con las piezas del neol\u00edtico y de la edad del hierro que han encontrado en las Cueva. Es un museo un poco naif. Pero eso mismo le da un enorme encanto. Todo rezuma un aire de aficionado que me fascina.<\/p>\n\n\n\n<p>Nada m\u00e1s entrar nos encontramos un mural hecho de manos y con alg\u00fan mensaje de esos buenistas que ahora no recuerdo:<\/p>\n\n\n\n<figure class=\"wp-block-image size-full\"><img loading=\"lazy\" decoding=\"async\" width=\"640\" height=\"289\" src=\"https:\/\/felix.ares.fm\/wp-content\/uploads\/2022\/05\/IMG20220423104037_paredes_con_manos-min.jpg\" alt=\"\" class=\"wp-image-12676\" srcset=\"https:\/\/felix.ares.fm\/wp-content\/uploads\/2022\/05\/IMG20220423104037_paredes_con_manos-min.jpg 640w, https:\/\/felix.ares.fm\/wp-content\/uploads\/2022\/05\/IMG20220423104037_paredes_con_manos-min-300x135.jpg 300w\" sizes=\"auto, (max-width: 640px) 100vw, 640px\" \/><figcaption>Pared del Centro de Interpretaci\u00f3n de la Cueva de las Ventanas.<\/figcaption><\/figure>\n\n\n\n<p>Tambi\u00e9n vemos dos carteles donde se anuncian el pueblo, Pi\u00f1ar, y la Cueva de las Ventanas:<\/p>\n\n\n\n<figure class=\"wp-block-gallery has-nested-images columns-default is-cropped wp-block-gallery-1 is-layout-flex wp-block-gallery-is-layout-flex\">\n<figure class=\"wp-block-image size-large\"><img loading=\"lazy\" decoding=\"async\" width=\"640\" height=\"289\" data-id=\"12678\" src=\"https:\/\/felix.ares.fm\/wp-content\/uploads\/2022\/05\/IMG20220423104026_centro_de_recepcion_cueva_de_las_ventanas-min.jpg\" alt=\"\" class=\"wp-image-12678\" srcset=\"https:\/\/felix.ares.fm\/wp-content\/uploads\/2022\/05\/IMG20220423104026_centro_de_recepcion_cueva_de_las_ventanas-min.jpg 640w, https:\/\/felix.ares.fm\/wp-content\/uploads\/2022\/05\/IMG20220423104026_centro_de_recepcion_cueva_de_las_ventanas-min-300x135.jpg 300w\" sizes=\"auto, (max-width: 640px) 100vw, 640px\" \/><\/figure>\n<\/figure>\n\n\n\n<div class=\"wp-block-image\"><figure class=\"aligncenter size-full\"><img loading=\"lazy\" decoding=\"async\" width=\"217\" height=\"480\" src=\"https:\/\/felix.ares.fm\/wp-content\/uploads\/2022\/05\/IMG20220423104126_cartel_pinnar_cueva_de_las_ventanas2-min-1.jpg\" alt=\"\" class=\"wp-image-12680\" srcset=\"https:\/\/felix.ares.fm\/wp-content\/uploads\/2022\/05\/IMG20220423104126_cartel_pinnar_cueva_de_las_ventanas2-min-1.jpg 217w, https:\/\/felix.ares.fm\/wp-content\/uploads\/2022\/05\/IMG20220423104126_cartel_pinnar_cueva_de_las_ventanas2-min-1-136x300.jpg 136w\" sizes=\"auto, (max-width: 217px) 100vw, 217px\" \/><figcaption>Cartel que anuncia la Cueva.<\/figcaption><\/figure><\/div>\n\n\n\n<p>En el Centro de Interpretaci\u00f3n hay un peque\u00f1o museo con piezas aut\u00e9nticas y algunas reproducciones que son bastante interesantes. <\/p>\n\n\n\n<figure class=\"wp-block-image size-full\"><img loading=\"lazy\" decoding=\"async\" width=\"640\" height=\"398\" src=\"https:\/\/felix.ares.fm\/wp-content\/uploads\/2022\/05\/craneos-min.jpg\" alt=\"\" class=\"wp-image-12681\" srcset=\"https:\/\/felix.ares.fm\/wp-content\/uploads\/2022\/05\/craneos-min.jpg 640w, https:\/\/felix.ares.fm\/wp-content\/uploads\/2022\/05\/craneos-min-300x187.jpg 300w\" sizes=\"auto, (max-width: 640px) 100vw, 640px\" \/><figcaption>Por ejemplo, hay reproducciones de dos cr\u00e1neos uno de nuestra especie (<em>Homo Sapiens<\/em>) y otro de un neandertal. Izquierda: Sapiens, derecha: Neandertal.<\/figcaption><\/figure>\n\n\n\n<p>Hay varias vitrinas con piezas del neol\u00edtico, ya saben: piedra nueva, donde nuestros antepasados hac\u00edan virger\u00edas con la piedra y con el hueso.<\/p>\n\n\n\n<figure class=\"wp-block-gallery has-nested-images columns-default is-cropped wp-block-gallery-2 is-layout-flex wp-block-gallery-is-layout-flex\">\n<figure class=\"wp-block-image size-large\"><img loading=\"lazy\" decoding=\"async\" width=\"639\" height=\"480\" data-id=\"12682\" src=\"https:\/\/felix.ares.fm\/wp-content\/uploads\/2022\/05\/IMG20220423104427_distintas_herramientas_del_neolitico2-min.jpg\" alt=\"\" class=\"wp-image-12682\" srcset=\"https:\/\/felix.ares.fm\/wp-content\/uploads\/2022\/05\/IMG20220423104427_distintas_herramientas_del_neolitico2-min.jpg 639w, https:\/\/felix.ares.fm\/wp-content\/uploads\/2022\/05\/IMG20220423104427_distintas_herramientas_del_neolitico2-min-300x225.jpg 300w\" sizes=\"auto, (max-width: 639px) 100vw, 639px\" \/><\/figure>\n\n\n\n<figure class=\"wp-block-image size-large\"><img loading=\"lazy\" decoding=\"async\" width=\"640\" height=\"243\" data-id=\"12683\" src=\"https:\/\/felix.ares.fm\/wp-content\/uploads\/2022\/05\/IMG20220423104654_herramientas_de_piedra3-min.jpg\" alt=\"\" class=\"wp-image-12683\" srcset=\"https:\/\/felix.ares.fm\/wp-content\/uploads\/2022\/05\/IMG20220423104654_herramientas_de_piedra3-min.jpg 640w, https:\/\/felix.ares.fm\/wp-content\/uploads\/2022\/05\/IMG20220423104654_herramientas_de_piedra3-min-300x114.jpg 300w\" sizes=\"auto, (max-width: 640px) 100vw, 640px\" \/><\/figure>\n<\/figure>\n\n\n\n<p>Tambi\u00e9n hay muestras de las excelentes cer\u00e1micas del neol\u00edtico:<\/p>\n\n\n\n<figure class=\"wp-block-image size-full\"><img loading=\"lazy\" decoding=\"async\" width=\"639\" height=\"480\" src=\"https:\/\/felix.ares.fm\/wp-content\/uploads\/2022\/05\/IMG20220423104420_vaso_globular_achatado2-min-1.jpg\" alt=\"\" class=\"wp-image-12685\" srcset=\"https:\/\/felix.ares.fm\/wp-content\/uploads\/2022\/05\/IMG20220423104420_vaso_globular_achatado2-min-1.jpg 639w, https:\/\/felix.ares.fm\/wp-content\/uploads\/2022\/05\/IMG20220423104420_vaso_globular_achatado2-min-1-300x225.jpg 300w\" sizes=\"auto, (max-width: 639px) 100vw, 639px\" \/><figcaption>Cer\u00e1mica globular.<\/figcaption><\/figure>\n\n\n\n<p> Y tambi\u00e9n hay herramientas de la Edad del Hierro. Como el hierro se oxida su restos siempre est\u00e1n ro\u00f1osos.<\/p>\n\n\n\n<figure class=\"wp-block-gallery has-nested-images columns-default is-cropped wp-block-gallery-3 is-layout-flex wp-block-gallery-is-layout-flex\">\n<figure class=\"wp-block-image size-large\"><img loading=\"lazy\" decoding=\"async\" width=\"568\" height=\"480\" data-id=\"12688\" src=\"https:\/\/felix.ares.fm\/wp-content\/uploads\/2022\/05\/herramientas-min.jpg\" alt=\"\" class=\"wp-image-12688\" srcset=\"https:\/\/felix.ares.fm\/wp-content\/uploads\/2022\/05\/herramientas-min.jpg 568w, https:\/\/felix.ares.fm\/wp-content\/uploads\/2022\/05\/herramientas-min-300x254.jpg 300w\" sizes=\"auto, (max-width: 568px) 100vw, 568px\" \/><\/figure>\n<\/figure>\n\n\n\n<div class=\"wp-block-image\"><figure class=\"aligncenter size-full\"><img loading=\"lazy\" decoding=\"async\" width=\"266\" height=\"480\" src=\"https:\/\/felix.ares.fm\/wp-content\/uploads\/2022\/05\/IMG20220423104516_moharra_de_hierro_punta_de_lanza3-min-1.jpg\" alt=\"\" class=\"wp-image-12689\" srcset=\"https:\/\/felix.ares.fm\/wp-content\/uploads\/2022\/05\/IMG20220423104516_moharra_de_hierro_punta_de_lanza3-min-1.jpg 266w, https:\/\/felix.ares.fm\/wp-content\/uploads\/2022\/05\/IMG20220423104516_moharra_de_hierro_punta_de_lanza3-min-1-166x300.jpg 166w\" sizes=\"auto, (max-width: 266px) 100vw, 266px\" \/><figcaption>Daga de la Edad del Hierro.<\/figcaption><\/figure><\/div>\n\n\n\n<figure class=\"wp-block-image size-full is-resized\"><img loading=\"lazy\" decoding=\"async\" src=\"https:\/\/felix.ares.fm\/wp-content\/uploads\/2022\/05\/varias_herramientas_3-min-1.jpg\" alt=\"\" class=\"wp-image-12690\" width=\"634\" height=\"327\" srcset=\"https:\/\/felix.ares.fm\/wp-content\/uploads\/2022\/05\/varias_herramientas_3-min-1.jpg 640w, https:\/\/felix.ares.fm\/wp-content\/uploads\/2022\/05\/varias_herramientas_3-min-1-300x155.jpg 300w\" sizes=\"auto, (max-width: 634px) 100vw, 634px\" \/><figcaption>Otras herramientas. La dl borde superior izquierdo es met\u00e1lica.<\/figcaption><\/figure>\n\n\n\n<p>Desde el museo se puede ver una de las casas con los tejados t\u00edpicos del pueblo.<\/p>\n\n\n\n<figure class=\"wp-block-image size-full\"><img loading=\"lazy\" decoding=\"async\" width=\"639\" height=\"480\" src=\"https:\/\/felix.ares.fm\/wp-content\/uploads\/2022\/05\/IMG20220423104455_01_el_pueblo_visto_desde_el_museo-min.jpg\" alt=\"\" class=\"wp-image-12692\" srcset=\"https:\/\/felix.ares.fm\/wp-content\/uploads\/2022\/05\/IMG20220423104455_01_el_pueblo_visto_desde_el_museo-min.jpg 639w, https:\/\/felix.ares.fm\/wp-content\/uploads\/2022\/05\/IMG20220423104455_01_el_pueblo_visto_desde_el_museo-min-300x225.jpg 300w\" sizes=\"auto, (max-width: 639px) 100vw, 639px\" \/><figcaption>Pi\u00f1ar, e la provincia de Granada.<\/figcaption><\/figure>\n\n\n\n<p>Les recuerdo que esta excursi\u00f3n, la realizamos gracias a los esfuerzos de Elisa. Sus carteles, anunciando excursiones, suelen verse en distintos establecimientos de Los Boliches (Fuengirola).<\/p>\n\n\n\n<p><strong>Nota sobre fotos<\/strong><\/p>\n\n\n\n<p>Las fotos que se han utilizado, han sido realizadas por F\u00e9lix Ares y \u00c1lvaro Ares y las licenciamos como Creative Commons . Attribution 4.0. International CC by 4.0. Puede usarlas pero deben dar cr\u00e9dito a los autores y que se han sacado de la p\u00e1gina https:\/\/felix.ares.fm<\/p>\n\n\n\n<div class=\"wp-block-image\"><figure class=\"aligncenter\"><a href=\"https:\/\/creativecommons.org\/licenses\/by\/4.0\/\"><img decoding=\"async\" src=\"https:\/\/i.creativecommons.org\/l\/by\/4.0\/88x31.png\" alt=\"Creative Commons License\"\/><\/a><\/figure><\/div>\n\n\n\n<p class=\"has-text-align-center\">_ _ _<\/p>\n\n\n\n<p>NOTA: ya saben ustedes que el Spam est\u00e1 a la orden del d\u00eda. Si pusiera me direcci\u00f3n de correo electr\u00f3nico en forma visible, mi buz\u00f3n se llenar\u00eda de basura. Si quieren ponerse en contacto conmigo, pueden hacerlo en esta direcci\u00f3n, que pienso est\u00e1 suficientemente dif\u00edcil para los robots.<\/p>\n\n\n\n<p> <\/p>\n\n\n\n<div class=\"wp-block-image\"><figure class=\"aligncenter size-large is-resized\"><img loading=\"lazy\" decoding=\"async\" src=\"http:\/\/felix.ares.fm\/wp-content\/uploads\/2016\/02\/tapas.ares_.fm_.2.jpg\" alt=\"\" class=\"wp-image-7476\" width=\"256\" height=\"182\" srcset=\"https:\/\/felix.ares.fm\/wp-content\/uploads\/2016\/02\/tapas.ares_.fm_.2.jpg 703w, https:\/\/felix.ares.fm\/wp-content\/uploads\/2016\/02\/tapas.ares_.fm_.2-300x213.jpg 300w\" sizes=\"auto, (max-width: 256px) 100vw, 256px\" \/><\/figure><\/div>\n\n\n\n<p><\/p>\n","protected":false},"excerpt":{"rendered":"<p>23 de abril de 2022 El d\u00eda 23 de abril fuimos de excursi\u00f3n al pueblo de Pi\u00f1ar en Granada. La cueva de las ventanas est\u00e1n la parte alta del pueblo, pero no se accede a ella directamente, sino que hay un centro de recepci\u00f3n donde se compran las entradas y donde se coge un \u00abtren\u00bb &hellip; <a href=\"https:\/\/felix.ares.fm\/?p=12674\" class=\"more-link\">Seguir leyendo <span class=\"screen-reader-text\">Excursi\u00f3n a Pi\u00f1ar de Granada (2): Centro de recepci\u00f3n Cueva de las Ventanas.<\/span> <span class=\"meta-nav\">&rarr;<\/span><\/a><\/p>\n","protected":false},"author":1,"featured_media":0,"comment_status":"closed","ping_status":"open","sticky":false,"template":"","format":"standard","meta":{"footnotes":""},"categories":[422],"tags":[1039,1040,1038],"class_list":["post-12674","post","type-post","status-publish","format-standard","hentry","category-granada","tag-cueva-de-las-ventanas-neolitico","tag-edad-del-hierro","tag-pinar-granada"],"_links":{"self":[{"href":"https:\/\/felix.ares.fm\/index.php?rest_route=\/wp\/v2\/posts\/12674","targetHints":{"allow":["GET"]}}],"collection":[{"href":"https:\/\/felix.ares.fm\/index.php?rest_route=\/wp\/v2\/posts"}],"about":[{"href":"https:\/\/felix.ares.fm\/index.php?rest_route=\/wp\/v2\/types\/post"}],"author":[{"embeddable":true,"href":"https:\/\/felix.ares.fm\/index.php?rest_route=\/wp\/v2\/users\/1"}],"replies":[{"embeddable":true,"href":"https:\/\/felix.ares.fm\/index.php?rest_route=%2Fwp%2Fv2%2Fcomments&post=12674"}],"version-history":[{"count":4,"href":"https:\/\/felix.ares.fm\/index.php?rest_route=\/wp\/v2\/posts\/12674\/revisions"}],"predecessor-version":[{"id":12794,"href":"https:\/\/felix.ares.fm\/index.php?rest_route=\/wp\/v2\/posts\/12674\/revisions\/12794"}],"wp:attachment":[{"href":"https:\/\/felix.ares.fm\/index.php?rest_route=%2Fwp%2Fv2%2Fmedia&parent=12674"}],"wp:term":[{"taxonomy":"category","embeddable":true,"href":"https:\/\/felix.ares.fm\/index.php?rest_route=%2Fwp%2Fv2%2Fcategories&post=12674"},{"taxonomy":"post_tag","embeddable":true,"href":"https:\/\/felix.ares.fm\/index.php?rest_route=%2Fwp%2Fv2%2Ftags&post=12674"}],"curies":[{"name":"wp","href":"https:\/\/api.w.org\/{rel}","templated":true}]}}