{"id":12227,"date":"2021-11-13T05:42:00","date_gmt":"2021-11-13T03:42:00","guid":{"rendered":"https:\/\/felix.ares.fm\/?p=12227"},"modified":"2022-04-24T10:09:25","modified_gmt":"2022-04-24T08:09:25","slug":"pena-juanito-punto-de-vacunacion-covid-19-y-gripe-en-los-boliches-fuengirola","status":"publish","type":"post","link":"https:\/\/felix.ares.fm\/?p=12227","title":{"rendered":"Pe\u00f1a Juanito. Punto de vacunaci\u00f3n COVID-19 y gripe en Los Boliches, Fuengirola"},"content":{"rendered":"\n<p><strong>16 de noviembre de 2021<\/strong><\/p>\n\n\n\n<p><strong>Tras volverme un poco loco he logrado saber que hay una \u00abPe\u00f1a Juanito\u00bb, en el recinto ferial, al lado mismo del \u00abPalacio de la Paz\u00bb<\/strong><\/p>\n\n\n\n<p><strong>Vacunarse<\/strong><\/p>\n\n\n\n<p>Seg\u00fan los criterios de la Junta de Andaluc\u00eda tengo la edad suficiente para vacunarme de la tercera dosis de la vacuna para la COVID-19 y para la gripe.<\/p>\n\n\n\n<p>Me he metido en internet y he pedido cita al Servicio Andaluz de Salud donde y cu\u00e1ndo vacunarme y me han dado fecha y hora para ir al lugar llamado \u00abPe\u00f1a Juanito\u00bb. Yo no ten\u00eda ni la menor idea de d\u00f3nde estaba tal pe\u00f1a.<\/p>\n\n\n\n<p>Me he metido en el casi todopoderoso \u00abGoogle Maps\u00bb y me ha dado algo bastante inveros\u00edmil. Para que no haya dudas lo reproduzco.<\/p>\n\n\n\n<figure class=\"wp-block-image size-full\"><img loading=\"lazy\" decoding=\"async\" width=\"534\" height=\"358\" src=\"https:\/\/felix.ares.fm\/wp-content\/uploads\/2021\/11\/penna-juanito.jpg\" alt=\"\" class=\"wp-image-12229\" srcset=\"https:\/\/felix.ares.fm\/wp-content\/uploads\/2021\/11\/penna-juanito.jpg 534w, https:\/\/felix.ares.fm\/wp-content\/uploads\/2021\/11\/penna-juanito-300x201.jpg 300w\" sizes=\"auto, (max-width: 534px) 100vw, 534px\" \/><figcaption>Pe\u00f1a Juanito, seg\u00fan Google Maps.<\/figcaption><\/figure>\n\n\n\n<p>Y  da como direcci\u00f3n:<\/p>\n\n\n\n<p>Calle Palangreros 23<\/p>\n\n\n\n<p>Me dice que es un restaurante.<\/p>\n\n\n\n<p>Nunca he estado en \u00e9l. Aunque me han entrado ganas de ir a conocerlo.<\/p>\n\n\n\n<p>Entiendo que en una situaci\u00f3n de emergencia, como es la actual, se vacune en un restaurante. No me parece mal. M\u00e1s bien me parece una idea atrevida y positiva. Digna de un buen ayuntamiento.<\/p>\n\n\n\n<p>No obstante no estaba convencido y me fui a explorar cerca del lugar donde me vacunaron las dos veces anteriores: en el Palacio de la Paz.<\/p>\n\n\n\n<figure class=\"wp-block-image size-full\"><img loading=\"lazy\" decoding=\"async\" width=\"455\" height=\"352\" src=\"https:\/\/felix.ares.fm\/wp-content\/uploads\/2021\/11\/Palacio-de-la-paz.jpg\" alt=\"\" class=\"wp-image-12230\" srcset=\"https:\/\/felix.ares.fm\/wp-content\/uploads\/2021\/11\/Palacio-de-la-paz.jpg 455w, https:\/\/felix.ares.fm\/wp-content\/uploads\/2021\/11\/Palacio-de-la-paz-300x232.jpg 300w\" sizes=\"auto, (max-width: 455px) 100vw, 455px\" \/><figcaption>Palacio de la Paz, seg\u00fan Google Maps. Gracias.<\/figcaption><\/figure>\n\n\n\n<p>Y nos da como direcci\u00f3n: Recinto Ferial 0.<\/p>\n\n\n\n<p>Me di un paseo por los alrededores y descubr\u00ed una cola de personas muy cerca. Me acerqu\u00e9 a la cola y vi que all\u00ed pon\u00eda \u00abPe\u00f1a Juanito\u00bb.<\/p>\n\n\n\n<figure class=\"wp-block-image size-large\"><img loading=\"lazy\" decoding=\"async\" width=\"1024\" height=\"462\" src=\"https:\/\/felix.ares.fm\/wp-content\/uploads\/2021\/11\/IMG20211116083916-min-1024x462.jpg\" alt=\"\" class=\"wp-image-12232\" srcset=\"https:\/\/felix.ares.fm\/wp-content\/uploads\/2021\/11\/IMG20211116083916-min-1024x462.jpg 1024w, https:\/\/felix.ares.fm\/wp-content\/uploads\/2021\/11\/IMG20211116083916-min-300x135.jpg 300w, https:\/\/felix.ares.fm\/wp-content\/uploads\/2021\/11\/IMG20211116083916-min-768x347.jpg 768w, https:\/\/felix.ares.fm\/wp-content\/uploads\/2021\/11\/IMG20211116083916-min-1536x693.jpg 1536w, https:\/\/felix.ares.fm\/wp-content\/uploads\/2021\/11\/IMG20211116083916-min-2048x924.jpg 2048w\" sizes=\"auto, (max-width: 1024px) 100vw, 1024px\" \/><figcaption>Pe\u00f1a Juanito, al lado del Palacio de la Paz. Lugar de vacumaciones en noviembre de 2021.<\/figcaption><\/figure>\n\n\n\n<figure class=\"wp-block-image size-large\"><img loading=\"lazy\" decoding=\"async\" width=\"1024\" height=\"462\" src=\"https:\/\/felix.ares.fm\/wp-content\/uploads\/2021\/11\/IMG20211116083924-min-1024x462.jpg\" alt=\"\" class=\"wp-image-12233\" srcset=\"https:\/\/felix.ares.fm\/wp-content\/uploads\/2021\/11\/IMG20211116083924-min-1024x462.jpg 1024w, https:\/\/felix.ares.fm\/wp-content\/uploads\/2021\/11\/IMG20211116083924-min-300x135.jpg 300w, https:\/\/felix.ares.fm\/wp-content\/uploads\/2021\/11\/IMG20211116083924-min-768x346.jpg 768w, https:\/\/felix.ares.fm\/wp-content\/uploads\/2021\/11\/IMG20211116083924-min-1536x693.jpg 1536w, https:\/\/felix.ares.fm\/wp-content\/uploads\/2021\/11\/IMG20211116083924-min-2048x924.jpg 2048w\" sizes=\"auto, (max-width: 1024px) 100vw, 1024px\" \/><figcaption>Pe\u00f1a Juanito. A su izquierda la Pe\u00f1a Taurina. y el edificio amarillo que se ve a la izquierda es el Palacio de la Paz.<\/figcaption><\/figure>\n\n\n\n<figure class=\"wp-block-image size-full\"><img loading=\"lazy\" decoding=\"async\" width=\"854\" height=\"385\" src=\"https:\/\/felix.ares.fm\/wp-content\/uploads\/2021\/11\/IMG20211116084156-Pequeno-min.jpg\" alt=\"\" class=\"wp-image-12234\" srcset=\"https:\/\/felix.ares.fm\/wp-content\/uploads\/2021\/11\/IMG20211116084156-Pequeno-min.jpg 854w, https:\/\/felix.ares.fm\/wp-content\/uploads\/2021\/11\/IMG20211116084156-Pequeno-min-300x135.jpg 300w, https:\/\/felix.ares.fm\/wp-content\/uploads\/2021\/11\/IMG20211116084156-Pequeno-min-768x346.jpg 768w\" sizes=\"auto, (max-width: 854px) 100vw, 854px\" \/><figcaption>Letrero a la entrada de Pe\u00f1a Juanito<\/figcaption><\/figure>\n\n\n\n<p><strong>Ya saben ustedes<\/strong><\/p>\n\n\n\n<p>Pe\u00f1a Juanito es un restaurante que o conozco, y que e gustar\u00eda conocer, pro TAMBI\u00c9N es un de los edificios del Recinto Ferial y que, ahora, sirve como punto de vacunaci\u00f3n.<\/p>\n\n\n\n<p>No me cabe duda de que la idea es excelente.<\/p>\n\n\n\n<p>Voy a tratar de contactar con Google Maps, para que a\u00f1adan a  la \u00abPe\u00f1a Juanito\u00bb como centro existente, que hace  muchas coas, y que, ahora, hace de punto de vacunaci\u00f3n.<\/p>\n\n\n\n<p><strong>Nota sobre fotos<\/strong><\/p>\n\n\n\n<p>Las fotos que se han utilizado, han sido realizadas por F\u00e9lix Ares y \u00c1lvaro Ares y las licenciamos como Creative Commons . Attribution 4.0. International CC by 4.0. Puede usarlas pero deben dar cr\u00e9dito a los autores y que se han sacado de la p\u00e1gina https:\/\/felix.ares.fm<\/p>\n\n\n\n<div class=\"wp-block-image\"><figure class=\"aligncenter\"><a href=\"https:\/\/creativecommons.org\/licenses\/by\/4.0\/\"><img decoding=\"async\" src=\"https:\/\/i.creativecommons.org\/l\/by\/4.0\/88x31.png\" alt=\"Creative Commons License\"\/><\/a><\/figure><\/div>\n\n\n\n<p class=\"has-text-align-center\">_ _ _<\/p>\n\n\n\n<p>NOTA: ya saben ustedes que el Spam est\u00e1 a la orden del d\u00eda. Si pusiera me direcci\u00f3n de correo electr\u00f3nico en forma visible, mi buz\u00f3n se llenar\u00eda de basura. Si quieren ponerse en contacto conmigo, pueden hacerlo en esta direcci\u00f3n, que pienso est\u00e1 suficientemente dif\u00edcil para los robots.<\/p>\n\n\n\n<p> <\/p>\n\n\n\n<div class=\"wp-block-image\"><figure class=\"aligncenter size-large is-resized\"><img loading=\"lazy\" decoding=\"async\" src=\"http:\/\/felix.ares.fm\/wp-content\/uploads\/2016\/02\/tapas.ares_.fm_.2.jpg\" alt=\"\" class=\"wp-image-7476\" width=\"256\" height=\"182\" srcset=\"https:\/\/felix.ares.fm\/wp-content\/uploads\/2016\/02\/tapas.ares_.fm_.2.jpg 703w, https:\/\/felix.ares.fm\/wp-content\/uploads\/2016\/02\/tapas.ares_.fm_.2-300x213.jpg 300w\" sizes=\"auto, (max-width: 256px) 100vw, 256px\" \/><\/figure><\/div>\n\n\n\n<p><\/p>\n","protected":false},"excerpt":{"rendered":"<p>16 de noviembre de 2021 Tras volverme un poco loco he logrado saber que hay una \u00abPe\u00f1a Juanito\u00bb, en el recinto ferial, al lado mismo del \u00abPalacio de la Paz\u00bb Vacunarse Seg\u00fan los criterios de la Junta de Andaluc\u00eda tengo la edad suficiente para vacunarme de la tercera dosis de la vacuna para la COVID-19 &hellip; <a href=\"https:\/\/felix.ares.fm\/?p=12227\" class=\"more-link\">Seguir leyendo <span class=\"screen-reader-text\">Pe\u00f1a Juanito. Punto de vacunaci\u00f3n COVID-19 y gripe en Los Boliches, Fuengirola<\/span> <span class=\"meta-nav\">&rarr;<\/span><\/a><\/p>\n","protected":false},"author":1,"featured_media":0,"comment_status":"closed","ping_status":"open","sticky":false,"template":"","format":"standard","meta":{"footnotes":""},"categories":[1017,1016],"tags":[1015,1018],"class_list":["post-12227","post","type-post","status-publish","format-standard","hentry","category-centro-vacunacion","category-salud","tag-centros-de-vacunacion-en-fuengirola","tag-ubicacion-pena-juanito"],"_links":{"self":[{"href":"https:\/\/felix.ares.fm\/index.php?rest_route=\/wp\/v2\/posts\/12227","targetHints":{"allow":["GET"]}}],"collection":[{"href":"https:\/\/felix.ares.fm\/index.php?rest_route=\/wp\/v2\/posts"}],"about":[{"href":"https:\/\/felix.ares.fm\/index.php?rest_route=\/wp\/v2\/types\/post"}],"author":[{"embeddable":true,"href":"https:\/\/felix.ares.fm\/index.php?rest_route=\/wp\/v2\/users\/1"}],"replies":[{"embeddable":true,"href":"https:\/\/felix.ares.fm\/index.php?rest_route=%2Fwp%2Fv2%2Fcomments&post=12227"}],"version-history":[{"count":4,"href":"https:\/\/felix.ares.fm\/index.php?rest_route=\/wp\/v2\/posts\/12227\/revisions"}],"predecessor-version":[{"id":12238,"href":"https:\/\/felix.ares.fm\/index.php?rest_route=\/wp\/v2\/posts\/12227\/revisions\/12238"}],"wp:attachment":[{"href":"https:\/\/felix.ares.fm\/index.php?rest_route=%2Fwp%2Fv2%2Fmedia&parent=12227"}],"wp:term":[{"taxonomy":"category","embeddable":true,"href":"https:\/\/felix.ares.fm\/index.php?rest_route=%2Fwp%2Fv2%2Fcategories&post=12227"},{"taxonomy":"post_tag","embeddable":true,"href":"https:\/\/felix.ares.fm\/index.php?rest_route=%2Fwp%2Fv2%2Ftags&post=12227"}],"curies":[{"name":"wp","href":"https:\/\/api.w.org\/{rel}","templated":true}]}}