{"id":12105,"date":"2021-05-13T05:42:00","date_gmt":"2021-05-13T03:42:00","guid":{"rendered":"https:\/\/felix.ares.fm\/?p=12105"},"modified":"2021-05-13T09:35:27","modified_gmt":"2021-05-13T07:35:27","slug":"la-cazuela-de-la-abuela-2021-restaurante-baldo-fuengirola","status":"publish","type":"post","link":"https:\/\/felix.ares.fm\/?p=12105","title":{"rendered":"La cazuela de la abuela 2021. Restaurante Baldo. Fuengirola"},"content":{"rendered":"\n<p><strong>13  de mayo 2021<\/strong><\/p>\n\n\n\n<p><strong>El restaurante<em> Baldo <\/em>no obtuvo ning\u00fan premio en la d\u00e9cima edici\u00f3n del concurso <em>La Cazuela de la Abuela <\/em>de 2021, pero en nuestra opini\u00f3n ha competido con un buen producto y con una atenci\u00f3n de sobresaliente.<\/strong><\/p>\n\n\n\n<p><a href=\"https:\/\/www.fuengirola.es\/evento\/la-cazuela-de-la-abuela\/\">La cazuela de la abuela<\/a> es una ruta gastron\u00f3mica promovida por el ayuntamiento de Fuengirola. Este a\u00f1o se cumpl\u00eda su d\u00e9cima edici\u00f3n.<\/p>\n\n\n\n<p>A lo largo de los a\u00f1os ha habido altibajos, unas veces los concursantes han preparado platos muy buenos y otras no tanto. Incluso, recuerdo alg\u00fan a\u00f1o que fue tremendamente repetitivo, casi todos lo mismo: alubias, lentejas, alubias, lentejas. Este a\u00f1o, en mi opini\u00f3n, ha sido uno de los mejores si no el mejor. Todos los participantes,<em> que nosotros hemos probado<\/em>, han sido muy buenos.<\/p>\n\n\n\n<p>Una referencia a los premios pueden verla <a href=\"https:\/\/www.20minutos.es\/noticia\/4687004\/0\/el-restaurante-estilo-campo-ganador-de-la-decima-edicion-de-la-cazuela-de-la-abuela-de-fuengirola\/\">aqu\u00ed<\/a>.<\/p>\n\n\n\n<p>Este a\u00f1o hab\u00eda una aplicaci\u00f3n inform\u00e1tica que te permit\u00eda valorar a los concursantes. Sin duda es una forma de hacerlo, pero, como todos los sistemas de votaci\u00f3n, tiene fallos. Por poner tan solo unos ejemplos, no es lo mismo tener el establecimiento en la zona de la plaza de Chinorros, donde hay una enorme oferta y va mucha gente, que tener un establecimiento, no en primera l\u00ednea de playa, en Los Boliches. Sin duda, al margen de la calidad, tendr\u00e1 m\u00e1s puntos el de Chinorros que el de los Boliches.<\/p>\n\n\n\n<p>En Los Boliches hay un restaurante que, en la<em> Ruta de la tapa er\u00f3tica<\/em> y en <em>La cazuela de la abuela<\/em>, ofrece productos de gran calidad. Se trata de <em>Baldo<\/em>, un restaurante italiano, si no me confundo regentado por un aut\u00e9ntico italiano, que amablemente nos saluda cada vez que pasamos por \u00e9l. El a\u00f1o pasado y este a\u00f1o se han presentado a <em>La cazuela <\/em>con la misma <em>cazuela<\/em> &#8211;seg\u00fan me dicen, con permiso del ayuntamiento&#8211;. El a\u00f1o pasado quise ponerla en este diario, pero mis obligaciones me lo impidieron. Este a\u00f1o quiero hacerlo. <strong>Quiero rendir homenaje a los que trabajan bien.<\/strong> Ya s\u00e9 que llego tarde. No s\u00e9 de qu\u00e9 le servir\u00e1 mi agradecimiento si no he sido capaz de hacerlo a tiempo para aumentar sus ventas. Pero quiero hacerlo.<\/p>\n\n\n\n<p>Pero vayamos a lo nuestro. El a\u00f1o pasado, el restaurante <em>Baldo <\/em>se present\u00f3 a<em> La Cazuela de la abuela<\/em>, con <em>Fruti de mar con pasta<\/em>:<\/p>\n\n\n\n<div class=\"wp-block-image\"><figure class=\"aligncenter size-large\"><img loading=\"lazy\" decoding=\"async\" width=\"480\" height=\"480\" src=\"https:\/\/felix.ares.fm\/wp-content\/uploads\/2021\/05\/IMG20210412210003-min.jpg\" alt=\"\" class=\"wp-image-12107\" srcset=\"https:\/\/felix.ares.fm\/wp-content\/uploads\/2021\/05\/IMG20210412210003-min.jpg 480w, https:\/\/felix.ares.fm\/wp-content\/uploads\/2021\/05\/IMG20210412210003-min-300x300.jpg 300w, https:\/\/felix.ares.fm\/wp-content\/uploads\/2021\/05\/IMG20210412210003-min-150x150.jpg 150w\" sizes=\"auto, (max-width: 480px) 100vw, 480px\" \/><figcaption>Cazuela de la abuela: Fruti de mar con pasta. 2020.<\/figcaption><\/figure><\/div>\n\n\n\n<p>Entiendo perfectamente que lo que qued\u00f3 truncado el a\u00f1o pasado por la epidemia haya sido lo elegido este a\u00f1o, sobre todo cuando se trata de algo con tanta calidad como era el <em>Fruti de mar con pasta<\/em>. Se trata de un plato grande, no de una tapita, sino de un plato grande con pasta italiana, mariscos y una salsa excelente. Este a\u00f1o (2021) era lo mismo. Un gran plato de pasta con marisco muy sabroso.<\/p>\n\n\n\n<figure class=\"wp-block-gallery columns-3 is-cropped wp-block-gallery-1 is-layout-flex wp-block-gallery-is-layout-flex\"><ul class=\"blocks-gallery-grid\"><li class=\"blocks-gallery-item\"><figure><img loading=\"lazy\" decoding=\"async\" width=\"480\" height=\"480\" src=\"https:\/\/felix.ares.fm\/wp-content\/uploads\/2021\/05\/IMG20210412204615-min.jpg\" alt=\"\" data-id=\"12109\" data-link=\"https:\/\/felix.ares.fm\/?attachment_id=12109\" class=\"wp-image-12109\" srcset=\"https:\/\/felix.ares.fm\/wp-content\/uploads\/2021\/05\/IMG20210412204615-min.jpg 480w, https:\/\/felix.ares.fm\/wp-content\/uploads\/2021\/05\/IMG20210412204615-min-300x300.jpg 300w, https:\/\/felix.ares.fm\/wp-content\/uploads\/2021\/05\/IMG20210412204615-min-150x150.jpg 150w\" sizes=\"auto, (max-width: 480px) 100vw, 480px\" \/><\/figure><\/li><li class=\"blocks-gallery-item\"><figure><img loading=\"lazy\" decoding=\"async\" width=\"480\" height=\"480\" src=\"https:\/\/felix.ares.fm\/wp-content\/uploads\/2021\/05\/IMG20210412204619-min.jpg\" alt=\"\" data-id=\"12110\" data-link=\"https:\/\/felix.ares.fm\/?attachment_id=12110\" class=\"wp-image-12110\" srcset=\"https:\/\/felix.ares.fm\/wp-content\/uploads\/2021\/05\/IMG20210412204619-min.jpg 480w, https:\/\/felix.ares.fm\/wp-content\/uploads\/2021\/05\/IMG20210412204619-min-300x300.jpg 300w, https:\/\/felix.ares.fm\/wp-content\/uploads\/2021\/05\/IMG20210412204619-min-150x150.jpg 150w\" sizes=\"auto, (max-width: 480px) 100vw, 480px\" \/><\/figure><\/li><li class=\"blocks-gallery-item\"><figure><img loading=\"lazy\" decoding=\"async\" width=\"482\" height=\"480\" src=\"https:\/\/felix.ares.fm\/wp-content\/uploads\/2021\/05\/IMG20210416194520-min-1.jpg\" alt=\"\" data-id=\"12111\" data-link=\"https:\/\/felix.ares.fm\/?attachment_id=12111\" class=\"wp-image-12111\" srcset=\"https:\/\/felix.ares.fm\/wp-content\/uploads\/2021\/05\/IMG20210416194520-min-1.jpg 482w, https:\/\/felix.ares.fm\/wp-content\/uploads\/2021\/05\/IMG20210416194520-min-1-300x300.jpg 300w, https:\/\/felix.ares.fm\/wp-content\/uploads\/2021\/05\/IMG20210416194520-min-1-150x150.jpg 150w\" sizes=\"auto, (max-width: 482px) 100vw, 482px\" \/><\/figure><\/li><li class=\"blocks-gallery-item\"><figure><img loading=\"lazy\" decoding=\"async\" width=\"482\" height=\"480\" src=\"https:\/\/felix.ares.fm\/wp-content\/uploads\/2021\/05\/IMG20210416194520-min-2.jpg\" alt=\"\" data-id=\"12114\" data-full-url=\"https:\/\/felix.ares.fm\/wp-content\/uploads\/2021\/05\/IMG20210416194520-min-2.jpg\" data-link=\"https:\/\/felix.ares.fm\/?attachment_id=12114\" class=\"wp-image-12114\" srcset=\"https:\/\/felix.ares.fm\/wp-content\/uploads\/2021\/05\/IMG20210416194520-min-2.jpg 482w, https:\/\/felix.ares.fm\/wp-content\/uploads\/2021\/05\/IMG20210416194520-min-2-300x300.jpg 300w, https:\/\/felix.ares.fm\/wp-content\/uploads\/2021\/05\/IMG20210416194520-min-2-150x150.jpg 150w\" sizes=\"auto, (max-width: 482px) 100vw, 482px\" \/><\/figure><\/li><\/ul><\/figure>\n\n\n\n<p>La propuesta, para mi gusto, era espl\u00e9ndida. Pero este a\u00f1o se encontraba con unos competidores muy fuertes. Yo les di la m\u00e1xima puntuaci\u00f3n, pero, l\u00f3gicamente, mi puntuaci\u00f3n no es nada m\u00e1s que uno de los votantes.<\/p>\n\n\n\n<p>Consiguieran el premio o no, Baldo ofreci\u00f3 un buen producto. \u00a1\u00a1\u00a1\u00a1Gracias!!!!!<\/p>\n\n\n\n<p><strong>Atenci\u00f3n al cliente<\/strong><\/p>\n\n\n\n<p>Sinceramente, no s\u00e9 c\u00f3mo decirlo. Incluso el que yo creo que es el due\u00f1o (\u00bfgerente?, no lo s\u00e9, pero me inclino a creer que es el due\u00f1o) nos salud\u00f3 con una sonrisa y nos dio explicaciones sobre la raz\u00f3n de que la cazuela de 2021 fuera la misma que la de 2020 (dicho sea de paso, reconoci\u00f3 que hab\u00edamos estado en 2020). Que el due\u00f1o, o el representante, o lo que sea, nos recordase me llen\u00f3 de orgullo.<\/p>\n\n\n\n<p>Pero lo m\u00e1s importante para m\u00ed y mi familia, fue la amabilidad de la camarera que nos atendi\u00f3. Sonriente, con ganas de explicar cualquier cosa que le pedimos&#8230; Una delicia.<\/p>\n\n\n\n<p>\u00bfSe creer\u00edan si les digo que unos d\u00edas despu\u00e9s de acabar<em> la Cazuela<\/em>, volvimos, y nuestra sensaci\u00f3n fue la misma? Atenci\u00f3n perfecta.<\/p>\n\n\n\n<p>No les quepa la menor duda: volveremos muchas veces.<\/p>\n\n\n\n<p><strong>Localizaci\u00f3n<\/strong><\/p>\n\n\n\n<p>Est\u00e1 en la plaza de la Hispanidad. Tel\u00e9fono: 952 47 58 12<\/p>\n\n\n\n<figure class=\"wp-block-image size-large\"><img loading=\"lazy\" decoding=\"async\" width=\"623\" height=\"462\" src=\"https:\/\/felix.ares.fm\/wp-content\/uploads\/2021\/05\/mapa-1.jpg\" alt=\"\" class=\"wp-image-12116\" srcset=\"https:\/\/felix.ares.fm\/wp-content\/uploads\/2021\/05\/mapa-1.jpg 623w, https:\/\/felix.ares.fm\/wp-content\/uploads\/2021\/05\/mapa-1-300x222.jpg 300w\" sizes=\"auto, (max-width: 623px) 100vw, 623px\" \/><\/figure>\n\n\n\n<h5 class=\"wp-block-heading\">Nota sobre fotos<\/h5>\n\n\n\n<p>Las fotos que se han utilizado, han sido realizadas por F\u00e9lix Ares y \u00c1lvaro Ares y las licenciamos como Creative Commons . Attribution 4.0. International CC by 4.0. Puede usarlas pero deben dar cr\u00e9dito a los autores y que se han sacado de la p\u00e1gina https:\/\/felix.ares.fm<\/p>\n\n\n\n<div class=\"wp-block-image\"><figure class=\"aligncenter\"><a href=\"https:\/\/creativecommons.org\/licenses\/by\/4.0\/\"><img decoding=\"async\" src=\"https:\/\/i.creativecommons.org\/l\/by\/4.0\/88x31.png\" alt=\"Creative Commons License\"\/><\/a><\/figure><\/div>\n\n\n\n<p class=\"has-text-align-center\">_ _ _<\/p>\n\n\n\n<p>NOTA: ya saben ustedes que el Spam est\u00e1 a la orden del d\u00eda. Si pusiera me direcci\u00f3n de correo electr\u00f3nico en forma visible, mi buz\u00f3n se llenar\u00eda de basura. Si quieren ponerse en contacto conmigo, pueden hacerlo en esta direcci\u00f3n, que pienso est\u00e1 suficientemente dif\u00edcil para los robots.<\/p>\n\n\n\n<p> <\/p>\n\n\n\n<div class=\"wp-block-image\"><figure class=\"aligncenter size-large is-resized\"><img loading=\"lazy\" decoding=\"async\" src=\"http:\/\/felix.ares.fm\/wp-content\/uploads\/2016\/02\/tapas.ares_.fm_.2.jpg\" alt=\"\" class=\"wp-image-7476\" width=\"256\" height=\"182\" srcset=\"https:\/\/felix.ares.fm\/wp-content\/uploads\/2016\/02\/tapas.ares_.fm_.2.jpg 703w, https:\/\/felix.ares.fm\/wp-content\/uploads\/2016\/02\/tapas.ares_.fm_.2-300x213.jpg 300w\" sizes=\"auto, (max-width: 256px) 100vw, 256px\" \/><\/figure><\/div>\n\n\n\n<p><\/p>\n","protected":false},"excerpt":{"rendered":"<p>13 de mayo 2021 El restaurante Baldo no obtuvo ning\u00fan premio en la d\u00e9cima edici\u00f3n del concurso La Cazuela de la Abuela de 2021, pero en nuestra opini\u00f3n ha competido con un buen producto y con una atenci\u00f3n de sobresaliente. La cazuela de la abuela es una ruta gastron\u00f3mica promovida por el ayuntamiento de Fuengirola. &hellip; <a href=\"https:\/\/felix.ares.fm\/?p=12105\" class=\"more-link\">Seguir leyendo <span class=\"screen-reader-text\">La cazuela de la abuela 2021. Restaurante Baldo. Fuengirola<\/span> <span class=\"meta-nav\">&rarr;<\/span><\/a><\/p>\n","protected":false},"author":1,"featured_media":0,"comment_status":"closed","ping_status":"open","sticky":false,"template":"","format":"standard","meta":{"footnotes":""},"categories":[428],"tags":[989,997],"class_list":["post-12105","post","type-post","status-publish","format-standard","hentry","category-cazuela-de-la-abuela","tag-cazuela-de-la-abuela","tag-restaurante-italiano-baldo"],"_links":{"self":[{"href":"https:\/\/felix.ares.fm\/index.php?rest_route=\/wp\/v2\/posts\/12105","targetHints":{"allow":["GET"]}}],"collection":[{"href":"https:\/\/felix.ares.fm\/index.php?rest_route=\/wp\/v2\/posts"}],"about":[{"href":"https:\/\/felix.ares.fm\/index.php?rest_route=\/wp\/v2\/types\/post"}],"author":[{"embeddable":true,"href":"https:\/\/felix.ares.fm\/index.php?rest_route=\/wp\/v2\/users\/1"}],"replies":[{"embeddable":true,"href":"https:\/\/felix.ares.fm\/index.php?rest_route=%2Fwp%2Fv2%2Fcomments&post=12105"}],"version-history":[{"count":2,"href":"https:\/\/felix.ares.fm\/index.php?rest_route=\/wp\/v2\/posts\/12105\/revisions"}],"predecessor-version":[{"id":12117,"href":"https:\/\/felix.ares.fm\/index.php?rest_route=\/wp\/v2\/posts\/12105\/revisions\/12117"}],"wp:attachment":[{"href":"https:\/\/felix.ares.fm\/index.php?rest_route=%2Fwp%2Fv2%2Fmedia&parent=12105"}],"wp:term":[{"taxonomy":"category","embeddable":true,"href":"https:\/\/felix.ares.fm\/index.php?rest_route=%2Fwp%2Fv2%2Fcategories&post=12105"},{"taxonomy":"post_tag","embeddable":true,"href":"https:\/\/felix.ares.fm\/index.php?rest_route=%2Fwp%2Fv2%2Ftags&post=12105"}],"curies":[{"name":"wp","href":"https:\/\/api.w.org\/{rel}","templated":true}]}}