{"id":11793,"date":"2021-02-15T07:42:00","date_gmt":"2021-02-15T05:42:00","guid":{"rendered":"https:\/\/felix.ares.fm\/?p=11793"},"modified":"2021-02-17T20:56:31","modified_gmt":"2021-02-17T18:56:31","slug":"museo-de-la-cuchilleria-albacete","status":"publish","type":"post","link":"https:\/\/felix.ares.fm\/?p=11793","title":{"rendered":"Museo de la cuchiller\u00eda (Albacete)"},"content":{"rendered":"\n<p><strong>Desde el a\u00f1o 2004 en la ciudad de Albacete puede visitarse el Museo de la Cuchiller\u00eda, donde puede verse una excelente muestra de las navajas, sobre todo las hechas en Albacete, pero no falta una amplia colecci\u00f3n de las fabricadas en otros lugares de Espa\u00f1a y tambi\u00e9n hay ejemplares de Francia, Portugal y de otros pa\u00edses europeo. Tambi\u00e9n hay cuchillos y herramientas usadas en su elaboraci\u00f3n.<\/strong><\/p>\n\n\n\n<div class=\"wp-block-group\"><div class=\"wp-block-group__inner-container is-layout-flow wp-block-group-is-layout-flow\">\n<h2 class=\"wp-block-heading\">Navaja<\/h2>\n\n\n\n<p>La navaja es un cuchillo cuya hoja puede pivotar y escamotearse en el mango, por eso en algunos pa\u00edses de habla hispana se le da el nombre de \u00abcuchillo plegable\u00bb, aunque en otros pa\u00edses, entre ellos Espa\u00f1a, se llama as\u00ed a un dispositivo un poco distinto: la hoja se pliega pero no queda totalmente dentro del mango, por lo que parte de la hoja sobresale.<\/p>\n\n\n\n<div class=\"wp-block-image\"><figure class=\"aligncenter size-large\"><img loading=\"lazy\" decoding=\"async\" width=\"480\" height=\"640\" src=\"https:\/\/felix.ares.fm\/wp-content\/uploads\/2021\/02\/0_IMG_20200715_184904bb-min.jpg\" alt=\"\" class=\"wp-image-11798\" srcset=\"https:\/\/felix.ares.fm\/wp-content\/uploads\/2021\/02\/0_IMG_20200715_184904bb-min.jpg 480w, https:\/\/felix.ares.fm\/wp-content\/uploads\/2021\/02\/0_IMG_20200715_184904bb-min-225x300.jpg 225w\" sizes=\"auto, (max-width: 480px) 100vw, 480px\" \/><figcaption>Una navaja t\u00edpica. Expuesta en el Museo de la Cuchiller\u00eda de Albacete(MCA)<\/figcaption><\/figure><\/div>\n\n\n\n<h3 class=\"wp-block-heading\">Un poco de historia<\/h3>\n\n\n\n<p>El rey espa\u00f1ol Carlos I, prohibi\u00f3 que los que no eran nobles llevar\u00e1n armas de hoja larga, especialmente las espadas. Por ese motivo surgi\u00f3 la navaja, que es de hoja corta (y por lo tanto no estaba prohibida) y, adem\u00e1s, resultaba muy c\u00f3moda pues al escamotearse la hoja, evitaba cortes indeseables. Era mucho m\u00e1s c\u00f3moda y m\u00e1s segura de llevar que un cuchillo. Aunque en el MCA hay alguna navaja de enormes dimensiones que podr\u00edamos considerarla una espada con hoja escamoteable.<\/p>\n\n\n\n<p>El nombre de navaja deriva de la palabra latina <em><a href=\"https:\/\/en.wiktionary.org\/wiki\/novacula\">novacula <\/a><\/em>que se usaba para designar cuchillos peque\u00f1os. Incluso hab\u00eda algunos que ten\u00edan la hoja escamoteable y que se usaron en Espa\u00f1a. Pero eran objetos raros. La popularizaci\u00f3n se realiz\u00f3 en el siglo XVII. Las navajas se fabricaron en muchos lugares de Espa\u00f1a, pero muy pronto adquirieron fama las de <a href=\"https:\/\/es.wikipedia.org\/wiki\/Navaja_de_Albacete#:~:text=El%20origen%20de%20la%20navaja,consiguiente%20aumento%20de%20la%20demanda.&amp;text=En%20el%20siglo%20XX%20la,y%20su%20tipolog%C3%ADa%20se%20diversific%C3%B3.\">Albacete<\/a>.<\/p>\n\n\n\n<h3 class=\"wp-block-heading\">Museo de la Cuchiller\u00eda de Albacete (MCA)<\/h3>\n\n\n\n<p>Albacete tiene una <a href=\"https:\/\/es.wikipedia.org\/wiki\/Catedral_de_Albacete\">catedral <\/a>de estilo renacentista, que est\u00e1 ubicada en la Plaza de la Catedral.<\/p>\n\n\n\n<div class=\"wp-block-image\"><figure class=\"aligncenter size-large\"><img loading=\"lazy\" decoding=\"async\" width=\"464\" height=\"640\" src=\"https:\/\/felix.ares.fm\/wp-content\/uploads\/2021\/02\/1IMG_20200715_181520-min.jpg\" alt=\"\" class=\"wp-image-11801\" srcset=\"https:\/\/felix.ares.fm\/wp-content\/uploads\/2021\/02\/1IMG_20200715_181520-min.jpg 464w, https:\/\/felix.ares.fm\/wp-content\/uploads\/2021\/02\/1IMG_20200715_181520-min-218x300.jpg 218w\" sizes=\"auto, (max-width: 464px) 100vw, 464px\" \/><figcaption>Catedral de Albacete. Del siglo XVI. Estilo renacentista. <\/figcaption><\/figure><\/div>\n\n\n\n<p>A la izquierda de esta foto hay un bonito edificio que lleva el nombre de <a href=\"https:\/\/es.wikipedia.org\/wiki\/Catedral_de_Albacete\">Casa de Hortelano<\/a>, que fue construido en los primeros a\u00f1os del siglo XX. A m\u00ed me llam\u00f3 la atenci\u00f3n la fachada con azulejos vitrificados junto con los pin\u00e1culos neog\u00f3ticos y los ventanales t\u00edpicamente palaciegos.<\/p>\n\n\n\n<figure class=\"wp-block-gallery columns-2 is-cropped wp-block-gallery-1 is-layout-flex wp-block-gallery-is-layout-flex\"><ul class=\"blocks-gallery-grid\"><li class=\"blocks-gallery-item\"><figure><img loading=\"lazy\" decoding=\"async\" width=\"640\" height=\"480\" src=\"https:\/\/felix.ares.fm\/wp-content\/uploads\/2021\/02\/IMG_20200715_181450-min.jpg\" alt=\"\" data-id=\"11802\" data-link=\"https:\/\/felix.ares.fm\/?attachment_id=11802\" class=\"wp-image-11802\" srcset=\"https:\/\/felix.ares.fm\/wp-content\/uploads\/2021\/02\/IMG_20200715_181450-min.jpg 640w, https:\/\/felix.ares.fm\/wp-content\/uploads\/2021\/02\/IMG_20200715_181450-min-300x225.jpg 300w\" sizes=\"auto, (max-width: 640px) 100vw, 640px\" \/><figcaption class=\"blocks-gallery-item__caption\">Casa de Hortelano<\/figcaption><\/figure><\/li><li class=\"blocks-gallery-item\"><figure><img loading=\"lazy\" decoding=\"async\" width=\"640\" height=\"475\" src=\"https:\/\/felix.ares.fm\/wp-content\/uploads\/2021\/02\/IMG_20200715_181612-min.jpg\" alt=\"\" data-id=\"11803\" data-link=\"https:\/\/felix.ares.fm\/?attachment_id=11803\" class=\"wp-image-11803\" srcset=\"https:\/\/felix.ares.fm\/wp-content\/uploads\/2021\/02\/IMG_20200715_181612-min.jpg 640w, https:\/\/felix.ares.fm\/wp-content\/uploads\/2021\/02\/IMG_20200715_181612-min-300x223.jpg 300w\" sizes=\"auto, (max-width: 640px) 100vw, 640px\" \/><\/figure><\/li><\/ul><\/figure>\n\n\n\n<p>En la puerta que se ve a la derecha del palacio, podemos ver el siguiente letrero:<\/p>\n\n\n\n<div class=\"wp-block-image\"><figure class=\"aligncenter size-large\"><img loading=\"lazy\" decoding=\"async\" width=\"640\" height=\"480\" src=\"https:\/\/felix.ares.fm\/wp-content\/uploads\/2021\/02\/IMG_20200715_181610bb-min-1.jpg\" alt=\"\" class=\"wp-image-11806\" srcset=\"https:\/\/felix.ares.fm\/wp-content\/uploads\/2021\/02\/IMG_20200715_181610bb-min-1.jpg 640w, https:\/\/felix.ares.fm\/wp-content\/uploads\/2021\/02\/IMG_20200715_181610bb-min-1-300x225.jpg 300w\" sizes=\"auto, (max-width: 640px) 100vw, 640px\" \/><\/figure><\/div>\n<\/div><\/div>\n\n\n\n<p class=\"has-text-align-center\">Museo Municipal de la Cuchiller\u00eda de Albacete<\/p>\n\n\n\n<p>En el mundo hay cuatro museos de la cuchiller\u00eda y este es el \u00fanico que hay en Espa\u00f1a.<\/p>\n\n\n\n<p><strong>Para entrar<\/strong> hay que pagar una <strong>entrada<\/strong>: la tarifa general es de 3\u20ac, la de jubilados 0,50\u20ac<\/p>\n\n\n\n<h3 class=\"wp-block-heading\">El museo por dentro<\/h3>\n\n\n\n<p>Dentro hay muchas salas, dedicadas a varias cosas, que van desde colecciones de navajas hechas en distintas zonas de Espa\u00f1a, o en otros pa\u00edses, hasta aquellas en las que se describen las maquinas utilizadas para su elaboraci\u00f3n, los materiales de las utilizados en los mangos, o los ganadores de concursos de dise\u00f1o que hacen peri\u00f3dicamente.<\/p>\n\n\n\n<div class=\"wp-block-image\"><figure class=\"aligncenter size-large\"><img loading=\"lazy\" decoding=\"async\" width=\"480\" height=\"640\" src=\"https:\/\/felix.ares.fm\/wp-content\/uploads\/2021\/02\/2IMG_20200715_182759Cur-min.jpg\" alt=\"\" class=\"wp-image-11808\" srcset=\"https:\/\/felix.ares.fm\/wp-content\/uploads\/2021\/02\/2IMG_20200715_182759Cur-min.jpg 480w, https:\/\/felix.ares.fm\/wp-content\/uploads\/2021\/02\/2IMG_20200715_182759Cur-min-225x300.jpg 225w\" sizes=\"auto, (max-width: 480px) 100vw, 480px\" \/><figcaption>Navajas fabricadas en Sevilla.<\/figcaption><\/figure><\/div>\n\n\n\n<div class=\"wp-block-image\"><figure class=\"aligncenter size-large\"><img loading=\"lazy\" decoding=\"async\" width=\"640\" height=\"380\" src=\"https:\/\/felix.ares.fm\/wp-content\/uploads\/2021\/02\/3_r-min.jpg\" alt=\"\" class=\"wp-image-11809\" srcset=\"https:\/\/felix.ares.fm\/wp-content\/uploads\/2021\/02\/3_r-min.jpg 640w, https:\/\/felix.ares.fm\/wp-content\/uploads\/2021\/02\/3_r-min-300x178.jpg 300w\" sizes=\"auto, (max-width: 640px) 100vw, 640px\" \/><figcaption>Arriba la navaja de bandolera. La t\u00edpica de los bandoleros, que pudimos ver en la serie de TV <a href=\"https:\/\/es.wikipedia.org\/wiki\/Curro_Jim%C3%A9nez\">Curro JIm\u00e9nez<\/a>. Abajo, la navaja cl\u00e1sica de albacete.<\/figcaption><\/figure><\/div>\n\n\n\n<div class=\"wp-block-image\"><figure class=\"aligncenter size-large\"><img loading=\"lazy\" decoding=\"async\" width=\"640\" height=\"480\" src=\"https:\/\/felix.ares.fm\/wp-content\/uploads\/2021\/02\/4IMG_20200715_185451-min.jpg\" alt=\"\" class=\"wp-image-11810\" srcset=\"https:\/\/felix.ares.fm\/wp-content\/uploads\/2021\/02\/4IMG_20200715_185451-min.jpg 640w, https:\/\/felix.ares.fm\/wp-content\/uploads\/2021\/02\/4IMG_20200715_185451-min-300x225.jpg 300w\" sizes=\"auto, (max-width: 640px) 100vw, 640px\" \/><figcaption>En esta vitrina se muestran diversos ejemplos, de las distintas partes de la navaja. Por ejemplo, arriba a la izquierda se ven distintos tipos de hoja , tambi\u00e9n hay otros grupos donde hay varios ejemplos, de muelles, de cierres, de cachas, etc.<\/figcaption><\/figure><\/div>\n\n\n\n<figure class=\"wp-block-image size-large\"><img loading=\"lazy\" decoding=\"async\" width=\"640\" height=\"480\" src=\"https:\/\/felix.ares.fm\/wp-content\/uploads\/2021\/02\/5IMG_20200715_185548-min.jpg\" alt=\"\" class=\"wp-image-11812\" srcset=\"https:\/\/felix.ares.fm\/wp-content\/uploads\/2021\/02\/5IMG_20200715_185548-min.jpg 640w, https:\/\/felix.ares.fm\/wp-content\/uploads\/2021\/02\/5IMG_20200715_185548-min-300x225.jpg 300w\" sizes=\"auto, (max-width: 640px) 100vw, 640px\" \/><figcaption>Vitrina donde pueden verse la gran variedad de tama\u00f1os que se producen.<\/figcaption><\/figure>\n\n\n\n<figure class=\"wp-block-image size-large\"><img loading=\"lazy\" decoding=\"async\" width=\"593\" height=\"480\" src=\"https:\/\/felix.ares.fm\/wp-content\/uploads\/2021\/02\/7sevilla-toledo-badajoz-salamanca-min.jpg\" alt=\"\" class=\"wp-image-11814\" srcset=\"https:\/\/felix.ares.fm\/wp-content\/uploads\/2021\/02\/7sevilla-toledo-badajoz-salamanca-min.jpg 593w, https:\/\/felix.ares.fm\/wp-content\/uploads\/2021\/02\/7sevilla-toledo-badajoz-salamanca-min-300x243.jpg 300w\" sizes=\"auto, (max-width: 593px) 100vw, 593px\" \/><figcaption>Ejemplares de distintas zonas de Espa\u00f1a: de izquierda a derecha y de arriba hacia abajo: Ciudad Real, Toledo, Sevilla, Badajoz, Zaragoza y Huesca.<\/figcaption><\/figure>\n\n\n\n<div class=\"wp-block-columns is-layout-flex wp-container-core-columns-is-layout-9d6595d7 wp-block-columns-is-layout-flex\">\n<div class=\"wp-block-column is-layout-flow wp-block-column-is-layout-flow\" style=\"flex-basis:100%\">\n<div class=\"wp-block-group\"><div class=\"wp-block-group__inner-container is-layout-flow wp-block-group-is-layout-flow\">\n<figure class=\"wp-block-image size-large\"><img loading=\"lazy\" decoding=\"async\" width=\"640\" height=\"480\" src=\"https:\/\/felix.ares.fm\/wp-content\/uploads\/2021\/02\/8IMG_20200715_185334-min.jpg\" alt=\"\" class=\"wp-image-11815\" srcset=\"https:\/\/felix.ares.fm\/wp-content\/uploads\/2021\/02\/8IMG_20200715_185334-min.jpg 640w, https:\/\/felix.ares.fm\/wp-content\/uploads\/2021\/02\/8IMG_20200715_185334-min-300x225.jpg 300w\" sizes=\"auto, (max-width: 640px) 100vw, 640px\" \/><figcaption>Navaja con forma de pez y navaja transparente.<\/figcaption><\/figure>\n\n\n\n<figure class=\"wp-block-image size-large\"><img loading=\"lazy\" decoding=\"async\" width=\"640\" height=\"480\" src=\"https:\/\/felix.ares.fm\/wp-content\/uploads\/2021\/02\/9IMG_20200715_185742-min.jpg\" alt=\"\" class=\"wp-image-11817\" srcset=\"https:\/\/felix.ares.fm\/wp-content\/uploads\/2021\/02\/9IMG_20200715_185742-min.jpg 640w, https:\/\/felix.ares.fm\/wp-content\/uploads\/2021\/02\/9IMG_20200715_185742-min-300x225.jpg 300w\" sizes=\"auto, (max-width: 640px) 100vw, 640px\" \/><figcaption>Detalle de la transparente.<\/figcaption><\/figure>\n\n\n\n<figure class=\"wp-block-image size-large\"><img loading=\"lazy\" decoding=\"async\" width=\"640\" height=\"480\" src=\"https:\/\/felix.ares.fm\/wp-content\/uploads\/2021\/02\/8IMG_20200715_185737-min.jpg\" alt=\"\" class=\"wp-image-11816\" srcset=\"https:\/\/felix.ares.fm\/wp-content\/uploads\/2021\/02\/8IMG_20200715_185737-min.jpg 640w, https:\/\/felix.ares.fm\/wp-content\/uploads\/2021\/02\/8IMG_20200715_185737-min-300x225.jpg 300w\" sizes=\"auto, (max-width: 640px) 100vw, 640px\" \/><figcaption>Diversas formas de hoja y tijeras.<br \/><\/figcaption><\/figure>\n<\/div><\/div>\n<\/div>\n<\/div>\n\n\n\n<figure class=\"wp-block-image size-large\"><img loading=\"lazy\" decoding=\"async\" width=\"640\" height=\"480\" src=\"https:\/\/felix.ares.fm\/wp-content\/uploads\/2021\/02\/6IMG_20200715_182859RC-min.jpg\" alt=\"\" class=\"wp-image-11813\" srcset=\"https:\/\/felix.ares.fm\/wp-content\/uploads\/2021\/02\/6IMG_20200715_182859RC-min.jpg 640w, https:\/\/felix.ares.fm\/wp-content\/uploads\/2021\/02\/6IMG_20200715_182859RC-min-300x225.jpg 300w\" sizes=\"auto, (max-width: 640px) 100vw, 640px\" \/><figcaption>Ejemplo de vitrina con navajas de otros pa\u00edses, en este caso Portugal. El las que proceden de Caldas da Rainha podemos ver una muy larga. En el museo las hay mayores.<\/figcaption><\/figure>\n\n\n\n<p>Me llamaron mucho la atenci\u00f3n los<strong> cuchillos con hoja oculta<\/strong>. Estos cuchillos simulan ser una cosa, por ejemplo un cuchillo de mesa con muy poco filo y sin punta, pero dentro es muy afilado y con punta.<\/p>\n\n\n\n<div class=\"wp-block-group\"><div class=\"wp-block-group__inner-container is-layout-flow wp-block-group-is-layout-flow\">\n<figure class=\"wp-block-gallery columns-3 is-cropped wp-block-gallery-2 is-layout-flex wp-block-gallery-is-layout-flex\"><ul class=\"blocks-gallery-grid\"><li class=\"blocks-gallery-item\"><figure><img loading=\"lazy\" decoding=\"async\" width=\"640\" height=\"480\" src=\"https:\/\/felix.ares.fm\/wp-content\/uploads\/2021\/02\/10-min.jpg\" alt=\"\" data-id=\"11818\" data-full-url=\"https:\/\/felix.ares.fm\/wp-content\/uploads\/2021\/02\/10-min.jpg\" data-link=\"https:\/\/felix.ares.fm\/?attachment_id=11818\" class=\"wp-image-11818\" srcset=\"https:\/\/felix.ares.fm\/wp-content\/uploads\/2021\/02\/10-min.jpg 640w, https:\/\/felix.ares.fm\/wp-content\/uploads\/2021\/02\/10-min-300x225.jpg 300w\" sizes=\"auto, (max-width: 640px) 100vw, 640px\" \/><\/figure><\/li><li class=\"blocks-gallery-item\"><figure><img loading=\"lazy\" decoding=\"async\" width=\"640\" height=\"480\" src=\"https:\/\/felix.ares.fm\/wp-content\/uploads\/2021\/02\/11IMG_20200715_190749-min.jpg\" alt=\"\" data-id=\"11819\" data-full-url=\"https:\/\/felix.ares.fm\/wp-content\/uploads\/2021\/02\/11IMG_20200715_190749-min.jpg\" data-link=\"https:\/\/felix.ares.fm\/?attachment_id=11819\" class=\"wp-image-11819\" srcset=\"https:\/\/felix.ares.fm\/wp-content\/uploads\/2021\/02\/11IMG_20200715_190749-min.jpg 640w, https:\/\/felix.ares.fm\/wp-content\/uploads\/2021\/02\/11IMG_20200715_190749-min-300x225.jpg 300w\" sizes=\"auto, (max-width: 640px) 100vw, 640px\" \/><\/figure><\/li><li class=\"blocks-gallery-item\"><figure><img loading=\"lazy\" decoding=\"async\" width=\"640\" height=\"480\" src=\"https:\/\/felix.ares.fm\/wp-content\/uploads\/2021\/02\/12IMG_20200715_190751-min.jpg\" alt=\"\" data-id=\"11820\" data-full-url=\"https:\/\/felix.ares.fm\/wp-content\/uploads\/2021\/02\/12IMG_20200715_190751-min.jpg\" data-link=\"https:\/\/felix.ares.fm\/?attachment_id=11820\" class=\"wp-image-11820\" srcset=\"https:\/\/felix.ares.fm\/wp-content\/uploads\/2021\/02\/12IMG_20200715_190751-min.jpg 640w, https:\/\/felix.ares.fm\/wp-content\/uploads\/2021\/02\/12IMG_20200715_190751-min-300x225.jpg 300w\" sizes=\"auto, (max-width: 640px) 100vw, 640px\" \/><\/figure><\/li><li class=\"blocks-gallery-item\"><figure><img loading=\"lazy\" decoding=\"async\" width=\"480\" height=\"640\" src=\"https:\/\/felix.ares.fm\/wp-content\/uploads\/2021\/02\/13IMG_20200715_190807-min.jpg\" alt=\"\" data-id=\"11821\" data-full-url=\"https:\/\/felix.ares.fm\/wp-content\/uploads\/2021\/02\/13IMG_20200715_190807-min.jpg\" data-link=\"https:\/\/felix.ares.fm\/?attachment_id=11821\" class=\"wp-image-11821\" srcset=\"https:\/\/felix.ares.fm\/wp-content\/uploads\/2021\/02\/13IMG_20200715_190807-min.jpg 480w, https:\/\/felix.ares.fm\/wp-content\/uploads\/2021\/02\/13IMG_20200715_190807-min-225x300.jpg 225w\" sizes=\"auto, (max-width: 480px) 100vw, 480px\" \/><\/figure><\/li><\/ul><\/figure>\n<\/div><\/div>\n\n\n\n<p><strong>El taller<\/strong><\/p>\n\n\n\n<p>Un taller t\u00edpico era as\u00ed:<\/p>\n\n\n\n<figure class=\"wp-block-gallery columns-2 is-cropped wp-block-gallery-3 is-layout-flex wp-block-gallery-is-layout-flex\"><ul class=\"blocks-gallery-grid\"><li class=\"blocks-gallery-item\"><figure><img loading=\"lazy\" decoding=\"async\" width=\"640\" height=\"480\" src=\"https:\/\/felix.ares.fm\/wp-content\/uploads\/2021\/02\/15IMG_20200715_184658pers-min.jpg\" alt=\"\" data-id=\"11823\" data-full-url=\"https:\/\/felix.ares.fm\/wp-content\/uploads\/2021\/02\/15IMG_20200715_184658pers-min.jpg\" data-link=\"https:\/\/felix.ares.fm\/?attachment_id=11823\" class=\"wp-image-11823\" srcset=\"https:\/\/felix.ares.fm\/wp-content\/uploads\/2021\/02\/15IMG_20200715_184658pers-min.jpg 640w, https:\/\/felix.ares.fm\/wp-content\/uploads\/2021\/02\/15IMG_20200715_184658pers-min-300x225.jpg 300w\" sizes=\"auto, (max-width: 640px) 100vw, 640px\" \/><\/figure><\/li><li class=\"blocks-gallery-item\"><figure><img loading=\"lazy\" decoding=\"async\" width=\"640\" height=\"480\" src=\"https:\/\/felix.ares.fm\/wp-content\/uploads\/2021\/02\/16IMG_20200715_184716-min.jpg\" alt=\"\" data-id=\"11824\" data-full-url=\"https:\/\/felix.ares.fm\/wp-content\/uploads\/2021\/02\/16IMG_20200715_184716-min.jpg\" data-link=\"https:\/\/felix.ares.fm\/?attachment_id=11824\" class=\"wp-image-11824\" srcset=\"https:\/\/felix.ares.fm\/wp-content\/uploads\/2021\/02\/16IMG_20200715_184716-min.jpg 640w, https:\/\/felix.ares.fm\/wp-content\/uploads\/2021\/02\/16IMG_20200715_184716-min-300x225.jpg 300w\" sizes=\"auto, (max-width: 640px) 100vw, 640px\" \/><\/figure><\/li><\/ul><\/figure>\n\n\n\n<figure class=\"wp-block-image size-large\"><img loading=\"lazy\" decoding=\"async\" width=\"640\" height=\"480\" src=\"https:\/\/felix.ares.fm\/wp-content\/uploads\/2021\/02\/17IMG_20200715_184721bb-min.jpg\" alt=\"\" class=\"wp-image-11825\" srcset=\"https:\/\/felix.ares.fm\/wp-content\/uploads\/2021\/02\/17IMG_20200715_184721bb-min.jpg 640w, https:\/\/felix.ares.fm\/wp-content\/uploads\/2021\/02\/17IMG_20200715_184721bb-min-300x225.jpg 300w\" sizes=\"auto, (max-width: 640px) 100vw, 640px\" \/><\/figure>\n\n\n\n<h3 class=\"wp-block-heading\">Materiales empleados<\/h3>\n\n\n\n<figure class=\"wp-block-image size-large\"><img loading=\"lazy\" decoding=\"async\" width=\"640\" height=\"480\" src=\"https:\/\/felix.ares.fm\/wp-content\/uploads\/2021\/02\/24IMG_20200715_185249-min.jpg\" alt=\"\" class=\"wp-image-11835\" srcset=\"https:\/\/felix.ares.fm\/wp-content\/uploads\/2021\/02\/24IMG_20200715_185249-min.jpg 640w, https:\/\/felix.ares.fm\/wp-content\/uploads\/2021\/02\/24IMG_20200715_185249-min-300x225.jpg 300w\" sizes=\"auto, (max-width: 640px) 100vw, 640px\" \/><figcaption>Madera utilizada para las cachas.<\/figcaption><\/figure>\n\n\n\n<figure class=\"wp-block-gallery columns-2 is-cropped wp-block-gallery-4 is-layout-flex wp-block-gallery-is-layout-flex\"><ul class=\"blocks-gallery-grid\"><li class=\"blocks-gallery-item\"><figure><img loading=\"lazy\" decoding=\"async\" width=\"480\" height=\"640\" src=\"https:\/\/felix.ares.fm\/wp-content\/uploads\/2021\/02\/21IMG_20200715_190035-min.jpg\" alt=\"\" data-id=\"11833\" data-full-url=\"https:\/\/felix.ares.fm\/wp-content\/uploads\/2021\/02\/21IMG_20200715_190035-min.jpg\" data-link=\"https:\/\/felix.ares.fm\/?attachment_id=11833\" class=\"wp-image-11833\" srcset=\"https:\/\/felix.ares.fm\/wp-content\/uploads\/2021\/02\/21IMG_20200715_190035-min.jpg 480w, https:\/\/felix.ares.fm\/wp-content\/uploads\/2021\/02\/21IMG_20200715_190035-min-225x300.jpg 225w\" sizes=\"auto, (max-width: 480px) 100vw, 480px\" \/><figcaption class=\"blocks-gallery-item__caption\">Cuerno y n\u00e1car<\/figcaption><\/figure><\/li><li class=\"blocks-gallery-item\"><figure><img loading=\"lazy\" decoding=\"async\" width=\"480\" height=\"640\" src=\"https:\/\/felix.ares.fm\/wp-content\/uploads\/2021\/02\/23IMG_20200715_190100-min.jpg\" alt=\"\" data-id=\"11834\" data-full-url=\"https:\/\/felix.ares.fm\/wp-content\/uploads\/2021\/02\/23IMG_20200715_190100-min.jpg\" data-link=\"https:\/\/felix.ares.fm\/?attachment_id=11834\" class=\"wp-image-11834\" srcset=\"https:\/\/felix.ares.fm\/wp-content\/uploads\/2021\/02\/23IMG_20200715_190100-min.jpg 480w, https:\/\/felix.ares.fm\/wp-content\/uploads\/2021\/02\/23IMG_20200715_190100-min-225x300.jpg 225w\" sizes=\"auto, (max-width: 480px) 100vw, 480px\" \/><figcaption class=\"blocks-gallery-item__caption\">Pezu\u00f1a, cuerno y n\u00e1car<\/figcaption><\/figure><\/li><\/ul><\/figure>\n\n\n\n<h3 class=\"wp-block-heading\">El afilador<\/h3>\n\n\n\n<p>Cuando yo era ni\u00f1o, la imagen del afilador era fundamental para mantener cuchillos, tijeras y navajas, en buen funcionamiento. Yo los he visto que iban en bicicleta. Una de ellas podemos verla en el museo.<\/p>\n\n\n\n<figure class=\"wp-block-image size-large\"><img loading=\"lazy\" decoding=\"async\" width=\"640\" height=\"480\" src=\"https:\/\/felix.ares.fm\/wp-content\/uploads\/2021\/02\/18IMG_20200715_185254bb-min.jpg\" alt=\"\" class=\"wp-image-11826\" srcset=\"https:\/\/felix.ares.fm\/wp-content\/uploads\/2021\/02\/18IMG_20200715_185254bb-min.jpg 640w, https:\/\/felix.ares.fm\/wp-content\/uploads\/2021\/02\/18IMG_20200715_185254bb-min-300x225.jpg 300w\" sizes=\"auto, (max-width: 640px) 100vw, 640px\" \/><figcaption>Bicicleta de afilador.<\/figcaption><\/figure>\n\n\n\n<p>El afilador, con su bicicleta del afilador y su flauta de pan, los recuerdo como un personaje habitual, que pasaba cada quinces d\u00edas.<\/p>\n\n\n\n<figure class=\"wp-block-embed is-type-rich is-provider-gestor-del-servicio wp-block-embed-gestor-del-servicio wp-embed-aspect-16-9 wp-has-aspect-ratio\"><div class=\"wp-block-embed__wrapper\">\n<iframe loading=\"lazy\" title=\"El afilador y la flauta de Pan\" width=\"604\" height=\"340\" src=\"https:\/\/www.youtube.com\/embed\/YHk2T8fCYSw?feature=oembed\" frameborder=\"0\" allow=\"accelerometer; autoplay; clipboard-write; encrypted-media; gyroscope; picture-in-picture; web-share\" referrerpolicy=\"strict-origin-when-cross-origin\" allowfullscreen><\/iframe>\n<\/div><\/figure>\n\n\n\n<h3 class=\"wp-block-heading\">Conclusi\u00f3n<\/h3>\n\n\n\n<p>Un museo interesante que nos muestra diversas facetas de los diversos tipos de navajas, cuchillos, tijeras, etc que existen y sus m\u00e9todos y materiales de fabricaci\u00f3n. En mi opini\u00f3n merece la pena una visita. Y podemos ver la raz\u00f3n por la que las navajas de Albacete tienen fama mundial.<\/p>\n\n\n\n<p class=\"has-text-align-center\">_ _ _<\/p>\n\n\n\n<h2 class=\"wp-block-heading\">Nota sobre fotos<\/h2>\n\n\n\n<p>Las fotos que se han utilizado, han sido realizadas por F\u00e9lix Ares y \u00c1lvaro Ares y las licenciamos como Creative Commons . Attribution 4.0. International CC by 4.0. Puede usarlas pero deben dar cr\u00e9dito a los autores y que se han sacado de la p\u00e1gina https:\/\/felix.ares.fm<\/p>\n\n\n\n<div class=\"wp-block-image\"><figure class=\"aligncenter\"><a href=\"https:\/\/creativecommons.org\/licenses\/by\/4.0\/\"><img decoding=\"async\" src=\"https:\/\/i.creativecommons.org\/l\/by\/4.0\/88x31.png\" alt=\"Creative Commons License\"\/><\/a><\/figure><\/div>\n\n\n\n<hr class=\"wp-block-separator\"\/>\n\n\n\n<hr class=\"wp-block-separator is-style-wide\"\/>\n\n\n\n<p>NOTA: ya saben ustedes que el Spam est\u00e1 a la orden del d\u00eda. Si pusiera me direcci\u00f3n de correo electr\u00f3nico en forma visible, mi buz\u00f3n se llenar\u00eda de basura. Si quieren ponerse en contacto conmigo, pueden hacerlo en esta direcci\u00f3n, que pienso est\u00e1 suficientemente dif\u00edcil para los robots.<\/p>\n\n\n\n<p> <\/p>\n\n\n\n<div class=\"wp-block-image\"><figure class=\"aligncenter size-large is-resized\"><img loading=\"lazy\" decoding=\"async\" src=\"http:\/\/felix.ares.fm\/wp-content\/uploads\/2016\/02\/tapas.ares_.fm_.2.jpg\" alt=\"\" class=\"wp-image-7476\" width=\"256\" height=\"182\" srcset=\"https:\/\/felix.ares.fm\/wp-content\/uploads\/2016\/02\/tapas.ares_.fm_.2.jpg 703w, https:\/\/felix.ares.fm\/wp-content\/uploads\/2016\/02\/tapas.ares_.fm_.2-300x213.jpg 300w\" sizes=\"auto, (max-width: 256px) 100vw, 256px\" \/><\/figure><\/div>\n","protected":false},"excerpt":{"rendered":"<p>Desde el a\u00f1o 2004 en la ciudad de Albacete puede visitarse el Museo de la Cuchiller\u00eda, donde puede verse una excelente muestra de las navajas, sobre todo las hechas en Albacete, pero no falta una amplia colecci\u00f3n de las fabricadas en otros lugares de Espa\u00f1a y tambi\u00e9n hay ejemplares de Francia, Portugal y de otros &hellip; <a href=\"https:\/\/felix.ares.fm\/?p=11793\" class=\"more-link\">Seguir leyendo <span class=\"screen-reader-text\">Museo de la cuchiller\u00eda (Albacete)<\/span> <span class=\"meta-nav\">&rarr;<\/span><\/a><\/p>\n","protected":false},"author":1,"featured_media":0,"comment_status":"closed","ping_status":"open","sticky":false,"template":"","format":"standard","meta":{"footnotes":""},"categories":[944],"tags":[953],"class_list":["post-11793","post","type-post","status-publish","format-standard","hentry","category-albacete","tag-museo-de-la-cuchilleria-albacete"],"_links":{"self":[{"href":"https:\/\/felix.ares.fm\/index.php?rest_route=\/wp\/v2\/posts\/11793","targetHints":{"allow":["GET"]}}],"collection":[{"href":"https:\/\/felix.ares.fm\/index.php?rest_route=\/wp\/v2\/posts"}],"about":[{"href":"https:\/\/felix.ares.fm\/index.php?rest_route=\/wp\/v2\/types\/post"}],"author":[{"embeddable":true,"href":"https:\/\/felix.ares.fm\/index.php?rest_route=\/wp\/v2\/users\/1"}],"replies":[{"embeddable":true,"href":"https:\/\/felix.ares.fm\/index.php?rest_route=%2Fwp%2Fv2%2Fcomments&post=11793"}],"version-history":[{"count":18,"href":"https:\/\/felix.ares.fm\/index.php?rest_route=\/wp\/v2\/posts\/11793\/revisions"}],"predecessor-version":[{"id":11890,"href":"https:\/\/felix.ares.fm\/index.php?rest_route=\/wp\/v2\/posts\/11793\/revisions\/11890"}],"wp:attachment":[{"href":"https:\/\/felix.ares.fm\/index.php?rest_route=%2Fwp%2Fv2%2Fmedia&parent=11793"}],"wp:term":[{"taxonomy":"category","embeddable":true,"href":"https:\/\/felix.ares.fm\/index.php?rest_route=%2Fwp%2Fv2%2Fcategories&post=11793"},{"taxonomy":"post_tag","embeddable":true,"href":"https:\/\/felix.ares.fm\/index.php?rest_route=%2Fwp%2Fv2%2Ftags&post=11793"}],"curies":[{"name":"wp","href":"https:\/\/api.w.org\/{rel}","templated":true}]}}