{"id":11708,"date":"2021-01-02T07:42:00","date_gmt":"2021-01-02T05:42:00","guid":{"rendered":"https:\/\/felix.ares.fm\/?p=11708"},"modified":"2021-01-03T09:47:07","modified_gmt":"2021-01-03T07:47:07","slug":"2-de-enero-de-2021-la-tierra-en-su-apogeo","status":"publish","type":"post","link":"https:\/\/felix.ares.fm\/?p=11708","title":{"rendered":"2 de enero de 2021: la Tierra en su perihelio"},"content":{"rendered":"\n<div class=\"wp-block-group\"><div class=\"wp-block-group__inner-container is-layout-flow wp-block-group-is-layout-flow\">\n<div class=\"wp-block-group\"><div class=\"wp-block-group__inner-container is-layout-flow wp-block-group-is-layout-flow\">\n<p>2 de enero de 2021<\/p>\n\n\n\n<p><strong>Una fecha parad\u00f3jica<\/strong><\/p>\n\n\n\n<p>Hoy, la Tierra est\u00e1 m\u00e1s cerca del Sol que en cualquier otra fecha del a\u00f1o. Para muchos esto resulta parad\u00f3jico: la Tierra est\u00e1 m\u00e1s cerca del Sol en invierno. <\/p>\n\n\n\n<p>Es as\u00ed. La \u00f3rbita de la Tierra en torno al Sol es casi circular, pero no es una circunferencia  perfecta, es una elipse. El Sol est\u00e1 en uno de los focos de la elipse, y este a\u00f1o, el 2 de enero, la Tierra llega al punto llamado perihelio, que es cuando est\u00e1 m\u00e1s cerca del Sol. <\/p>\n\n\n\n<div class=\"wp-block-image\"><figure class=\"aligncenter size-large\"><img loading=\"lazy\" decoding=\"async\" width=\"640\" height=\"405\" src=\"https:\/\/felix.ares.fm\/wp-content\/uploads\/2021\/01\/Apogee_PSF.png\" alt=\"\" class=\"wp-image-11709\" srcset=\"https:\/\/felix.ares.fm\/wp-content\/uploads\/2021\/01\/Apogee_PSF.png 640w, https:\/\/felix.ares.fm\/wp-content\/uploads\/2021\/01\/Apogee_PSF-300x190.png 300w\" sizes=\"auto, (max-width: 640px) 100vw, 640px\" \/><figcaption>De Pearson Scott Foresman &#8211; Archives of Pearson Scott Foresman, donated to the Wikimedia Foundation. Esta imagen ha sido extra\u00edda del archivo: PSF A-40005.png, Dominio p\u00fablico, https:\/\/commons.wikimedia.org\/w\/index.php?curid=2572065<\/figcaption><\/figure><\/div>\n\n\n\n<p>El punto 3 representa el Sol. Hoy la Tierra est\u00e1 en el punto 2. El punto 1, representa lo contrario, cuando la Tierra est\u00e1 m\u00e1s lejos del Sol y se llama afelio y este a\u00f1o ocurrir\u00e1 el 23 de junio.<\/p>\n\n\n\n<figure class=\"wp-block-image size-large\"><img loading=\"lazy\" decoding=\"async\" width=\"640\" height=\"317\" src=\"https:\/\/felix.ares.fm\/wp-content\/uploads\/2021\/01\/4_el_sol_comienza-a_asomar_su_cabeza-min.jpg\" alt=\"\" class=\"wp-image-11710\" srcset=\"https:\/\/felix.ares.fm\/wp-content\/uploads\/2021\/01\/4_el_sol_comienza-a_asomar_su_cabeza-min.jpg 640w, https:\/\/felix.ares.fm\/wp-content\/uploads\/2021\/01\/4_el_sol_comienza-a_asomar_su_cabeza-min-300x149.jpg 300w\" sizes=\"auto, (max-width: 640px) 100vw, 640px\" \/><figcaption>Sol el d\u00eda del perihelio. Desde Fuengirola.<\/figcaption><\/figure>\n\n\n\n<p>Para muchos, esa idea de que en invierno el Sol est\u00e1 m\u00e1s cerca es extra\u00f1a. Piensan, err\u00f3neamente, que es en verano cuando el Sol est\u00e1 m\u00e1s cerca. <\/p>\n\n\n\n<p>Si pensamos en el hemisferio sur, eso es verdad: en verano el Sol est\u00e1 m\u00e1s cerca. Pero eso es falso en el hemisferio norte. <\/p>\n\n\n\n<p>Tal como ya he dicho, la \u00f3rbita es casi circular. En el perihelio la distancia de la Tierra al Sol es de: 147,1 Millones de kil\u00f3metros y en el afelio es de: 152,1 Millones de kil\u00f3metros. (<a href=\"https:\/\/www.timeanddate.com\/astronomy\/perihelion-aphelion-solstice.html\">https:\/\/www.timeanddate.com\/astronomy\/perihelion-aphelion-solstice.html<\/a>)<\/p>\n\n\n\n<p>El verano y el invierno tienen que ver con la inclinaci\u00f3n del eje de la Tierra respecto al plano de la <a href=\"https:\/\/es.wikipedia.org\/wiki\/Ecl%C3%ADptica\">ecl\u00edptica<\/a>.<\/p>\n<\/div><\/div>\n<\/div><\/div>\n\n\n\n<p class=\"has-text-align-center\">_ _ _<\/p>\n\n\n\n<p>NOTA: ya saben ustedes que el Spam est\u00e1 a la orden del d\u00eda. Si pusiera me direcci\u00f3n de correo electr\u00f3nico en forma visible, mi buz\u00f3n se llenar\u00eda de basura. Si quieren ponerse en contacto conmigo, pueden hacerlo en esta direcci\u00f3n, que pienso est\u00e1 suficientemente dif\u00edcil para los robots.<\/p>\n\n\n\n<p> <\/p>\n\n\n\n<div class=\"wp-block-image\"><figure class=\"aligncenter size-large is-resized\"><img loading=\"lazy\" decoding=\"async\" src=\"http:\/\/felix.ares.fm\/wp-content\/uploads\/2016\/02\/tapas.ares_.fm_.2.jpg\" alt=\"\" class=\"wp-image-7476\" width=\"256\" height=\"182\" srcset=\"https:\/\/felix.ares.fm\/wp-content\/uploads\/2016\/02\/tapas.ares_.fm_.2.jpg 703w, https:\/\/felix.ares.fm\/wp-content\/uploads\/2016\/02\/tapas.ares_.fm_.2-300x213.jpg 300w\" sizes=\"auto, (max-width: 256px) 100vw, 256px\" \/><\/figure><\/div>\n","protected":false},"excerpt":{"rendered":"<p>2 de enero de 2021 Una fecha parad\u00f3jica Hoy, la Tierra est\u00e1 m\u00e1s cerca del Sol que en cualquier otra fecha del a\u00f1o. Para muchos esto resulta parad\u00f3jico: la Tierra est\u00e1 m\u00e1s cerca del Sol en invierno. Es as\u00ed. La \u00f3rbita de la Tierra en torno al Sol es casi circular, pero no es una &hellip; <a href=\"https:\/\/felix.ares.fm\/?p=11708\" class=\"more-link\">Seguir leyendo <span class=\"screen-reader-text\">2 de enero de 2021: la Tierra en su perihelio<\/span> <span class=\"meta-nav\">&rarr;<\/span><\/a><\/p>\n","protected":false},"author":1,"featured_media":0,"comment_status":"closed","ping_status":"open","sticky":false,"template":"","format":"standard","meta":{"footnotes":""},"categories":[923,943],"tags":[],"class_list":["post-11708","post","type-post","status-publish","format-standard","hentry","category-calendario","category-perihelio"],"_links":{"self":[{"href":"https:\/\/felix.ares.fm\/index.php?rest_route=\/wp\/v2\/posts\/11708","targetHints":{"allow":["GET"]}}],"collection":[{"href":"https:\/\/felix.ares.fm\/index.php?rest_route=\/wp\/v2\/posts"}],"about":[{"href":"https:\/\/felix.ares.fm\/index.php?rest_route=\/wp\/v2\/types\/post"}],"author":[{"embeddable":true,"href":"https:\/\/felix.ares.fm\/index.php?rest_route=\/wp\/v2\/users\/1"}],"replies":[{"embeddable":true,"href":"https:\/\/felix.ares.fm\/index.php?rest_route=%2Fwp%2Fv2%2Fcomments&post=11708"}],"version-history":[{"count":4,"href":"https:\/\/felix.ares.fm\/index.php?rest_route=\/wp\/v2\/posts\/11708\/revisions"}],"predecessor-version":[{"id":11716,"href":"https:\/\/felix.ares.fm\/index.php?rest_route=\/wp\/v2\/posts\/11708\/revisions\/11716"}],"wp:attachment":[{"href":"https:\/\/felix.ares.fm\/index.php?rest_route=%2Fwp%2Fv2%2Fmedia&parent=11708"}],"wp:term":[{"taxonomy":"category","embeddable":true,"href":"https:\/\/felix.ares.fm\/index.php?rest_route=%2Fwp%2Fv2%2Fcategories&post=11708"},{"taxonomy":"post_tag","embeddable":true,"href":"https:\/\/felix.ares.fm\/index.php?rest_route=%2Fwp%2Fv2%2Ftags&post=11708"}],"curies":[{"name":"wp","href":"https:\/\/api.w.org\/{rel}","templated":true}]}}