{"id":11519,"date":"2018-05-02T12:26:12","date_gmt":"2018-05-02T10:26:12","guid":{"rendered":"http:\/\/felix.ares.fm\/?p=11519"},"modified":"2018-05-02T13:17:38","modified_gmt":"2018-05-02T11:17:38","slug":"asociacion-de-jubilados-y-notificacion-del-taller-de-telefonos-moviles-android-2","status":"publish","type":"post","link":"https:\/\/felix.ares.fm\/?p=11519","title":{"rendered":"Asociaci\u00f3n de Jubilados y&#8230; Notificaci\u00f3n del taller de tel\u00e9fonos m\u00f3viles Android"},"content":{"rendered":"<h4>Domingo 2 de mayo de 2018<\/h4>\n<h4>La <a href=\"http:\/\/www.paginasamarillas.es\/f\/fuengirola\/asociacion-de-jubilados-y-pensionistas-de-fuengirola_201362985_000000001.html\" target=\"_blank\">Asociaci\u00f3n de Jubilados y Pensionistas de Fuengirola<\/a>, nos hace llegar el siguiente <span style=\"color: #ff00ff;\">comunicado<\/span>:<\/h4>\n<h5 style=\"padding-left: 30px;\">\u00a0\u00ab Taller de manejo de m\u00f3viles Android: el pr\u00f3ximo viernes 4, dar\u00e1 comienzo un nuevo curso para aprender a manejar los m\u00f3viles. Estas clases van dirigidas a las personas que sepan poco o nada de ellos. Horarios : lunes y viernes a las once<span id=\"yui_3_16_0_ym19_1_1502875150572_3228\">\u00bb<\/span><\/h5>\n<h5 id=\"yui_3_16_0_ym19_1_1502178979326_3135\" dir=\"ltr\" style=\"padding-left: 30px;\"><\/h5>\n<p style=\"text-align: center;\">+ &#8211; + &#8211; +<\/p>\n<p style=\"text-align: justify;\">[contact_bank form_id=1 show_title=true show_desc=false]<\/p>\n","protected":false},"excerpt":{"rendered":"<p>Domingo 2 de mayo de 2018 La Asociaci\u00f3n de Jubilados y Pensionistas de Fuengirola, nos hace llegar el siguiente comunicado: \u00a0\u00ab Taller de manejo de m\u00f3viles Android: el pr\u00f3ximo viernes 4, dar\u00e1 comienzo un nuevo curso para aprender a manejar los m\u00f3viles. Estas clases van dirigidas a las personas que sepan poco o nada de &hellip; <a href=\"https:\/\/felix.ares.fm\/?p=11519\" class=\"more-link\">Seguir leyendo <span class=\"screen-reader-text\">Asociaci\u00f3n de Jubilados y&#8230; Notificaci\u00f3n del taller de tel\u00e9fonos m\u00f3viles Android<\/span> <span class=\"meta-nav\">&rarr;<\/span><\/a><\/p>\n","protected":false},"author":1,"featured_media":0,"comment_status":"closed","ping_status":"open","sticky":false,"template":"","format":"standard","meta":{"footnotes":""},"categories":[564,855],"tags":[],"class_list":["post-11519","post","type-post","status-publish","format-standard","hentry","category-asociacion-de-jubilados-y-pensionistas-de-fuengirola","category-comunicado-urgente"],"_links":{"self":[{"href":"https:\/\/felix.ares.fm\/index.php?rest_route=\/wp\/v2\/posts\/11519","targetHints":{"allow":["GET"]}}],"collection":[{"href":"https:\/\/felix.ares.fm\/index.php?rest_route=\/wp\/v2\/posts"}],"about":[{"href":"https:\/\/felix.ares.fm\/index.php?rest_route=\/wp\/v2\/types\/post"}],"author":[{"embeddable":true,"href":"https:\/\/felix.ares.fm\/index.php?rest_route=\/wp\/v2\/users\/1"}],"replies":[{"embeddable":true,"href":"https:\/\/felix.ares.fm\/index.php?rest_route=%2Fwp%2Fv2%2Fcomments&post=11519"}],"version-history":[{"count":1,"href":"https:\/\/felix.ares.fm\/index.php?rest_route=\/wp\/v2\/posts\/11519\/revisions"}],"predecessor-version":[{"id":11520,"href":"https:\/\/felix.ares.fm\/index.php?rest_route=\/wp\/v2\/posts\/11519\/revisions\/11520"}],"wp:attachment":[{"href":"https:\/\/felix.ares.fm\/index.php?rest_route=%2Fwp%2Fv2%2Fmedia&parent=11519"}],"wp:term":[{"taxonomy":"category","embeddable":true,"href":"https:\/\/felix.ares.fm\/index.php?rest_route=%2Fwp%2Fv2%2Fcategories&post=11519"},{"taxonomy":"post_tag","embeddable":true,"href":"https:\/\/felix.ares.fm\/index.php?rest_route=%2Fwp%2Fv2%2Ftags&post=11519"}],"curies":[{"name":"wp","href":"https:\/\/api.w.org\/{rel}","templated":true}]}}