{"id":11517,"date":"2018-05-01T10:30:12","date_gmt":"2018-05-01T08:30:12","guid":{"rendered":"http:\/\/felix.ares.fm\/?p=11517"},"modified":"2018-05-02T13:13:58","modified_gmt":"2018-05-02T11:13:58","slug":"asociacion-de-jubilados-y-menu-del-proximo-miercoles-2-de-mayo-2018","status":"publish","type":"post","link":"https:\/\/felix.ares.fm\/?p=11517","title":{"rendered":"Asociaci\u00f3n de Jubilados y&#8230; Men\u00fa del pr\u00f3ximo mi\u00e9rcoles (2 de mayo 2018)"},"content":{"rendered":"<h4>Todos los mi\u00e9rcoles la <a href=\"http:\/\/www.paginasamarillas.es\/f\/fuengirola\/asociacion-de-jubilados-y-pensionistas-de-fuengirola_201362985_000000001.html\">Asociaci\u00f3n de Jubilados y Pensionistas de Fuengirola<\/a>\u00a0celebra una comida de confraternizaci\u00f3n que se celebra en el bar\/restaurante del <a href=\"http:\/\/www.paginasamarillas.es\/f\/fuengirola\/hogar-social-de-fuengirola_015611296_000000004.html\">Hogar del Jubilado<\/a> de la calle Blanca Paloma.<\/h4>\n<h6>Para el pr\u00f3ximo mi\u00e9rcoles\u00a0<span style=\"color: #ff00ff;\"> 2 de mayo\u00a0<\/span>el men\u00fa es el siguiente:<\/h6>\n<h6>Primer plato:<\/h6>\n<h6 style=\"padding-left: 30px;\">_judiones ala segoviana<br \/>\n_macarrones con tomate<br \/>\n_ revuelto de champi\u00f1on<br \/>\n_ensalada mixta<\/h6>\n<h6>\n2\u00b0plato;<\/h6>\n<h6 style=\"padding-left: 60px;\">_pescadilla con bacaladitas (Guarcion ensalada)<br \/>\n_lomo salsa de almendras<br \/>\n_huevos con morcilla<\/h6>\n<p><strong><span style=\"color: #ff00ff;\">Pan +bebida+postre incluidos<\/span><\/strong><\/p>\n<h6>-precio especial jubilados 6&#8217;30 \u20ac<\/h6>\n<h6>Reserva tlf<span style=\"color: #0000ff;\"> 662484307<\/span> Sra ana<\/h6>\n<h6>Si usted hace fotos de la comida, me gustar\u00eda tener alguna para publicarla en este blog.<\/h6>\n<p>[contact_bank form_id=1 show_title=true show_desc=false]<\/p>\n","protected":false},"excerpt":{"rendered":"<p>Todos los mi\u00e9rcoles la Asociaci\u00f3n de Jubilados y Pensionistas de Fuengirola\u00a0celebra una comida de confraternizaci\u00f3n que se celebra en el bar\/restaurante del Hogar del Jubilado de la calle Blanca Paloma. Para el pr\u00f3ximo mi\u00e9rcoles\u00a0 2 de mayo\u00a0el men\u00fa es el siguiente: Primer plato: _judiones ala segoviana _macarrones con tomate _ revuelto de champi\u00f1on _ensalada mixta &hellip; <a href=\"https:\/\/felix.ares.fm\/?p=11517\" class=\"more-link\">Seguir leyendo <span class=\"screen-reader-text\">Asociaci\u00f3n de Jubilados y&#8230; Men\u00fa del pr\u00f3ximo mi\u00e9rcoles (2 de mayo 2018)<\/span> <span class=\"meta-nav\">&rarr;<\/span><\/a><\/p>\n","protected":false},"author":1,"featured_media":0,"comment_status":"closed","ping_status":"open","sticky":false,"template":"","format":"standard","meta":{"footnotes":""},"categories":[564,815],"tags":[],"class_list":["post-11517","post","type-post","status-publish","format-standard","hentry","category-asociacion-de-jubilados-y-pensionistas-de-fuengirola","category-menus-de-los-miercoles"],"_links":{"self":[{"href":"https:\/\/felix.ares.fm\/index.php?rest_route=\/wp\/v2\/posts\/11517","targetHints":{"allow":["GET"]}}],"collection":[{"href":"https:\/\/felix.ares.fm\/index.php?rest_route=\/wp\/v2\/posts"}],"about":[{"href":"https:\/\/felix.ares.fm\/index.php?rest_route=\/wp\/v2\/types\/post"}],"author":[{"embeddable":true,"href":"https:\/\/felix.ares.fm\/index.php?rest_route=\/wp\/v2\/users\/1"}],"replies":[{"embeddable":true,"href":"https:\/\/felix.ares.fm\/index.php?rest_route=%2Fwp%2Fv2%2Fcomments&post=11517"}],"version-history":[{"count":1,"href":"https:\/\/felix.ares.fm\/index.php?rest_route=\/wp\/v2\/posts\/11517\/revisions"}],"predecessor-version":[{"id":11518,"href":"https:\/\/felix.ares.fm\/index.php?rest_route=\/wp\/v2\/posts\/11517\/revisions\/11518"}],"wp:attachment":[{"href":"https:\/\/felix.ares.fm\/index.php?rest_route=%2Fwp%2Fv2%2Fmedia&parent=11517"}],"wp:term":[{"taxonomy":"category","embeddable":true,"href":"https:\/\/felix.ares.fm\/index.php?rest_route=%2Fwp%2Fv2%2Fcategories&post=11517"},{"taxonomy":"post_tag","embeddable":true,"href":"https:\/\/felix.ares.fm\/index.php?rest_route=%2Fwp%2Fv2%2Ftags&post=11517"}],"curies":[{"name":"wp","href":"https:\/\/api.w.org\/{rel}","templated":true}]}}