{"id":11512,"date":"2018-04-17T10:00:12","date_gmt":"2018-04-17T08:00:12","guid":{"rendered":"http:\/\/felix.ares.fm\/?p=11512"},"modified":"2018-04-17T10:09:08","modified_gmt":"2018-04-17T08:09:08","slug":"asociacion-de-jubilados-y-misa-por-el-alma-de-maruja-la-esposa-de-nuestro-sociosimon-sanchez-delgado","status":"publish","type":"post","link":"https:\/\/felix.ares.fm\/?p=11512","title":{"rendered":"Asociaci\u00f3n de Jubilados y&#8230; Misa por el alma de Maruja, la esposa de nuestro socio Sim\u00f3n S\u00e1nchez Delgado"},"content":{"rendered":"<h4>La <a href=\"http:\/\/www.paginasamarillas.es\/f\/fuengirola\/asociacion-de-jubilados-y-pensionistas-de-fuengirola_201362985_000000001.html\">Asociaci\u00f3n de Jubilados y Pensionistas de Fuengirola<\/a> nos hace llegar el siguiente <span style=\"color: #ff00ff;\">comunicado<\/span>:<\/h4>\n<h6>Se comunica a todos los amigos de Sim\u00f3n S\u00e1nchez Delgado y socios en general,\u00a0 que el pr\u00f3ximo d\u00eda 19,\u00a0 a las 7 de la tarde en la Iglesia del Carmen,\u00a0 se celebrar\u00e1 una Misa por el Alma de su difunta esposa Maruja<\/h6>\n<p>&nbsp;<\/p>\n<p>[contact_bank form_id=1 show_title=true show_desc=false]<\/p>\n","protected":false},"excerpt":{"rendered":"<p>La Asociaci\u00f3n de Jubilados y Pensionistas de Fuengirola nos hace llegar el siguiente comunicado: Se comunica a todos los amigos de Sim\u00f3n S\u00e1nchez Delgado y socios en general,\u00a0 que el pr\u00f3ximo d\u00eda 19,\u00a0 a las 7 de la tarde en la Iglesia del Carmen,\u00a0 se celebrar\u00e1 una Misa por el Alma de su difunta esposa &hellip; <a href=\"https:\/\/felix.ares.fm\/?p=11512\" class=\"more-link\">Seguir leyendo <span class=\"screen-reader-text\">Asociaci\u00f3n de Jubilados y&#8230; Misa por el alma de Maruja, la esposa de nuestro socio Sim\u00f3n S\u00e1nchez Delgado<\/span> <span class=\"meta-nav\">&rarr;<\/span><\/a><\/p>\n","protected":false},"author":1,"featured_media":0,"comment_status":"closed","ping_status":"open","sticky":false,"template":"","format":"standard","meta":{"footnotes":""},"categories":[564,815],"tags":[],"class_list":["post-11512","post","type-post","status-publish","format-standard","hentry","category-asociacion-de-jubilados-y-pensionistas-de-fuengirola","category-menus-de-los-miercoles"],"_links":{"self":[{"href":"https:\/\/felix.ares.fm\/index.php?rest_route=\/wp\/v2\/posts\/11512","targetHints":{"allow":["GET"]}}],"collection":[{"href":"https:\/\/felix.ares.fm\/index.php?rest_route=\/wp\/v2\/posts"}],"about":[{"href":"https:\/\/felix.ares.fm\/index.php?rest_route=\/wp\/v2\/types\/post"}],"author":[{"embeddable":true,"href":"https:\/\/felix.ares.fm\/index.php?rest_route=\/wp\/v2\/users\/1"}],"replies":[{"embeddable":true,"href":"https:\/\/felix.ares.fm\/index.php?rest_route=%2Fwp%2Fv2%2Fcomments&post=11512"}],"version-history":[{"count":2,"href":"https:\/\/felix.ares.fm\/index.php?rest_route=\/wp\/v2\/posts\/11512\/revisions"}],"predecessor-version":[{"id":11514,"href":"https:\/\/felix.ares.fm\/index.php?rest_route=\/wp\/v2\/posts\/11512\/revisions\/11514"}],"wp:attachment":[{"href":"https:\/\/felix.ares.fm\/index.php?rest_route=%2Fwp%2Fv2%2Fmedia&parent=11512"}],"wp:term":[{"taxonomy":"category","embeddable":true,"href":"https:\/\/felix.ares.fm\/index.php?rest_route=%2Fwp%2Fv2%2Fcategories&post=11512"},{"taxonomy":"post_tag","embeddable":true,"href":"https:\/\/felix.ares.fm\/index.php?rest_route=%2Fwp%2Fv2%2Ftags&post=11512"}],"curies":[{"name":"wp","href":"https:\/\/api.w.org\/{rel}","templated":true}]}}