{"id":11502,"date":"2018-02-26T10:30:12","date_gmt":"2018-02-26T08:30:12","guid":{"rendered":"http:\/\/felix.ares.fm\/?p=11502"},"modified":"2018-02-26T20:53:11","modified_gmt":"2018-02-26T18:53:11","slug":"asociacion-de-jubilados-y-menu-del-proximo-miercoles-28-de-febrero-2018","status":"publish","type":"post","link":"https:\/\/felix.ares.fm\/?p=11502","title":{"rendered":"Asociaci\u00f3n de Jubilados y&#8230; Men\u00fa del pr\u00f3ximo mi\u00e9rcoles (28 de febrero 2018)"},"content":{"rendered":"<h4>Todos los mi\u00e9rcoles la <a href=\"http:\/\/www.paginasamarillas.es\/f\/fuengirola\/asociacion-de-jubilados-y-pensionistas-de-fuengirola_201362985_000000001.html\">Asociaci\u00f3n de Jubilados y Pensionistas de Fuengirola<\/a>\u00a0celebra una comida de confraternizaci\u00f3n que se celebra en el bar\/restaurante del <a href=\"http:\/\/www.paginasamarillas.es\/f\/fuengirola\/hogar-social-de-fuengirola_015611296_000000004.html\">Hogar del Jubilado<\/a> de la calle Blanca Paloma.<\/h4>\n<h6>Para el pr\u00f3ximo mi\u00e9rcoles\u00a0<span style=\"color: #ff00ff;\"> 28 de febrero <\/span>el men\u00fa es el siguiente:<\/h6>\n<h6 id=\"yui_3_16_0_1_1504686417393_4458\">Primer plato:<\/h6>\n<h6 style=\"padding-left: 30px;\">_paella mixta<br \/>\n_macarrones con tomate y chorizo<br \/>\n_ensalada casa<\/h6>\n<h6>2\u00b0plato<\/h6>\n<h6 style=\"padding-left: 30px;\">_churrasquillo salsa champi\u00f1on<br \/>\n_pescaito frito<br \/>\n_huevos con salchichas y patatas<\/h6>\n<p><strong><span style=\"color: #ff00ff;\">Pan +bebida+postre incluidos<\/span><\/strong><\/p>\n<h6>-precio especial jubilados 6&#8217;30 \u20ac<\/h6>\n<h6>Reserva tlf<span style=\"color: #0000ff;\"> 662484307<\/span> Sra ana<\/h6>\n<h6>Si usted hace fotos de la comida, me gustar\u00eda tener alguna para publicarla en este blog.<\/h6>\n<p>[contact_bank form_id=1 show_title=true show_desc=false]<\/p>\n","protected":false},"excerpt":{"rendered":"<p>Todos los mi\u00e9rcoles la Asociaci\u00f3n de Jubilados y Pensionistas de Fuengirola\u00a0celebra una comida de confraternizaci\u00f3n que se celebra en el bar\/restaurante del Hogar del Jubilado de la calle Blanca Paloma. Para el pr\u00f3ximo mi\u00e9rcoles\u00a0 28 de febrero el men\u00fa es el siguiente: Primer plato: _paella mixta _macarrones con tomate y chorizo _ensalada casa 2\u00b0plato _churrasquillo &hellip; <a href=\"https:\/\/felix.ares.fm\/?p=11502\" class=\"more-link\">Seguir leyendo <span class=\"screen-reader-text\">Asociaci\u00f3n de Jubilados y&#8230; Men\u00fa del pr\u00f3ximo mi\u00e9rcoles (28 de febrero 2018)<\/span> <span class=\"meta-nav\">&rarr;<\/span><\/a><\/p>\n","protected":false},"author":1,"featured_media":0,"comment_status":"closed","ping_status":"open","sticky":false,"template":"","format":"standard","meta":{"footnotes":""},"categories":[564,815],"tags":[],"class_list":["post-11502","post","type-post","status-publish","format-standard","hentry","category-asociacion-de-jubilados-y-pensionistas-de-fuengirola","category-menus-de-los-miercoles"],"_links":{"self":[{"href":"https:\/\/felix.ares.fm\/index.php?rest_route=\/wp\/v2\/posts\/11502","targetHints":{"allow":["GET"]}}],"collection":[{"href":"https:\/\/felix.ares.fm\/index.php?rest_route=\/wp\/v2\/posts"}],"about":[{"href":"https:\/\/felix.ares.fm\/index.php?rest_route=\/wp\/v2\/types\/post"}],"author":[{"embeddable":true,"href":"https:\/\/felix.ares.fm\/index.php?rest_route=\/wp\/v2\/users\/1"}],"replies":[{"embeddable":true,"href":"https:\/\/felix.ares.fm\/index.php?rest_route=%2Fwp%2Fv2%2Fcomments&post=11502"}],"version-history":[{"count":2,"href":"https:\/\/felix.ares.fm\/index.php?rest_route=\/wp\/v2\/posts\/11502\/revisions"}],"predecessor-version":[{"id":11504,"href":"https:\/\/felix.ares.fm\/index.php?rest_route=\/wp\/v2\/posts\/11502\/revisions\/11504"}],"wp:attachment":[{"href":"https:\/\/felix.ares.fm\/index.php?rest_route=%2Fwp%2Fv2%2Fmedia&parent=11502"}],"wp:term":[{"taxonomy":"category","embeddable":true,"href":"https:\/\/felix.ares.fm\/index.php?rest_route=%2Fwp%2Fv2%2Fcategories&post=11502"},{"taxonomy":"post_tag","embeddable":true,"href":"https:\/\/felix.ares.fm\/index.php?rest_route=%2Fwp%2Fv2%2Ftags&post=11502"}],"curies":[{"name":"wp","href":"https:\/\/api.w.org\/{rel}","templated":true}]}}