{"id":11494,"date":"2018-02-01T09:26:12","date_gmt":"2018-02-01T07:26:12","guid":{"rendered":"http:\/\/felix.ares.fm\/?p=11494"},"modified":"2018-02-01T22:14:51","modified_gmt":"2018-02-01T20:14:51","slug":"asociacion-de-jubilados-y-comunicado-6-dias-alemania-y-austria","status":"publish","type":"post","link":"https:\/\/felix.ares.fm\/?p=11494","title":{"rendered":"Asociaci\u00f3n de Jubilados y&#8230; Comunicado: 6 d\u00edas Alemania y Austria"},"content":{"rendered":"<h4>Jueves 1 de febrero de 2018.<\/h4>\n<h4>La <a href=\"http:\/\/www.paginasamarillas.es\/f\/fuengirola\/asociacion-de-jubilados-y-pensionistas-de-fuengirola_201362985_000000001.html\" target=\"_blank\">Asociaci\u00f3n de Jubilados y Pensionistas de Fuengirola<\/a>, nos hace llegar el siguiente <span style=\"color: #ff00ff;\">comunicado<\/span>:<\/h4>\n<p class=\"western\" align=\"justify\"><span style=\"font-family: Calibri, sans-serif;\"><span style=\"font-size: small;\"><a href=\"http:\/\/felix.ares.fm\/?attachment_id=11495\" rel=\"attachment wp-att-11495\"><img loading=\"lazy\" decoding=\"async\" class=\"aligncenter size-full wp-image-11495\" src=\"http:\/\/felix.ares.fm\/wp-content\/uploads\/2018\/02\/6-D\u00cdAS-AUSTRIA-FUENGIROLA4.jpg\" alt=\"6 D\u00cdAS AUSTRIA FUENGIROLA(4)\" width=\"1754\" height=\"2480\" srcset=\"https:\/\/felix.ares.fm\/wp-content\/uploads\/2018\/02\/6-D\u00cdAS-AUSTRIA-FUENGIROLA4.jpg 1754w, https:\/\/felix.ares.fm\/wp-content\/uploads\/2018\/02\/6-D\u00cdAS-AUSTRIA-FUENGIROLA4-212x300.jpg 212w, https:\/\/felix.ares.fm\/wp-content\/uploads\/2018\/02\/6-D\u00cdAS-AUSTRIA-FUENGIROLA4-768x1086.jpg 768w, https:\/\/felix.ares.fm\/wp-content\/uploads\/2018\/02\/6-D\u00cdAS-AUSTRIA-FUENGIROLA4-724x1024.jpg 724w, https:\/\/felix.ares.fm\/wp-content\/uploads\/2018\/02\/6-D\u00cdAS-AUSTRIA-FUENGIROLA4-21x30.jpg 21w\" sizes=\"auto, (max-width: 1754px) 100vw, 1754px\" \/><\/a><\/span><\/span><\/p>\n<hr \/>\n<h4>Para ponerse en contacto conmigo, por cualquier problema con el blog dirigirse al siguiente formulario. S\u00f3lo para contactar conmigo,<span style=\"color: #ff00ff;\"> para cualquier cosa referente al viaje contactar con los tel\u00e9fonos dados m\u00e1s arriba<\/span>.<\/h4>\n<p>[contact_bank form_id=1 show_title=true show_desc=false]<\/p>\n","protected":false},"excerpt":{"rendered":"<p>Jueves 1 de febrero de 2018. La Asociaci\u00f3n de Jubilados y Pensionistas de Fuengirola, nos hace llegar el siguiente comunicado: Para ponerse en contacto conmigo, por cualquier problema con el blog dirigirse al siguiente formulario. S\u00f3lo para contactar conmigo, para cualquier cosa referente al viaje contactar con los tel\u00e9fonos dados m\u00e1s arriba. [contact_bank form_id=1 show_title=true &hellip; <a href=\"https:\/\/felix.ares.fm\/?p=11494\" class=\"more-link\">Seguir leyendo <span class=\"screen-reader-text\">Asociaci\u00f3n de Jubilados y&#8230; Comunicado: 6 d\u00edas Alemania y Austria<\/span> <span class=\"meta-nav\">&rarr;<\/span><\/a><\/p>\n","protected":false},"author":1,"featured_media":0,"comment_status":"closed","ping_status":"open","sticky":false,"template":"","format":"standard","meta":{"footnotes":""},"categories":[564,855],"tags":[],"class_list":["post-11494","post","type-post","status-publish","format-standard","hentry","category-asociacion-de-jubilados-y-pensionistas-de-fuengirola","category-comunicado-urgente"],"_links":{"self":[{"href":"https:\/\/felix.ares.fm\/index.php?rest_route=\/wp\/v2\/posts\/11494","targetHints":{"allow":["GET"]}}],"collection":[{"href":"https:\/\/felix.ares.fm\/index.php?rest_route=\/wp\/v2\/posts"}],"about":[{"href":"https:\/\/felix.ares.fm\/index.php?rest_route=\/wp\/v2\/types\/post"}],"author":[{"embeddable":true,"href":"https:\/\/felix.ares.fm\/index.php?rest_route=\/wp\/v2\/users\/1"}],"replies":[{"embeddable":true,"href":"https:\/\/felix.ares.fm\/index.php?rest_route=%2Fwp%2Fv2%2Fcomments&post=11494"}],"version-history":[{"count":2,"href":"https:\/\/felix.ares.fm\/index.php?rest_route=\/wp\/v2\/posts\/11494\/revisions"}],"predecessor-version":[{"id":11497,"href":"https:\/\/felix.ares.fm\/index.php?rest_route=\/wp\/v2\/posts\/11494\/revisions\/11497"}],"wp:attachment":[{"href":"https:\/\/felix.ares.fm\/index.php?rest_route=%2Fwp%2Fv2%2Fmedia&parent=11494"}],"wp:term":[{"taxonomy":"category","embeddable":true,"href":"https:\/\/felix.ares.fm\/index.php?rest_route=%2Fwp%2Fv2%2Fcategories&post=11494"},{"taxonomy":"post_tag","embeddable":true,"href":"https:\/\/felix.ares.fm\/index.php?rest_route=%2Fwp%2Fv2%2Ftags&post=11494"}],"curies":[{"name":"wp","href":"https:\/\/api.w.org\/{rel}","templated":true}]}}