{"id":11481,"date":"2018-01-31T09:26:12","date_gmt":"2018-01-31T07:26:12","guid":{"rendered":"http:\/\/felix.ares.fm\/?p=11481"},"modified":"2018-01-31T09:47:22","modified_gmt":"2018-01-31T07:47:22","slug":"asociacion-de-jubilados-y-recordatorio-asamblea","status":"publish","type":"post","link":"https:\/\/felix.ares.fm\/?p=11481","title":{"rendered":"Asociaci\u00f3n de Jubilados y&#8230; Recordatorio: ASAMBLEA"},"content":{"rendered":"<h4>Mi\u00e9rcoles 31 de enero de 2018<\/h4>\n<h4>La <a href=\"http:\/\/www.paginasamarillas.es\/f\/fuengirola\/asociacion-de-jubilados-y-pensionistas-de-fuengirola_201362985_000000001.html\" target=\"_blank\">Asociaci\u00f3n de Jubilados y Pensionistas de Fuengirola<\/a>, nos hace llegar un\u00a0 <span style=\"color: #ff00ff;\">comunicado<\/span> cuyo resumen es que <span style=\"color: #ff0000;\">las Asambleas Anual ordinaria y extraordinaria de la Asociaci\u00f3n se celebrar\u00e1 el d\u00eda\u00a0proximo miercoles dia 24 de Febrero a las 18h en primera convocatoria y a la 18,30 en segunda,tendr\u00e1 lugar en la casa de la\u00a0 Cultura, sita en la Avenida de Juan G\u00f3mez \u00abJuanito\u00bb de Fuengirola, a las 18:00h en primera convocatoria y a las 18:30 horas en segunda convocatoria.<\/span><\/h4>\n<p><strong>\u00abENTRE LOS PARTICIPANTES SE SORTEAR\u00c1N DOS LOTES DE PRODUCTOS IB\u00c9RICOS\u00bb<\/strong><\/p>\n<h6><span style=\"color: #000000;\">El texto completo de la convocatoria dice [he procurado no equivocarme al transcribirlo; pero tengan en cuenta que <span style=\"color: #ff0000;\">esto no es la convocatoria oficial<\/span>, se trata simplemente de una copia que he hecho yo &#8211;F\u00e9lix Ares&#8211; y puedo haberme equivocado. Lo oficial es lo que hay\u00e1is recibido desde la Asociaci\u00f3n] :<\/span><\/h6>\n<h5 style=\"text-align: left;\"><span style=\"color: #ff00ff;\">ASOCIACI\u00d3N DE JUBILADOS Y PENSIONISTAS DE FUENGIROLA <\/span><\/h5>\n<p>CITACI\u00d3N En cumplimiento de lo estipulado en nuestros Estatutos te convocamos a la Asamblea Ordinaria de nuestra Asociaci\u00f3n, a celebrar el d\u00eda 7 de febrero del 2018, en la Casa de la Cultura, sita en la Avenida de Juan G\u00f3mez \u00abJuanito\u00bb de Fuengirola, a las 18:00 horas en primera convocatoria y a las 18:30 horas en segunda convocatoria, con el siguiente Orden del D\u00eda:<\/p>\n<p>1.- Lectura del Acta anterior.<br \/>\n2.- Resumen de Actas de la Junta Directiva durante el a\u00f1o 2017.<br \/>\n3.- Presentaci\u00f3n del Estado cuentas al 31 de diciembre del 2017.<br \/>\n4.- Presentaci\u00f3n de la Memoria de actividades de 2017.<br \/>\n5.- Presupuesto y proyectos para el a\u00f1o 2018<br \/>\n6.- Ruegos y preguntas.<\/p>\n<p>&#8212;&#8212;&#8212;&#8212;&#8212;&#8212;&#8212;&#8212;&#8212;&#8212;&#8212;&#8212;&#8212;&#8212;&#8211;<\/p>\n<p>El Secretario V\u00ba B\u00ba El Presidente<\/p>\n<p>Ram\u00f3n Ram\u00f3n Ma\u00f1osa Salvador Rodr\u00edguez Portillo<\/p>\n<p>Fuengirola, a 8 de enero del 2018<\/p>\n<p>Declaro que estoy al corriente de la cuota, y en virtud de la facultad que me confiere la ley, nombro al Soci@ ____________________________________________________ Con D.N.I______________ como representante para que asista en mi nombre y proceda a emitir el voto correspondiente a los asuntos a tratar en el Orden del D\u00eda de las Asamblea General Ordinaria que se celebrara el d\u00eda 8 febrero de 2018 a las 18:00 horas en primera convocatoria y a las 18:30 horas en segunda convocatoria.<\/p>\n<h6>Firma:<br \/>\nSoci@ _________________________________________________D.N.I.__________<br \/>\nSoci@_________________________________________________D.N.I.___________<br \/>\n( Nota a entregar antes de inicio Asamblea ) _<\/h6>\n<h6>Fuengirola a 20 de enero del 2017 . Blanca Paloma, no 4 &#8211; 29640 Fuengirola, Tlf\/Fax 952588776 e. mail: ajpfuengirola63 [ARR_OBA] yahoo.com<span style=\"color: #ff0000;\"> [No pongo la direcci\u00f3n en forma exacta para evitar el Spam, pero usted es inteligente y sabe lo que hay que poner]<\/span><br \/>\nASOCIACI\u00d3N DE JUBILADOS Y PENSIONISTAS DE FUENGIROLA<\/h6>\n<h6><span style=\"color: #ff0000;\"><span style=\"color: #008000;\">PARA PONEROS EN CONTACTO CONMIGO, NO CON LA ASOCIACI\u00d3N, POD\u00c9IS USAR EL SIGUIENTE FORMULARIO:<\/span><\/span><\/h6>\n<p>[contact_bank form_id=1 show_title=true show_desc=false]<\/p>\n","protected":false},"excerpt":{"rendered":"<p>Mi\u00e9rcoles 31 de enero de 2018 La Asociaci\u00f3n de Jubilados y Pensionistas de Fuengirola, nos hace llegar un\u00a0 comunicado cuyo resumen es que las Asambleas Anual ordinaria y extraordinaria de la Asociaci\u00f3n se celebrar\u00e1 el d\u00eda\u00a0proximo miercoles dia 24 de Febrero a las 18h en primera convocatoria y a la 18,30 en segunda,tendr\u00e1 lugar en &hellip; <a href=\"https:\/\/felix.ares.fm\/?p=11481\" class=\"more-link\">Seguir leyendo <span class=\"screen-reader-text\">Asociaci\u00f3n de Jubilados y&#8230; Recordatorio: ASAMBLEA<\/span> <span class=\"meta-nav\">&rarr;<\/span><\/a><\/p>\n","protected":false},"author":1,"featured_media":0,"comment_status":"closed","ping_status":"open","sticky":false,"template":"","format":"standard","meta":{"footnotes":""},"categories":[564,855],"tags":[],"class_list":["post-11481","post","type-post","status-publish","format-standard","hentry","category-asociacion-de-jubilados-y-pensionistas-de-fuengirola","category-comunicado-urgente"],"_links":{"self":[{"href":"https:\/\/felix.ares.fm\/index.php?rest_route=\/wp\/v2\/posts\/11481","targetHints":{"allow":["GET"]}}],"collection":[{"href":"https:\/\/felix.ares.fm\/index.php?rest_route=\/wp\/v2\/posts"}],"about":[{"href":"https:\/\/felix.ares.fm\/index.php?rest_route=\/wp\/v2\/types\/post"}],"author":[{"embeddable":true,"href":"https:\/\/felix.ares.fm\/index.php?rest_route=\/wp\/v2\/users\/1"}],"replies":[{"embeddable":true,"href":"https:\/\/felix.ares.fm\/index.php?rest_route=%2Fwp%2Fv2%2Fcomments&post=11481"}],"version-history":[{"count":4,"href":"https:\/\/felix.ares.fm\/index.php?rest_route=\/wp\/v2\/posts\/11481\/revisions"}],"predecessor-version":[{"id":11485,"href":"https:\/\/felix.ares.fm\/index.php?rest_route=\/wp\/v2\/posts\/11481\/revisions\/11485"}],"wp:attachment":[{"href":"https:\/\/felix.ares.fm\/index.php?rest_route=%2Fwp%2Fv2%2Fmedia&parent=11481"}],"wp:term":[{"taxonomy":"category","embeddable":true,"href":"https:\/\/felix.ares.fm\/index.php?rest_route=%2Fwp%2Fv2%2Fcategories&post=11481"},{"taxonomy":"post_tag","embeddable":true,"href":"https:\/\/felix.ares.fm\/index.php?rest_route=%2Fwp%2Fv2%2Ftags&post=11481"}],"curies":[{"name":"wp","href":"https:\/\/api.w.org\/{rel}","templated":true}]}}